{"id":405170,"date":"2026-03-10T17:18:34","date_gmt":"2026-03-10T20:18:34","guid":{"rendered":"https:\/\/portaltela.pt\/noticias\/2026\/03\/10\/deficiencia-de-sono-afeta-mais-da-metade-da-populacao-e-e-problema-de-saude\/"},"modified":"2026-03-10T17:18:34","modified_gmt":"2026-03-10T20:18:34","slug":"deficiencia-de-sono-afeta-mais-da-metade-da-populacao-e-e-problema-de-saude","status":"publish","type":"post","link":"https:\/\/portaltela.pt\/saude\/2026\/03\/10\/deficiencia-de-sono-afeta-mais-da-metade-da-populacao-e-e-problema-de-saude\/","title":{"rendered":"Defici\u00eancia de sono afeta mais da metade da popula\u00e7\u00e3o e \u00e9 problema de sa\u00fade"},"content":{"rendered":"<p>Mais de metade dos portugueses tem d\u00e9fice de sono, um problema de sa\u00fade p\u00fablica. O alerta \u00e9 do pneumologista Joaquim Moita, na v\u00e9spera do Dia Mundial do Sono. A not\u00edcia foi adiantada \u00e0 Lusa, numa perspetiva nacional.<\/p>\n<p>Para adultos entre 18 e 65 anos, a dura\u00e7\u00e3o recomendada \u00e9 entre sete e nove horas por noite. Moita refere que menos de sete horas configura insufici\u00eancia de sono e aponta fatores socioecon\u00f3micos que dificultam uma rotina mais est\u00e1vel.<\/p>\n<p>Temos uma imposi\u00e7\u00e3o social de acordar cedo para trabalho e estudo, contrabalan\u00e7ada por h\u00e1bitos noct\u00edvagos como televis\u00e3o e atividades at\u00e9 tarde. O especialista aponta ainda para uma sociedade extremamente iluminada, com dispositivos eletr\u00f3nicos.<\/p>\n<h3>Desafios e causas<\/h3>\n<p>A insufici\u00eancia de sono pode favorecer doen\u00e7as metab\u00f3licas e cardiovasculares a longo prazo, como diabetes, obesidade, enfarte e arritmias. O pediatra alerta que crian\u00e7as precisam de 9 a 11 horas, mas acordam cedo para a escola, correndo risco de sono insuficiente.<\/p>\n<p>O diagn\u00f3stico e o acesso a cuidados tamb\u00e9m s\u00e3o desafios em Portugal. Moita sugere que a medicina b\u00e1sica possa desempenhar um papel mais ativo, com resolu\u00e7\u00e3o de quest\u00f5es simples nos centros de sa\u00fade, complementando consultas especializadas.<\/p>\n<p>A ind\u00fastria de dispositivos de monitoriza\u00e7\u00e3o n\u00e3o substitui a avalia\u00e7\u00e3o m\u00e9dica. Rel\u00f3gios e an\u00e9is inteligentes ajudam, mas n\u00e3o substituem exames espec\u00edficos de sono para diagn\u00f3stico e tratamento adequados.<\/p>\n<h3>Acesso a cuidados<\/h3>\n<p>Entre iniciativas, a APS associa-se \u00e0 campanha World Sleep Society, com o slogan nacional Dormir bem para viver melhor. O objetivo \u00e9 promover hor\u00e1rios de sono est\u00e1veis e a recupera\u00e7\u00e3o f\u00edsica e cognitiva associada.<\/p>\n","protected":false},"excerpt":{"rendered":"<ul>\n<li>Mais de metade dos portugueses dorme menos de sete horas por dia, deficientes em sono segundo especialistas.<\/li>\n<li>Para adultos entre dezoito e sessenta e cinco anos, a recomenda\u00e7\u00e3o \u00e9 de sete a nove horas de sono di\u00e1rias.<\/li>\n<li>o d\u00e9fice \u00e9 visto como uma quest\u00e3o de natureza socioecon\u00f3mica, com h\u00e1bitos de levantar cedo para trabalhar e estudar, vs. atividades noturnas.<\/li>\n<li>As crian\u00e7as devem dormir entre nove e onze horas, mas levantam-se cedo para a escola, o que agrava a insufici\u00eancia de sono.<\/li>\n<li>A ilumina\u00e7\u00e3o com di\u2011ce\u0302ncias LED e o uso de dispositivos eletr\u00f3nicos prejudicam a melatonina; o tema \u00e9 foco de campanha no Dia Mundial do Sono.<\/li>\n<\/ul>\n","protected":false},"author":2,"featured_media":405173,"comment_status":"closed","ping_status":"closed","sticky":false,"template":"","format":"standard","meta":{"footnotes":""},"categories":[6745],"tags":[5814,6479,5649,1014,172,271],"class_list":["post-405170","post","type-post","status-publish","format-standard","has-post-thumbnail","hentry","category-saude","tag-diabetes","tag-doencas-do-aparelho-circulatorio","tag-obesidade","tag-portugal","tag-saude","tag-saude-publica"],"yoast_head":"<!-- This site is optimized with the Yoast SEO plugin v27.2 - https:\/\/yoast.com\/product\/yoast-seo-wordpress\/ -->\n<title>Defici\u00eancia de sono afeta mais da metade da popula\u00e7\u00e3o e \u00e9 problema de sa\u00fade - Portal Tela Portugal<\/title>\n<meta name=\"robots\" content=\"index, follow, max-snippet:-1, max-image-preview:large, max-video-preview:-1\" \/>\n<meta property=\"og:locale\" content=\"pt_PT\" \/>\n<meta property=\"og:type\" content=\"article\" \/>\n<meta property=\"og:title\" content=\"Defici\u00eancia de sono afeta mais da metade da popula\u00e7\u00e3o e \u00e9 problema de sa\u00fade - Portal Tela Portugal\" \/>\n<meta property=\"og:description\" content=\"Mais de metade dos portugueses dorme menos de sete horas por dia, deficientes em sono segundo especialistas. Para adultos entre dezoito e sessenta e cinco anos, a recomenda\u00e7\u00e3o \u00e9 de sete a nove horas de sono di\u00e1rias. o d\u00e9fice \u00e9 visto como uma quest\u00e3o de natureza socioecon\u00f3mica, com h\u00e1bitos de levantar cedo para trabalhar e estudar, vs. atividades noturnas. As crian\u00e7as devem dormir entre nove e onze horas, mas levantam-se cedo para a escola, o que agrava a insufici\u00eancia de sono. A ilumina\u00e7\u00e3o com di\u2011ce\u0302ncias LED e o uso de dispositivos eletr\u00f3nicos prejudicam a melatonina; o tema \u00e9 foco de campanha no Dia Mundial do Sono.\" \/>\n<meta property=\"og:url\" content=\"https:\/\/portaltela.pt\/noticias\/2026\/03\/10\/deficiencia-de-sono-afeta-mais-da-metade-da-populacao-e-e-problema-de-saude\/\" \/>\n<meta property=\"og:site_name\" content=\"Portal Tela Portugal\" \/>\n<meta property=\"article:published_time\" content=\"2026-03-10T20:18:34+00:00\" \/>\n<meta name=\"author\" content=\"Telinha\" \/>\n<meta name=\"twitter:card\" content=\"summary_large_image\" \/>\n<meta name=\"twitter:label1\" content=\"Escrito por\" \/>\n\t<meta name=\"twitter:data1\" content=\"Telinha\" \/>\n\t<meta name=\"twitter:label2\" content=\"Tempo estimado de leitura\" \/>\n\t<meta name=\"twitter:data2\" content=\"1 minuto\" \/>\n<script type=\"application\/ld+json\" class=\"yoast-schema-graph\">{\"@context\":\"https:\/\/schema.org\",\"@graph\":[{\"@type\":\"Article\",\"@id\":\"https:\/\/portaltela.pt\/noticias\/2026\/03\/10\/deficiencia-de-sono-afeta-mais-da-metade-da-populacao-e-e-problema-de-saude\/#article\",\"isPartOf\":{\"@id\":\"https:\/\/portaltela.pt\/noticias\/2026\/03\/10\/deficiencia-de-sono-afeta-mais-da-metade-da-populacao-e-e-problema-de-saude\/\"},\"author\":{\"name\":\"Telinha\",\"@id\":\"https:\/\/portaltela.pt\/#\/schema\/person\/c4278d4a6028830caff9ee44b42d32ed\"},\"headline\":\"Defici\u00eancia de sono afeta mais da metade da popula\u00e7\u00e3o e \u00e9 problema de sa\u00fade\",\"datePublished\":\"2026-03-10T20:18:34+00:00\",\"mainEntityOfPage\":{\"@id\":\"https:\/\/portaltela.pt\/noticias\/2026\/03\/10\/deficiencia-de-sono-afeta-mais-da-metade-da-populacao-e-e-problema-de-saude\/\"},\"wordCount\":301,\"image\":{\"@id\":\"https:\/\/portaltela.pt\/noticias\/2026\/03\/10\/deficiencia-de-sono-afeta-mais-da-metade-da-populacao-e-e-problema-de-saude\/#primaryimage\"},\"thumbnailUrl\":\"https:\/\/portaltela.pt\/s.01k8rhncp4jt1\/2026\/03\/img_1500x1000uu2022-07-27-12-23-03-1172532.jpg\",\"keywords\":[\"diabetes\",\"Doen\u00e7as do aparelho circulat\u00f3rio\",\"obesidade\",\"Portugal\",\"sa\u00fade\",\"sa\u00fade p\u00fablica\"],\"articleSection\":[\"Sa\u00fade\"],\"inLanguage\":\"pt-PT\"},{\"@type\":\"WebPage\",\"@id\":\"https:\/\/portaltela.pt\/noticias\/2026\/03\/10\/deficiencia-de-sono-afeta-mais-da-metade-da-populacao-e-e-problema-de-saude\/\",\"url\":\"https:\/\/portaltela.pt\/noticias\/2026\/03\/10\/deficiencia-de-sono-afeta-mais-da-metade-da-populacao-e-e-problema-de-saude\/\",\"name\":\"Defici\u00eancia de sono afeta mais da metade da popula\u00e7\u00e3o e \u00e9 problema de sa\u00fade - Portal Tela Portugal\",\"isPartOf\":{\"@id\":\"https:\/\/portaltela.pt\/#website\"},\"primaryImageOfPage\":{\"@id\":\"https:\/\/portaltela.pt\/noticias\/2026\/03\/10\/deficiencia-de-sono-afeta-mais-da-metade-da-populacao-e-e-problema-de-saude\/#primaryimage\"},\"image\":{\"@id\":\"https:\/\/portaltela.pt\/noticias\/2026\/03\/10\/deficiencia-de-sono-afeta-mais-da-metade-da-populacao-e-e-problema-de-saude\/#primaryimage\"},\"thumbnailUrl\":\"https:\/\/portaltela.pt\/s.01k8rhncp4jt1\/2026\/03\/img_1500x1000uu2022-07-27-12-23-03-1172532.jpg\",\"datePublished\":\"2026-03-10T20:18:34+00:00\",\"author\":{\"@id\":\"https:\/\/portaltela.pt\/#\/schema\/person\/c4278d4a6028830caff9ee44b42d32ed\"},\"breadcrumb\":{\"@id\":\"https:\/\/portaltela.pt\/noticias\/2026\/03\/10\/deficiencia-de-sono-afeta-mais-da-metade-da-populacao-e-e-problema-de-saude\/#breadcrumb\"},\"inLanguage\":\"pt-PT\",\"potentialAction\":[{\"@type\":\"ReadAction\",\"target\":[\"https:\/\/portaltela.pt\/noticias\/2026\/03\/10\/deficiencia-de-sono-afeta-mais-da-metade-da-populacao-e-e-problema-de-saude\/\"]}]},{\"@type\":\"ImageObject\",\"inLanguage\":\"pt-PT\",\"@id\":\"https:\/\/portaltela.pt\/noticias\/2026\/03\/10\/deficiencia-de-sono-afeta-mais-da-metade-da-populacao-e-e-problema-de-saude\/#primaryimage\",\"url\":\"https:\/\/portaltela.pt\/s.01k8rhncp4jt1\/2026\/03\/img_1500x1000uu2022-07-27-12-23-03-1172532.jpg\",\"contentUrl\":\"https:\/\/portaltela.pt\/s.01k8rhncp4jt1\/2026\/03\/img_1500x1000uu2022-07-27-12-23-03-1172532.jpg\",\"width\":796,\"height\":448,\"caption\":\"D\u00e9fice de sono atinge mais de metade da popula\u00e7\u00e3o e \u00e9 problema de sa\u00fade p\u00fablica\"},{\"@type\":\"BreadcrumbList\",\"@id\":\"https:\/\/portaltela.pt\/noticias\/2026\/03\/10\/deficiencia-de-sono-afeta-mais-da-metade-da-populacao-e-e-problema-de-saude\/#breadcrumb\",\"itemListElement\":[{\"@type\":\"ListItem\",\"position\":1,\"name\":\"In\u00edcio\",\"item\":\"https:\/\/portaltela.pt\/\"},{\"@type\":\"ListItem\",\"position\":2,\"name\":\"Defici\u00eancia de sono afeta mais da metade da popula\u00e7\u00e3o e \u00e9 problema de sa\u00fade\"}]},{\"@type\":\"WebSite\",\"@id\":\"https:\/\/portaltela.pt\/#website\",\"url\":\"https:\/\/portaltela.pt\/\",\"name\":\"Portal Tela Portugal\",\"description\":\"\",\"potentialAction\":[{\"@type\":\"SearchAction\",\"target\":{\"@type\":\"EntryPoint\",\"urlTemplate\":\"https:\/\/portaltela.pt\/?s={search_term_string}\"},\"query-input\":{\"@type\":\"PropertyValueSpecification\",\"valueRequired\":true,\"valueName\":\"search_term_string\"}}],\"inLanguage\":\"pt-PT\"},{\"@type\":\"Person\",\"@id\":\"https:\/\/portaltela.pt\/#\/schema\/person\/c4278d4a6028830caff9ee44b42d32ed\",\"name\":\"Telinha\",\"image\":{\"@type\":\"ImageObject\",\"inLanguage\":\"pt-PT\",\"@id\":\"https:\/\/portaltela.pt\/s.01k8rhncp4jt1\/2025\/11\/talking-bot-125x125.png\",\"url\":\"https:\/\/portaltela.pt\/s.01k8rhncp4jt1\/2025\/11\/talking-bot-125x125.png\",\"contentUrl\":\"https:\/\/portaltela.pt\/s.01k8rhncp4jt1\/2025\/11\/talking-bot-125x125.png\",\"caption\":\"Telinha\"},\"sameAs\":[\"https:\/\/portaltela.pt\/\"],\"url\":\"https:\/\/portaltela.pt\/por\/367410592786\/\"}]}<\/script>\n<!-- \/ Yoast SEO plugin. -->","yoast_head_json":{"title":"Defici\u00eancia de sono afeta mais da metade da popula\u00e7\u00e3o e \u00e9 problema de sa\u00fade - Portal Tela Portugal","robots":{"index":"index","follow":"follow","max-snippet":"max-snippet:-1","max-image-preview":"max-image-preview:large","max-video-preview":"max-video-preview:-1"},"og_locale":"pt_PT","og_type":"article","og_title":"Defici\u00eancia de sono afeta mais da metade da popula\u00e7\u00e3o e \u00e9 problema de sa\u00fade - Portal Tela Portugal","og_description":"Mais de metade dos portugueses dorme menos de sete horas por dia, deficientes em sono segundo especialistas. Para adultos entre dezoito e sessenta e cinco anos, a recomenda\u00e7\u00e3o \u00e9 de sete a nove horas de sono di\u00e1rias. o d\u00e9fice \u00e9 visto como uma quest\u00e3o de natureza socioecon\u00f3mica, com h\u00e1bitos de levantar cedo para trabalhar e estudar, vs. atividades noturnas. As crian\u00e7as devem dormir entre nove e onze horas, mas levantam-se cedo para a escola, o que agrava a insufici\u00eancia de sono. A ilumina\u00e7\u00e3o com di\u2011ce\u0302ncias LED e o uso de dispositivos eletr\u00f3nicos prejudicam a melatonina; o tema \u00e9 foco de campanha no Dia Mundial do Sono.","og_url":"https:\/\/portaltela.pt\/noticias\/2026\/03\/10\/deficiencia-de-sono-afeta-mais-da-metade-da-populacao-e-e-problema-de-saude\/","og_site_name":"Portal Tela Portugal","article_published_time":"2026-03-10T20:18:34+00:00","author":"Telinha","twitter_card":"summary_large_image","twitter_misc":{"Escrito por":"Telinha","Tempo estimado de leitura":"1 minuto"},"schema":{"@context":"https:\/\/schema.org","@graph":[{"@type":"Article","@id":"https:\/\/portaltela.pt\/noticias\/2026\/03\/10\/deficiencia-de-sono-afeta-mais-da-metade-da-populacao-e-e-problema-de-saude\/#article","isPartOf":{"@id":"https:\/\/portaltela.pt\/noticias\/2026\/03\/10\/deficiencia-de-sono-afeta-mais-da-metade-da-populacao-e-e-problema-de-saude\/"},"author":{"name":"Telinha","@id":"https:\/\/portaltela.pt\/#\/schema\/person\/c4278d4a6028830caff9ee44b42d32ed"},"headline":"Defici\u00eancia de sono afeta mais da metade da popula\u00e7\u00e3o e \u00e9 problema de sa\u00fade","datePublished":"2026-03-10T20:18:34+00:00","mainEntityOfPage":{"@id":"https:\/\/portaltela.pt\/noticias\/2026\/03\/10\/deficiencia-de-sono-afeta-mais-da-metade-da-populacao-e-e-problema-de-saude\/"},"wordCount":301,"image":{"@id":"https:\/\/portaltela.pt\/noticias\/2026\/03\/10\/deficiencia-de-sono-afeta-mais-da-metade-da-populacao-e-e-problema-de-saude\/#primaryimage"},"thumbnailUrl":"https:\/\/portaltela.pt\/s.01k8rhncp4jt1\/2026\/03\/img_1500x1000uu2022-07-27-12-23-03-1172532.jpg","keywords":["diabetes","Doen\u00e7as do aparelho circulat\u00f3rio","obesidade","Portugal","sa\u00fade","sa\u00fade p\u00fablica"],"articleSection":["Sa\u00fade"],"inLanguage":"pt-PT"},{"@type":"WebPage","@id":"https:\/\/portaltela.pt\/noticias\/2026\/03\/10\/deficiencia-de-sono-afeta-mais-da-metade-da-populacao-e-e-problema-de-saude\/","url":"https:\/\/portaltela.pt\/noticias\/2026\/03\/10\/deficiencia-de-sono-afeta-mais-da-metade-da-populacao-e-e-problema-de-saude\/","name":"Defici\u00eancia de sono afeta mais da metade da popula\u00e7\u00e3o e \u00e9 problema de sa\u00fade - Portal Tela Portugal","isPartOf":{"@id":"https:\/\/portaltela.pt\/#website"},"primaryImageOfPage":{"@id":"https:\/\/portaltela.pt\/noticias\/2026\/03\/10\/deficiencia-de-sono-afeta-mais-da-metade-da-populacao-e-e-problema-de-saude\/#primaryimage"},"image":{"@id":"https:\/\/portaltela.pt\/noticias\/2026\/03\/10\/deficiencia-de-sono-afeta-mais-da-metade-da-populacao-e-e-problema-de-saude\/#primaryimage"},"thumbnailUrl":"https:\/\/portaltela.pt\/s.01k8rhncp4jt1\/2026\/03\/img_1500x1000uu2022-07-27-12-23-03-1172532.jpg","datePublished":"2026-03-10T20:18:34+00:00","author":{"@id":"https:\/\/portaltela.pt\/#\/schema\/person\/c4278d4a6028830caff9ee44b42d32ed"},"breadcrumb":{"@id":"https:\/\/portaltela.pt\/noticias\/2026\/03\/10\/deficiencia-de-sono-afeta-mais-da-metade-da-populacao-e-e-problema-de-saude\/#breadcrumb"},"inLanguage":"pt-PT","potentialAction":[{"@type":"ReadAction","target":["https:\/\/portaltela.pt\/noticias\/2026\/03\/10\/deficiencia-de-sono-afeta-mais-da-metade-da-populacao-e-e-problema-de-saude\/"]}]},{"@type":"ImageObject","inLanguage":"pt-PT","@id":"https:\/\/portaltela.pt\/noticias\/2026\/03\/10\/deficiencia-de-sono-afeta-mais-da-metade-da-populacao-e-e-problema-de-saude\/#primaryimage","url":"https:\/\/portaltela.pt\/s.01k8rhncp4jt1\/2026\/03\/img_1500x1000uu2022-07-27-12-23-03-1172532.jpg","contentUrl":"https:\/\/portaltela.pt\/s.01k8rhncp4jt1\/2026\/03\/img_1500x1000uu2022-07-27-12-23-03-1172532.jpg","width":796,"height":448,"caption":"D\u00e9fice de sono atinge mais de metade da popula\u00e7\u00e3o e \u00e9 problema de sa\u00fade p\u00fablica"},{"@type":"BreadcrumbList","@id":"https:\/\/portaltela.pt\/noticias\/2026\/03\/10\/deficiencia-de-sono-afeta-mais-da-metade-da-populacao-e-e-problema-de-saude\/#breadcrumb","itemListElement":[{"@type":"ListItem","position":1,"name":"In\u00edcio","item":"https:\/\/portaltela.pt\/"},{"@type":"ListItem","position":2,"name":"Defici\u00eancia de sono afeta mais da metade da popula\u00e7\u00e3o e \u00e9 problema de sa\u00fade"}]},{"@type":"WebSite","@id":"https:\/\/portaltela.pt\/#website","url":"https:\/\/portaltela.pt\/","name":"Portal Tela Portugal","description":"","potentialAction":[{"@type":"SearchAction","target":{"@type":"EntryPoint","urlTemplate":"https:\/\/portaltela.pt\/?s={search_term_string}"},"query-input":{"@type":"PropertyValueSpecification","valueRequired":true,"valueName":"search_term_string"}}],"inLanguage":"pt-PT"},{"@type":"Person","@id":"https:\/\/portaltela.pt\/#\/schema\/person\/c4278d4a6028830caff9ee44b42d32ed","name":"Telinha","image":{"@type":"ImageObject","inLanguage":"pt-PT","@id":"https:\/\/portaltela.pt\/s.01k8rhncp4jt1\/2025\/11\/talking-bot-125x125.png","url":"https:\/\/portaltela.pt\/s.01k8rhncp4jt1\/2025\/11\/talking-bot-125x125.png","contentUrl":"https:\/\/portaltela.pt\/s.01k8rhncp4jt1\/2025\/11\/talking-bot-125x125.png","caption":"Telinha"},"sameAs":["https:\/\/portaltela.pt\/"],"url":"https:\/\/portaltela.pt\/por\/367410592786\/"}]}},"_links":{"self":[{"href":"https:\/\/portaltela.pt\/api\/wp\/v2\/posts\/405170","targetHints":{"allow":["GET"]}}],"collection":[{"href":"https:\/\/portaltela.pt\/api\/wp\/v2\/posts"}],"about":[{"href":"https:\/\/portaltela.pt\/api\/wp\/v2\/types\/post"}],"author":[{"embeddable":true,"href":"https:\/\/portaltela.pt\/api\/wp\/v2\/users\/2"}],"replies":[{"embeddable":true,"href":"https:\/\/portaltela.pt\/api\/wp\/v2\/comments?post=405170"}],"version-history":[{"count":0,"href":"https:\/\/portaltela.pt\/api\/wp\/v2\/posts\/405170\/revisions"}],"wp:featuredmedia":[{"embeddable":true,"href":"https:\/\/portaltela.pt\/api\/wp\/v2\/media\/405173"}],"wp:attachment":[{"href":"https:\/\/portaltela.pt\/api\/wp\/v2\/media?parent=405170"}],"wp:term":[{"taxonomy":"category","embeddable":true,"href":"https:\/\/portaltela.pt\/api\/wp\/v2\/categories?post=405170"},{"taxonomy":"post_tag","embeddable":true,"href":"https:\/\/portaltela.pt\/api\/wp\/v2\/tags?post=405170"}],"curies":[{"name":"wp","href":"https:\/\/api.w.org\/{rel}","templated":true}]}}