{"id":405168,"date":"2026-03-10T17:11:00","date_gmt":"2026-03-10T20:11:00","guid":{"rendered":"https:\/\/portaltela.pt\/noticias\/2026\/03\/10\/morre-o-escritor-e-academico-peruano-alfredo-bryce-echenique\/"},"modified":"2026-03-10T17:11:00","modified_gmt":"2026-03-10T20:11:00","slug":"morre-o-escritor-e-academico-peruano-alfredo-bryce-echenique","status":"publish","type":"post","link":"https:\/\/portaltela.pt\/noticias\/internacional\/2026\/03\/10\/morre-o-escritor-e-academico-peruano-alfredo-bryce-echenique\/","title":{"rendered":"Morre o escritor e acad\u00e9mico peruano Alfredo Bryce Echenique"},"content":{"rendered":"<p>Alfredo Bryce Echenique, escritor e acad\u00e9mico peruano, faleceu aos 87 anos. A not\u00edcia foi confirmada pela Ag\u00eancia Efe, em Lima, cidade onde residia.<\/p>\n<p>Foi reconhecido como um dos grandes contadores de hist\u00f3rias da Am\u00e9rica Latina. A sua obra abrange conto, mem\u00f3rias, ensaio e romance, incluindo a obra Um Mundo Para Julius.<\/p>\n<p>Echenique era admirador da obra de Stendhal e era considerado uma das vozes mais representativas da literatura peruana atual, segundo a Casa de la Literatura Peruana.<\/p>\n<p>A confirma\u00e7\u00e3o de falecimento foi publicada nas redes sociais da Casa de la Literatura Peruana, que emitiu mensagens de condol\u00eancias pela perda do autor.<\/p>\n","protected":false},"excerpt":{"rendered":"<ul>\n<li>Alfredo Bryce Echenique, escritor e acad\u00e9mico peruano, morreu aos 87 anos em Lima, a sua cidade natal.<\/li>\n<li>A not\u00edcia foi confirmada pela Ag\u00eancia Efe, esta ter\u00e7a-feira.<\/li>\n<li>Era autor de Um Mundo Para Julius e \u00e9 reconhecido como uma das vozes mais representativas da literatura peruana atual.<\/li>\n<li>A sua obra abrange conto, mem\u00f3rias, ensaio e romance.<\/li>\n<li>A Casa de la Literatura Peruana divulgou uma nota de condol\u00eancias nas redes sociais.<\/li>\n<\/ul>\n","protected":false},"author":2,"featured_media":405174,"comment_status":"closed","ping_status":"closed","sticky":false,"template":"","format":"standard","meta":{"footnotes":""},"categories":[4,1],"tags":[5505,145,6654,106,3030],"class_list":["post-405168","post","type-post","status-publish","format-standard","has-post-thumbnail","hentry","category-internacional","category-noticias","tag-america","tag-cultura","tag-escritores","tag-literatura","tag-memoria-literaria"],"yoast_head":"<!-- This site is optimized with the Yoast SEO plugin v27.2 - https:\/\/yoast.com\/product\/yoast-seo-wordpress\/ -->\n<title>Morre o escritor e acad\u00e9mico peruano Alfredo Bryce Echenique - Portal Tela Portugal<\/title>\n<meta name=\"robots\" content=\"index, follow, max-snippet:-1, max-image-preview:large, max-video-preview:-1\" \/>\n<meta property=\"og:locale\" content=\"pt_PT\" \/>\n<meta property=\"og:type\" content=\"article\" \/>\n<meta property=\"og:title\" content=\"Morre o escritor e acad\u00e9mico peruano Alfredo Bryce Echenique - Portal Tela Portugal\" \/>\n<meta property=\"og:description\" content=\"Alfredo Bryce Echenique, escritor e acad\u00e9mico peruano, morreu aos 87 anos em Lima, a sua cidade natal. A not\u00edcia foi confirmada pela Ag\u00eancia Efe, esta ter\u00e7a-feira. Era autor de Um Mundo Para Julius e \u00e9 reconhecido como uma das vozes mais representativas da literatura peruana atual. A sua obra abrange conto, mem\u00f3rias, ensaio e romance. A Casa de la Literatura Peruana divulgou uma nota de condol\u00eancias nas redes sociais.\" \/>\n<meta property=\"og:url\" content=\"https:\/\/portaltela.pt\/noticias\/2026\/03\/10\/morre-o-escritor-e-academico-peruano-alfredo-bryce-echenique\/\" \/>\n<meta property=\"og:site_name\" content=\"Portal Tela Portugal\" \/>\n<meta property=\"article:published_time\" content=\"2026-03-10T20:11:00+00:00\" \/>\n<meta name=\"author\" content=\"Telinha\" \/>\n<meta name=\"twitter:card\" content=\"summary_large_image\" \/>\n<meta name=\"twitter:label1\" content=\"Escrito por\" \/>\n\t<meta name=\"twitter:data1\" content=\"Telinha\" \/>\n\t<meta name=\"twitter:label2\" content=\"Tempo estimado de leitura\" \/>\n\t<meta name=\"twitter:data2\" content=\"1 minuto\" \/>\n<script type=\"application\/ld+json\" class=\"yoast-schema-graph\">{\"@context\":\"https:\/\/schema.org\",\"@graph\":[{\"@type\":\"Article\",\"@id\":\"https:\/\/portaltela.pt\/noticias\/2026\/03\/10\/morre-o-escritor-e-academico-peruano-alfredo-bryce-echenique\/#article\",\"isPartOf\":{\"@id\":\"https:\/\/portaltela.pt\/noticias\/2026\/03\/10\/morre-o-escritor-e-academico-peruano-alfredo-bryce-echenique\/\"},\"author\":{\"name\":\"Telinha\",\"@id\":\"https:\/\/portaltela.pt\/#\/schema\/person\/c4278d4a6028830caff9ee44b42d32ed\"},\"headline\":\"Morre o escritor e acad\u00e9mico peruano Alfredo Bryce Echenique\",\"datePublished\":\"2026-03-10T20:11:00+00:00\",\"mainEntityOfPage\":{\"@id\":\"https:\/\/portaltela.pt\/noticias\/2026\/03\/10\/morre-o-escritor-e-academico-peruano-alfredo-bryce-echenique\/\"},\"wordCount\":118,\"image\":{\"@id\":\"https:\/\/portaltela.pt\/noticias\/2026\/03\/10\/morre-o-escritor-e-academico-peruano-alfredo-bryce-echenique\/#primaryimage\"},\"thumbnailUrl\":\"https:\/\/portaltela.pt\/s.01k8rhncp4jt1\/2026\/03\/2073142.jpg\",\"keywords\":[\"Am\u00e9rica\",\"cultura\",\"escritores\",\"literatura\",\"mem\u00f3ria liter\u00e1ria\"],\"articleSection\":[\"Internacional\",\"Not\u00edcias\"],\"inLanguage\":\"pt-PT\"},{\"@type\":\"WebPage\",\"@id\":\"https:\/\/portaltela.pt\/noticias\/2026\/03\/10\/morre-o-escritor-e-academico-peruano-alfredo-bryce-echenique\/\",\"url\":\"https:\/\/portaltela.pt\/noticias\/2026\/03\/10\/morre-o-escritor-e-academico-peruano-alfredo-bryce-echenique\/\",\"name\":\"Morre o escritor e acad\u00e9mico peruano Alfredo Bryce Echenique - Portal Tela Portugal\",\"isPartOf\":{\"@id\":\"https:\/\/portaltela.pt\/#website\"},\"primaryImageOfPage\":{\"@id\":\"https:\/\/portaltela.pt\/noticias\/2026\/03\/10\/morre-o-escritor-e-academico-peruano-alfredo-bryce-echenique\/#primaryimage\"},\"image\":{\"@id\":\"https:\/\/portaltela.pt\/noticias\/2026\/03\/10\/morre-o-escritor-e-academico-peruano-alfredo-bryce-echenique\/#primaryimage\"},\"thumbnailUrl\":\"https:\/\/portaltela.pt\/s.01k8rhncp4jt1\/2026\/03\/2073142.jpg\",\"datePublished\":\"2026-03-10T20:11:00+00:00\",\"author\":{\"@id\":\"https:\/\/portaltela.pt\/#\/schema\/person\/c4278d4a6028830caff9ee44b42d32ed\"},\"breadcrumb\":{\"@id\":\"https:\/\/portaltela.pt\/noticias\/2026\/03\/10\/morre-o-escritor-e-academico-peruano-alfredo-bryce-echenique\/#breadcrumb\"},\"inLanguage\":\"pt-PT\",\"potentialAction\":[{\"@type\":\"ReadAction\",\"target\":[\"https:\/\/portaltela.pt\/noticias\/2026\/03\/10\/morre-o-escritor-e-academico-peruano-alfredo-bryce-echenique\/\"]}]},{\"@type\":\"ImageObject\",\"inLanguage\":\"pt-PT\",\"@id\":\"https:\/\/portaltela.pt\/noticias\/2026\/03\/10\/morre-o-escritor-e-academico-peruano-alfredo-bryce-echenique\/#primaryimage\",\"url\":\"https:\/\/portaltela.pt\/s.01k8rhncp4jt1\/2026\/03\/2073142.jpg\",\"contentUrl\":\"https:\/\/portaltela.pt\/s.01k8rhncp4jt1\/2026\/03\/2073142.jpg\",\"width\":796,\"height\":448,\"caption\":\"O escritor peruano Alfredo Bryce Echenique\"},{\"@type\":\"BreadcrumbList\",\"@id\":\"https:\/\/portaltela.pt\/noticias\/2026\/03\/10\/morre-o-escritor-e-academico-peruano-alfredo-bryce-echenique\/#breadcrumb\",\"itemListElement\":[{\"@type\":\"ListItem\",\"position\":1,\"name\":\"In\u00edcio\",\"item\":\"https:\/\/portaltela.pt\/\"},{\"@type\":\"ListItem\",\"position\":2,\"name\":\"Morre o escritor e acad\u00e9mico peruano Alfredo Bryce Echenique\"}]},{\"@type\":\"WebSite\",\"@id\":\"https:\/\/portaltela.pt\/#website\",\"url\":\"https:\/\/portaltela.pt\/\",\"name\":\"Portal Tela Portugal\",\"description\":\"\",\"potentialAction\":[{\"@type\":\"SearchAction\",\"target\":{\"@type\":\"EntryPoint\",\"urlTemplate\":\"https:\/\/portaltela.pt\/?s={search_term_string}\"},\"query-input\":{\"@type\":\"PropertyValueSpecification\",\"valueRequired\":true,\"valueName\":\"search_term_string\"}}],\"inLanguage\":\"pt-PT\"},{\"@type\":\"Person\",\"@id\":\"https:\/\/portaltela.pt\/#\/schema\/person\/c4278d4a6028830caff9ee44b42d32ed\",\"name\":\"Telinha\",\"image\":{\"@type\":\"ImageObject\",\"inLanguage\":\"pt-PT\",\"@id\":\"https:\/\/portaltela.pt\/s.01k8rhncp4jt1\/2025\/11\/talking-bot-125x125.png\",\"url\":\"https:\/\/portaltela.pt\/s.01k8rhncp4jt1\/2025\/11\/talking-bot-125x125.png\",\"contentUrl\":\"https:\/\/portaltela.pt\/s.01k8rhncp4jt1\/2025\/11\/talking-bot-125x125.png\",\"caption\":\"Telinha\"},\"sameAs\":[\"https:\/\/portaltela.pt\/\"],\"url\":\"https:\/\/portaltela.pt\/por\/367410592786\/\"}]}<\/script>\n<!-- \/ Yoast SEO plugin. -->","yoast_head_json":{"title":"Morre o escritor e acad\u00e9mico peruano Alfredo Bryce Echenique - Portal Tela Portugal","robots":{"index":"index","follow":"follow","max-snippet":"max-snippet:-1","max-image-preview":"max-image-preview:large","max-video-preview":"max-video-preview:-1"},"og_locale":"pt_PT","og_type":"article","og_title":"Morre o escritor e acad\u00e9mico peruano Alfredo Bryce Echenique - Portal Tela Portugal","og_description":"Alfredo Bryce Echenique, escritor e acad\u00e9mico peruano, morreu aos 87 anos em Lima, a sua cidade natal. A not\u00edcia foi confirmada pela Ag\u00eancia Efe, esta ter\u00e7a-feira. Era autor de Um Mundo Para Julius e \u00e9 reconhecido como uma das vozes mais representativas da literatura peruana atual. A sua obra abrange conto, mem\u00f3rias, ensaio e romance. A Casa de la Literatura Peruana divulgou uma nota de condol\u00eancias nas redes sociais.","og_url":"https:\/\/portaltela.pt\/noticias\/2026\/03\/10\/morre-o-escritor-e-academico-peruano-alfredo-bryce-echenique\/","og_site_name":"Portal Tela Portugal","article_published_time":"2026-03-10T20:11:00+00:00","author":"Telinha","twitter_card":"summary_large_image","twitter_misc":{"Escrito por":"Telinha","Tempo estimado de leitura":"1 minuto"},"schema":{"@context":"https:\/\/schema.org","@graph":[{"@type":"Article","@id":"https:\/\/portaltela.pt\/noticias\/2026\/03\/10\/morre-o-escritor-e-academico-peruano-alfredo-bryce-echenique\/#article","isPartOf":{"@id":"https:\/\/portaltela.pt\/noticias\/2026\/03\/10\/morre-o-escritor-e-academico-peruano-alfredo-bryce-echenique\/"},"author":{"name":"Telinha","@id":"https:\/\/portaltela.pt\/#\/schema\/person\/c4278d4a6028830caff9ee44b42d32ed"},"headline":"Morre o escritor e acad\u00e9mico peruano Alfredo Bryce Echenique","datePublished":"2026-03-10T20:11:00+00:00","mainEntityOfPage":{"@id":"https:\/\/portaltela.pt\/noticias\/2026\/03\/10\/morre-o-escritor-e-academico-peruano-alfredo-bryce-echenique\/"},"wordCount":118,"image":{"@id":"https:\/\/portaltela.pt\/noticias\/2026\/03\/10\/morre-o-escritor-e-academico-peruano-alfredo-bryce-echenique\/#primaryimage"},"thumbnailUrl":"https:\/\/portaltela.pt\/s.01k8rhncp4jt1\/2026\/03\/2073142.jpg","keywords":["Am\u00e9rica","cultura","escritores","literatura","mem\u00f3ria liter\u00e1ria"],"articleSection":["Internacional","Not\u00edcias"],"inLanguage":"pt-PT"},{"@type":"WebPage","@id":"https:\/\/portaltela.pt\/noticias\/2026\/03\/10\/morre-o-escritor-e-academico-peruano-alfredo-bryce-echenique\/","url":"https:\/\/portaltela.pt\/noticias\/2026\/03\/10\/morre-o-escritor-e-academico-peruano-alfredo-bryce-echenique\/","name":"Morre o escritor e acad\u00e9mico peruano Alfredo Bryce Echenique - Portal Tela Portugal","isPartOf":{"@id":"https:\/\/portaltela.pt\/#website"},"primaryImageOfPage":{"@id":"https:\/\/portaltela.pt\/noticias\/2026\/03\/10\/morre-o-escritor-e-academico-peruano-alfredo-bryce-echenique\/#primaryimage"},"image":{"@id":"https:\/\/portaltela.pt\/noticias\/2026\/03\/10\/morre-o-escritor-e-academico-peruano-alfredo-bryce-echenique\/#primaryimage"},"thumbnailUrl":"https:\/\/portaltela.pt\/s.01k8rhncp4jt1\/2026\/03\/2073142.jpg","datePublished":"2026-03-10T20:11:00+00:00","author":{"@id":"https:\/\/portaltela.pt\/#\/schema\/person\/c4278d4a6028830caff9ee44b42d32ed"},"breadcrumb":{"@id":"https:\/\/portaltela.pt\/noticias\/2026\/03\/10\/morre-o-escritor-e-academico-peruano-alfredo-bryce-echenique\/#breadcrumb"},"inLanguage":"pt-PT","potentialAction":[{"@type":"ReadAction","target":["https:\/\/portaltela.pt\/noticias\/2026\/03\/10\/morre-o-escritor-e-academico-peruano-alfredo-bryce-echenique\/"]}]},{"@type":"ImageObject","inLanguage":"pt-PT","@id":"https:\/\/portaltela.pt\/noticias\/2026\/03\/10\/morre-o-escritor-e-academico-peruano-alfredo-bryce-echenique\/#primaryimage","url":"https:\/\/portaltela.pt\/s.01k8rhncp4jt1\/2026\/03\/2073142.jpg","contentUrl":"https:\/\/portaltela.pt\/s.01k8rhncp4jt1\/2026\/03\/2073142.jpg","width":796,"height":448,"caption":"O escritor peruano Alfredo Bryce Echenique"},{"@type":"BreadcrumbList","@id":"https:\/\/portaltela.pt\/noticias\/2026\/03\/10\/morre-o-escritor-e-academico-peruano-alfredo-bryce-echenique\/#breadcrumb","itemListElement":[{"@type":"ListItem","position":1,"name":"In\u00edcio","item":"https:\/\/portaltela.pt\/"},{"@type":"ListItem","position":2,"name":"Morre o escritor e acad\u00e9mico peruano Alfredo Bryce Echenique"}]},{"@type":"WebSite","@id":"https:\/\/portaltela.pt\/#website","url":"https:\/\/portaltela.pt\/","name":"Portal Tela Portugal","description":"","potentialAction":[{"@type":"SearchAction","target":{"@type":"EntryPoint","urlTemplate":"https:\/\/portaltela.pt\/?s={search_term_string}"},"query-input":{"@type":"PropertyValueSpecification","valueRequired":true,"valueName":"search_term_string"}}],"inLanguage":"pt-PT"},{"@type":"Person","@id":"https:\/\/portaltela.pt\/#\/schema\/person\/c4278d4a6028830caff9ee44b42d32ed","name":"Telinha","image":{"@type":"ImageObject","inLanguage":"pt-PT","@id":"https:\/\/portaltela.pt\/s.01k8rhncp4jt1\/2025\/11\/talking-bot-125x125.png","url":"https:\/\/portaltela.pt\/s.01k8rhncp4jt1\/2025\/11\/talking-bot-125x125.png","contentUrl":"https:\/\/portaltela.pt\/s.01k8rhncp4jt1\/2025\/11\/talking-bot-125x125.png","caption":"Telinha"},"sameAs":["https:\/\/portaltela.pt\/"],"url":"https:\/\/portaltela.pt\/por\/367410592786\/"}]}},"_links":{"self":[{"href":"https:\/\/portaltela.pt\/api\/wp\/v2\/posts\/405168","targetHints":{"allow":["GET"]}}],"collection":[{"href":"https:\/\/portaltela.pt\/api\/wp\/v2\/posts"}],"about":[{"href":"https:\/\/portaltela.pt\/api\/wp\/v2\/types\/post"}],"author":[{"embeddable":true,"href":"https:\/\/portaltela.pt\/api\/wp\/v2\/users\/2"}],"replies":[{"embeddable":true,"href":"https:\/\/portaltela.pt\/api\/wp\/v2\/comments?post=405168"}],"version-history":[{"count":0,"href":"https:\/\/portaltela.pt\/api\/wp\/v2\/posts\/405168\/revisions"}],"wp:featuredmedia":[{"embeddable":true,"href":"https:\/\/portaltela.pt\/api\/wp\/v2\/media\/405174"}],"wp:attachment":[{"href":"https:\/\/portaltela.pt\/api\/wp\/v2\/media?parent=405168"}],"wp:term":[{"taxonomy":"category","embeddable":true,"href":"https:\/\/portaltela.pt\/api\/wp\/v2\/categories?post=405168"},{"taxonomy":"post_tag","embeddable":true,"href":"https:\/\/portaltela.pt\/api\/wp\/v2\/tags?post=405168"}],"curies":[{"name":"wp","href":"https:\/\/api.w.org\/{rel}","templated":true}]}}