{"id":405166,"date":"2026-03-10T13:37:00","date_gmt":"2026-03-10T16:37:00","guid":{"rendered":"https:\/\/portaltela.pt\/noticias\/2026\/03\/10\/700-portugueses-regressaram-do-medio-oriente-segundo-secretario-de-estado\/"},"modified":"2026-03-10T13:37:00","modified_gmt":"2026-03-10T16:37:00","slug":"700-portugueses-regressaram-do-medio-oriente-segundo-secretario-de-estado","status":"publish","type":"post","link":"https:\/\/portaltela.pt\/noticias\/politica\/2026\/03\/10\/700-portugueses-regressaram-do-medio-oriente-segundo-secretario-de-estado\/","title":{"rendered":"700 portugueses regressaram do M\u00e9dio Oriente, segundo secret\u00e1rio de Estado"},"content":{"rendered":"<p>Cerca de 700 cidad\u00e3os portugueses j\u00e1 regresaram do M\u00e9dio Oriente, segundo o secret\u00e1rio de Estado respons\u00e1vel pela \u00e1rea. A informa\u00e7\u00e3o foi partilhada pela autoridade competente, sem detalhar os pa\u00edses envolvidos ou o calend\u00e1rio exato.<\/p>\n<p>O an\u00fancio, feito pelo secret\u00e1rio de Estado, n\u00e3o especifica as datas das repatria\u00e7\u00f5es nem identifica as na\u00e7\u00f5es de origem dentro da regi\u00e3o. Mant\u00e9m o foco na atua\u00e7\u00e3o consular e na garantia de assist\u00eancia aos compatriotas.<\/p>\n<p>As autoridades n\u00e3o avan\u00e7aram n\u00fameros adicionais nem prazos para novas repatria\u00e7\u00f5es. O comunicado aponta para a continuidade da coordena\u00e7\u00e3o com os servi\u00e7os consulares e com as embaixadas para apoiar os cidad\u00e3os na regi\u00e3o.<\/p>\n","protected":false},"excerpt":{"rendered":"<ul>\n<li>setecentos cidad\u00e3os portugueses j\u00e1 regressaram do M\u00e9dio Oriente.<\/li>\n<li>a confirma\u00e7\u00e3o foi feita pelo secret\u00e1rio de Estado.<\/li>\n<li>o n\u00famero sugere um retorno recente de nacionais.<\/li>\n<li>n\u00e3o foram divulgados mais detalhes no momento.<\/li>\n<\/ul>\n","protected":false},"author":2,"featured_media":405169,"comment_status":"closed","ping_status":"closed","sticky":false,"template":"","format":"standard","meta":{"footnotes":""},"categories":[6912,5],"tags":[2333,902,6669,5547,40,6986],"class_list":["post-405166","post","type-post","status-publish","format-standard","has-post-thumbnail","hentry","category-internacionais","category-politica","tag-consulados","tag-emigracao","tag-emigracao-internacional","tag-informacao-internacional","tag-pessoas","tag-repatriacoes"],"yoast_head":"<!-- This site is optimized with the Yoast SEO plugin v27.2 - https:\/\/yoast.com\/product\/yoast-seo-wordpress\/ -->\n<title>700 portugueses regressaram do M\u00e9dio Oriente, segundo secret\u00e1rio de Estado - Portal Tela Portugal<\/title>\n<meta name=\"robots\" content=\"index, follow, max-snippet:-1, max-image-preview:large, max-video-preview:-1\" \/>\n<meta property=\"og:locale\" content=\"pt_PT\" \/>\n<meta property=\"og:type\" content=\"article\" \/>\n<meta property=\"og:title\" content=\"700 portugueses regressaram do M\u00e9dio Oriente, segundo secret\u00e1rio de Estado - Portal Tela Portugal\" \/>\n<meta property=\"og:description\" content=\"setecentos cidad\u00e3os portugueses j\u00e1 regressaram do M\u00e9dio Oriente. a confirma\u00e7\u00e3o foi feita pelo secret\u00e1rio de Estado. o n\u00famero sugere um retorno recente de nacionais. n\u00e3o foram divulgados mais detalhes no momento.\" \/>\n<meta property=\"og:url\" content=\"https:\/\/portaltela.pt\/noticias\/2026\/03\/10\/700-portugueses-regressaram-do-medio-oriente-segundo-secretario-de-estado\/\" \/>\n<meta property=\"og:site_name\" content=\"Portal Tela Portugal\" \/>\n<meta property=\"article:published_time\" content=\"2026-03-10T16:37:00+00:00\" \/>\n<meta name=\"author\" content=\"Telinha\" \/>\n<meta name=\"twitter:card\" content=\"summary_large_image\" \/>\n<meta name=\"twitter:label1\" content=\"Escrito por\" \/>\n\t<meta name=\"twitter:data1\" content=\"Telinha\" \/>\n\t<meta name=\"twitter:label2\" content=\"Tempo estimado de leitura\" \/>\n\t<meta name=\"twitter:data2\" content=\"1 minuto\" \/>\n<script type=\"application\/ld+json\" class=\"yoast-schema-graph\">{\"@context\":\"https:\/\/schema.org\",\"@graph\":[{\"@type\":\"Article\",\"@id\":\"https:\/\/portaltela.pt\/noticias\/2026\/03\/10\/700-portugueses-regressaram-do-medio-oriente-segundo-secretario-de-estado\/#article\",\"isPartOf\":{\"@id\":\"https:\/\/portaltela.pt\/noticias\/2026\/03\/10\/700-portugueses-regressaram-do-medio-oriente-segundo-secretario-de-estado\/\"},\"author\":{\"name\":\"Telinha\",\"@id\":\"https:\/\/portaltela.pt\/#\/schema\/person\/c4278d4a6028830caff9ee44b42d32ed\"},\"headline\":\"700 portugueses regressaram do M\u00e9dio Oriente, segundo secret\u00e1rio de Estado\",\"datePublished\":\"2026-03-10T16:37:00+00:00\",\"mainEntityOfPage\":{\"@id\":\"https:\/\/portaltela.pt\/noticias\/2026\/03\/10\/700-portugueses-regressaram-do-medio-oriente-segundo-secretario-de-estado\/\"},\"wordCount\":136,\"image\":{\"@id\":\"https:\/\/portaltela.pt\/noticias\/2026\/03\/10\/700-portugueses-regressaram-do-medio-oriente-segundo-secretario-de-estado\/#primaryimage\"},\"thumbnailUrl\":\"https:\/\/portaltela.pt\/s.01k8rhncp4jt1\/2026\/03\/CACHE_780X1200_ANALOG_WATERMARKED_46698742_2168738_06032026120911.jpg\",\"keywords\":[\"consulados\",\"emigra\u00e7\u00e3o\",\"emigra\u00e7\u00e3o internacional\",\"informa\u00e7\u00e3o internacional\",\"pessoas\",\"repatria\u00e7\u00f5es\"],\"articleSection\":[\"Internacionais\",\"Pol\u00edtica\"],\"inLanguage\":\"pt-PT\"},{\"@type\":\"WebPage\",\"@id\":\"https:\/\/portaltela.pt\/noticias\/2026\/03\/10\/700-portugueses-regressaram-do-medio-oriente-segundo-secretario-de-estado\/\",\"url\":\"https:\/\/portaltela.pt\/noticias\/2026\/03\/10\/700-portugueses-regressaram-do-medio-oriente-segundo-secretario-de-estado\/\",\"name\":\"700 portugueses regressaram do M\u00e9dio Oriente, segundo secret\u00e1rio de Estado - Portal Tela Portugal\",\"isPartOf\":{\"@id\":\"https:\/\/portaltela.pt\/#website\"},\"primaryImageOfPage\":{\"@id\":\"https:\/\/portaltela.pt\/noticias\/2026\/03\/10\/700-portugueses-regressaram-do-medio-oriente-segundo-secretario-de-estado\/#primaryimage\"},\"image\":{\"@id\":\"https:\/\/portaltela.pt\/noticias\/2026\/03\/10\/700-portugueses-regressaram-do-medio-oriente-segundo-secretario-de-estado\/#primaryimage\"},\"thumbnailUrl\":\"https:\/\/portaltela.pt\/s.01k8rhncp4jt1\/2026\/03\/CACHE_780X1200_ANALOG_WATERMARKED_46698742_2168738_06032026120911.jpg\",\"datePublished\":\"2026-03-10T16:37:00+00:00\",\"author\":{\"@id\":\"https:\/\/portaltela.pt\/#\/schema\/person\/c4278d4a6028830caff9ee44b42d32ed\"},\"breadcrumb\":{\"@id\":\"https:\/\/portaltela.pt\/noticias\/2026\/03\/10\/700-portugueses-regressaram-do-medio-oriente-segundo-secretario-de-estado\/#breadcrumb\"},\"inLanguage\":\"pt-PT\",\"potentialAction\":[{\"@type\":\"ReadAction\",\"target\":[\"https:\/\/portaltela.pt\/noticias\/2026\/03\/10\/700-portugueses-regressaram-do-medio-oriente-segundo-secretario-de-estado\/\"]}]},{\"@type\":\"ImageObject\",\"inLanguage\":\"pt-PT\",\"@id\":\"https:\/\/portaltela.pt\/noticias\/2026\/03\/10\/700-portugueses-regressaram-do-medio-oriente-segundo-secretario-de-estado\/#primaryimage\",\"url\":\"https:\/\/portaltela.pt\/s.01k8rhncp4jt1\/2026\/03\/CACHE_780X1200_ANALOG_WATERMARKED_46698742_2168738_06032026120911.jpg\",\"contentUrl\":\"https:\/\/portaltela.pt\/s.01k8rhncp4jt1\/2026\/03\/CACHE_780X1200_ANALOG_WATERMARKED_46698742_2168738_06032026120911.jpg\",\"width\":768,\"height\":512,\"caption\":\"Cerca de 700 cidad\u00e3os portugueses j\u00e1 regressaram do M\u00e9dio Oriente - secret\u00e1rio de Estado\"},{\"@type\":\"BreadcrumbList\",\"@id\":\"https:\/\/portaltela.pt\/noticias\/2026\/03\/10\/700-portugueses-regressaram-do-medio-oriente-segundo-secretario-de-estado\/#breadcrumb\",\"itemListElement\":[{\"@type\":\"ListItem\",\"position\":1,\"name\":\"In\u00edcio\",\"item\":\"https:\/\/portaltela.pt\/\"},{\"@type\":\"ListItem\",\"position\":2,\"name\":\"700 portugueses regressaram do M\u00e9dio Oriente, segundo secret\u00e1rio de Estado\"}]},{\"@type\":\"WebSite\",\"@id\":\"https:\/\/portaltela.pt\/#website\",\"url\":\"https:\/\/portaltela.pt\/\",\"name\":\"Portal Tela Portugal\",\"description\":\"\",\"potentialAction\":[{\"@type\":\"SearchAction\",\"target\":{\"@type\":\"EntryPoint\",\"urlTemplate\":\"https:\/\/portaltela.pt\/?s={search_term_string}\"},\"query-input\":{\"@type\":\"PropertyValueSpecification\",\"valueRequired\":true,\"valueName\":\"search_term_string\"}}],\"inLanguage\":\"pt-PT\"},{\"@type\":\"Person\",\"@id\":\"https:\/\/portaltela.pt\/#\/schema\/person\/c4278d4a6028830caff9ee44b42d32ed\",\"name\":\"Telinha\",\"image\":{\"@type\":\"ImageObject\",\"inLanguage\":\"pt-PT\",\"@id\":\"https:\/\/portaltela.pt\/s.01k8rhncp4jt1\/2025\/11\/talking-bot-125x125.png\",\"url\":\"https:\/\/portaltela.pt\/s.01k8rhncp4jt1\/2025\/11\/talking-bot-125x125.png\",\"contentUrl\":\"https:\/\/portaltela.pt\/s.01k8rhncp4jt1\/2025\/11\/talking-bot-125x125.png\",\"caption\":\"Telinha\"},\"sameAs\":[\"https:\/\/portaltela.pt\/\"],\"url\":\"https:\/\/portaltela.pt\/por\/367410592786\/\"}]}<\/script>\n<!-- \/ Yoast SEO plugin. -->","yoast_head_json":{"title":"700 portugueses regressaram do M\u00e9dio Oriente, segundo secret\u00e1rio de Estado - Portal Tela Portugal","robots":{"index":"index","follow":"follow","max-snippet":"max-snippet:-1","max-image-preview":"max-image-preview:large","max-video-preview":"max-video-preview:-1"},"og_locale":"pt_PT","og_type":"article","og_title":"700 portugueses regressaram do M\u00e9dio Oriente, segundo secret\u00e1rio de Estado - Portal Tela Portugal","og_description":"setecentos cidad\u00e3os portugueses j\u00e1 regressaram do M\u00e9dio Oriente. a confirma\u00e7\u00e3o foi feita pelo secret\u00e1rio de Estado. o n\u00famero sugere um retorno recente de nacionais. n\u00e3o foram divulgados mais detalhes no momento.","og_url":"https:\/\/portaltela.pt\/noticias\/2026\/03\/10\/700-portugueses-regressaram-do-medio-oriente-segundo-secretario-de-estado\/","og_site_name":"Portal Tela Portugal","article_published_time":"2026-03-10T16:37:00+00:00","author":"Telinha","twitter_card":"summary_large_image","twitter_misc":{"Escrito por":"Telinha","Tempo estimado de leitura":"1 minuto"},"schema":{"@context":"https:\/\/schema.org","@graph":[{"@type":"Article","@id":"https:\/\/portaltela.pt\/noticias\/2026\/03\/10\/700-portugueses-regressaram-do-medio-oriente-segundo-secretario-de-estado\/#article","isPartOf":{"@id":"https:\/\/portaltela.pt\/noticias\/2026\/03\/10\/700-portugueses-regressaram-do-medio-oriente-segundo-secretario-de-estado\/"},"author":{"name":"Telinha","@id":"https:\/\/portaltela.pt\/#\/schema\/person\/c4278d4a6028830caff9ee44b42d32ed"},"headline":"700 portugueses regressaram do M\u00e9dio Oriente, segundo secret\u00e1rio de Estado","datePublished":"2026-03-10T16:37:00+00:00","mainEntityOfPage":{"@id":"https:\/\/portaltela.pt\/noticias\/2026\/03\/10\/700-portugueses-regressaram-do-medio-oriente-segundo-secretario-de-estado\/"},"wordCount":136,"image":{"@id":"https:\/\/portaltela.pt\/noticias\/2026\/03\/10\/700-portugueses-regressaram-do-medio-oriente-segundo-secretario-de-estado\/#primaryimage"},"thumbnailUrl":"https:\/\/portaltela.pt\/s.01k8rhncp4jt1\/2026\/03\/CACHE_780X1200_ANALOG_WATERMARKED_46698742_2168738_06032026120911.jpg","keywords":["consulados","emigra\u00e7\u00e3o","emigra\u00e7\u00e3o internacional","informa\u00e7\u00e3o internacional","pessoas","repatria\u00e7\u00f5es"],"articleSection":["Internacionais","Pol\u00edtica"],"inLanguage":"pt-PT"},{"@type":"WebPage","@id":"https:\/\/portaltela.pt\/noticias\/2026\/03\/10\/700-portugueses-regressaram-do-medio-oriente-segundo-secretario-de-estado\/","url":"https:\/\/portaltela.pt\/noticias\/2026\/03\/10\/700-portugueses-regressaram-do-medio-oriente-segundo-secretario-de-estado\/","name":"700 portugueses regressaram do M\u00e9dio Oriente, segundo secret\u00e1rio de Estado - Portal Tela Portugal","isPartOf":{"@id":"https:\/\/portaltela.pt\/#website"},"primaryImageOfPage":{"@id":"https:\/\/portaltela.pt\/noticias\/2026\/03\/10\/700-portugueses-regressaram-do-medio-oriente-segundo-secretario-de-estado\/#primaryimage"},"image":{"@id":"https:\/\/portaltela.pt\/noticias\/2026\/03\/10\/700-portugueses-regressaram-do-medio-oriente-segundo-secretario-de-estado\/#primaryimage"},"thumbnailUrl":"https:\/\/portaltela.pt\/s.01k8rhncp4jt1\/2026\/03\/CACHE_780X1200_ANALOG_WATERMARKED_46698742_2168738_06032026120911.jpg","datePublished":"2026-03-10T16:37:00+00:00","author":{"@id":"https:\/\/portaltela.pt\/#\/schema\/person\/c4278d4a6028830caff9ee44b42d32ed"},"breadcrumb":{"@id":"https:\/\/portaltela.pt\/noticias\/2026\/03\/10\/700-portugueses-regressaram-do-medio-oriente-segundo-secretario-de-estado\/#breadcrumb"},"inLanguage":"pt-PT","potentialAction":[{"@type":"ReadAction","target":["https:\/\/portaltela.pt\/noticias\/2026\/03\/10\/700-portugueses-regressaram-do-medio-oriente-segundo-secretario-de-estado\/"]}]},{"@type":"ImageObject","inLanguage":"pt-PT","@id":"https:\/\/portaltela.pt\/noticias\/2026\/03\/10\/700-portugueses-regressaram-do-medio-oriente-segundo-secretario-de-estado\/#primaryimage","url":"https:\/\/portaltela.pt\/s.01k8rhncp4jt1\/2026\/03\/CACHE_780X1200_ANALOG_WATERMARKED_46698742_2168738_06032026120911.jpg","contentUrl":"https:\/\/portaltela.pt\/s.01k8rhncp4jt1\/2026\/03\/CACHE_780X1200_ANALOG_WATERMARKED_46698742_2168738_06032026120911.jpg","width":768,"height":512,"caption":"Cerca de 700 cidad\u00e3os portugueses j\u00e1 regressaram do M\u00e9dio Oriente - secret\u00e1rio de Estado"},{"@type":"BreadcrumbList","@id":"https:\/\/portaltela.pt\/noticias\/2026\/03\/10\/700-portugueses-regressaram-do-medio-oriente-segundo-secretario-de-estado\/#breadcrumb","itemListElement":[{"@type":"ListItem","position":1,"name":"In\u00edcio","item":"https:\/\/portaltela.pt\/"},{"@type":"ListItem","position":2,"name":"700 portugueses regressaram do M\u00e9dio Oriente, segundo secret\u00e1rio de Estado"}]},{"@type":"WebSite","@id":"https:\/\/portaltela.pt\/#website","url":"https:\/\/portaltela.pt\/","name":"Portal Tela Portugal","description":"","potentialAction":[{"@type":"SearchAction","target":{"@type":"EntryPoint","urlTemplate":"https:\/\/portaltela.pt\/?s={search_term_string}"},"query-input":{"@type":"PropertyValueSpecification","valueRequired":true,"valueName":"search_term_string"}}],"inLanguage":"pt-PT"},{"@type":"Person","@id":"https:\/\/portaltela.pt\/#\/schema\/person\/c4278d4a6028830caff9ee44b42d32ed","name":"Telinha","image":{"@type":"ImageObject","inLanguage":"pt-PT","@id":"https:\/\/portaltela.pt\/s.01k8rhncp4jt1\/2025\/11\/talking-bot-125x125.png","url":"https:\/\/portaltela.pt\/s.01k8rhncp4jt1\/2025\/11\/talking-bot-125x125.png","contentUrl":"https:\/\/portaltela.pt\/s.01k8rhncp4jt1\/2025\/11\/talking-bot-125x125.png","caption":"Telinha"},"sameAs":["https:\/\/portaltela.pt\/"],"url":"https:\/\/portaltela.pt\/por\/367410592786\/"}]}},"_links":{"self":[{"href":"https:\/\/portaltela.pt\/api\/wp\/v2\/posts\/405166","targetHints":{"allow":["GET"]}}],"collection":[{"href":"https:\/\/portaltela.pt\/api\/wp\/v2\/posts"}],"about":[{"href":"https:\/\/portaltela.pt\/api\/wp\/v2\/types\/post"}],"author":[{"embeddable":true,"href":"https:\/\/portaltela.pt\/api\/wp\/v2\/users\/2"}],"replies":[{"embeddable":true,"href":"https:\/\/portaltela.pt\/api\/wp\/v2\/comments?post=405166"}],"version-history":[{"count":0,"href":"https:\/\/portaltela.pt\/api\/wp\/v2\/posts\/405166\/revisions"}],"wp:featuredmedia":[{"embeddable":true,"href":"https:\/\/portaltela.pt\/api\/wp\/v2\/media\/405169"}],"wp:attachment":[{"href":"https:\/\/portaltela.pt\/api\/wp\/v2\/media?parent=405166"}],"wp:term":[{"taxonomy":"category","embeddable":true,"href":"https:\/\/portaltela.pt\/api\/wp\/v2\/categories?post=405166"},{"taxonomy":"post_tag","embeddable":true,"href":"https:\/\/portaltela.pt\/api\/wp\/v2\/tags?post=405166"}],"curies":[{"name":"wp","href":"https:\/\/api.w.org\/{rel}","templated":true}]}}