{"id":405161,"date":"2026-03-10T17:16:58","date_gmt":"2026-03-10T20:16:58","guid":{"rendered":"https:\/\/portaltela.pt\/noticias\/2026\/03\/10\/ue-pressiona-bruxelas-com-opcoes-para-reduzir-faturas-de-eletricidade\/"},"modified":"2026-03-10T17:16:58","modified_gmt":"2026-03-10T20:16:58","slug":"ue-pressiona-bruxelas-com-opcoes-para-reduzir-faturas-de-eletricidade","status":"publish","type":"post","link":"https:\/\/portaltela.pt\/energia\/2026\/03\/10\/ue-pressiona-bruxelas-com-opcoes-para-reduzir-faturas-de-eletricidade\/","title":{"rendered":"UE pressiona Bruxelas com op\u00e7\u00f5es para reduzir faturas de eletricidade"},"content":{"rendered":"<p>A Uni\u00e3o Europeia pediu \u00e0 Comiss\u00e3o Europeia que reveja os pre\u00e7os da eletricidade para fam\u00edlias e ind\u00fastrias e o Regime de Com\u00e9rcio de Licen\u00e7as de Emiss\u00e3o (RCLE-UE), de forma a reduzir a volatilidade sem perder os incentivos clim\u00e1ticos. O pedido aparece num documento interno datado de 9 de mar\u00e7o, para ser discutido na cimeira de l\u00edderes a 19 e 20 de mar\u00e7o.<\/p>\n<p>Os chefes de Estado pedem propostas r\u00e1pidas e concretas para baixar, a curto prazo, o custo da eletricidade. O objetivo \u00e9 manter a competitividade industrial da UE enquanto se promovem a\u00e7\u00f5es que acelerem a transi\u00e7\u00e3o energ\u00e9tica.<\/p>\n<h3>Revis\u00e3o do RCLE-UE<\/h3>\n<p>O documento indica a necessidade de a Comiss\u00e3o apresentar uma revis\u00e3o do RCLE at\u00e9 julho de 2026. O objetivo \u00e9 reduzir a volatilidade do pre\u00e7o do carbono e proteger as faturas energ\u00e9ticas, mantendo o papel do RCLE na promo\u00e7\u00e3o de investimento e inova\u00e7\u00e3o na transi\u00e7\u00e3o energ\u00e9tica.<\/p>\n<p>No debate est\u00e1 presente a perspetiva de reformar o RCLE para evitar impactos no pre\u00e7o da energia, sem deixar de apoiar metas de redu\u00e7\u00e3o de emiss\u00f5es. Analistas destacam que mudan\u00e7as no sistema devem incentivar descarboniza\u00e7\u00e3o em vez de apenas impor limites.<\/p>\n<h3>Infraestruturas el\u00e9tricas e transi\u00e7\u00e3o<\/h3>\n<p>Os l\u00edderes refor\u00e7am a import\u00e2ncia de expandir redes el\u00e9tricas e refor\u00e7ar interconex\u00f5es transfronteiri\u00e7as, com acelera\u00e7\u00e3o de procedimentos de licenciamento. A ideia \u00e9 facilitar o incremento de energias renov\u00e1veis na UE-27, reduzindo depend\u00eancia de mercados externos.<\/p>\n<p>Estes avan\u00e7os visam aumentar a seguran\u00e7a energ\u00e9tica e a resili\u00eancia econ\u00f3mica, mantendo sob controlo os custos para consumidores e ind\u00fastria. A Comiss\u00e3o \u00e9 convidada a acelerar a eletrifica\u00e7\u00e3o e a melhorar a infraestrutura de rede em toda a Uni\u00e3o.<\/p>\n","protected":false},"excerpt":{"rendered":"<ul>\n<li>Chefes da Uni\u00e3o Europeia pedem \u00e0 Comiss\u00e3o Europeia que reveja os pre\u00e7os da eletricidade para fam\u00edlias e ind\u00fastrias e apresente propostas concretas para reduzir custos a curto prazo.<\/li>\n<li>O objetivo \u00e9 reduzir a volatilidade dos pre\u00e7os e manter os incentivos clim\u00e1ticos, mantendo o RCLE (Regime de Com\u00e9rcio de Licen\u00e7as de Emiss\u00e3o da UE) relevante.<\/li>\n<li>Os l\u00edderes exigem uma revis\u00e3o do RCLE at\u00e9 julho de dois mil e vinte e seis e pretendem discutir o tema numa cimeira de quarenta minutos em 19 e 20 de mar\u00e7o.<\/li>\n<li>O Conselho pede ainda o refor\u00e7o das infraestruturas el\u00e9tricas e a acelera\u00e7\u00e3o das licen\u00e7as para interconex\u00f5es transfronteiri\u00e7as, para facilitar a maior produ\u00e7\u00e3o de energias renov\u00e1veis.<\/li>\n<li>Tamb\u00e9m \u00e9 considerada a possibilidade de rever impostos, taxas de rede el\u00e9trica e custos de carbono como solu\u00e7\u00e3o r\u00e1pida para ind\u00fastrias em dificuldades.<\/li>\n<\/ul>\n","protected":false},"author":2,"featured_media":405162,"comment_status":"closed","ping_status":"closed","sticky":false,"template":"","format":"standard","meta":{"footnotes":""},"categories":[6806],"tags":[6115,5072,174,3603,316,5641],"class_list":["post-405161","post","type-post","status-publish","format-standard","has-post-thumbnail","hentry","category-energia","tag-_economia","tag-descarbonizacao","tag-energia","tag-energias-renovaveis","tag-investimento","tag-redes-electricas"],"yoast_head":"<!-- This site is optimized with the Yoast SEO plugin v27.2 - https:\/\/yoast.com\/product\/yoast-seo-wordpress\/ -->\n<title>UE pressiona Bruxelas com op\u00e7\u00f5es para reduzir faturas de eletricidade - Portal Tela Portugal<\/title>\n<meta name=\"robots\" content=\"index, follow, max-snippet:-1, max-image-preview:large, max-video-preview:-1\" \/>\n<meta property=\"og:locale\" content=\"pt_PT\" \/>\n<meta property=\"og:type\" content=\"article\" \/>\n<meta property=\"og:title\" content=\"UE pressiona Bruxelas com op\u00e7\u00f5es para reduzir faturas de eletricidade - Portal Tela Portugal\" \/>\n<meta property=\"og:description\" content=\"Chefes da Uni\u00e3o Europeia pedem \u00e0 Comiss\u00e3o Europeia que reveja os pre\u00e7os da eletricidade para fam\u00edlias e ind\u00fastrias e apresente propostas concretas para reduzir custos a curto prazo. O objetivo \u00e9 reduzir a volatilidade dos pre\u00e7os e manter os incentivos clim\u00e1ticos, mantendo o RCLE (Regime de Com\u00e9rcio de Licen\u00e7as de Emiss\u00e3o da UE) relevante. Os l\u00edderes exigem uma revis\u00e3o do RCLE at\u00e9 julho de dois mil e vinte e seis e pretendem discutir o tema numa cimeira de quarenta minutos em 19 e 20 de mar\u00e7o. O Conselho pede ainda o refor\u00e7o das infraestruturas el\u00e9tricas e a acelera\u00e7\u00e3o das licen\u00e7as para interconex\u00f5es transfronteiri\u00e7as, para facilitar a maior produ\u00e7\u00e3o de energias renov\u00e1veis. Tamb\u00e9m \u00e9 considerada a possibilidade de rever impostos, taxas de rede el\u00e9trica e custos de carbono como solu\u00e7\u00e3o r\u00e1pida para ind\u00fastrias em dificuldades.\" \/>\n<meta property=\"og:url\" content=\"https:\/\/portaltela.pt\/noticias\/2026\/03\/10\/ue-pressiona-bruxelas-com-opcoes-para-reduzir-faturas-de-eletricidade\/\" \/>\n<meta property=\"og:site_name\" content=\"Portal Tela Portugal\" \/>\n<meta property=\"article:published_time\" content=\"2026-03-10T20:16:58+00:00\" \/>\n<meta name=\"author\" content=\"Telinha\" \/>\n<meta name=\"twitter:card\" content=\"summary_large_image\" \/>\n<meta name=\"twitter:label1\" content=\"Escrito por\" \/>\n\t<meta name=\"twitter:data1\" content=\"Telinha\" \/>\n\t<meta name=\"twitter:label2\" content=\"Tempo estimado de leitura\" \/>\n\t<meta name=\"twitter:data2\" content=\"2 minutos\" \/>\n<script type=\"application\/ld+json\" class=\"yoast-schema-graph\">{\"@context\":\"https:\/\/schema.org\",\"@graph\":[{\"@type\":\"Article\",\"@id\":\"https:\/\/portaltela.pt\/noticias\/2026\/03\/10\/ue-pressiona-bruxelas-com-opcoes-para-reduzir-faturas-de-eletricidade\/#article\",\"isPartOf\":{\"@id\":\"https:\/\/portaltela.pt\/noticias\/2026\/03\/10\/ue-pressiona-bruxelas-com-opcoes-para-reduzir-faturas-de-eletricidade\/\"},\"author\":{\"name\":\"Telinha\",\"@id\":\"https:\/\/portaltela.pt\/#\/schema\/person\/c4278d4a6028830caff9ee44b42d32ed\"},\"headline\":\"UE pressiona Bruxelas com op\u00e7\u00f5es para reduzir faturas de eletricidade\",\"datePublished\":\"2026-03-10T20:16:58+00:00\",\"mainEntityOfPage\":{\"@id\":\"https:\/\/portaltela.pt\/noticias\/2026\/03\/10\/ue-pressiona-bruxelas-com-opcoes-para-reduzir-faturas-de-eletricidade\/\"},\"wordCount\":319,\"image\":{\"@id\":\"https:\/\/portaltela.pt\/noticias\/2026\/03\/10\/ue-pressiona-bruxelas-com-opcoes-para-reduzir-faturas-de-eletricidade\/#primaryimage\"},\"thumbnailUrl\":\"https:\/\/portaltela.pt\/s.01k8rhncp4jt1\/2026\/03\/1536x864_cmsv2_626eac6f-a0cb-550d-b0f8-4f36e78fab24-9680908.jpg\",\"keywords\":[\"_economia\",\"descarboniza\u00e7\u00e3o\",\"energia\",\"energias renov\u00e1veis\",\"investimento\",\"redes el\u00e9ctricas\"],\"articleSection\":[\"Energia\"],\"inLanguage\":\"pt-PT\"},{\"@type\":\"WebPage\",\"@id\":\"https:\/\/portaltela.pt\/noticias\/2026\/03\/10\/ue-pressiona-bruxelas-com-opcoes-para-reduzir-faturas-de-eletricidade\/\",\"url\":\"https:\/\/portaltela.pt\/noticias\/2026\/03\/10\/ue-pressiona-bruxelas-com-opcoes-para-reduzir-faturas-de-eletricidade\/\",\"name\":\"UE pressiona Bruxelas com op\u00e7\u00f5es para reduzir faturas de eletricidade - Portal Tela Portugal\",\"isPartOf\":{\"@id\":\"https:\/\/portaltela.pt\/#website\"},\"primaryImageOfPage\":{\"@id\":\"https:\/\/portaltela.pt\/noticias\/2026\/03\/10\/ue-pressiona-bruxelas-com-opcoes-para-reduzir-faturas-de-eletricidade\/#primaryimage\"},\"image\":{\"@id\":\"https:\/\/portaltela.pt\/noticias\/2026\/03\/10\/ue-pressiona-bruxelas-com-opcoes-para-reduzir-faturas-de-eletricidade\/#primaryimage\"},\"thumbnailUrl\":\"https:\/\/portaltela.pt\/s.01k8rhncp4jt1\/2026\/03\/1536x864_cmsv2_626eac6f-a0cb-550d-b0f8-4f36e78fab24-9680908.jpg\",\"datePublished\":\"2026-03-10T20:16:58+00:00\",\"author\":{\"@id\":\"https:\/\/portaltela.pt\/#\/schema\/person\/c4278d4a6028830caff9ee44b42d32ed\"},\"breadcrumb\":{\"@id\":\"https:\/\/portaltela.pt\/noticias\/2026\/03\/10\/ue-pressiona-bruxelas-com-opcoes-para-reduzir-faturas-de-eletricidade\/#breadcrumb\"},\"inLanguage\":\"pt-PT\",\"potentialAction\":[{\"@type\":\"ReadAction\",\"target\":[\"https:\/\/portaltela.pt\/noticias\/2026\/03\/10\/ue-pressiona-bruxelas-com-opcoes-para-reduzir-faturas-de-eletricidade\/\"]}]},{\"@type\":\"ImageObject\",\"inLanguage\":\"pt-PT\",\"@id\":\"https:\/\/portaltela.pt\/noticias\/2026\/03\/10\/ue-pressiona-bruxelas-com-opcoes-para-reduzir-faturas-de-eletricidade\/#primaryimage\",\"url\":\"https:\/\/portaltela.pt\/s.01k8rhncp4jt1\/2026\/03\/1536x864_cmsv2_626eac6f-a0cb-550d-b0f8-4f36e78fab24-9680908.jpg\",\"contentUrl\":\"https:\/\/portaltela.pt\/s.01k8rhncp4jt1\/2026\/03\/1536x864_cmsv2_626eac6f-a0cb-550d-b0f8-4f36e78fab24-9680908.jpg\",\"width\":796,\"height\":448,\"caption\":\"O Presidente do Conselho Europeu, Ant\u00f3nio Costa, \u00e0 direita, e a Presidente da Comiss\u00e3o Europeia, Ursula von der Leyen, dirigem-se aos meios de comunica\u00e7\u00e3o social no final de uma cimeira da UE no Castelo de Alden Biesen.\"},{\"@type\":\"BreadcrumbList\",\"@id\":\"https:\/\/portaltela.pt\/noticias\/2026\/03\/10\/ue-pressiona-bruxelas-com-opcoes-para-reduzir-faturas-de-eletricidade\/#breadcrumb\",\"itemListElement\":[{\"@type\":\"ListItem\",\"position\":1,\"name\":\"In\u00edcio\",\"item\":\"https:\/\/portaltela.pt\/\"},{\"@type\":\"ListItem\",\"position\":2,\"name\":\"UE pressiona Bruxelas com op\u00e7\u00f5es para reduzir faturas de eletricidade\"}]},{\"@type\":\"WebSite\",\"@id\":\"https:\/\/portaltela.pt\/#website\",\"url\":\"https:\/\/portaltela.pt\/\",\"name\":\"Portal Tela Portugal\",\"description\":\"\",\"potentialAction\":[{\"@type\":\"SearchAction\",\"target\":{\"@type\":\"EntryPoint\",\"urlTemplate\":\"https:\/\/portaltela.pt\/?s={search_term_string}\"},\"query-input\":{\"@type\":\"PropertyValueSpecification\",\"valueRequired\":true,\"valueName\":\"search_term_string\"}}],\"inLanguage\":\"pt-PT\"},{\"@type\":\"Person\",\"@id\":\"https:\/\/portaltela.pt\/#\/schema\/person\/c4278d4a6028830caff9ee44b42d32ed\",\"name\":\"Telinha\",\"image\":{\"@type\":\"ImageObject\",\"inLanguage\":\"pt-PT\",\"@id\":\"https:\/\/portaltela.pt\/s.01k8rhncp4jt1\/2025\/11\/talking-bot-125x125.png\",\"url\":\"https:\/\/portaltela.pt\/s.01k8rhncp4jt1\/2025\/11\/talking-bot-125x125.png\",\"contentUrl\":\"https:\/\/portaltela.pt\/s.01k8rhncp4jt1\/2025\/11\/talking-bot-125x125.png\",\"caption\":\"Telinha\"},\"sameAs\":[\"https:\/\/portaltela.pt\/\"],\"url\":\"https:\/\/portaltela.pt\/por\/367410592786\/\"}]}<\/script>\n<!-- \/ Yoast SEO plugin. -->","yoast_head_json":{"title":"UE pressiona Bruxelas com op\u00e7\u00f5es para reduzir faturas de eletricidade - Portal Tela Portugal","robots":{"index":"index","follow":"follow","max-snippet":"max-snippet:-1","max-image-preview":"max-image-preview:large","max-video-preview":"max-video-preview:-1"},"og_locale":"pt_PT","og_type":"article","og_title":"UE pressiona Bruxelas com op\u00e7\u00f5es para reduzir faturas de eletricidade - Portal Tela Portugal","og_description":"Chefes da Uni\u00e3o Europeia pedem \u00e0 Comiss\u00e3o Europeia que reveja os pre\u00e7os da eletricidade para fam\u00edlias e ind\u00fastrias e apresente propostas concretas para reduzir custos a curto prazo. O objetivo \u00e9 reduzir a volatilidade dos pre\u00e7os e manter os incentivos clim\u00e1ticos, mantendo o RCLE (Regime de Com\u00e9rcio de Licen\u00e7as de Emiss\u00e3o da UE) relevante. Os l\u00edderes exigem uma revis\u00e3o do RCLE at\u00e9 julho de dois mil e vinte e seis e pretendem discutir o tema numa cimeira de quarenta minutos em 19 e 20 de mar\u00e7o. O Conselho pede ainda o refor\u00e7o das infraestruturas el\u00e9tricas e a acelera\u00e7\u00e3o das licen\u00e7as para interconex\u00f5es transfronteiri\u00e7as, para facilitar a maior produ\u00e7\u00e3o de energias renov\u00e1veis. Tamb\u00e9m \u00e9 considerada a possibilidade de rever impostos, taxas de rede el\u00e9trica e custos de carbono como solu\u00e7\u00e3o r\u00e1pida para ind\u00fastrias em dificuldades.","og_url":"https:\/\/portaltela.pt\/noticias\/2026\/03\/10\/ue-pressiona-bruxelas-com-opcoes-para-reduzir-faturas-de-eletricidade\/","og_site_name":"Portal Tela Portugal","article_published_time":"2026-03-10T20:16:58+00:00","author":"Telinha","twitter_card":"summary_large_image","twitter_misc":{"Escrito por":"Telinha","Tempo estimado de leitura":"2 minutos"},"schema":{"@context":"https:\/\/schema.org","@graph":[{"@type":"Article","@id":"https:\/\/portaltela.pt\/noticias\/2026\/03\/10\/ue-pressiona-bruxelas-com-opcoes-para-reduzir-faturas-de-eletricidade\/#article","isPartOf":{"@id":"https:\/\/portaltela.pt\/noticias\/2026\/03\/10\/ue-pressiona-bruxelas-com-opcoes-para-reduzir-faturas-de-eletricidade\/"},"author":{"name":"Telinha","@id":"https:\/\/portaltela.pt\/#\/schema\/person\/c4278d4a6028830caff9ee44b42d32ed"},"headline":"UE pressiona Bruxelas com op\u00e7\u00f5es para reduzir faturas de eletricidade","datePublished":"2026-03-10T20:16:58+00:00","mainEntityOfPage":{"@id":"https:\/\/portaltela.pt\/noticias\/2026\/03\/10\/ue-pressiona-bruxelas-com-opcoes-para-reduzir-faturas-de-eletricidade\/"},"wordCount":319,"image":{"@id":"https:\/\/portaltela.pt\/noticias\/2026\/03\/10\/ue-pressiona-bruxelas-com-opcoes-para-reduzir-faturas-de-eletricidade\/#primaryimage"},"thumbnailUrl":"https:\/\/portaltela.pt\/s.01k8rhncp4jt1\/2026\/03\/1536x864_cmsv2_626eac6f-a0cb-550d-b0f8-4f36e78fab24-9680908.jpg","keywords":["_economia","descarboniza\u00e7\u00e3o","energia","energias renov\u00e1veis","investimento","redes el\u00e9ctricas"],"articleSection":["Energia"],"inLanguage":"pt-PT"},{"@type":"WebPage","@id":"https:\/\/portaltela.pt\/noticias\/2026\/03\/10\/ue-pressiona-bruxelas-com-opcoes-para-reduzir-faturas-de-eletricidade\/","url":"https:\/\/portaltela.pt\/noticias\/2026\/03\/10\/ue-pressiona-bruxelas-com-opcoes-para-reduzir-faturas-de-eletricidade\/","name":"UE pressiona Bruxelas com op\u00e7\u00f5es para reduzir faturas de eletricidade - Portal Tela Portugal","isPartOf":{"@id":"https:\/\/portaltela.pt\/#website"},"primaryImageOfPage":{"@id":"https:\/\/portaltela.pt\/noticias\/2026\/03\/10\/ue-pressiona-bruxelas-com-opcoes-para-reduzir-faturas-de-eletricidade\/#primaryimage"},"image":{"@id":"https:\/\/portaltela.pt\/noticias\/2026\/03\/10\/ue-pressiona-bruxelas-com-opcoes-para-reduzir-faturas-de-eletricidade\/#primaryimage"},"thumbnailUrl":"https:\/\/portaltela.pt\/s.01k8rhncp4jt1\/2026\/03\/1536x864_cmsv2_626eac6f-a0cb-550d-b0f8-4f36e78fab24-9680908.jpg","datePublished":"2026-03-10T20:16:58+00:00","author":{"@id":"https:\/\/portaltela.pt\/#\/schema\/person\/c4278d4a6028830caff9ee44b42d32ed"},"breadcrumb":{"@id":"https:\/\/portaltela.pt\/noticias\/2026\/03\/10\/ue-pressiona-bruxelas-com-opcoes-para-reduzir-faturas-de-eletricidade\/#breadcrumb"},"inLanguage":"pt-PT","potentialAction":[{"@type":"ReadAction","target":["https:\/\/portaltela.pt\/noticias\/2026\/03\/10\/ue-pressiona-bruxelas-com-opcoes-para-reduzir-faturas-de-eletricidade\/"]}]},{"@type":"ImageObject","inLanguage":"pt-PT","@id":"https:\/\/portaltela.pt\/noticias\/2026\/03\/10\/ue-pressiona-bruxelas-com-opcoes-para-reduzir-faturas-de-eletricidade\/#primaryimage","url":"https:\/\/portaltela.pt\/s.01k8rhncp4jt1\/2026\/03\/1536x864_cmsv2_626eac6f-a0cb-550d-b0f8-4f36e78fab24-9680908.jpg","contentUrl":"https:\/\/portaltela.pt\/s.01k8rhncp4jt1\/2026\/03\/1536x864_cmsv2_626eac6f-a0cb-550d-b0f8-4f36e78fab24-9680908.jpg","width":796,"height":448,"caption":"O Presidente do Conselho Europeu, Ant\u00f3nio Costa, \u00e0 direita, e a Presidente da Comiss\u00e3o Europeia, Ursula von der Leyen, dirigem-se aos meios de comunica\u00e7\u00e3o social no final de uma cimeira da UE no Castelo de Alden Biesen."},{"@type":"BreadcrumbList","@id":"https:\/\/portaltela.pt\/noticias\/2026\/03\/10\/ue-pressiona-bruxelas-com-opcoes-para-reduzir-faturas-de-eletricidade\/#breadcrumb","itemListElement":[{"@type":"ListItem","position":1,"name":"In\u00edcio","item":"https:\/\/portaltela.pt\/"},{"@type":"ListItem","position":2,"name":"UE pressiona Bruxelas com op\u00e7\u00f5es para reduzir faturas de eletricidade"}]},{"@type":"WebSite","@id":"https:\/\/portaltela.pt\/#website","url":"https:\/\/portaltela.pt\/","name":"Portal Tela Portugal","description":"","potentialAction":[{"@type":"SearchAction","target":{"@type":"EntryPoint","urlTemplate":"https:\/\/portaltela.pt\/?s={search_term_string}"},"query-input":{"@type":"PropertyValueSpecification","valueRequired":true,"valueName":"search_term_string"}}],"inLanguage":"pt-PT"},{"@type":"Person","@id":"https:\/\/portaltela.pt\/#\/schema\/person\/c4278d4a6028830caff9ee44b42d32ed","name":"Telinha","image":{"@type":"ImageObject","inLanguage":"pt-PT","@id":"https:\/\/portaltela.pt\/s.01k8rhncp4jt1\/2025\/11\/talking-bot-125x125.png","url":"https:\/\/portaltela.pt\/s.01k8rhncp4jt1\/2025\/11\/talking-bot-125x125.png","contentUrl":"https:\/\/portaltela.pt\/s.01k8rhncp4jt1\/2025\/11\/talking-bot-125x125.png","caption":"Telinha"},"sameAs":["https:\/\/portaltela.pt\/"],"url":"https:\/\/portaltela.pt\/por\/367410592786\/"}]}},"_links":{"self":[{"href":"https:\/\/portaltela.pt\/api\/wp\/v2\/posts\/405161","targetHints":{"allow":["GET"]}}],"collection":[{"href":"https:\/\/portaltela.pt\/api\/wp\/v2\/posts"}],"about":[{"href":"https:\/\/portaltela.pt\/api\/wp\/v2\/types\/post"}],"author":[{"embeddable":true,"href":"https:\/\/portaltela.pt\/api\/wp\/v2\/users\/2"}],"replies":[{"embeddable":true,"href":"https:\/\/portaltela.pt\/api\/wp\/v2\/comments?post=405161"}],"version-history":[{"count":0,"href":"https:\/\/portaltela.pt\/api\/wp\/v2\/posts\/405161\/revisions"}],"wp:featuredmedia":[{"embeddable":true,"href":"https:\/\/portaltela.pt\/api\/wp\/v2\/media\/405162"}],"wp:attachment":[{"href":"https:\/\/portaltela.pt\/api\/wp\/v2\/media?parent=405161"}],"wp:term":[{"taxonomy":"category","embeddable":true,"href":"https:\/\/portaltela.pt\/api\/wp\/v2\/categories?post=405161"},{"taxonomy":"post_tag","embeddable":true,"href":"https:\/\/portaltela.pt\/api\/wp\/v2\/tags?post=405161"}],"curies":[{"name":"wp","href":"https:\/\/api.w.org\/{rel}","templated":true}]}}