{"id":405143,"date":"2026-03-10T17:02:00","date_gmt":"2026-03-10T20:02:00","guid":{"rendered":"https:\/\/portaltela.pt\/noticias\/2026\/03\/10\/jornalista-croata-ve-ivanovic-como-10-do-benfica-e-pode-jogar-com-pavlidis\/"},"modified":"2026-03-10T17:02:00","modified_gmt":"2026-03-10T20:02:00","slug":"jornalista-croata-ve-ivanovic-como-10-do-benfica-e-pode-jogar-com-pavlidis","status":"publish","type":"post","link":"https:\/\/portaltela.pt\/desporto\/futebol\/2026\/03\/10\/jornalista-croata-ve-ivanovic-como-10-do-benfica-e-pode-jogar-com-pavlidis\/","title":{"rendered":"Jornalista croata v\u00ea Ivanovic como 10 do Benfica e pode jogar com Pavlidis"},"content":{"rendered":"<p>Um jornalista croata analisa a rela\u00e7\u00e3o entre os atacantes do Benfica, Ivanovic e Pavlidis, e aponta compatibilidade t\u00e1tica entre ambos. A avalia\u00e7\u00e3o chega de Ivica Medo, rep\u00f3rter do Goal.hr, que j\u00e1 viu a dupla atuar no in\u00edcio da temporada.<\/p>\n<p>Medo assinala que Ivanovic pode jogar ao lado de Pavlidis sem problema, refor\u00e7ando que a dupla foi explorada no in\u00edcio do ciclo de Bruno Lage no comando t\u00e9cnico.<\/p>\n<p>Pavlidis \u00e9 atualmente o principal finalizador da equipa, liderando a lista de marcadores, enquanto Ivanovic j\u00e1 teve v\u00e1rias op\u00e7\u00f5es ao seu lado, conforme o registo de partidas anteriores.<\/p>\n<p>O coment\u00e1rio do jornalista croata surge numa altura em que o Benfica procura continuidade ofensiva e op\u00e7\u00f5es para diferentes partidas, mantendo a aposta no tridente atacante com Pavlidis sempre na frente.<\/p>\n","protected":false},"excerpt":{"rendered":"<ul>\n<li>O jornalista croata Ivica Medo, do Goal.hr, diz que Ivanovic \u00e9 compat\u00edvel com Pavlidis no Benfica, formando dupla que j\u00e1 se viu no in\u00edcio da temporada.<\/li>\n<li>Pavlidis \u00e9 o melhor marcador do clube e ocupa a posi\u00e7\u00e3o de 9, com Ivanovic a poder jogar \u00e0 sua frente ou atr\u00e1s.<\/li>\n<li>Ao longo da \u00e9poca, Pavlidis j\u00e1 teve apoios atr\u00e1s dele, com Aursnes, Rafa, Sudakov e Barreiro a atuar nessa fun\u00e7\u00e3o.<\/li>\n<li>A ideia de Ivanovic como &#8220;10&#8221; surge no contexto de o Benfica ter contado com Bruno Lage no leme no come\u00e7o da \u00e9poca.<\/li>\n<li>A not\u00edcia afirma a possibilidade de Ivanovic render Pavlidis e manter a linha ofensiva associada.<\/li>\n<\/ul>\n","protected":false},"author":2,"featured_media":405148,"comment_status":"closed","ping_status":"closed","sticky":false,"template":"","format":"standard","meta":{"footnotes":""},"categories":[21,24],"tags":[1946,3972,4497,152,32,3071],"class_list":["post-405143","post","type-post","status-publish","format-standard","has-post-thumbnail","hentry","category-desporto","category-futebol","tag-benfica","tag-benfica-sad","tag-bruno-lage","tag-desporto","tag-futebol","tag-pavlidis"],"yoast_head":"<!-- This site is optimized with the Yoast SEO plugin v27.2 - https:\/\/yoast.com\/product\/yoast-seo-wordpress\/ -->\n<title>Jornalista croata v\u00ea Ivanovic como 10 do Benfica e pode jogar com Pavlidis - Portal Tela Portugal<\/title>\n<meta name=\"robots\" content=\"index, follow, max-snippet:-1, max-image-preview:large, max-video-preview:-1\" \/>\n<meta property=\"og:locale\" content=\"pt_PT\" \/>\n<meta property=\"og:type\" content=\"article\" \/>\n<meta property=\"og:title\" content=\"Jornalista croata v\u00ea Ivanovic como 10 do Benfica e pode jogar com Pavlidis - Portal Tela Portugal\" \/>\n<meta property=\"og:description\" content=\"O jornalista croata Ivica Medo, do Goal.hr, diz que Ivanovic \u00e9 compat\u00edvel com Pavlidis no Benfica, formando dupla que j\u00e1 se viu no in\u00edcio da temporada. Pavlidis \u00e9 o melhor marcador do clube e ocupa a posi\u00e7\u00e3o de 9, com Ivanovic a poder jogar \u00e0 sua frente ou atr\u00e1s. Ao longo da \u00e9poca, Pavlidis j\u00e1 teve apoios atr\u00e1s dele, com Aursnes, Rafa, Sudakov e Barreiro a atuar nessa fun\u00e7\u00e3o. A ideia de Ivanovic como &quot;10&quot; surge no contexto de o Benfica ter contado com Bruno Lage no leme no come\u00e7o da \u00e9poca. A not\u00edcia afirma a possibilidade de Ivanovic render Pavlidis e manter a linha ofensiva associada.\" \/>\n<meta property=\"og:url\" content=\"https:\/\/portaltela.pt\/noticias\/2026\/03\/10\/jornalista-croata-ve-ivanovic-como-10-do-benfica-e-pode-jogar-com-pavlidis\/\" \/>\n<meta property=\"og:site_name\" content=\"Portal Tela Portugal\" \/>\n<meta property=\"article:published_time\" content=\"2026-03-10T20:02:00+00:00\" \/>\n<meta name=\"author\" content=\"Telinha\" \/>\n<meta name=\"twitter:card\" content=\"summary_large_image\" \/>\n<meta name=\"twitter:label1\" content=\"Escrito por\" \/>\n\t<meta name=\"twitter:data1\" content=\"Telinha\" \/>\n\t<meta name=\"twitter:label2\" content=\"Tempo estimado de leitura\" \/>\n\t<meta name=\"twitter:data2\" content=\"1 minuto\" \/>\n<script type=\"application\/ld+json\" class=\"yoast-schema-graph\">{\"@context\":\"https:\/\/schema.org\",\"@graph\":[{\"@type\":\"Article\",\"@id\":\"https:\/\/portaltela.pt\/noticias\/2026\/03\/10\/jornalista-croata-ve-ivanovic-como-10-do-benfica-e-pode-jogar-com-pavlidis\/#article\",\"isPartOf\":{\"@id\":\"https:\/\/portaltela.pt\/noticias\/2026\/03\/10\/jornalista-croata-ve-ivanovic-como-10-do-benfica-e-pode-jogar-com-pavlidis\/\"},\"author\":{\"name\":\"Telinha\",\"@id\":\"https:\/\/portaltela.pt\/#\/schema\/person\/c4278d4a6028830caff9ee44b42d32ed\"},\"headline\":\"Jornalista croata v\u00ea Ivanovic como 10 do Benfica e pode jogar com Pavlidis\",\"datePublished\":\"2026-03-10T20:02:00+00:00\",\"mainEntityOfPage\":{\"@id\":\"https:\/\/portaltela.pt\/noticias\/2026\/03\/10\/jornalista-croata-ve-ivanovic-como-10-do-benfica-e-pode-jogar-com-pavlidis\/\"},\"wordCount\":150,\"image\":{\"@id\":\"https:\/\/portaltela.pt\/noticias\/2026\/03\/10\/jornalista-croata-ve-ivanovic-como-10-do-benfica-e-pode-jogar-com-pavlidis\/#primaryimage\"},\"thumbnailUrl\":\"https:\/\/portaltela.pt\/s.01k8rhncp4jt1\/2026\/03\/img_920x518uu2026-03-10-19-35-58-2426086.jpg\",\"keywords\":[\"Benfica\",\"Benfica SAD\",\"Bruno Lage\",\"desporto\",\"futebol\",\"Pavlidis\"],\"articleSection\":[\"Desporto\",\"Futebol\"],\"inLanguage\":\"pt-PT\"},{\"@type\":\"WebPage\",\"@id\":\"https:\/\/portaltela.pt\/noticias\/2026\/03\/10\/jornalista-croata-ve-ivanovic-como-10-do-benfica-e-pode-jogar-com-pavlidis\/\",\"url\":\"https:\/\/portaltela.pt\/noticias\/2026\/03\/10\/jornalista-croata-ve-ivanovic-como-10-do-benfica-e-pode-jogar-com-pavlidis\/\",\"name\":\"Jornalista croata v\u00ea Ivanovic como 10 do Benfica e pode jogar com Pavlidis - Portal Tela Portugal\",\"isPartOf\":{\"@id\":\"https:\/\/portaltela.pt\/#website\"},\"primaryImageOfPage\":{\"@id\":\"https:\/\/portaltela.pt\/noticias\/2026\/03\/10\/jornalista-croata-ve-ivanovic-como-10-do-benfica-e-pode-jogar-com-pavlidis\/#primaryimage\"},\"image\":{\"@id\":\"https:\/\/portaltela.pt\/noticias\/2026\/03\/10\/jornalista-croata-ve-ivanovic-como-10-do-benfica-e-pode-jogar-com-pavlidis\/#primaryimage\"},\"thumbnailUrl\":\"https:\/\/portaltela.pt\/s.01k8rhncp4jt1\/2026\/03\/img_920x518uu2026-03-10-19-35-58-2426086.jpg\",\"datePublished\":\"2026-03-10T20:02:00+00:00\",\"author\":{\"@id\":\"https:\/\/portaltela.pt\/#\/schema\/person\/c4278d4a6028830caff9ee44b42d32ed\"},\"breadcrumb\":{\"@id\":\"https:\/\/portaltela.pt\/noticias\/2026\/03\/10\/jornalista-croata-ve-ivanovic-como-10-do-benfica-e-pode-jogar-com-pavlidis\/#breadcrumb\"},\"inLanguage\":\"pt-PT\",\"potentialAction\":[{\"@type\":\"ReadAction\",\"target\":[\"https:\/\/portaltela.pt\/noticias\/2026\/03\/10\/jornalista-croata-ve-ivanovic-como-10-do-benfica-e-pode-jogar-com-pavlidis\/\"]}]},{\"@type\":\"ImageObject\",\"inLanguage\":\"pt-PT\",\"@id\":\"https:\/\/portaltela.pt\/noticias\/2026\/03\/10\/jornalista-croata-ve-ivanovic-como-10-do-benfica-e-pode-jogar-com-pavlidis\/#primaryimage\",\"url\":\"https:\/\/portaltela.pt\/s.01k8rhncp4jt1\/2026\/03\/img_920x518uu2026-03-10-19-35-58-2426086.jpg\",\"contentUrl\":\"https:\/\/portaltela.pt\/s.01k8rhncp4jt1\/2026\/03\/img_920x518uu2026-03-10-19-35-58-2426086.jpg\",\"width\":796,\"height\":448,\"caption\":\"Ivanovic e Pavlidis festejam golo do Benfica\"},{\"@type\":\"BreadcrumbList\",\"@id\":\"https:\/\/portaltela.pt\/noticias\/2026\/03\/10\/jornalista-croata-ve-ivanovic-como-10-do-benfica-e-pode-jogar-com-pavlidis\/#breadcrumb\",\"itemListElement\":[{\"@type\":\"ListItem\",\"position\":1,\"name\":\"In\u00edcio\",\"item\":\"https:\/\/portaltela.pt\/\"},{\"@type\":\"ListItem\",\"position\":2,\"name\":\"Jornalista croata v\u00ea Ivanovic como 10 do Benfica e pode jogar com Pavlidis\"}]},{\"@type\":\"WebSite\",\"@id\":\"https:\/\/portaltela.pt\/#website\",\"url\":\"https:\/\/portaltela.pt\/\",\"name\":\"Portal Tela Portugal\",\"description\":\"\",\"potentialAction\":[{\"@type\":\"SearchAction\",\"target\":{\"@type\":\"EntryPoint\",\"urlTemplate\":\"https:\/\/portaltela.pt\/?s={search_term_string}\"},\"query-input\":{\"@type\":\"PropertyValueSpecification\",\"valueRequired\":true,\"valueName\":\"search_term_string\"}}],\"inLanguage\":\"pt-PT\"},{\"@type\":\"Person\",\"@id\":\"https:\/\/portaltela.pt\/#\/schema\/person\/c4278d4a6028830caff9ee44b42d32ed\",\"name\":\"Telinha\",\"image\":{\"@type\":\"ImageObject\",\"inLanguage\":\"pt-PT\",\"@id\":\"https:\/\/portaltela.pt\/s.01k8rhncp4jt1\/2025\/11\/talking-bot-125x125.png\",\"url\":\"https:\/\/portaltela.pt\/s.01k8rhncp4jt1\/2025\/11\/talking-bot-125x125.png\",\"contentUrl\":\"https:\/\/portaltela.pt\/s.01k8rhncp4jt1\/2025\/11\/talking-bot-125x125.png\",\"caption\":\"Telinha\"},\"sameAs\":[\"https:\/\/portaltela.pt\/\"],\"url\":\"https:\/\/portaltela.pt\/por\/367410592786\/\"}]}<\/script>\n<!-- \/ Yoast SEO plugin. -->","yoast_head_json":{"title":"Jornalista croata v\u00ea Ivanovic como 10 do Benfica e pode jogar com Pavlidis - Portal Tela Portugal","robots":{"index":"index","follow":"follow","max-snippet":"max-snippet:-1","max-image-preview":"max-image-preview:large","max-video-preview":"max-video-preview:-1"},"og_locale":"pt_PT","og_type":"article","og_title":"Jornalista croata v\u00ea Ivanovic como 10 do Benfica e pode jogar com Pavlidis - Portal Tela Portugal","og_description":"O jornalista croata Ivica Medo, do Goal.hr, diz que Ivanovic \u00e9 compat\u00edvel com Pavlidis no Benfica, formando dupla que j\u00e1 se viu no in\u00edcio da temporada. Pavlidis \u00e9 o melhor marcador do clube e ocupa a posi\u00e7\u00e3o de 9, com Ivanovic a poder jogar \u00e0 sua frente ou atr\u00e1s. Ao longo da \u00e9poca, Pavlidis j\u00e1 teve apoios atr\u00e1s dele, com Aursnes, Rafa, Sudakov e Barreiro a atuar nessa fun\u00e7\u00e3o. A ideia de Ivanovic como \"10\" surge no contexto de o Benfica ter contado com Bruno Lage no leme no come\u00e7o da \u00e9poca. A not\u00edcia afirma a possibilidade de Ivanovic render Pavlidis e manter a linha ofensiva associada.","og_url":"https:\/\/portaltela.pt\/noticias\/2026\/03\/10\/jornalista-croata-ve-ivanovic-como-10-do-benfica-e-pode-jogar-com-pavlidis\/","og_site_name":"Portal Tela Portugal","article_published_time":"2026-03-10T20:02:00+00:00","author":"Telinha","twitter_card":"summary_large_image","twitter_misc":{"Escrito por":"Telinha","Tempo estimado de leitura":"1 minuto"},"schema":{"@context":"https:\/\/schema.org","@graph":[{"@type":"Article","@id":"https:\/\/portaltela.pt\/noticias\/2026\/03\/10\/jornalista-croata-ve-ivanovic-como-10-do-benfica-e-pode-jogar-com-pavlidis\/#article","isPartOf":{"@id":"https:\/\/portaltela.pt\/noticias\/2026\/03\/10\/jornalista-croata-ve-ivanovic-como-10-do-benfica-e-pode-jogar-com-pavlidis\/"},"author":{"name":"Telinha","@id":"https:\/\/portaltela.pt\/#\/schema\/person\/c4278d4a6028830caff9ee44b42d32ed"},"headline":"Jornalista croata v\u00ea Ivanovic como 10 do Benfica e pode jogar com Pavlidis","datePublished":"2026-03-10T20:02:00+00:00","mainEntityOfPage":{"@id":"https:\/\/portaltela.pt\/noticias\/2026\/03\/10\/jornalista-croata-ve-ivanovic-como-10-do-benfica-e-pode-jogar-com-pavlidis\/"},"wordCount":150,"image":{"@id":"https:\/\/portaltela.pt\/noticias\/2026\/03\/10\/jornalista-croata-ve-ivanovic-como-10-do-benfica-e-pode-jogar-com-pavlidis\/#primaryimage"},"thumbnailUrl":"https:\/\/portaltela.pt\/s.01k8rhncp4jt1\/2026\/03\/img_920x518uu2026-03-10-19-35-58-2426086.jpg","keywords":["Benfica","Benfica SAD","Bruno Lage","desporto","futebol","Pavlidis"],"articleSection":["Desporto","Futebol"],"inLanguage":"pt-PT"},{"@type":"WebPage","@id":"https:\/\/portaltela.pt\/noticias\/2026\/03\/10\/jornalista-croata-ve-ivanovic-como-10-do-benfica-e-pode-jogar-com-pavlidis\/","url":"https:\/\/portaltela.pt\/noticias\/2026\/03\/10\/jornalista-croata-ve-ivanovic-como-10-do-benfica-e-pode-jogar-com-pavlidis\/","name":"Jornalista croata v\u00ea Ivanovic como 10 do Benfica e pode jogar com Pavlidis - Portal Tela Portugal","isPartOf":{"@id":"https:\/\/portaltela.pt\/#website"},"primaryImageOfPage":{"@id":"https:\/\/portaltela.pt\/noticias\/2026\/03\/10\/jornalista-croata-ve-ivanovic-como-10-do-benfica-e-pode-jogar-com-pavlidis\/#primaryimage"},"image":{"@id":"https:\/\/portaltela.pt\/noticias\/2026\/03\/10\/jornalista-croata-ve-ivanovic-como-10-do-benfica-e-pode-jogar-com-pavlidis\/#primaryimage"},"thumbnailUrl":"https:\/\/portaltela.pt\/s.01k8rhncp4jt1\/2026\/03\/img_920x518uu2026-03-10-19-35-58-2426086.jpg","datePublished":"2026-03-10T20:02:00+00:00","author":{"@id":"https:\/\/portaltela.pt\/#\/schema\/person\/c4278d4a6028830caff9ee44b42d32ed"},"breadcrumb":{"@id":"https:\/\/portaltela.pt\/noticias\/2026\/03\/10\/jornalista-croata-ve-ivanovic-como-10-do-benfica-e-pode-jogar-com-pavlidis\/#breadcrumb"},"inLanguage":"pt-PT","potentialAction":[{"@type":"ReadAction","target":["https:\/\/portaltela.pt\/noticias\/2026\/03\/10\/jornalista-croata-ve-ivanovic-como-10-do-benfica-e-pode-jogar-com-pavlidis\/"]}]},{"@type":"ImageObject","inLanguage":"pt-PT","@id":"https:\/\/portaltela.pt\/noticias\/2026\/03\/10\/jornalista-croata-ve-ivanovic-como-10-do-benfica-e-pode-jogar-com-pavlidis\/#primaryimage","url":"https:\/\/portaltela.pt\/s.01k8rhncp4jt1\/2026\/03\/img_920x518uu2026-03-10-19-35-58-2426086.jpg","contentUrl":"https:\/\/portaltela.pt\/s.01k8rhncp4jt1\/2026\/03\/img_920x518uu2026-03-10-19-35-58-2426086.jpg","width":796,"height":448,"caption":"Ivanovic e Pavlidis festejam golo do Benfica"},{"@type":"BreadcrumbList","@id":"https:\/\/portaltela.pt\/noticias\/2026\/03\/10\/jornalista-croata-ve-ivanovic-como-10-do-benfica-e-pode-jogar-com-pavlidis\/#breadcrumb","itemListElement":[{"@type":"ListItem","position":1,"name":"In\u00edcio","item":"https:\/\/portaltela.pt\/"},{"@type":"ListItem","position":2,"name":"Jornalista croata v\u00ea Ivanovic como 10 do Benfica e pode jogar com Pavlidis"}]},{"@type":"WebSite","@id":"https:\/\/portaltela.pt\/#website","url":"https:\/\/portaltela.pt\/","name":"Portal Tela Portugal","description":"","potentialAction":[{"@type":"SearchAction","target":{"@type":"EntryPoint","urlTemplate":"https:\/\/portaltela.pt\/?s={search_term_string}"},"query-input":{"@type":"PropertyValueSpecification","valueRequired":true,"valueName":"search_term_string"}}],"inLanguage":"pt-PT"},{"@type":"Person","@id":"https:\/\/portaltela.pt\/#\/schema\/person\/c4278d4a6028830caff9ee44b42d32ed","name":"Telinha","image":{"@type":"ImageObject","inLanguage":"pt-PT","@id":"https:\/\/portaltela.pt\/s.01k8rhncp4jt1\/2025\/11\/talking-bot-125x125.png","url":"https:\/\/portaltela.pt\/s.01k8rhncp4jt1\/2025\/11\/talking-bot-125x125.png","contentUrl":"https:\/\/portaltela.pt\/s.01k8rhncp4jt1\/2025\/11\/talking-bot-125x125.png","caption":"Telinha"},"sameAs":["https:\/\/portaltela.pt\/"],"url":"https:\/\/portaltela.pt\/por\/367410592786\/"}]}},"_links":{"self":[{"href":"https:\/\/portaltela.pt\/api\/wp\/v2\/posts\/405143","targetHints":{"allow":["GET"]}}],"collection":[{"href":"https:\/\/portaltela.pt\/api\/wp\/v2\/posts"}],"about":[{"href":"https:\/\/portaltela.pt\/api\/wp\/v2\/types\/post"}],"author":[{"embeddable":true,"href":"https:\/\/portaltela.pt\/api\/wp\/v2\/users\/2"}],"replies":[{"embeddable":true,"href":"https:\/\/portaltela.pt\/api\/wp\/v2\/comments?post=405143"}],"version-history":[{"count":0,"href":"https:\/\/portaltela.pt\/api\/wp\/v2\/posts\/405143\/revisions"}],"wp:featuredmedia":[{"embeddable":true,"href":"https:\/\/portaltela.pt\/api\/wp\/v2\/media\/405148"}],"wp:attachment":[{"href":"https:\/\/portaltela.pt\/api\/wp\/v2\/media?parent=405143"}],"wp:term":[{"taxonomy":"category","embeddable":true,"href":"https:\/\/portaltela.pt\/api\/wp\/v2\/categories?post=405143"},{"taxonomy":"post_tag","embeddable":true,"href":"https:\/\/portaltela.pt\/api\/wp\/v2\/tags?post=405143"}],"curies":[{"name":"wp","href":"https:\/\/api.w.org\/{rel}","templated":true}]}}