{"id":405132,"date":"2026-03-10T16:37:00","date_gmt":"2026-03-10T19:37:00","guid":{"rendered":"https:\/\/portaltela.pt\/noticias\/2026\/03\/10\/semana-de-moda-de-paris-5-destaques-dior-em-flor-e-chanel-em-borboleta\/"},"modified":"2026-03-10T16:37:00","modified_gmt":"2026-03-10T19:37:00","slug":"semana-de-moda-de-paris-5-destaques-dior-em-flor-e-chanel-em-borboleta","status":"publish","type":"post","link":"https:\/\/portaltela.pt\/entretenimento\/2026\/03\/10\/semana-de-moda-de-paris-5-destaques-dior-em-flor-e-chanel-em-borboleta\/","title":{"rendered":"Semana de Moda de Paris: 5 destaques, Dior em flor e Chanel em borboleta"},"content":{"rendered":"<p>Quase uma centena de marcas marcaram a Semana da Moda de Paris, onde a crise na moda de luxo imp\u00f5e mudan\u00e7as. O sector procura novidades para combater a estagna\u00e7\u00e3o, diz Jonathan Anderson, da Dior. Debates sobre criatividade foram refor\u00e7ados.<\/p>\n<p>Entre as estreias e mudan\u00e7as, Antonin Tron apresenta pela Balmain a primeira colec\u00e7\u00e3o, marcando uma nova era criativa para a casa. A mostra aconteceu em Paris, no circuito de elite da moda respons\u00e1vel pela edi\u00e7\u00e3o.<\/p>\n<p>Ao mesmo tempo, a Chanel recorre a Matthieu Blazy para renovar a est\u00e9tica da maison, numa resposta \u00e0 exig\u00eancia de inova\u00e7\u00e3o no setor. Blazy \u00e9 apontado como figura central para a vis\u00e3o da marca.<\/p>\n<p>Pieter Mulier desvincula-se da Ala\u00efa, encerrando o seu ciclo \u00e0 frente da casa de moda. O an\u00fancio foi confirmado pela pr\u00f3pria marca, que n\u00e3o detalha pr\u00f3ximos passos imediatos.<\/p>\n<p>Paralelamente, Stella McCartney foi distinguida pelo Presidente Macron, numa cerim\u00f3nia ligada \u00e0 aposta da marca em sustentabilidade. O reconhecimento chega em pleno contexto de reconfigura\u00e7\u00e3o do luxo.<\/p>\n<h3>Destaques da semana<\/h3>\n<ul>\n<li>Antonin Tron estreia-se pela Balmain, apresentando uma colec\u00e7\u00e3o que mira renovar o ADN da casa.<\/li>\n<li>Matthieu Blazy assume o papel criativo da Chanel, buscando novas leituras da assinatura da marca.<\/li>\n<li>Pieter Mulier deixa Ala\u00efa, encerrando um cap\u00edtulo de colabora\u00e7\u00f5es e abrindo caminho a futuras escolhas.<\/li>\n<li>Stella McCartney recebe distin\u00e7\u00e3o presidencial por contributo \u00e0 moda sustent\u00e1vel, num momento de maior foco ambiental no sector.<\/li>\n<li>O conjunto de desfiles acontece em Paris, onde marcas de nicho e casas de grande tradi\u00e7\u00e3o tentam distinguir-se na crise.<\/li>\n<\/ul>\n","protected":false},"excerpt":{"rendered":"<ul>\n<li>A Semana da Moda de Paris acontece em contexto de crise da moda de luxo, com poucas apostas criativas e risco de tornar marcas de um s\u00f3 look.<\/li>\n<li>Antonin Tron estreou na Balmain com a apresenta\u00e7\u00e3o da sua primeira cole\u00e7\u00e3o \u00e0 frente da casa.<\/li>\n<li>Matthieu Blazy inspira Chanel, levando a marca a procurar novidades criativas a partir da refer\u00eancia da maison.<\/li>\n<li>Pieter Mulier despediu-se da Ala\u00efa durante o evento e a temporada.<\/li>\n<li>Stella McCartney foi condecorada pelo Presidente franc\u00eas, Emmanuel Macron.<\/li>\n<\/ul>\n","protected":false},"author":2,"featured_media":405136,"comment_status":"closed","ping_status":"closed","sticky":false,"template":"","format":"standard","meta":{"footnotes":""},"categories":[6675,12],"tags":[6555,3500,3163,6983,3444],"class_list":["post-405132","post","type-post","status-publish","format-standard","has-post-thumbnail","hentry","category-celebridades","category-entretenimento","tag-chanel","tag-desfiles-internacionais","tag-paris","tag-stella-mccartney","tag-sustentabilidade"],"yoast_head":"<!-- This site is optimized with the Yoast SEO plugin v27.2 - https:\/\/yoast.com\/product\/yoast-seo-wordpress\/ -->\n<title>Semana de Moda de Paris: 5 destaques, Dior em flor e Chanel em borboleta - Portal Tela Portugal<\/title>\n<meta name=\"robots\" content=\"index, follow, max-snippet:-1, max-image-preview:large, max-video-preview:-1\" \/>\n<meta property=\"og:locale\" content=\"pt_PT\" \/>\n<meta property=\"og:type\" content=\"article\" \/>\n<meta property=\"og:title\" content=\"Semana de Moda de Paris: 5 destaques, Dior em flor e Chanel em borboleta - Portal Tela Portugal\" \/>\n<meta property=\"og:description\" content=\"A Semana da Moda de Paris acontece em contexto de crise da moda de luxo, com poucas apostas criativas e risco de tornar marcas de um s\u00f3 look. Antonin Tron estreou na Balmain com a apresenta\u00e7\u00e3o da sua primeira cole\u00e7\u00e3o \u00e0 frente da casa. Matthieu Blazy inspira Chanel, levando a marca a procurar novidades criativas a partir da refer\u00eancia da maison. Pieter Mulier despediu-se da Ala\u00efa durante o evento e a temporada. Stella McCartney foi condecorada pelo Presidente franc\u00eas, Emmanuel Macron.\" \/>\n<meta property=\"og:url\" content=\"https:\/\/portaltela.pt\/noticias\/2026\/03\/10\/semana-de-moda-de-paris-5-destaques-dior-em-flor-e-chanel-em-borboleta\/\" \/>\n<meta property=\"og:site_name\" content=\"Portal Tela Portugal\" \/>\n<meta property=\"article:published_time\" content=\"2026-03-10T19:37:00+00:00\" \/>\n<meta name=\"author\" content=\"Telinha\" \/>\n<meta name=\"twitter:card\" content=\"summary_large_image\" \/>\n<meta name=\"twitter:label1\" content=\"Escrito por\" \/>\n\t<meta name=\"twitter:data1\" content=\"Telinha\" \/>\n\t<meta name=\"twitter:label2\" content=\"Tempo estimado de leitura\" \/>\n\t<meta name=\"twitter:data2\" content=\"1 minuto\" \/>\n<script type=\"application\/ld+json\" class=\"yoast-schema-graph\">{\"@context\":\"https:\/\/schema.org\",\"@graph\":[{\"@type\":\"Article\",\"@id\":\"https:\/\/portaltela.pt\/noticias\/2026\/03\/10\/semana-de-moda-de-paris-5-destaques-dior-em-flor-e-chanel-em-borboleta\/#article\",\"isPartOf\":{\"@id\":\"https:\/\/portaltela.pt\/noticias\/2026\/03\/10\/semana-de-moda-de-paris-5-destaques-dior-em-flor-e-chanel-em-borboleta\/\"},\"author\":{\"name\":\"Telinha\",\"@id\":\"https:\/\/portaltela.pt\/#\/schema\/person\/c4278d4a6028830caff9ee44b42d32ed\"},\"headline\":\"Semana de Moda de Paris: 5 destaques, Dior em flor e Chanel em borboleta\",\"datePublished\":\"2026-03-10T19:37:00+00:00\",\"mainEntityOfPage\":{\"@id\":\"https:\/\/portaltela.pt\/noticias\/2026\/03\/10\/semana-de-moda-de-paris-5-destaques-dior-em-flor-e-chanel-em-borboleta\/\"},\"wordCount\":283,\"image\":{\"@id\":\"https:\/\/portaltela.pt\/noticias\/2026\/03\/10\/semana-de-moda-de-paris-5-destaques-dior-em-flor-e-chanel-em-borboleta\/#primaryimage\"},\"thumbnailUrl\":\"https:\/\/portaltela.pt\/s.01k8rhncp4jt1\/2026\/03\/2073157.jpg\",\"keywords\":[\"Chanel\",\"desfiles internacionais\",\"Paris\",\"Stella McCartney\",\"Sustentabilidade\"],\"articleSection\":[\"Celebridades\",\"Entretenimento\"],\"inLanguage\":\"pt-PT\"},{\"@type\":\"WebPage\",\"@id\":\"https:\/\/portaltela.pt\/noticias\/2026\/03\/10\/semana-de-moda-de-paris-5-destaques-dior-em-flor-e-chanel-em-borboleta\/\",\"url\":\"https:\/\/portaltela.pt\/noticias\/2026\/03\/10\/semana-de-moda-de-paris-5-destaques-dior-em-flor-e-chanel-em-borboleta\/\",\"name\":\"Semana de Moda de Paris: 5 destaques, Dior em flor e Chanel em borboleta - Portal Tela Portugal\",\"isPartOf\":{\"@id\":\"https:\/\/portaltela.pt\/#website\"},\"primaryImageOfPage\":{\"@id\":\"https:\/\/portaltela.pt\/noticias\/2026\/03\/10\/semana-de-moda-de-paris-5-destaques-dior-em-flor-e-chanel-em-borboleta\/#primaryimage\"},\"image\":{\"@id\":\"https:\/\/portaltela.pt\/noticias\/2026\/03\/10\/semana-de-moda-de-paris-5-destaques-dior-em-flor-e-chanel-em-borboleta\/#primaryimage\"},\"thumbnailUrl\":\"https:\/\/portaltela.pt\/s.01k8rhncp4jt1\/2026\/03\/2073157.jpg\",\"datePublished\":\"2026-03-10T19:37:00+00:00\",\"author\":{\"@id\":\"https:\/\/portaltela.pt\/#\/schema\/person\/c4278d4a6028830caff9ee44b42d32ed\"},\"breadcrumb\":{\"@id\":\"https:\/\/portaltela.pt\/noticias\/2026\/03\/10\/semana-de-moda-de-paris-5-destaques-dior-em-flor-e-chanel-em-borboleta\/#breadcrumb\"},\"inLanguage\":\"pt-PT\",\"potentialAction\":[{\"@type\":\"ReadAction\",\"target\":[\"https:\/\/portaltela.pt\/noticias\/2026\/03\/10\/semana-de-moda-de-paris-5-destaques-dior-em-flor-e-chanel-em-borboleta\/\"]}]},{\"@type\":\"ImageObject\",\"inLanguage\":\"pt-PT\",\"@id\":\"https:\/\/portaltela.pt\/noticias\/2026\/03\/10\/semana-de-moda-de-paris-5-destaques-dior-em-flor-e-chanel-em-borboleta\/#primaryimage\",\"url\":\"https:\/\/portaltela.pt\/s.01k8rhncp4jt1\/2026\/03\/2073157.jpg\",\"contentUrl\":\"https:\/\/portaltela.pt\/s.01k8rhncp4jt1\/2026\/03\/2073157.jpg\",\"width\":796,\"height\":448,\"caption\":\"O desfile da Dior abriu a Semana da Moda de Paris\"},{\"@type\":\"BreadcrumbList\",\"@id\":\"https:\/\/portaltela.pt\/noticias\/2026\/03\/10\/semana-de-moda-de-paris-5-destaques-dior-em-flor-e-chanel-em-borboleta\/#breadcrumb\",\"itemListElement\":[{\"@type\":\"ListItem\",\"position\":1,\"name\":\"In\u00edcio\",\"item\":\"https:\/\/portaltela.pt\/\"},{\"@type\":\"ListItem\",\"position\":2,\"name\":\"Semana de Moda de Paris: 5 destaques, Dior em flor e Chanel em borboleta\"}]},{\"@type\":\"WebSite\",\"@id\":\"https:\/\/portaltela.pt\/#website\",\"url\":\"https:\/\/portaltela.pt\/\",\"name\":\"Portal Tela Portugal\",\"description\":\"\",\"potentialAction\":[{\"@type\":\"SearchAction\",\"target\":{\"@type\":\"EntryPoint\",\"urlTemplate\":\"https:\/\/portaltela.pt\/?s={search_term_string}\"},\"query-input\":{\"@type\":\"PropertyValueSpecification\",\"valueRequired\":true,\"valueName\":\"search_term_string\"}}],\"inLanguage\":\"pt-PT\"},{\"@type\":\"Person\",\"@id\":\"https:\/\/portaltela.pt\/#\/schema\/person\/c4278d4a6028830caff9ee44b42d32ed\",\"name\":\"Telinha\",\"image\":{\"@type\":\"ImageObject\",\"inLanguage\":\"pt-PT\",\"@id\":\"https:\/\/portaltela.pt\/s.01k8rhncp4jt1\/2025\/11\/talking-bot-125x125.png\",\"url\":\"https:\/\/portaltela.pt\/s.01k8rhncp4jt1\/2025\/11\/talking-bot-125x125.png\",\"contentUrl\":\"https:\/\/portaltela.pt\/s.01k8rhncp4jt1\/2025\/11\/talking-bot-125x125.png\",\"caption\":\"Telinha\"},\"sameAs\":[\"https:\/\/portaltela.pt\/\"],\"url\":\"https:\/\/portaltela.pt\/por\/367410592786\/\"}]}<\/script>\n<!-- \/ Yoast SEO plugin. -->","yoast_head_json":{"title":"Semana de Moda de Paris: 5 destaques, Dior em flor e Chanel em borboleta - Portal Tela Portugal","robots":{"index":"index","follow":"follow","max-snippet":"max-snippet:-1","max-image-preview":"max-image-preview:large","max-video-preview":"max-video-preview:-1"},"og_locale":"pt_PT","og_type":"article","og_title":"Semana de Moda de Paris: 5 destaques, Dior em flor e Chanel em borboleta - Portal Tela Portugal","og_description":"A Semana da Moda de Paris acontece em contexto de crise da moda de luxo, com poucas apostas criativas e risco de tornar marcas de um s\u00f3 look. Antonin Tron estreou na Balmain com a apresenta\u00e7\u00e3o da sua primeira cole\u00e7\u00e3o \u00e0 frente da casa. Matthieu Blazy inspira Chanel, levando a marca a procurar novidades criativas a partir da refer\u00eancia da maison. Pieter Mulier despediu-se da Ala\u00efa durante o evento e a temporada. Stella McCartney foi condecorada pelo Presidente franc\u00eas, Emmanuel Macron.","og_url":"https:\/\/portaltela.pt\/noticias\/2026\/03\/10\/semana-de-moda-de-paris-5-destaques-dior-em-flor-e-chanel-em-borboleta\/","og_site_name":"Portal Tela Portugal","article_published_time":"2026-03-10T19:37:00+00:00","author":"Telinha","twitter_card":"summary_large_image","twitter_misc":{"Escrito por":"Telinha","Tempo estimado de leitura":"1 minuto"},"schema":{"@context":"https:\/\/schema.org","@graph":[{"@type":"Article","@id":"https:\/\/portaltela.pt\/noticias\/2026\/03\/10\/semana-de-moda-de-paris-5-destaques-dior-em-flor-e-chanel-em-borboleta\/#article","isPartOf":{"@id":"https:\/\/portaltela.pt\/noticias\/2026\/03\/10\/semana-de-moda-de-paris-5-destaques-dior-em-flor-e-chanel-em-borboleta\/"},"author":{"name":"Telinha","@id":"https:\/\/portaltela.pt\/#\/schema\/person\/c4278d4a6028830caff9ee44b42d32ed"},"headline":"Semana de Moda de Paris: 5 destaques, Dior em flor e Chanel em borboleta","datePublished":"2026-03-10T19:37:00+00:00","mainEntityOfPage":{"@id":"https:\/\/portaltela.pt\/noticias\/2026\/03\/10\/semana-de-moda-de-paris-5-destaques-dior-em-flor-e-chanel-em-borboleta\/"},"wordCount":283,"image":{"@id":"https:\/\/portaltela.pt\/noticias\/2026\/03\/10\/semana-de-moda-de-paris-5-destaques-dior-em-flor-e-chanel-em-borboleta\/#primaryimage"},"thumbnailUrl":"https:\/\/portaltela.pt\/s.01k8rhncp4jt1\/2026\/03\/2073157.jpg","keywords":["Chanel","desfiles internacionais","Paris","Stella McCartney","Sustentabilidade"],"articleSection":["Celebridades","Entretenimento"],"inLanguage":"pt-PT"},{"@type":"WebPage","@id":"https:\/\/portaltela.pt\/noticias\/2026\/03\/10\/semana-de-moda-de-paris-5-destaques-dior-em-flor-e-chanel-em-borboleta\/","url":"https:\/\/portaltela.pt\/noticias\/2026\/03\/10\/semana-de-moda-de-paris-5-destaques-dior-em-flor-e-chanel-em-borboleta\/","name":"Semana de Moda de Paris: 5 destaques, Dior em flor e Chanel em borboleta - Portal Tela Portugal","isPartOf":{"@id":"https:\/\/portaltela.pt\/#website"},"primaryImageOfPage":{"@id":"https:\/\/portaltela.pt\/noticias\/2026\/03\/10\/semana-de-moda-de-paris-5-destaques-dior-em-flor-e-chanel-em-borboleta\/#primaryimage"},"image":{"@id":"https:\/\/portaltela.pt\/noticias\/2026\/03\/10\/semana-de-moda-de-paris-5-destaques-dior-em-flor-e-chanel-em-borboleta\/#primaryimage"},"thumbnailUrl":"https:\/\/portaltela.pt\/s.01k8rhncp4jt1\/2026\/03\/2073157.jpg","datePublished":"2026-03-10T19:37:00+00:00","author":{"@id":"https:\/\/portaltela.pt\/#\/schema\/person\/c4278d4a6028830caff9ee44b42d32ed"},"breadcrumb":{"@id":"https:\/\/portaltela.pt\/noticias\/2026\/03\/10\/semana-de-moda-de-paris-5-destaques-dior-em-flor-e-chanel-em-borboleta\/#breadcrumb"},"inLanguage":"pt-PT","potentialAction":[{"@type":"ReadAction","target":["https:\/\/portaltela.pt\/noticias\/2026\/03\/10\/semana-de-moda-de-paris-5-destaques-dior-em-flor-e-chanel-em-borboleta\/"]}]},{"@type":"ImageObject","inLanguage":"pt-PT","@id":"https:\/\/portaltela.pt\/noticias\/2026\/03\/10\/semana-de-moda-de-paris-5-destaques-dior-em-flor-e-chanel-em-borboleta\/#primaryimage","url":"https:\/\/portaltela.pt\/s.01k8rhncp4jt1\/2026\/03\/2073157.jpg","contentUrl":"https:\/\/portaltela.pt\/s.01k8rhncp4jt1\/2026\/03\/2073157.jpg","width":796,"height":448,"caption":"O desfile da Dior abriu a Semana da Moda de Paris"},{"@type":"BreadcrumbList","@id":"https:\/\/portaltela.pt\/noticias\/2026\/03\/10\/semana-de-moda-de-paris-5-destaques-dior-em-flor-e-chanel-em-borboleta\/#breadcrumb","itemListElement":[{"@type":"ListItem","position":1,"name":"In\u00edcio","item":"https:\/\/portaltela.pt\/"},{"@type":"ListItem","position":2,"name":"Semana de Moda de Paris: 5 destaques, Dior em flor e Chanel em borboleta"}]},{"@type":"WebSite","@id":"https:\/\/portaltela.pt\/#website","url":"https:\/\/portaltela.pt\/","name":"Portal Tela Portugal","description":"","potentialAction":[{"@type":"SearchAction","target":{"@type":"EntryPoint","urlTemplate":"https:\/\/portaltela.pt\/?s={search_term_string}"},"query-input":{"@type":"PropertyValueSpecification","valueRequired":true,"valueName":"search_term_string"}}],"inLanguage":"pt-PT"},{"@type":"Person","@id":"https:\/\/portaltela.pt\/#\/schema\/person\/c4278d4a6028830caff9ee44b42d32ed","name":"Telinha","image":{"@type":"ImageObject","inLanguage":"pt-PT","@id":"https:\/\/portaltela.pt\/s.01k8rhncp4jt1\/2025\/11\/talking-bot-125x125.png","url":"https:\/\/portaltela.pt\/s.01k8rhncp4jt1\/2025\/11\/talking-bot-125x125.png","contentUrl":"https:\/\/portaltela.pt\/s.01k8rhncp4jt1\/2025\/11\/talking-bot-125x125.png","caption":"Telinha"},"sameAs":["https:\/\/portaltela.pt\/"],"url":"https:\/\/portaltela.pt\/por\/367410592786\/"}]}},"_links":{"self":[{"href":"https:\/\/portaltela.pt\/api\/wp\/v2\/posts\/405132","targetHints":{"allow":["GET"]}}],"collection":[{"href":"https:\/\/portaltela.pt\/api\/wp\/v2\/posts"}],"about":[{"href":"https:\/\/portaltela.pt\/api\/wp\/v2\/types\/post"}],"author":[{"embeddable":true,"href":"https:\/\/portaltela.pt\/api\/wp\/v2\/users\/2"}],"replies":[{"embeddable":true,"href":"https:\/\/portaltela.pt\/api\/wp\/v2\/comments?post=405132"}],"version-history":[{"count":0,"href":"https:\/\/portaltela.pt\/api\/wp\/v2\/posts\/405132\/revisions"}],"wp:featuredmedia":[{"embeddable":true,"href":"https:\/\/portaltela.pt\/api\/wp\/v2\/media\/405136"}],"wp:attachment":[{"href":"https:\/\/portaltela.pt\/api\/wp\/v2\/media?parent=405132"}],"wp:term":[{"taxonomy":"category","embeddable":true,"href":"https:\/\/portaltela.pt\/api\/wp\/v2\/categories?post=405132"},{"taxonomy":"post_tag","embeddable":true,"href":"https:\/\/portaltela.pt\/api\/wp\/v2\/tags?post=405132"}],"curies":[{"name":"wp","href":"https:\/\/api.w.org\/{rel}","templated":true}]}}