{"id":405126,"date":"2026-03-10T17:00:17","date_gmt":"2026-03-10T20:00:17","guid":{"rendered":"https:\/\/portaltela.pt\/noticias\/2026\/03\/10\/seguro-afirma-no-porto-que-portugal-e-um-todo-e-onde-todos-contam\/"},"modified":"2026-03-10T17:00:17","modified_gmt":"2026-03-10T20:00:17","slug":"seguro-afirma-no-porto-que-portugal-e-um-todo-e-onde-todos-contam","status":"publish","type":"post","link":"https:\/\/portaltela.pt\/noticias\/politica\/2026\/03\/10\/seguro-afirma-no-porto-que-portugal-e-um-todo-e-onde-todos-contam\/","title":{"rendered":"Seguro afirma no Porto que Portugal \u00e9 um todo e onde todos contam"},"content":{"rendered":"<p>Ant\u00f3nio Jos\u00e9 Seguro, Presidente da Rep\u00fablica, afirmou no Porto que Portugal \u00e9 um todo onde todos contam, e que a coes\u00e3o territorial n\u00e3o \u00e9 apenas palavra v\u00e3. O discurso decorreu no Sal\u00e3o Nobre da C\u00e2mara Municipal do Porto, no segundo dia do programa de posse.<\/p>\n<p>Seguro percorreu Mour\u00edsia, Guimar\u00e3es e o Porto para defender que o interior, Guimar\u00e3es como Capital Verde Europeia 2026 e o Porto devem ser valorizados na constru\u00e7\u00e3o do futuro do pa\u00eds. O objetivo \u00e9 mostrar uma Portugal inclusivo.<\/p>\n<p>No Porto, o Presidente lembrou que a cidade contribuiu para a hist\u00f3ria de Portugal e destacou a sua identidade como espa\u00e7o de encontro, cruzamento e horizonte. Entre audi\u00eancia, estiveram autoridades locais e convidados de v\u00e1rios sectores.<\/p>\n<h3>Din\u00e2mica da visita no interior e em Guimar\u00e3es<\/h3>\n<p>Em Mour\u00edsia, pequena aldeia de Arganil, o presidente viu a express\u00e3o de um Portugal que exige aten\u00e7\u00e3o e respostas. Em Guimar\u00e3es, salientou a liga\u00e7\u00e3o entre mem\u00f3ria e futuro, associando-a \u00e0 constru\u00e7\u00e3o nacional.<\/p>\n<p>Durante o encontro com o presidente da C\u00e2mara do Porto, Pedro Duarte, Seguro recebeu um prato com o bras\u00e3o da cidade. Seguiu-se um jantar privado na Casa do Roseiral, com a presen\u00e7a da mulher.<\/p>\n<p>A cerim\u00f3nia de posse reuniu cerca de 150 convidados, incluindo o bispo do Porto, o reitor da Universidade do Porto e o provedor da Santa Casa da Miseric\u00f3rdia. O evento encerra dois dias de atividades associadas ao mandato.<\/p>\n","protected":false},"excerpt":{"rendered":"<ul>\n<li>Ant\u00f3nio Jos\u00e9 Seguro, Presidente da Rep\u00fablica, afirmou no Porto que Portugal \u00e9 um todo onde todos contam e que a coes\u00e3o territorial n\u00e3o \u00e9 apenas uma palavra de circunst\u00e2ncia.<\/li>\n<li>Percorreu Mour\u00edsia, Guimar\u00e3es e Porto para mostrar que nenhum territ\u00f3rio pode ficar dispensado e que a coes\u00e3o \u00e9 uma prioridade.<\/li>\n<li>Em Mour\u00edsia, descreveu a regi\u00e3o interior como express\u00e3o viva de um Portugal resistente que precisa de aten\u00e7\u00e3o e respostas.<\/li>\n<li>Guimar\u00e3es, Capital Verde Europeia 2026, foi apresentado como exerc\u00edcio de mem\u00f3ria e de constru\u00e7\u00e3o conjunta do futuro.<\/li>\n<li>No Porto, afirmou que a cidade n\u00e3o \u00e9 apenas um ponto no mapa, \u00e9 encontro, cruzamento e horizonte; a cerim\u00f3nia contou com cerca de 150 convidados e terminou com um concerto de Pedro Abrunhosa.<\/li>\n<\/ul>\n","protected":false},"author":2,"featured_media":405128,"comment_status":"closed","ping_status":"closed","sticky":false,"template":"","format":"standard","meta":{"footnotes":""},"categories":[1,5],"tags":[6470,830,1145,982,1014,30],"class_list":["post-405126","post","type-post","status-publish","format-standard","has-post-thumbnail","hentry","category-noticias","category-politica","tag-capital-verde-europeia-2026","tag-coesao-territorial","tag-guimaraes","tag-porto","tag-portugal","tag-presidente"],"yoast_head":"<!-- This site is optimized with the Yoast SEO plugin v27.2 - https:\/\/yoast.com\/product\/yoast-seo-wordpress\/ -->\n<title>Seguro afirma no Porto que Portugal \u00e9 um todo e onde todos contam - Portal Tela Portugal<\/title>\n<meta name=\"robots\" content=\"index, follow, max-snippet:-1, max-image-preview:large, max-video-preview:-1\" \/>\n<meta property=\"og:locale\" content=\"pt_PT\" \/>\n<meta property=\"og:type\" content=\"article\" \/>\n<meta property=\"og:title\" content=\"Seguro afirma no Porto que Portugal \u00e9 um todo e onde todos contam - Portal Tela Portugal\" \/>\n<meta property=\"og:description\" content=\"Ant\u00f3nio Jos\u00e9 Seguro, Presidente da Rep\u00fablica, afirmou no Porto que Portugal \u00e9 um todo onde todos contam e que a coes\u00e3o territorial n\u00e3o \u00e9 apenas uma palavra de circunst\u00e2ncia. Percorreu Mour\u00edsia, Guimar\u00e3es e Porto para mostrar que nenhum territ\u00f3rio pode ficar dispensado e que a coes\u00e3o \u00e9 uma prioridade. Em Mour\u00edsia, descreveu a regi\u00e3o interior como express\u00e3o viva de um Portugal resistente que precisa de aten\u00e7\u00e3o e respostas. Guimar\u00e3es, Capital Verde Europeia 2026, foi apresentado como exerc\u00edcio de mem\u00f3ria e de constru\u00e7\u00e3o conjunta do futuro. No Porto, afirmou que a cidade n\u00e3o \u00e9 apenas um ponto no mapa, \u00e9 encontro, cruzamento e horizonte; a cerim\u00f3nia contou com cerca de 150 convidados e terminou com um concerto de Pedro Abrunhosa.\" \/>\n<meta property=\"og:url\" content=\"https:\/\/portaltela.pt\/noticias\/2026\/03\/10\/seguro-afirma-no-porto-que-portugal-e-um-todo-e-onde-todos-contam\/\" \/>\n<meta property=\"og:site_name\" content=\"Portal Tela Portugal\" \/>\n<meta property=\"article:published_time\" content=\"2026-03-10T20:00:17+00:00\" \/>\n<meta name=\"author\" content=\"Telinha\" \/>\n<meta name=\"twitter:card\" content=\"summary_large_image\" \/>\n<meta name=\"twitter:label1\" content=\"Escrito por\" \/>\n\t<meta name=\"twitter:data1\" content=\"Telinha\" \/>\n\t<meta name=\"twitter:label2\" content=\"Tempo estimado de leitura\" \/>\n\t<meta name=\"twitter:data2\" content=\"1 minuto\" \/>\n<script type=\"application\/ld+json\" class=\"yoast-schema-graph\">{\"@context\":\"https:\/\/schema.org\",\"@graph\":[{\"@type\":\"Article\",\"@id\":\"https:\/\/portaltela.pt\/noticias\/2026\/03\/10\/seguro-afirma-no-porto-que-portugal-e-um-todo-e-onde-todos-contam\/#article\",\"isPartOf\":{\"@id\":\"https:\/\/portaltela.pt\/noticias\/2026\/03\/10\/seguro-afirma-no-porto-que-portugal-e-um-todo-e-onde-todos-contam\/\"},\"author\":{\"name\":\"Telinha\",\"@id\":\"https:\/\/portaltela.pt\/#\/schema\/person\/c4278d4a6028830caff9ee44b42d32ed\"},\"headline\":\"Seguro afirma no Porto que Portugal \u00e9 um todo e onde todos contam\",\"datePublished\":\"2026-03-10T20:00:17+00:00\",\"mainEntityOfPage\":{\"@id\":\"https:\/\/portaltela.pt\/noticias\/2026\/03\/10\/seguro-afirma-no-porto-que-portugal-e-um-todo-e-onde-todos-contam\/\"},\"wordCount\":265,\"image\":{\"@id\":\"https:\/\/portaltela.pt\/noticias\/2026\/03\/10\/seguro-afirma-no-porto-que-portugal-e-um-todo-e-onde-todos-contam\/#primaryimage\"},\"thumbnailUrl\":\"https:\/\/portaltela.pt\/s.01k8rhncp4jt1\/2026\/03\/img_1500x1000uu2026-03-10-19-57-53-2271621.jpg\",\"keywords\":[\"Capital Verde Europeia 2026\",\"Coes\u00e3o Territorial\",\"Guimar\u00e3es\",\"Porto\",\"Portugal\",\"presidente\"],\"articleSection\":[\"Not\u00edcias\",\"Pol\u00edtica\"],\"inLanguage\":\"pt-PT\"},{\"@type\":\"WebPage\",\"@id\":\"https:\/\/portaltela.pt\/noticias\/2026\/03\/10\/seguro-afirma-no-porto-que-portugal-e-um-todo-e-onde-todos-contam\/\",\"url\":\"https:\/\/portaltela.pt\/noticias\/2026\/03\/10\/seguro-afirma-no-porto-que-portugal-e-um-todo-e-onde-todos-contam\/\",\"name\":\"Seguro afirma no Porto que Portugal \u00e9 um todo e onde todos contam - Portal Tela Portugal\",\"isPartOf\":{\"@id\":\"https:\/\/portaltela.pt\/#website\"},\"primaryImageOfPage\":{\"@id\":\"https:\/\/portaltela.pt\/noticias\/2026\/03\/10\/seguro-afirma-no-porto-que-portugal-e-um-todo-e-onde-todos-contam\/#primaryimage\"},\"image\":{\"@id\":\"https:\/\/portaltela.pt\/noticias\/2026\/03\/10\/seguro-afirma-no-porto-que-portugal-e-um-todo-e-onde-todos-contam\/#primaryimage\"},\"thumbnailUrl\":\"https:\/\/portaltela.pt\/s.01k8rhncp4jt1\/2026\/03\/img_1500x1000uu2026-03-10-19-57-53-2271621.jpg\",\"datePublished\":\"2026-03-10T20:00:17+00:00\",\"author\":{\"@id\":\"https:\/\/portaltela.pt\/#\/schema\/person\/c4278d4a6028830caff9ee44b42d32ed\"},\"breadcrumb\":{\"@id\":\"https:\/\/portaltela.pt\/noticias\/2026\/03\/10\/seguro-afirma-no-porto-que-portugal-e-um-todo-e-onde-todos-contam\/#breadcrumb\"},\"inLanguage\":\"pt-PT\",\"potentialAction\":[{\"@type\":\"ReadAction\",\"target\":[\"https:\/\/portaltela.pt\/noticias\/2026\/03\/10\/seguro-afirma-no-porto-que-portugal-e-um-todo-e-onde-todos-contam\/\"]}]},{\"@type\":\"ImageObject\",\"inLanguage\":\"pt-PT\",\"@id\":\"https:\/\/portaltela.pt\/noticias\/2026\/03\/10\/seguro-afirma-no-porto-que-portugal-e-um-todo-e-onde-todos-contam\/#primaryimage\",\"url\":\"https:\/\/portaltela.pt\/s.01k8rhncp4jt1\/2026\/03\/img_1500x1000uu2026-03-10-19-57-53-2271621.jpg\",\"contentUrl\":\"https:\/\/portaltela.pt\/s.01k8rhncp4jt1\/2026\/03\/img_1500x1000uu2026-03-10-19-57-53-2271621.jpg\",\"width\":796,\"height\":448,\"caption\":\"Ant\u00f3nio Jos\u00e9 Seguro afirma no Porto que Portugal \u00e9 um todo e um pa\u00eds onde todos contam\"},{\"@type\":\"BreadcrumbList\",\"@id\":\"https:\/\/portaltela.pt\/noticias\/2026\/03\/10\/seguro-afirma-no-porto-que-portugal-e-um-todo-e-onde-todos-contam\/#breadcrumb\",\"itemListElement\":[{\"@type\":\"ListItem\",\"position\":1,\"name\":\"In\u00edcio\",\"item\":\"https:\/\/portaltela.pt\/\"},{\"@type\":\"ListItem\",\"position\":2,\"name\":\"Seguro afirma no Porto que Portugal \u00e9 um todo e onde todos contam\"}]},{\"@type\":\"WebSite\",\"@id\":\"https:\/\/portaltela.pt\/#website\",\"url\":\"https:\/\/portaltela.pt\/\",\"name\":\"Portal Tela Portugal\",\"description\":\"\",\"potentialAction\":[{\"@type\":\"SearchAction\",\"target\":{\"@type\":\"EntryPoint\",\"urlTemplate\":\"https:\/\/portaltela.pt\/?s={search_term_string}\"},\"query-input\":{\"@type\":\"PropertyValueSpecification\",\"valueRequired\":true,\"valueName\":\"search_term_string\"}}],\"inLanguage\":\"pt-PT\"},{\"@type\":\"Person\",\"@id\":\"https:\/\/portaltela.pt\/#\/schema\/person\/c4278d4a6028830caff9ee44b42d32ed\",\"name\":\"Telinha\",\"image\":{\"@type\":\"ImageObject\",\"inLanguage\":\"pt-PT\",\"@id\":\"https:\/\/portaltela.pt\/s.01k8rhncp4jt1\/2025\/11\/talking-bot-125x125.png\",\"url\":\"https:\/\/portaltela.pt\/s.01k8rhncp4jt1\/2025\/11\/talking-bot-125x125.png\",\"contentUrl\":\"https:\/\/portaltela.pt\/s.01k8rhncp4jt1\/2025\/11\/talking-bot-125x125.png\",\"caption\":\"Telinha\"},\"sameAs\":[\"https:\/\/portaltela.pt\/\"],\"url\":\"https:\/\/portaltela.pt\/por\/367410592786\/\"}]}<\/script>\n<!-- \/ Yoast SEO plugin. -->","yoast_head_json":{"title":"Seguro afirma no Porto que Portugal \u00e9 um todo e onde todos contam - Portal Tela Portugal","robots":{"index":"index","follow":"follow","max-snippet":"max-snippet:-1","max-image-preview":"max-image-preview:large","max-video-preview":"max-video-preview:-1"},"og_locale":"pt_PT","og_type":"article","og_title":"Seguro afirma no Porto que Portugal \u00e9 um todo e onde todos contam - Portal Tela Portugal","og_description":"Ant\u00f3nio Jos\u00e9 Seguro, Presidente da Rep\u00fablica, afirmou no Porto que Portugal \u00e9 um todo onde todos contam e que a coes\u00e3o territorial n\u00e3o \u00e9 apenas uma palavra de circunst\u00e2ncia. Percorreu Mour\u00edsia, Guimar\u00e3es e Porto para mostrar que nenhum territ\u00f3rio pode ficar dispensado e que a coes\u00e3o \u00e9 uma prioridade. Em Mour\u00edsia, descreveu a regi\u00e3o interior como express\u00e3o viva de um Portugal resistente que precisa de aten\u00e7\u00e3o e respostas. Guimar\u00e3es, Capital Verde Europeia 2026, foi apresentado como exerc\u00edcio de mem\u00f3ria e de constru\u00e7\u00e3o conjunta do futuro. No Porto, afirmou que a cidade n\u00e3o \u00e9 apenas um ponto no mapa, \u00e9 encontro, cruzamento e horizonte; a cerim\u00f3nia contou com cerca de 150 convidados e terminou com um concerto de Pedro Abrunhosa.","og_url":"https:\/\/portaltela.pt\/noticias\/2026\/03\/10\/seguro-afirma-no-porto-que-portugal-e-um-todo-e-onde-todos-contam\/","og_site_name":"Portal Tela Portugal","article_published_time":"2026-03-10T20:00:17+00:00","author":"Telinha","twitter_card":"summary_large_image","twitter_misc":{"Escrito por":"Telinha","Tempo estimado de leitura":"1 minuto"},"schema":{"@context":"https:\/\/schema.org","@graph":[{"@type":"Article","@id":"https:\/\/portaltela.pt\/noticias\/2026\/03\/10\/seguro-afirma-no-porto-que-portugal-e-um-todo-e-onde-todos-contam\/#article","isPartOf":{"@id":"https:\/\/portaltela.pt\/noticias\/2026\/03\/10\/seguro-afirma-no-porto-que-portugal-e-um-todo-e-onde-todos-contam\/"},"author":{"name":"Telinha","@id":"https:\/\/portaltela.pt\/#\/schema\/person\/c4278d4a6028830caff9ee44b42d32ed"},"headline":"Seguro afirma no Porto que Portugal \u00e9 um todo e onde todos contam","datePublished":"2026-03-10T20:00:17+00:00","mainEntityOfPage":{"@id":"https:\/\/portaltela.pt\/noticias\/2026\/03\/10\/seguro-afirma-no-porto-que-portugal-e-um-todo-e-onde-todos-contam\/"},"wordCount":265,"image":{"@id":"https:\/\/portaltela.pt\/noticias\/2026\/03\/10\/seguro-afirma-no-porto-que-portugal-e-um-todo-e-onde-todos-contam\/#primaryimage"},"thumbnailUrl":"https:\/\/portaltela.pt\/s.01k8rhncp4jt1\/2026\/03\/img_1500x1000uu2026-03-10-19-57-53-2271621.jpg","keywords":["Capital Verde Europeia 2026","Coes\u00e3o Territorial","Guimar\u00e3es","Porto","Portugal","presidente"],"articleSection":["Not\u00edcias","Pol\u00edtica"],"inLanguage":"pt-PT"},{"@type":"WebPage","@id":"https:\/\/portaltela.pt\/noticias\/2026\/03\/10\/seguro-afirma-no-porto-que-portugal-e-um-todo-e-onde-todos-contam\/","url":"https:\/\/portaltela.pt\/noticias\/2026\/03\/10\/seguro-afirma-no-porto-que-portugal-e-um-todo-e-onde-todos-contam\/","name":"Seguro afirma no Porto que Portugal \u00e9 um todo e onde todos contam - Portal Tela Portugal","isPartOf":{"@id":"https:\/\/portaltela.pt\/#website"},"primaryImageOfPage":{"@id":"https:\/\/portaltela.pt\/noticias\/2026\/03\/10\/seguro-afirma-no-porto-que-portugal-e-um-todo-e-onde-todos-contam\/#primaryimage"},"image":{"@id":"https:\/\/portaltela.pt\/noticias\/2026\/03\/10\/seguro-afirma-no-porto-que-portugal-e-um-todo-e-onde-todos-contam\/#primaryimage"},"thumbnailUrl":"https:\/\/portaltela.pt\/s.01k8rhncp4jt1\/2026\/03\/img_1500x1000uu2026-03-10-19-57-53-2271621.jpg","datePublished":"2026-03-10T20:00:17+00:00","author":{"@id":"https:\/\/portaltela.pt\/#\/schema\/person\/c4278d4a6028830caff9ee44b42d32ed"},"breadcrumb":{"@id":"https:\/\/portaltela.pt\/noticias\/2026\/03\/10\/seguro-afirma-no-porto-que-portugal-e-um-todo-e-onde-todos-contam\/#breadcrumb"},"inLanguage":"pt-PT","potentialAction":[{"@type":"ReadAction","target":["https:\/\/portaltela.pt\/noticias\/2026\/03\/10\/seguro-afirma-no-porto-que-portugal-e-um-todo-e-onde-todos-contam\/"]}]},{"@type":"ImageObject","inLanguage":"pt-PT","@id":"https:\/\/portaltela.pt\/noticias\/2026\/03\/10\/seguro-afirma-no-porto-que-portugal-e-um-todo-e-onde-todos-contam\/#primaryimage","url":"https:\/\/portaltela.pt\/s.01k8rhncp4jt1\/2026\/03\/img_1500x1000uu2026-03-10-19-57-53-2271621.jpg","contentUrl":"https:\/\/portaltela.pt\/s.01k8rhncp4jt1\/2026\/03\/img_1500x1000uu2026-03-10-19-57-53-2271621.jpg","width":796,"height":448,"caption":"Ant\u00f3nio Jos\u00e9 Seguro afirma no Porto que Portugal \u00e9 um todo e um pa\u00eds onde todos contam"},{"@type":"BreadcrumbList","@id":"https:\/\/portaltela.pt\/noticias\/2026\/03\/10\/seguro-afirma-no-porto-que-portugal-e-um-todo-e-onde-todos-contam\/#breadcrumb","itemListElement":[{"@type":"ListItem","position":1,"name":"In\u00edcio","item":"https:\/\/portaltela.pt\/"},{"@type":"ListItem","position":2,"name":"Seguro afirma no Porto que Portugal \u00e9 um todo e onde todos contam"}]},{"@type":"WebSite","@id":"https:\/\/portaltela.pt\/#website","url":"https:\/\/portaltela.pt\/","name":"Portal Tela Portugal","description":"","potentialAction":[{"@type":"SearchAction","target":{"@type":"EntryPoint","urlTemplate":"https:\/\/portaltela.pt\/?s={search_term_string}"},"query-input":{"@type":"PropertyValueSpecification","valueRequired":true,"valueName":"search_term_string"}}],"inLanguage":"pt-PT"},{"@type":"Person","@id":"https:\/\/portaltela.pt\/#\/schema\/person\/c4278d4a6028830caff9ee44b42d32ed","name":"Telinha","image":{"@type":"ImageObject","inLanguage":"pt-PT","@id":"https:\/\/portaltela.pt\/s.01k8rhncp4jt1\/2025\/11\/talking-bot-125x125.png","url":"https:\/\/portaltela.pt\/s.01k8rhncp4jt1\/2025\/11\/talking-bot-125x125.png","contentUrl":"https:\/\/portaltela.pt\/s.01k8rhncp4jt1\/2025\/11\/talking-bot-125x125.png","caption":"Telinha"},"sameAs":["https:\/\/portaltela.pt\/"],"url":"https:\/\/portaltela.pt\/por\/367410592786\/"}]}},"_links":{"self":[{"href":"https:\/\/portaltela.pt\/api\/wp\/v2\/posts\/405126","targetHints":{"allow":["GET"]}}],"collection":[{"href":"https:\/\/portaltela.pt\/api\/wp\/v2\/posts"}],"about":[{"href":"https:\/\/portaltela.pt\/api\/wp\/v2\/types\/post"}],"author":[{"embeddable":true,"href":"https:\/\/portaltela.pt\/api\/wp\/v2\/users\/2"}],"replies":[{"embeddable":true,"href":"https:\/\/portaltela.pt\/api\/wp\/v2\/comments?post=405126"}],"version-history":[{"count":0,"href":"https:\/\/portaltela.pt\/api\/wp\/v2\/posts\/405126\/revisions"}],"wp:featuredmedia":[{"embeddable":true,"href":"https:\/\/portaltela.pt\/api\/wp\/v2\/media\/405128"}],"wp:attachment":[{"href":"https:\/\/portaltela.pt\/api\/wp\/v2\/media?parent=405126"}],"wp:term":[{"taxonomy":"category","embeddable":true,"href":"https:\/\/portaltela.pt\/api\/wp\/v2\/categories?post=405126"},{"taxonomy":"post_tag","embeddable":true,"href":"https:\/\/portaltela.pt\/api\/wp\/v2\/tags?post=405126"}],"curies":[{"name":"wp","href":"https:\/\/api.w.org\/{rel}","templated":true}]}}