{"id":405103,"date":"2026-03-10T16:26:00","date_gmt":"2026-03-10T19:26:00","guid":{"rendered":"https:\/\/portaltela.pt\/noticias\/2026\/03\/10\/argelia-criminaliza-a-colonizacao-francesa-sem-exigir-desculpas\/"},"modified":"2026-03-10T16:26:00","modified_gmt":"2026-03-10T19:26:00","slug":"argelia-criminaliza-a-colonizacao-francesa-sem-exigir-desculpas","status":"publish","type":"post","link":"https:\/\/portaltela.pt\/geopolitica\/2026\/03\/10\/argelia-criminaliza-a-colonizacao-francesa-sem-exigir-desculpas\/","title":{"rendered":"Arg\u00e9lia criminaliza a coloniza\u00e7\u00e3o francesa, sem exigir desculpas"},"content":{"rendered":"<p>A Assembleia Nacional da Arg\u00e9lia aprovou um projeto de lei que criminaliza a coloniza\u00e7\u00e3o francesa, rejeitando artigos que exigiam desculpas oficiais a Paris. A vota\u00e7\u00e3o ocorreu em Argel, nesta segunda-feira.<\/p>\n<p>O diploma prev\u00ea penas de tr\u00eas a cinco anos de pris\u00e3o para quem glorifique o per\u00edodo colonial. O texto foi aprovado com altera\u00e7\u00f5es em rela\u00e7\u00e3o \u00e0 vers\u00e3o inicial apresentada.<\/p>\n<p>Ao mesmo tempo, os deputados retiraram disposi\u00e7\u00f5es que apontavam para pedidos de desculpa p\u00fablica, mantendo, no entanto, a exig\u00eancia de repara\u00e7\u00f5es pelos ensaios nucleares no deserto do Sara.<\/p>\n<h3>Conte\u00fado e desdobramentos<\/h3>\n<p>O projeto mant\u00e9m a exig\u00eancia de indemniza\u00e7\u00e3o de Fran\u00e7a pelos ensairos nucleares realizados no Sara, reivindicada por v\u00e1rias frentes pol\u00edticas e sociais argelinas.<\/p>\n<p>A aprova\u00e7\u00e3o envolveu membros da Assembleia Nacional e visa esclarecer o debate sobre o legado colonial, segundo o relato oficial apresentado pela institui\u00e7\u00e3o.<\/p>\n","protected":false},"excerpt":{"rendered":"<ul>\n<li>A Arg\u00e9lia criminaliza o colonialismo, mas deixou cair os artigos mais ofensivos para a Fran\u00e7a.<\/li>\n<li>Quem glorificar o per\u00edodo colonial arrisca-se a uma pena de tr\u00eas a cinco anos de pris\u00e3o.<\/li>\n<li>O projecto-lei foi aprovado na Assembleia Nacional, em Argel.<\/li>\n<li>Mant\u00e9m-se a exig\u00eancia de repara\u00e7\u00f5es pela realiza\u00e7\u00e3o de ensaios nucleares no deserto do Sahara.<\/li>\n<li>A ofensiva jur\u00eddica contra a Fran\u00e7a ficou mais moderada ap\u00f3s a aprova\u00e7\u00e3o.<\/li>\n<\/ul>\n","protected":false},"author":2,"featured_media":405104,"comment_status":"closed","ping_status":"closed","sticky":false,"template":"","format":"standard","meta":{"footnotes":""},"categories":[6814],"tags":[2254,182,6696,2745,81,2832],"class_list":["post-405103","post","type-post","status-publish","format-standard","has-post-thumbnail","hentry","category-geopolitica","tag-argelia","tag-armas","tag-descolonizacao","tag-indenizacoes","tag-internacionais","tag-politica"],"yoast_head":"<!-- This site is optimized with the Yoast SEO plugin v27.2 - https:\/\/yoast.com\/product\/yoast-seo-wordpress\/ -->\n<title>Arg\u00e9lia criminaliza a coloniza\u00e7\u00e3o francesa, sem exigir desculpas - Portal Tela Portugal<\/title>\n<meta name=\"robots\" content=\"index, follow, max-snippet:-1, max-image-preview:large, max-video-preview:-1\" \/>\n<meta property=\"og:locale\" content=\"pt_PT\" \/>\n<meta property=\"og:type\" content=\"article\" \/>\n<meta property=\"og:title\" content=\"Arg\u00e9lia criminaliza a coloniza\u00e7\u00e3o francesa, sem exigir desculpas - Portal Tela Portugal\" \/>\n<meta property=\"og:description\" content=\"A Arg\u00e9lia criminaliza o colonialismo, mas deixou cair os artigos mais ofensivos para a Fran\u00e7a. Quem glorificar o per\u00edodo colonial arrisca-se a uma pena de tr\u00eas a cinco anos de pris\u00e3o. O projecto-lei foi aprovado na Assembleia Nacional, em Argel. Mant\u00e9m-se a exig\u00eancia de repara\u00e7\u00f5es pela realiza\u00e7\u00e3o de ensaios nucleares no deserto do Sahara. A ofensiva jur\u00eddica contra a Fran\u00e7a ficou mais moderada ap\u00f3s a aprova\u00e7\u00e3o.\" \/>\n<meta property=\"og:url\" content=\"https:\/\/portaltela.pt\/noticias\/2026\/03\/10\/argelia-criminaliza-a-colonizacao-francesa-sem-exigir-desculpas\/\" \/>\n<meta property=\"og:site_name\" content=\"Portal Tela Portugal\" \/>\n<meta property=\"article:published_time\" content=\"2026-03-10T19:26:00+00:00\" \/>\n<meta name=\"author\" content=\"Telinha\" \/>\n<meta name=\"twitter:card\" content=\"summary_large_image\" \/>\n<meta name=\"twitter:label1\" content=\"Escrito por\" \/>\n\t<meta name=\"twitter:data1\" content=\"Telinha\" \/>\n\t<meta name=\"twitter:label2\" content=\"Tempo estimado de leitura\" \/>\n\t<meta name=\"twitter:data2\" content=\"1 minuto\" \/>\n<script type=\"application\/ld+json\" class=\"yoast-schema-graph\">{\"@context\":\"https:\/\/schema.org\",\"@graph\":[{\"@type\":\"Article\",\"@id\":\"https:\/\/portaltela.pt\/noticias\/2026\/03\/10\/argelia-criminaliza-a-colonizacao-francesa-sem-exigir-desculpas\/#article\",\"isPartOf\":{\"@id\":\"https:\/\/portaltela.pt\/noticias\/2026\/03\/10\/argelia-criminaliza-a-colonizacao-francesa-sem-exigir-desculpas\/\"},\"author\":{\"name\":\"Telinha\",\"@id\":\"https:\/\/portaltela.pt\/#\/schema\/person\/c4278d4a6028830caff9ee44b42d32ed\"},\"headline\":\"Arg\u00e9lia criminaliza a coloniza\u00e7\u00e3o francesa, sem exigir desculpas\",\"datePublished\":\"2026-03-10T19:26:00+00:00\",\"mainEntityOfPage\":{\"@id\":\"https:\/\/portaltela.pt\/noticias\/2026\/03\/10\/argelia-criminaliza-a-colonizacao-francesa-sem-exigir-desculpas\/\"},\"wordCount\":167,\"image\":{\"@id\":\"https:\/\/portaltela.pt\/noticias\/2026\/03\/10\/argelia-criminaliza-a-colonizacao-francesa-sem-exigir-desculpas\/#primaryimage\"},\"thumbnailUrl\":\"https:\/\/portaltela.pt\/s.01k8rhncp4jt1\/2026\/03\/2073145.jpg\",\"keywords\":[\"Arg\u00e9lia\",\"armas\",\"descoloniza\u00e7\u00e3o\",\"indeniza\u00e7\u00f5es\",\"internacionais\",\"pol\u00edtica\"],\"articleSection\":[\"Geopol\u00edtica\"],\"inLanguage\":\"pt-PT\"},{\"@type\":\"WebPage\",\"@id\":\"https:\/\/portaltela.pt\/noticias\/2026\/03\/10\/argelia-criminaliza-a-colonizacao-francesa-sem-exigir-desculpas\/\",\"url\":\"https:\/\/portaltela.pt\/noticias\/2026\/03\/10\/argelia-criminaliza-a-colonizacao-francesa-sem-exigir-desculpas\/\",\"name\":\"Arg\u00e9lia criminaliza a coloniza\u00e7\u00e3o francesa, sem exigir desculpas - Portal Tela Portugal\",\"isPartOf\":{\"@id\":\"https:\/\/portaltela.pt\/#website\"},\"primaryImageOfPage\":{\"@id\":\"https:\/\/portaltela.pt\/noticias\/2026\/03\/10\/argelia-criminaliza-a-colonizacao-francesa-sem-exigir-desculpas\/#primaryimage\"},\"image\":{\"@id\":\"https:\/\/portaltela.pt\/noticias\/2026\/03\/10\/argelia-criminaliza-a-colonizacao-francesa-sem-exigir-desculpas\/#primaryimage\"},\"thumbnailUrl\":\"https:\/\/portaltela.pt\/s.01k8rhncp4jt1\/2026\/03\/2073145.jpg\",\"datePublished\":\"2026-03-10T19:26:00+00:00\",\"author\":{\"@id\":\"https:\/\/portaltela.pt\/#\/schema\/person\/c4278d4a6028830caff9ee44b42d32ed\"},\"breadcrumb\":{\"@id\":\"https:\/\/portaltela.pt\/noticias\/2026\/03\/10\/argelia-criminaliza-a-colonizacao-francesa-sem-exigir-desculpas\/#breadcrumb\"},\"inLanguage\":\"pt-PT\",\"potentialAction\":[{\"@type\":\"ReadAction\",\"target\":[\"https:\/\/portaltela.pt\/noticias\/2026\/03\/10\/argelia-criminaliza-a-colonizacao-francesa-sem-exigir-desculpas\/\"]}]},{\"@type\":\"ImageObject\",\"inLanguage\":\"pt-PT\",\"@id\":\"https:\/\/portaltela.pt\/noticias\/2026\/03\/10\/argelia-criminaliza-a-colonizacao-francesa-sem-exigir-desculpas\/#primaryimage\",\"url\":\"https:\/\/portaltela.pt\/s.01k8rhncp4jt1\/2026\/03\/2073145.jpg\",\"contentUrl\":\"https:\/\/portaltela.pt\/s.01k8rhncp4jt1\/2026\/03\/2073145.jpg\",\"width\":796,\"height\":448,\"caption\":\"Protesto em 2019 no dia em que se assinala o in\u00edcio da luta contra o colonialismo franc\u00eas, em 1954\"},{\"@type\":\"BreadcrumbList\",\"@id\":\"https:\/\/portaltela.pt\/noticias\/2026\/03\/10\/argelia-criminaliza-a-colonizacao-francesa-sem-exigir-desculpas\/#breadcrumb\",\"itemListElement\":[{\"@type\":\"ListItem\",\"position\":1,\"name\":\"In\u00edcio\",\"item\":\"https:\/\/portaltela.pt\/\"},{\"@type\":\"ListItem\",\"position\":2,\"name\":\"Arg\u00e9lia criminaliza a coloniza\u00e7\u00e3o francesa, sem exigir desculpas\"}]},{\"@type\":\"WebSite\",\"@id\":\"https:\/\/portaltela.pt\/#website\",\"url\":\"https:\/\/portaltela.pt\/\",\"name\":\"Portal Tela Portugal\",\"description\":\"\",\"potentialAction\":[{\"@type\":\"SearchAction\",\"target\":{\"@type\":\"EntryPoint\",\"urlTemplate\":\"https:\/\/portaltela.pt\/?s={search_term_string}\"},\"query-input\":{\"@type\":\"PropertyValueSpecification\",\"valueRequired\":true,\"valueName\":\"search_term_string\"}}],\"inLanguage\":\"pt-PT\"},{\"@type\":\"Person\",\"@id\":\"https:\/\/portaltela.pt\/#\/schema\/person\/c4278d4a6028830caff9ee44b42d32ed\",\"name\":\"Telinha\",\"image\":{\"@type\":\"ImageObject\",\"inLanguage\":\"pt-PT\",\"@id\":\"https:\/\/portaltela.pt\/s.01k8rhncp4jt1\/2025\/11\/talking-bot-125x125.png\",\"url\":\"https:\/\/portaltela.pt\/s.01k8rhncp4jt1\/2025\/11\/talking-bot-125x125.png\",\"contentUrl\":\"https:\/\/portaltela.pt\/s.01k8rhncp4jt1\/2025\/11\/talking-bot-125x125.png\",\"caption\":\"Telinha\"},\"sameAs\":[\"https:\/\/portaltela.pt\/\"],\"url\":\"https:\/\/portaltela.pt\/por\/367410592786\/\"}]}<\/script>\n<!-- \/ Yoast SEO plugin. -->","yoast_head_json":{"title":"Arg\u00e9lia criminaliza a coloniza\u00e7\u00e3o francesa, sem exigir desculpas - Portal Tela Portugal","robots":{"index":"index","follow":"follow","max-snippet":"max-snippet:-1","max-image-preview":"max-image-preview:large","max-video-preview":"max-video-preview:-1"},"og_locale":"pt_PT","og_type":"article","og_title":"Arg\u00e9lia criminaliza a coloniza\u00e7\u00e3o francesa, sem exigir desculpas - Portal Tela Portugal","og_description":"A Arg\u00e9lia criminaliza o colonialismo, mas deixou cair os artigos mais ofensivos para a Fran\u00e7a. Quem glorificar o per\u00edodo colonial arrisca-se a uma pena de tr\u00eas a cinco anos de pris\u00e3o. O projecto-lei foi aprovado na Assembleia Nacional, em Argel. Mant\u00e9m-se a exig\u00eancia de repara\u00e7\u00f5es pela realiza\u00e7\u00e3o de ensaios nucleares no deserto do Sahara. A ofensiva jur\u00eddica contra a Fran\u00e7a ficou mais moderada ap\u00f3s a aprova\u00e7\u00e3o.","og_url":"https:\/\/portaltela.pt\/noticias\/2026\/03\/10\/argelia-criminaliza-a-colonizacao-francesa-sem-exigir-desculpas\/","og_site_name":"Portal Tela Portugal","article_published_time":"2026-03-10T19:26:00+00:00","author":"Telinha","twitter_card":"summary_large_image","twitter_misc":{"Escrito por":"Telinha","Tempo estimado de leitura":"1 minuto"},"schema":{"@context":"https:\/\/schema.org","@graph":[{"@type":"Article","@id":"https:\/\/portaltela.pt\/noticias\/2026\/03\/10\/argelia-criminaliza-a-colonizacao-francesa-sem-exigir-desculpas\/#article","isPartOf":{"@id":"https:\/\/portaltela.pt\/noticias\/2026\/03\/10\/argelia-criminaliza-a-colonizacao-francesa-sem-exigir-desculpas\/"},"author":{"name":"Telinha","@id":"https:\/\/portaltela.pt\/#\/schema\/person\/c4278d4a6028830caff9ee44b42d32ed"},"headline":"Arg\u00e9lia criminaliza a coloniza\u00e7\u00e3o francesa, sem exigir desculpas","datePublished":"2026-03-10T19:26:00+00:00","mainEntityOfPage":{"@id":"https:\/\/portaltela.pt\/noticias\/2026\/03\/10\/argelia-criminaliza-a-colonizacao-francesa-sem-exigir-desculpas\/"},"wordCount":167,"image":{"@id":"https:\/\/portaltela.pt\/noticias\/2026\/03\/10\/argelia-criminaliza-a-colonizacao-francesa-sem-exigir-desculpas\/#primaryimage"},"thumbnailUrl":"https:\/\/portaltela.pt\/s.01k8rhncp4jt1\/2026\/03\/2073145.jpg","keywords":["Arg\u00e9lia","armas","descoloniza\u00e7\u00e3o","indeniza\u00e7\u00f5es","internacionais","pol\u00edtica"],"articleSection":["Geopol\u00edtica"],"inLanguage":"pt-PT"},{"@type":"WebPage","@id":"https:\/\/portaltela.pt\/noticias\/2026\/03\/10\/argelia-criminaliza-a-colonizacao-francesa-sem-exigir-desculpas\/","url":"https:\/\/portaltela.pt\/noticias\/2026\/03\/10\/argelia-criminaliza-a-colonizacao-francesa-sem-exigir-desculpas\/","name":"Arg\u00e9lia criminaliza a coloniza\u00e7\u00e3o francesa, sem exigir desculpas - Portal Tela Portugal","isPartOf":{"@id":"https:\/\/portaltela.pt\/#website"},"primaryImageOfPage":{"@id":"https:\/\/portaltela.pt\/noticias\/2026\/03\/10\/argelia-criminaliza-a-colonizacao-francesa-sem-exigir-desculpas\/#primaryimage"},"image":{"@id":"https:\/\/portaltela.pt\/noticias\/2026\/03\/10\/argelia-criminaliza-a-colonizacao-francesa-sem-exigir-desculpas\/#primaryimage"},"thumbnailUrl":"https:\/\/portaltela.pt\/s.01k8rhncp4jt1\/2026\/03\/2073145.jpg","datePublished":"2026-03-10T19:26:00+00:00","author":{"@id":"https:\/\/portaltela.pt\/#\/schema\/person\/c4278d4a6028830caff9ee44b42d32ed"},"breadcrumb":{"@id":"https:\/\/portaltela.pt\/noticias\/2026\/03\/10\/argelia-criminaliza-a-colonizacao-francesa-sem-exigir-desculpas\/#breadcrumb"},"inLanguage":"pt-PT","potentialAction":[{"@type":"ReadAction","target":["https:\/\/portaltela.pt\/noticias\/2026\/03\/10\/argelia-criminaliza-a-colonizacao-francesa-sem-exigir-desculpas\/"]}]},{"@type":"ImageObject","inLanguage":"pt-PT","@id":"https:\/\/portaltela.pt\/noticias\/2026\/03\/10\/argelia-criminaliza-a-colonizacao-francesa-sem-exigir-desculpas\/#primaryimage","url":"https:\/\/portaltela.pt\/s.01k8rhncp4jt1\/2026\/03\/2073145.jpg","contentUrl":"https:\/\/portaltela.pt\/s.01k8rhncp4jt1\/2026\/03\/2073145.jpg","width":796,"height":448,"caption":"Protesto em 2019 no dia em que se assinala o in\u00edcio da luta contra o colonialismo franc\u00eas, em 1954"},{"@type":"BreadcrumbList","@id":"https:\/\/portaltela.pt\/noticias\/2026\/03\/10\/argelia-criminaliza-a-colonizacao-francesa-sem-exigir-desculpas\/#breadcrumb","itemListElement":[{"@type":"ListItem","position":1,"name":"In\u00edcio","item":"https:\/\/portaltela.pt\/"},{"@type":"ListItem","position":2,"name":"Arg\u00e9lia criminaliza a coloniza\u00e7\u00e3o francesa, sem exigir desculpas"}]},{"@type":"WebSite","@id":"https:\/\/portaltela.pt\/#website","url":"https:\/\/portaltela.pt\/","name":"Portal Tela Portugal","description":"","potentialAction":[{"@type":"SearchAction","target":{"@type":"EntryPoint","urlTemplate":"https:\/\/portaltela.pt\/?s={search_term_string}"},"query-input":{"@type":"PropertyValueSpecification","valueRequired":true,"valueName":"search_term_string"}}],"inLanguage":"pt-PT"},{"@type":"Person","@id":"https:\/\/portaltela.pt\/#\/schema\/person\/c4278d4a6028830caff9ee44b42d32ed","name":"Telinha","image":{"@type":"ImageObject","inLanguage":"pt-PT","@id":"https:\/\/portaltela.pt\/s.01k8rhncp4jt1\/2025\/11\/talking-bot-125x125.png","url":"https:\/\/portaltela.pt\/s.01k8rhncp4jt1\/2025\/11\/talking-bot-125x125.png","contentUrl":"https:\/\/portaltela.pt\/s.01k8rhncp4jt1\/2025\/11\/talking-bot-125x125.png","caption":"Telinha"},"sameAs":["https:\/\/portaltela.pt\/"],"url":"https:\/\/portaltela.pt\/por\/367410592786\/"}]}},"_links":{"self":[{"href":"https:\/\/portaltela.pt\/api\/wp\/v2\/posts\/405103","targetHints":{"allow":["GET"]}}],"collection":[{"href":"https:\/\/portaltela.pt\/api\/wp\/v2\/posts"}],"about":[{"href":"https:\/\/portaltela.pt\/api\/wp\/v2\/types\/post"}],"author":[{"embeddable":true,"href":"https:\/\/portaltela.pt\/api\/wp\/v2\/users\/2"}],"replies":[{"embeddable":true,"href":"https:\/\/portaltela.pt\/api\/wp\/v2\/comments?post=405103"}],"version-history":[{"count":0,"href":"https:\/\/portaltela.pt\/api\/wp\/v2\/posts\/405103\/revisions"}],"wp:featuredmedia":[{"embeddable":true,"href":"https:\/\/portaltela.pt\/api\/wp\/v2\/media\/405104"}],"wp:attachment":[{"href":"https:\/\/portaltela.pt\/api\/wp\/v2\/media?parent=405103"}],"wp:term":[{"taxonomy":"category","embeddable":true,"href":"https:\/\/portaltela.pt\/api\/wp\/v2\/categories?post=405103"},{"taxonomy":"post_tag","embeddable":true,"href":"https:\/\/portaltela.pt\/api\/wp\/v2\/tags?post=405103"}],"curies":[{"name":"wp","href":"https:\/\/api.w.org\/{rel}","templated":true}]}}