{"id":405092,"date":"2026-03-10T16:22:10","date_gmt":"2026-03-10T19:22:10","guid":{"rendered":"https:\/\/portaltela.pt\/noticias\/2026\/03\/10\/governo-destaca-reconhecimento-europeu-de-cavaco-silva\/"},"modified":"2026-03-10T16:22:10","modified_gmt":"2026-03-10T19:22:10","slug":"governo-destaca-reconhecimento-europeu-de-cavaco-silva","status":"publish","type":"post","link":"https:\/\/portaltela.pt\/noticias\/2026\/03\/10\/governo-destaca-reconhecimento-europeu-de-cavaco-silva\/","title":{"rendered":"Governo destaca reconhecimento europeu de Cavaco Silva"},"content":{"rendered":"<p>O Governo portugu\u00eas afirmou que a condecora\u00e7\u00e3o de An\u00edbal Cavaco Silva com a Ordem Europeia do M\u00e9rito representa um reconhecimento justo pelo papel do ex-primeiro-ministro e ex-Presidente da Rep\u00fablica na ades\u00e3o de Portugal \u00e0 UE. A condecora\u00e7\u00e3o foi divulgada pela primeira-ministra no MNE via X.<\/p>\n<p>Cavaco Silva recebeu o grau de Membro Honor\u00e1rio da Ordem Europeia do M\u00e9rito, o segundo mais elevado da nova distin\u00e7\u00e3o criada pela Uni\u00e3o Europeia. A associa\u00e7\u00e3o direta entre o pr\u00e9mio e a ades\u00e3o portuguesa \u00e0s Comunidades Europeias foi sublinhada em nota enviada \u00e0 imprensa.<\/p>\n<p>A condecora\u00e7\u00e3o, anunciada durante a sess\u00e3o do Parlamento Europeu em Estrasburgo, reconhece o contributo de Cavaco Silva ao processo de integra\u00e7\u00e3o europeia h\u00e1 mais de 40 anos, incluindo o Ato \u00danico Europeu e o Tratado de Maastricht.<\/p>\n<h3>Contexto hist\u00f3rico e diplom\u00e1tico<\/h3>\n<p>Durante o seu mandato como primeiro-ministro (1985-1995), Cavaco Silva liderou a ades\u00e3o \u00e0s comunidades europeias e participou da entrada de Portugal no Sistema Monet\u00e1rio Europeu, abrindo caminho \u00e0 ades\u00e3o ao euro, como parte do per\u00edodo inicial de consolida\u00e7\u00e3o.<\/p>\n<p>Entre 2006 e 2016, na qualidade de Presidente da Rep\u00fablica, o ex-chefe de Estado apoiou o trabalho que levou \u00e0 entrada em vigor do Tratado de Lisboa, contribuindo para a perce\u00e7\u00e3o positiva da UE entre os portugueses.<\/p>\n<p>A organiza\u00e7\u00e3o do pr\u00e9mio, criada pelo Parlamento Europeu em maio de 2025 para celebrar os 75 anos da Declara\u00e7\u00e3o de Schuman, visa premiar figuras que contribu\u00edram para a integra\u00e7\u00e3o europeia e valores dos tratados. Al\u00e9m de Cavaco Silva, distinguem-se 19 cidad\u00e3os europeus, incluindo figuras internacionais.<\/p>\n<h3>Rea\u00e7\u00f5es e contexto institucional<\/h3>\n<p>A presidente do Parlamento Europeu, Roberta Metsola, destacou a import\u00e2ncia de reconhecer trajet\u00f3rias que ajudaram a construir a Europa, abrindo caminho para a coopera\u00e7\u00e3o entre Estados-membros e parceiros. A cerim\u00f3nia inscreve-se num conjunto de distin\u00e7\u00f5es a personalidades de v\u00e1rios pa\u00edses.<\/p>\n<p>O MNE, por sua parte, anunciou que o reconhecimento de Cavaco Silva refor\u00e7a a mensagem de que a coopera\u00e7\u00e3o europeia \u00e9 um ativo nacional, valorizando o contributo hist\u00f3rico de Portugal para a integra\u00e7\u00e3o europeia e para a estabilidade regional.<\/p>\n","protected":false},"excerpt":{"rendered":"<ul>\n<li>O antigo presidente An\u00edbal Cavaco Silva foi condecorado com o grau de Membro Honor\u00e1rio da Ordem Europeia do M\u00e9rito, a segunda mais elevada na nova distin\u00e7\u00e3o criada pela Uni\u00e3o Europeia.<\/li>\n<li>O Governo considerou o reconhecimento como justo pelo papel de Cavaco Silva na ades\u00e3o de Portugal \u00e0 ent\u00e3o Comunidade Econ\u00f3mica Europeia, h\u00e1 quarenta anos.<\/li>\n<li>Durante o mandato como primeiro-ministro (1985\u20111995), Cavaco Silva liderou esfor\u00e7os para a ades\u00e3o e participou na negocia\u00e7\u00e3o do Ato \u00danico Europeu e do Tratado de Maastricht.<\/li>\n<li>Entre 2006 e 2016, na Presid\u00eancia da Rep\u00fablica, apoiou a entrada em vigor do Tratado de Lisboa em 2009 e contribuiu para a perce\u00e7\u00e3o positiva da UE entre os portugueses.<\/li>\n<li>A Ordem Europeia do M\u00e9rito, criada pelo Parlamento Europeu em maio de 2025, distingue pessoas que contribu\u00edram para a integra\u00e7\u00e3o europeia; entre os condecorados est\u00e3o Zelensky, Merkel e Walesa.<\/li>\n<\/ul>\n","protected":false},"author":2,"featured_media":405100,"comment_status":"closed","ping_status":"closed","sticky":false,"template":"","format":"standard","meta":{"footnotes":""},"categories":[6814,1],"tags":[6901,6773,1157,2487,1014,2055],"class_list":["post-405092","post","type-post","status-publish","format-standard","has-post-thumbnail","hentry","category-geopolitica","category-noticias","tag-anibal-cavaco-silva","tag-condecoracoes","tag-estrasburgo","tag-europa","tag-portugal","tag-uniao-europeia"],"yoast_head":"<!-- This site is optimized with the Yoast SEO plugin v27.2 - https:\/\/yoast.com\/product\/yoast-seo-wordpress\/ -->\n<title>Governo destaca reconhecimento europeu de Cavaco Silva - Portal Tela Portugal<\/title>\n<meta name=\"robots\" content=\"index, follow, max-snippet:-1, max-image-preview:large, max-video-preview:-1\" \/>\n<meta property=\"og:locale\" content=\"pt_PT\" \/>\n<meta property=\"og:type\" content=\"article\" \/>\n<meta property=\"og:title\" content=\"Governo destaca reconhecimento europeu de Cavaco Silva - Portal Tela Portugal\" \/>\n<meta property=\"og:description\" content=\"O antigo presidente An\u00edbal Cavaco Silva foi condecorado com o grau de Membro Honor\u00e1rio da Ordem Europeia do M\u00e9rito, a segunda mais elevada na nova distin\u00e7\u00e3o criada pela Uni\u00e3o Europeia. O Governo considerou o reconhecimento como justo pelo papel de Cavaco Silva na ades\u00e3o de Portugal \u00e0 ent\u00e3o Comunidade Econ\u00f3mica Europeia, h\u00e1 quarenta anos. Durante o mandato como primeiro-ministro (1985\u20111995), Cavaco Silva liderou esfor\u00e7os para a ades\u00e3o e participou na negocia\u00e7\u00e3o do Ato \u00danico Europeu e do Tratado de Maastricht. Entre 2006 e 2016, na Presid\u00eancia da Rep\u00fablica, apoiou a entrada em vigor do Tratado de Lisboa em 2009 e contribuiu para a perce\u00e7\u00e3o positiva da UE entre os portugueses. A Ordem Europeia do M\u00e9rito, criada pelo Parlamento Europeu em maio de 2025, distingue pessoas que contribu\u00edram para a integra\u00e7\u00e3o europeia; entre os condecorados est\u00e3o Zelensky, Merkel e Walesa.\" \/>\n<meta property=\"og:url\" content=\"https:\/\/portaltela.pt\/noticias\/2026\/03\/10\/governo-destaca-reconhecimento-europeu-de-cavaco-silva\/\" \/>\n<meta property=\"og:site_name\" content=\"Portal Tela Portugal\" \/>\n<meta property=\"article:published_time\" content=\"2026-03-10T19:22:10+00:00\" \/>\n<meta name=\"author\" content=\"Telinha\" \/>\n<meta name=\"twitter:card\" content=\"summary_large_image\" \/>\n<meta name=\"twitter:label1\" content=\"Escrito por\" \/>\n\t<meta name=\"twitter:data1\" content=\"Telinha\" \/>\n\t<meta name=\"twitter:label2\" content=\"Tempo estimado de leitura\" \/>\n\t<meta name=\"twitter:data2\" content=\"2 minutos\" \/>\n<script type=\"application\/ld+json\" class=\"yoast-schema-graph\">{\"@context\":\"https:\/\/schema.org\",\"@graph\":[{\"@type\":\"Article\",\"@id\":\"https:\/\/portaltela.pt\/noticias\/2026\/03\/10\/governo-destaca-reconhecimento-europeu-de-cavaco-silva\/#article\",\"isPartOf\":{\"@id\":\"https:\/\/portaltela.pt\/noticias\/2026\/03\/10\/governo-destaca-reconhecimento-europeu-de-cavaco-silva\/\"},\"author\":{\"name\":\"Telinha\",\"@id\":\"https:\/\/portaltela.pt\/#\/schema\/person\/c4278d4a6028830caff9ee44b42d32ed\"},\"headline\":\"Governo destaca reconhecimento europeu de Cavaco Silva\",\"datePublished\":\"2026-03-10T19:22:10+00:00\",\"mainEntityOfPage\":{\"@id\":\"https:\/\/portaltela.pt\/noticias\/2026\/03\/10\/governo-destaca-reconhecimento-europeu-de-cavaco-silva\/\"},\"wordCount\":374,\"image\":{\"@id\":\"https:\/\/portaltela.pt\/noticias\/2026\/03\/10\/governo-destaca-reconhecimento-europeu-de-cavaco-silva\/#primaryimage\"},\"thumbnailUrl\":\"https:\/\/portaltela.pt\/s.01k8rhncp4jt1\/2026\/03\/img_1500x1000uu2025-11-05-14-12-33-2246113.jpg\",\"keywords\":[\"An\u00edbal Cavaco Silva\",\"Condecora\u00e7\u00f5es\",\"Estrasburgo\",\"Europa\",\"Portugal\",\"Uni\u00e3o Europeia\"],\"articleSection\":[\"Geopol\u00edtica\",\"Not\u00edcias\"],\"inLanguage\":\"pt-PT\"},{\"@type\":\"WebPage\",\"@id\":\"https:\/\/portaltela.pt\/noticias\/2026\/03\/10\/governo-destaca-reconhecimento-europeu-de-cavaco-silva\/\",\"url\":\"https:\/\/portaltela.pt\/noticias\/2026\/03\/10\/governo-destaca-reconhecimento-europeu-de-cavaco-silva\/\",\"name\":\"Governo destaca reconhecimento europeu de Cavaco Silva - Portal Tela Portugal\",\"isPartOf\":{\"@id\":\"https:\/\/portaltela.pt\/#website\"},\"primaryImageOfPage\":{\"@id\":\"https:\/\/portaltela.pt\/noticias\/2026\/03\/10\/governo-destaca-reconhecimento-europeu-de-cavaco-silva\/#primaryimage\"},\"image\":{\"@id\":\"https:\/\/portaltela.pt\/noticias\/2026\/03\/10\/governo-destaca-reconhecimento-europeu-de-cavaco-silva\/#primaryimage\"},\"thumbnailUrl\":\"https:\/\/portaltela.pt\/s.01k8rhncp4jt1\/2026\/03\/img_1500x1000uu2025-11-05-14-12-33-2246113.jpg\",\"datePublished\":\"2026-03-10T19:22:10+00:00\",\"author\":{\"@id\":\"https:\/\/portaltela.pt\/#\/schema\/person\/c4278d4a6028830caff9ee44b42d32ed\"},\"breadcrumb\":{\"@id\":\"https:\/\/portaltela.pt\/noticias\/2026\/03\/10\/governo-destaca-reconhecimento-europeu-de-cavaco-silva\/#breadcrumb\"},\"inLanguage\":\"pt-PT\",\"potentialAction\":[{\"@type\":\"ReadAction\",\"target\":[\"https:\/\/portaltela.pt\/noticias\/2026\/03\/10\/governo-destaca-reconhecimento-europeu-de-cavaco-silva\/\"]}]},{\"@type\":\"ImageObject\",\"inLanguage\":\"pt-PT\",\"@id\":\"https:\/\/portaltela.pt\/noticias\/2026\/03\/10\/governo-destaca-reconhecimento-europeu-de-cavaco-silva\/#primaryimage\",\"url\":\"https:\/\/portaltela.pt\/s.01k8rhncp4jt1\/2026\/03\/img_1500x1000uu2025-11-05-14-12-33-2246113.jpg\",\"contentUrl\":\"https:\/\/portaltela.pt\/s.01k8rhncp4jt1\/2026\/03\/img_1500x1000uu2025-11-05-14-12-33-2246113.jpg\",\"width\":796,\"height\":448,\"caption\":\"Governo destaca \\\"just\u00edssimo reconhecimento\\\" de Cavaco Silva com distin\u00e7\u00e3o europeia\"},{\"@type\":\"BreadcrumbList\",\"@id\":\"https:\/\/portaltela.pt\/noticias\/2026\/03\/10\/governo-destaca-reconhecimento-europeu-de-cavaco-silva\/#breadcrumb\",\"itemListElement\":[{\"@type\":\"ListItem\",\"position\":1,\"name\":\"In\u00edcio\",\"item\":\"https:\/\/portaltela.pt\/\"},{\"@type\":\"ListItem\",\"position\":2,\"name\":\"Governo destaca reconhecimento europeu de Cavaco Silva\"}]},{\"@type\":\"WebSite\",\"@id\":\"https:\/\/portaltela.pt\/#website\",\"url\":\"https:\/\/portaltela.pt\/\",\"name\":\"Portal Tela Portugal\",\"description\":\"\",\"potentialAction\":[{\"@type\":\"SearchAction\",\"target\":{\"@type\":\"EntryPoint\",\"urlTemplate\":\"https:\/\/portaltela.pt\/?s={search_term_string}\"},\"query-input\":{\"@type\":\"PropertyValueSpecification\",\"valueRequired\":true,\"valueName\":\"search_term_string\"}}],\"inLanguage\":\"pt-PT\"},{\"@type\":\"Person\",\"@id\":\"https:\/\/portaltela.pt\/#\/schema\/person\/c4278d4a6028830caff9ee44b42d32ed\",\"name\":\"Telinha\",\"image\":{\"@type\":\"ImageObject\",\"inLanguage\":\"pt-PT\",\"@id\":\"https:\/\/portaltela.pt\/s.01k8rhncp4jt1\/2025\/11\/talking-bot-125x125.png\",\"url\":\"https:\/\/portaltela.pt\/s.01k8rhncp4jt1\/2025\/11\/talking-bot-125x125.png\",\"contentUrl\":\"https:\/\/portaltela.pt\/s.01k8rhncp4jt1\/2025\/11\/talking-bot-125x125.png\",\"caption\":\"Telinha\"},\"sameAs\":[\"https:\/\/portaltela.pt\/\"],\"url\":\"https:\/\/portaltela.pt\/por\/367410592786\/\"}]}<\/script>\n<!-- \/ Yoast SEO plugin. -->","yoast_head_json":{"title":"Governo destaca reconhecimento europeu de Cavaco Silva - Portal Tela Portugal","robots":{"index":"index","follow":"follow","max-snippet":"max-snippet:-1","max-image-preview":"max-image-preview:large","max-video-preview":"max-video-preview:-1"},"og_locale":"pt_PT","og_type":"article","og_title":"Governo destaca reconhecimento europeu de Cavaco Silva - Portal Tela Portugal","og_description":"O antigo presidente An\u00edbal Cavaco Silva foi condecorado com o grau de Membro Honor\u00e1rio da Ordem Europeia do M\u00e9rito, a segunda mais elevada na nova distin\u00e7\u00e3o criada pela Uni\u00e3o Europeia. O Governo considerou o reconhecimento como justo pelo papel de Cavaco Silva na ades\u00e3o de Portugal \u00e0 ent\u00e3o Comunidade Econ\u00f3mica Europeia, h\u00e1 quarenta anos. Durante o mandato como primeiro-ministro (1985\u20111995), Cavaco Silva liderou esfor\u00e7os para a ades\u00e3o e participou na negocia\u00e7\u00e3o do Ato \u00danico Europeu e do Tratado de Maastricht. Entre 2006 e 2016, na Presid\u00eancia da Rep\u00fablica, apoiou a entrada em vigor do Tratado de Lisboa em 2009 e contribuiu para a perce\u00e7\u00e3o positiva da UE entre os portugueses. A Ordem Europeia do M\u00e9rito, criada pelo Parlamento Europeu em maio de 2025, distingue pessoas que contribu\u00edram para a integra\u00e7\u00e3o europeia; entre os condecorados est\u00e3o Zelensky, Merkel e Walesa.","og_url":"https:\/\/portaltela.pt\/noticias\/2026\/03\/10\/governo-destaca-reconhecimento-europeu-de-cavaco-silva\/","og_site_name":"Portal Tela Portugal","article_published_time":"2026-03-10T19:22:10+00:00","author":"Telinha","twitter_card":"summary_large_image","twitter_misc":{"Escrito por":"Telinha","Tempo estimado de leitura":"2 minutos"},"schema":{"@context":"https:\/\/schema.org","@graph":[{"@type":"Article","@id":"https:\/\/portaltela.pt\/noticias\/2026\/03\/10\/governo-destaca-reconhecimento-europeu-de-cavaco-silva\/#article","isPartOf":{"@id":"https:\/\/portaltela.pt\/noticias\/2026\/03\/10\/governo-destaca-reconhecimento-europeu-de-cavaco-silva\/"},"author":{"name":"Telinha","@id":"https:\/\/portaltela.pt\/#\/schema\/person\/c4278d4a6028830caff9ee44b42d32ed"},"headline":"Governo destaca reconhecimento europeu de Cavaco Silva","datePublished":"2026-03-10T19:22:10+00:00","mainEntityOfPage":{"@id":"https:\/\/portaltela.pt\/noticias\/2026\/03\/10\/governo-destaca-reconhecimento-europeu-de-cavaco-silva\/"},"wordCount":374,"image":{"@id":"https:\/\/portaltela.pt\/noticias\/2026\/03\/10\/governo-destaca-reconhecimento-europeu-de-cavaco-silva\/#primaryimage"},"thumbnailUrl":"https:\/\/portaltela.pt\/s.01k8rhncp4jt1\/2026\/03\/img_1500x1000uu2025-11-05-14-12-33-2246113.jpg","keywords":["An\u00edbal Cavaco Silva","Condecora\u00e7\u00f5es","Estrasburgo","Europa","Portugal","Uni\u00e3o Europeia"],"articleSection":["Geopol\u00edtica","Not\u00edcias"],"inLanguage":"pt-PT"},{"@type":"WebPage","@id":"https:\/\/portaltela.pt\/noticias\/2026\/03\/10\/governo-destaca-reconhecimento-europeu-de-cavaco-silva\/","url":"https:\/\/portaltela.pt\/noticias\/2026\/03\/10\/governo-destaca-reconhecimento-europeu-de-cavaco-silva\/","name":"Governo destaca reconhecimento europeu de Cavaco Silva - Portal Tela Portugal","isPartOf":{"@id":"https:\/\/portaltela.pt\/#website"},"primaryImageOfPage":{"@id":"https:\/\/portaltela.pt\/noticias\/2026\/03\/10\/governo-destaca-reconhecimento-europeu-de-cavaco-silva\/#primaryimage"},"image":{"@id":"https:\/\/portaltela.pt\/noticias\/2026\/03\/10\/governo-destaca-reconhecimento-europeu-de-cavaco-silva\/#primaryimage"},"thumbnailUrl":"https:\/\/portaltela.pt\/s.01k8rhncp4jt1\/2026\/03\/img_1500x1000uu2025-11-05-14-12-33-2246113.jpg","datePublished":"2026-03-10T19:22:10+00:00","author":{"@id":"https:\/\/portaltela.pt\/#\/schema\/person\/c4278d4a6028830caff9ee44b42d32ed"},"breadcrumb":{"@id":"https:\/\/portaltela.pt\/noticias\/2026\/03\/10\/governo-destaca-reconhecimento-europeu-de-cavaco-silva\/#breadcrumb"},"inLanguage":"pt-PT","potentialAction":[{"@type":"ReadAction","target":["https:\/\/portaltela.pt\/noticias\/2026\/03\/10\/governo-destaca-reconhecimento-europeu-de-cavaco-silva\/"]}]},{"@type":"ImageObject","inLanguage":"pt-PT","@id":"https:\/\/portaltela.pt\/noticias\/2026\/03\/10\/governo-destaca-reconhecimento-europeu-de-cavaco-silva\/#primaryimage","url":"https:\/\/portaltela.pt\/s.01k8rhncp4jt1\/2026\/03\/img_1500x1000uu2025-11-05-14-12-33-2246113.jpg","contentUrl":"https:\/\/portaltela.pt\/s.01k8rhncp4jt1\/2026\/03\/img_1500x1000uu2025-11-05-14-12-33-2246113.jpg","width":796,"height":448,"caption":"Governo destaca \"just\u00edssimo reconhecimento\" de Cavaco Silva com distin\u00e7\u00e3o europeia"},{"@type":"BreadcrumbList","@id":"https:\/\/portaltela.pt\/noticias\/2026\/03\/10\/governo-destaca-reconhecimento-europeu-de-cavaco-silva\/#breadcrumb","itemListElement":[{"@type":"ListItem","position":1,"name":"In\u00edcio","item":"https:\/\/portaltela.pt\/"},{"@type":"ListItem","position":2,"name":"Governo destaca reconhecimento europeu de Cavaco Silva"}]},{"@type":"WebSite","@id":"https:\/\/portaltela.pt\/#website","url":"https:\/\/portaltela.pt\/","name":"Portal Tela Portugal","description":"","potentialAction":[{"@type":"SearchAction","target":{"@type":"EntryPoint","urlTemplate":"https:\/\/portaltela.pt\/?s={search_term_string}"},"query-input":{"@type":"PropertyValueSpecification","valueRequired":true,"valueName":"search_term_string"}}],"inLanguage":"pt-PT"},{"@type":"Person","@id":"https:\/\/portaltela.pt\/#\/schema\/person\/c4278d4a6028830caff9ee44b42d32ed","name":"Telinha","image":{"@type":"ImageObject","inLanguage":"pt-PT","@id":"https:\/\/portaltela.pt\/s.01k8rhncp4jt1\/2025\/11\/talking-bot-125x125.png","url":"https:\/\/portaltela.pt\/s.01k8rhncp4jt1\/2025\/11\/talking-bot-125x125.png","contentUrl":"https:\/\/portaltela.pt\/s.01k8rhncp4jt1\/2025\/11\/talking-bot-125x125.png","caption":"Telinha"},"sameAs":["https:\/\/portaltela.pt\/"],"url":"https:\/\/portaltela.pt\/por\/367410592786\/"}]}},"_links":{"self":[{"href":"https:\/\/portaltela.pt\/api\/wp\/v2\/posts\/405092","targetHints":{"allow":["GET"]}}],"collection":[{"href":"https:\/\/portaltela.pt\/api\/wp\/v2\/posts"}],"about":[{"href":"https:\/\/portaltela.pt\/api\/wp\/v2\/types\/post"}],"author":[{"embeddable":true,"href":"https:\/\/portaltela.pt\/api\/wp\/v2\/users\/2"}],"replies":[{"embeddable":true,"href":"https:\/\/portaltela.pt\/api\/wp\/v2\/comments?post=405092"}],"version-history":[{"count":0,"href":"https:\/\/portaltela.pt\/api\/wp\/v2\/posts\/405092\/revisions"}],"wp:featuredmedia":[{"embeddable":true,"href":"https:\/\/portaltela.pt\/api\/wp\/v2\/media\/405100"}],"wp:attachment":[{"href":"https:\/\/portaltela.pt\/api\/wp\/v2\/media?parent=405092"}],"wp:term":[{"taxonomy":"category","embeddable":true,"href":"https:\/\/portaltela.pt\/api\/wp\/v2\/categories?post=405092"},{"taxonomy":"post_tag","embeddable":true,"href":"https:\/\/portaltela.pt\/api\/wp\/v2\/tags?post=405092"}],"curies":[{"name":"wp","href":"https:\/\/api.w.org\/{rel}","templated":true}]}}