{"id":405075,"date":"2026-03-10T16:00:00","date_gmt":"2026-03-10T19:00:00","guid":{"rendered":"https:\/\/portaltela.pt\/noticias\/2026\/03\/10\/portugueses-retidos-na-asia-sem-solucoes-para-regressar-a-casa\/"},"modified":"2026-03-10T16:00:00","modified_gmt":"2026-03-10T19:00:00","slug":"portugueses-retidos-na-asia-sem-solucoes-para-regressar-a-casa","status":"publish","type":"post","link":"https:\/\/portaltela.pt\/noticias\/2026\/03\/10\/portugueses-retidos-na-asia-sem-solucoes-para-regressar-a-casa\/","title":{"rendered":"Portugueses retidos na \u00c1sia sem solu\u00e7\u00f5es para regressar a casa"},"content":{"rendered":"<p>Muitos portugueses seguem retidos no exterior ap\u00f3s o encerramento do espa\u00e7o a\u00e9reo no M\u00e9dio Oriente, que impediu escalas previstas em voos de repatria\u00e7\u00e3o. Enquanto cerca de 500 cidad\u00e3os j\u00e1 foram repatriados, outros permanecem em v\u00e1rias regi\u00f5es devido a cancelamentos de liga\u00e7\u00f5es.<\/p>\n<p>Os relatos apontam para voos cancelados entre destinos no Sudeste Asi\u00e1tico e Portugal, complicando o regresso devido \u00e0 suspens\u00e3o de rotas de liga\u00e7\u00e3o. A situa\u00e7\u00e3o \u00e9 agravada pela reduzida presen\u00e7a de apoio consular onde se encontram.<\/p>\n<p>A comunica\u00e7\u00e3o entre autoridades portuguesas e os compatriotas no terreno tem sido descrita como insuficiente, aumentando a ansiedade entre quem aguarda uma solu\u00e7\u00e3o. Al\u00e9m disso, surgem custos elevados com estadias prolongadas.<\/p>\n<h3>Situa\u00e7\u00e3o no Sudeste Asi\u00e1tico<\/h3>\n<p>Fontes no terreno indicam que muitos aguardam novas partidas, mas n\u00e3o h\u00e1 confirma\u00e7\u00e3o de prazos. A aus\u00eancia de rotas alternativas imediatas agrava a incerteza entre os que ficaram retidos.<\/p>\n","protected":false},"excerpt":{"rendered":"<ul>\n<li>Cerca de quinhentos portugueses j\u00e1 foram repatriados do M\u00e9dio Oriente, mas muitos permanecem retidos noutros pontos do mundo.<\/li>\n<li>Viagens de regresso foram canceladas devido ao encerramento do espa\u00e7o a\u00e9reo na regi\u00e3o, o que complicou as liga\u00e7\u00f5es com o destino final.<\/li>\n<li>Chegam relatos de portugueses retidos no Sudeste asi\u00e1tico, ap\u00f3s o cancelamento dos voos de regresso.<\/li>\n<li>O apoio consular reduzido e a falta de comunica\u00e7\u00e3o levantam preocupa\u00e7\u00f5es entre os portugueses no estrangeiro, agravadas pelos custos de estadia.<\/li>\n<li>A situa\u00e7\u00e3o mant\u00e9m-se enquanto n\u00e3o existem solu\u00e7\u00f5es claras para o regresso a casa.<\/li>\n<\/ul>\n","protected":false},"author":2,"featured_media":405077,"comment_status":"closed","ping_status":"closed","sticky":false,"template":"","format":"standard","meta":{"footnotes":""},"categories":[1],"tags":[2333,712,6612,1014,6266,4559],"class_list":["post-405075","post","type-post","status-publish","format-standard","has-post-thumbnail","hentry","category-noticias","tag-consulados","tag-imigracao","tag-imigracao-internacional","tag-portugal","tag-situacoes-internacionais","tag-transporte-internacional"],"yoast_head":"<!-- This site is optimized with the Yoast SEO plugin v27.2 - https:\/\/yoast.com\/product\/yoast-seo-wordpress\/ -->\n<title>Portugueses retidos na \u00c1sia sem solu\u00e7\u00f5es para regressar a casa - Portal Tela Portugal<\/title>\n<meta name=\"robots\" content=\"index, follow, max-snippet:-1, max-image-preview:large, max-video-preview:-1\" \/>\n<meta property=\"og:locale\" content=\"pt_PT\" \/>\n<meta property=\"og:type\" content=\"article\" \/>\n<meta property=\"og:title\" content=\"Portugueses retidos na \u00c1sia sem solu\u00e7\u00f5es para regressar a casa - Portal Tela Portugal\" \/>\n<meta property=\"og:description\" content=\"Cerca de quinhentos portugueses j\u00e1 foram repatriados do M\u00e9dio Oriente, mas muitos permanecem retidos noutros pontos do mundo. Viagens de regresso foram canceladas devido ao encerramento do espa\u00e7o a\u00e9reo na regi\u00e3o, o que complicou as liga\u00e7\u00f5es com o destino final. Chegam relatos de portugueses retidos no Sudeste asi\u00e1tico, ap\u00f3s o cancelamento dos voos de regresso. O apoio consular reduzido e a falta de comunica\u00e7\u00e3o levantam preocupa\u00e7\u00f5es entre os portugueses no estrangeiro, agravadas pelos custos de estadia. A situa\u00e7\u00e3o mant\u00e9m-se enquanto n\u00e3o existem solu\u00e7\u00f5es claras para o regresso a casa.\" \/>\n<meta property=\"og:url\" content=\"https:\/\/portaltela.pt\/noticias\/2026\/03\/10\/portugueses-retidos-na-asia-sem-solucoes-para-regressar-a-casa\/\" \/>\n<meta property=\"og:site_name\" content=\"Portal Tela Portugal\" \/>\n<meta property=\"article:published_time\" content=\"2026-03-10T19:00:00+00:00\" \/>\n<meta name=\"author\" content=\"Telinha\" \/>\n<meta name=\"twitter:card\" content=\"summary_large_image\" \/>\n<meta name=\"twitter:label1\" content=\"Escrito por\" \/>\n\t<meta name=\"twitter:data1\" content=\"Telinha\" \/>\n\t<meta name=\"twitter:label2\" content=\"Tempo estimado de leitura\" \/>\n\t<meta name=\"twitter:data2\" content=\"1 minuto\" \/>\n<script type=\"application\/ld+json\" class=\"yoast-schema-graph\">{\"@context\":\"https:\/\/schema.org\",\"@graph\":[{\"@type\":\"Article\",\"@id\":\"https:\/\/portaltela.pt\/noticias\/2026\/03\/10\/portugueses-retidos-na-asia-sem-solucoes-para-regressar-a-casa\/#article\",\"isPartOf\":{\"@id\":\"https:\/\/portaltela.pt\/noticias\/2026\/03\/10\/portugueses-retidos-na-asia-sem-solucoes-para-regressar-a-casa\/\"},\"author\":{\"name\":\"Telinha\",\"@id\":\"https:\/\/portaltela.pt\/#\/schema\/person\/c4278d4a6028830caff9ee44b42d32ed\"},\"headline\":\"Portugueses retidos na \u00c1sia sem solu\u00e7\u00f5es para regressar a casa\",\"datePublished\":\"2026-03-10T19:00:00+00:00\",\"mainEntityOfPage\":{\"@id\":\"https:\/\/portaltela.pt\/noticias\/2026\/03\/10\/portugueses-retidos-na-asia-sem-solucoes-para-regressar-a-casa\/\"},\"wordCount\":171,\"image\":{\"@id\":\"https:\/\/portaltela.pt\/noticias\/2026\/03\/10\/portugueses-retidos-na-asia-sem-solucoes-para-regressar-a-casa\/#primaryimage\"},\"thumbnailUrl\":\"https:\/\/portaltela.pt\/s.01k8rhncp4jt1\/2026\/03\/2073132.jpg\",\"keywords\":[\"consulados\",\"imigra\u00e7\u00e3o\",\"imigra\u00e7\u00e3o internacional\",\"Portugal\",\"situa\u00e7\u00f5es internacionais\",\"transporte internacional\"],\"articleSection\":[\"Not\u00edcias\"],\"inLanguage\":\"pt-PT\"},{\"@type\":\"WebPage\",\"@id\":\"https:\/\/portaltela.pt\/noticias\/2026\/03\/10\/portugueses-retidos-na-asia-sem-solucoes-para-regressar-a-casa\/\",\"url\":\"https:\/\/portaltela.pt\/noticias\/2026\/03\/10\/portugueses-retidos-na-asia-sem-solucoes-para-regressar-a-casa\/\",\"name\":\"Portugueses retidos na \u00c1sia sem solu\u00e7\u00f5es para regressar a casa - Portal Tela Portugal\",\"isPartOf\":{\"@id\":\"https:\/\/portaltela.pt\/#website\"},\"primaryImageOfPage\":{\"@id\":\"https:\/\/portaltela.pt\/noticias\/2026\/03\/10\/portugueses-retidos-na-asia-sem-solucoes-para-regressar-a-casa\/#primaryimage\"},\"image\":{\"@id\":\"https:\/\/portaltela.pt\/noticias\/2026\/03\/10\/portugueses-retidos-na-asia-sem-solucoes-para-regressar-a-casa\/#primaryimage\"},\"thumbnailUrl\":\"https:\/\/portaltela.pt\/s.01k8rhncp4jt1\/2026\/03\/2073132.jpg\",\"datePublished\":\"2026-03-10T19:00:00+00:00\",\"author\":{\"@id\":\"https:\/\/portaltela.pt\/#\/schema\/person\/c4278d4a6028830caff9ee44b42d32ed\"},\"breadcrumb\":{\"@id\":\"https:\/\/portaltela.pt\/noticias\/2026\/03\/10\/portugueses-retidos-na-asia-sem-solucoes-para-regressar-a-casa\/#breadcrumb\"},\"inLanguage\":\"pt-PT\",\"potentialAction\":[{\"@type\":\"ReadAction\",\"target\":[\"https:\/\/portaltela.pt\/noticias\/2026\/03\/10\/portugueses-retidos-na-asia-sem-solucoes-para-regressar-a-casa\/\"]}]},{\"@type\":\"ImageObject\",\"inLanguage\":\"pt-PT\",\"@id\":\"https:\/\/portaltela.pt\/noticias\/2026\/03\/10\/portugueses-retidos-na-asia-sem-solucoes-para-regressar-a-casa\/#primaryimage\",\"url\":\"https:\/\/portaltela.pt\/s.01k8rhncp4jt1\/2026\/03\/2073132.jpg\",\"contentUrl\":\"https:\/\/portaltela.pt\/s.01k8rhncp4jt1\/2026\/03\/2073132.jpg\",\"width\":796,\"height\":448,\"caption\":\"O aeroporto do Dubai \u00e9 local de escala para quem viaja para a \u00c1sia\"},{\"@type\":\"BreadcrumbList\",\"@id\":\"https:\/\/portaltela.pt\/noticias\/2026\/03\/10\/portugueses-retidos-na-asia-sem-solucoes-para-regressar-a-casa\/#breadcrumb\",\"itemListElement\":[{\"@type\":\"ListItem\",\"position\":1,\"name\":\"In\u00edcio\",\"item\":\"https:\/\/portaltela.pt\/\"},{\"@type\":\"ListItem\",\"position\":2,\"name\":\"Portugueses retidos na \u00c1sia sem solu\u00e7\u00f5es para regressar a casa\"}]},{\"@type\":\"WebSite\",\"@id\":\"https:\/\/portaltela.pt\/#website\",\"url\":\"https:\/\/portaltela.pt\/\",\"name\":\"Portal Tela Portugal\",\"description\":\"\",\"potentialAction\":[{\"@type\":\"SearchAction\",\"target\":{\"@type\":\"EntryPoint\",\"urlTemplate\":\"https:\/\/portaltela.pt\/?s={search_term_string}\"},\"query-input\":{\"@type\":\"PropertyValueSpecification\",\"valueRequired\":true,\"valueName\":\"search_term_string\"}}],\"inLanguage\":\"pt-PT\"},{\"@type\":\"Person\",\"@id\":\"https:\/\/portaltela.pt\/#\/schema\/person\/c4278d4a6028830caff9ee44b42d32ed\",\"name\":\"Telinha\",\"image\":{\"@type\":\"ImageObject\",\"inLanguage\":\"pt-PT\",\"@id\":\"https:\/\/portaltela.pt\/s.01k8rhncp4jt1\/2025\/11\/talking-bot-125x125.png\",\"url\":\"https:\/\/portaltela.pt\/s.01k8rhncp4jt1\/2025\/11\/talking-bot-125x125.png\",\"contentUrl\":\"https:\/\/portaltela.pt\/s.01k8rhncp4jt1\/2025\/11\/talking-bot-125x125.png\",\"caption\":\"Telinha\"},\"sameAs\":[\"https:\/\/portaltela.pt\/\"],\"url\":\"https:\/\/portaltela.pt\/por\/367410592786\/\"}]}<\/script>\n<!-- \/ Yoast SEO plugin. -->","yoast_head_json":{"title":"Portugueses retidos na \u00c1sia sem solu\u00e7\u00f5es para regressar a casa - Portal Tela Portugal","robots":{"index":"index","follow":"follow","max-snippet":"max-snippet:-1","max-image-preview":"max-image-preview:large","max-video-preview":"max-video-preview:-1"},"og_locale":"pt_PT","og_type":"article","og_title":"Portugueses retidos na \u00c1sia sem solu\u00e7\u00f5es para regressar a casa - Portal Tela Portugal","og_description":"Cerca de quinhentos portugueses j\u00e1 foram repatriados do M\u00e9dio Oriente, mas muitos permanecem retidos noutros pontos do mundo. Viagens de regresso foram canceladas devido ao encerramento do espa\u00e7o a\u00e9reo na regi\u00e3o, o que complicou as liga\u00e7\u00f5es com o destino final. Chegam relatos de portugueses retidos no Sudeste asi\u00e1tico, ap\u00f3s o cancelamento dos voos de regresso. O apoio consular reduzido e a falta de comunica\u00e7\u00e3o levantam preocupa\u00e7\u00f5es entre os portugueses no estrangeiro, agravadas pelos custos de estadia. A situa\u00e7\u00e3o mant\u00e9m-se enquanto n\u00e3o existem solu\u00e7\u00f5es claras para o regresso a casa.","og_url":"https:\/\/portaltela.pt\/noticias\/2026\/03\/10\/portugueses-retidos-na-asia-sem-solucoes-para-regressar-a-casa\/","og_site_name":"Portal Tela Portugal","article_published_time":"2026-03-10T19:00:00+00:00","author":"Telinha","twitter_card":"summary_large_image","twitter_misc":{"Escrito por":"Telinha","Tempo estimado de leitura":"1 minuto"},"schema":{"@context":"https:\/\/schema.org","@graph":[{"@type":"Article","@id":"https:\/\/portaltela.pt\/noticias\/2026\/03\/10\/portugueses-retidos-na-asia-sem-solucoes-para-regressar-a-casa\/#article","isPartOf":{"@id":"https:\/\/portaltela.pt\/noticias\/2026\/03\/10\/portugueses-retidos-na-asia-sem-solucoes-para-regressar-a-casa\/"},"author":{"name":"Telinha","@id":"https:\/\/portaltela.pt\/#\/schema\/person\/c4278d4a6028830caff9ee44b42d32ed"},"headline":"Portugueses retidos na \u00c1sia sem solu\u00e7\u00f5es para regressar a casa","datePublished":"2026-03-10T19:00:00+00:00","mainEntityOfPage":{"@id":"https:\/\/portaltela.pt\/noticias\/2026\/03\/10\/portugueses-retidos-na-asia-sem-solucoes-para-regressar-a-casa\/"},"wordCount":171,"image":{"@id":"https:\/\/portaltela.pt\/noticias\/2026\/03\/10\/portugueses-retidos-na-asia-sem-solucoes-para-regressar-a-casa\/#primaryimage"},"thumbnailUrl":"https:\/\/portaltela.pt\/s.01k8rhncp4jt1\/2026\/03\/2073132.jpg","keywords":["consulados","imigra\u00e7\u00e3o","imigra\u00e7\u00e3o internacional","Portugal","situa\u00e7\u00f5es internacionais","transporte internacional"],"articleSection":["Not\u00edcias"],"inLanguage":"pt-PT"},{"@type":"WebPage","@id":"https:\/\/portaltela.pt\/noticias\/2026\/03\/10\/portugueses-retidos-na-asia-sem-solucoes-para-regressar-a-casa\/","url":"https:\/\/portaltela.pt\/noticias\/2026\/03\/10\/portugueses-retidos-na-asia-sem-solucoes-para-regressar-a-casa\/","name":"Portugueses retidos na \u00c1sia sem solu\u00e7\u00f5es para regressar a casa - Portal Tela Portugal","isPartOf":{"@id":"https:\/\/portaltela.pt\/#website"},"primaryImageOfPage":{"@id":"https:\/\/portaltela.pt\/noticias\/2026\/03\/10\/portugueses-retidos-na-asia-sem-solucoes-para-regressar-a-casa\/#primaryimage"},"image":{"@id":"https:\/\/portaltela.pt\/noticias\/2026\/03\/10\/portugueses-retidos-na-asia-sem-solucoes-para-regressar-a-casa\/#primaryimage"},"thumbnailUrl":"https:\/\/portaltela.pt\/s.01k8rhncp4jt1\/2026\/03\/2073132.jpg","datePublished":"2026-03-10T19:00:00+00:00","author":{"@id":"https:\/\/portaltela.pt\/#\/schema\/person\/c4278d4a6028830caff9ee44b42d32ed"},"breadcrumb":{"@id":"https:\/\/portaltela.pt\/noticias\/2026\/03\/10\/portugueses-retidos-na-asia-sem-solucoes-para-regressar-a-casa\/#breadcrumb"},"inLanguage":"pt-PT","potentialAction":[{"@type":"ReadAction","target":["https:\/\/portaltela.pt\/noticias\/2026\/03\/10\/portugueses-retidos-na-asia-sem-solucoes-para-regressar-a-casa\/"]}]},{"@type":"ImageObject","inLanguage":"pt-PT","@id":"https:\/\/portaltela.pt\/noticias\/2026\/03\/10\/portugueses-retidos-na-asia-sem-solucoes-para-regressar-a-casa\/#primaryimage","url":"https:\/\/portaltela.pt\/s.01k8rhncp4jt1\/2026\/03\/2073132.jpg","contentUrl":"https:\/\/portaltela.pt\/s.01k8rhncp4jt1\/2026\/03\/2073132.jpg","width":796,"height":448,"caption":"O aeroporto do Dubai \u00e9 local de escala para quem viaja para a \u00c1sia"},{"@type":"BreadcrumbList","@id":"https:\/\/portaltela.pt\/noticias\/2026\/03\/10\/portugueses-retidos-na-asia-sem-solucoes-para-regressar-a-casa\/#breadcrumb","itemListElement":[{"@type":"ListItem","position":1,"name":"In\u00edcio","item":"https:\/\/portaltela.pt\/"},{"@type":"ListItem","position":2,"name":"Portugueses retidos na \u00c1sia sem solu\u00e7\u00f5es para regressar a casa"}]},{"@type":"WebSite","@id":"https:\/\/portaltela.pt\/#website","url":"https:\/\/portaltela.pt\/","name":"Portal Tela Portugal","description":"","potentialAction":[{"@type":"SearchAction","target":{"@type":"EntryPoint","urlTemplate":"https:\/\/portaltela.pt\/?s={search_term_string}"},"query-input":{"@type":"PropertyValueSpecification","valueRequired":true,"valueName":"search_term_string"}}],"inLanguage":"pt-PT"},{"@type":"Person","@id":"https:\/\/portaltela.pt\/#\/schema\/person\/c4278d4a6028830caff9ee44b42d32ed","name":"Telinha","image":{"@type":"ImageObject","inLanguage":"pt-PT","@id":"https:\/\/portaltela.pt\/s.01k8rhncp4jt1\/2025\/11\/talking-bot-125x125.png","url":"https:\/\/portaltela.pt\/s.01k8rhncp4jt1\/2025\/11\/talking-bot-125x125.png","contentUrl":"https:\/\/portaltela.pt\/s.01k8rhncp4jt1\/2025\/11\/talking-bot-125x125.png","caption":"Telinha"},"sameAs":["https:\/\/portaltela.pt\/"],"url":"https:\/\/portaltela.pt\/por\/367410592786\/"}]}},"_links":{"self":[{"href":"https:\/\/portaltela.pt\/api\/wp\/v2\/posts\/405075","targetHints":{"allow":["GET"]}}],"collection":[{"href":"https:\/\/portaltela.pt\/api\/wp\/v2\/posts"}],"about":[{"href":"https:\/\/portaltela.pt\/api\/wp\/v2\/types\/post"}],"author":[{"embeddable":true,"href":"https:\/\/portaltela.pt\/api\/wp\/v2\/users\/2"}],"replies":[{"embeddable":true,"href":"https:\/\/portaltela.pt\/api\/wp\/v2\/comments?post=405075"}],"version-history":[{"count":0,"href":"https:\/\/portaltela.pt\/api\/wp\/v2\/posts\/405075\/revisions"}],"wp:featuredmedia":[{"embeddable":true,"href":"https:\/\/portaltela.pt\/api\/wp\/v2\/media\/405077"}],"wp:attachment":[{"href":"https:\/\/portaltela.pt\/api\/wp\/v2\/media?parent=405075"}],"wp:term":[{"taxonomy":"category","embeddable":true,"href":"https:\/\/portaltela.pt\/api\/wp\/v2\/categories?post=405075"},{"taxonomy":"post_tag","embeddable":true,"href":"https:\/\/portaltela.pt\/api\/wp\/v2\/tags?post=405075"}],"curies":[{"name":"wp","href":"https:\/\/api.w.org\/{rel}","templated":true}]}}