{"id":405071,"date":"2026-03-10T16:05:00","date_gmt":"2026-03-10T19:05:00","guid":{"rendered":"https:\/\/portaltela.pt\/noticias\/2026\/03\/10\/peticao-para-tornar-violacao-crime-publico-recebe-mais-de-200-mil-assinaturas\/"},"modified":"2026-03-10T16:05:00","modified_gmt":"2026-03-10T19:05:00","slug":"peticao-para-tornar-violacao-crime-publico-recebe-mais-de-200-mil-assinaturas","status":"publish","type":"post","link":"https:\/\/portaltela.pt\/noticias\/2026\/03\/10\/peticao-para-tornar-violacao-crime-publico-recebe-mais-de-200-mil-assinaturas\/","title":{"rendered":"Peti\u00e7\u00e3o para tornar viola\u00e7\u00e3o crime p\u00fablico recebe mais de 200 mil assinaturas"},"content":{"rendered":"<p>Uma peti\u00e7\u00e3o entregue na Assembleia da Rep\u00fablica (AR) pede medidas para tornar a viola\u00e7\u00e3o crime p\u00fablico e para autonomizar o crime de femic\u00eddio. A iniciativa foi apresentada na segunda-feira, com mais de 200 mil assinaturas.<\/p>\n<p>Intitulada Peti\u00e7\u00e3o contra a viol\u00eancia sobre as mulheres, foi lan\u00e7ada no ano passado e j\u00e1 reuniu 209.510 subscritores, bem acima do m\u00ednimo de 7.500 para discuss\u00e3o em plen\u00e1rio. Entre os primeiros subscritores est\u00e3o v\u00e1rias personalidades, como Francisca de Magalh\u00e3es Barros, Manuela Ramalho Eanes, Dulce Rocha, Rui Pereira, Ant\u00f3nio Garcia Pereira, Isabel Aguiar Branco e Clara Sottomayor.<\/p>\n<p>Numa nota enviada \u00e0s reda\u00e7\u00f5es, os subscritores apontam uma preocupa\u00e7\u00e3o crescente com a persist\u00eancia da viol\u00eancia contra as mulheres e defendem medidas estruturais para garantir seguran\u00e7a, justi\u00e7a e dignidade. O grupo defende altera\u00e7\u00f5es ao C\u00f3digo Penal para tornar a viola\u00e7\u00e3o crime p\u00fablico e para aumentar as penas da viol\u00eancia dom\u00e9stica, bem como a autonomiza\u00e7\u00e3o do femic\u00eddio.<\/p>\n<h3>Contexto pol\u00edtico<\/h3>\n<p>O Parlamento discutiu h\u00e1 duas semanas um projeto de lei do PAN que defendia a autonomiza\u00e7\u00e3o do femic\u00eddio no C\u00f3digo Penal, mas foi rejeitado pela maioria. A iniciativa da peti\u00e7\u00e3o surge numa altura de debate sobre a viol\u00eancia dom\u00e9stica e a necessidade de respostas legais mais c\u00e9lernes.<\/p>\n<p>Segundo o Portal da Viol\u00eancia Dom\u00e9stica, 25 pessoas morreram em viol\u00eancia dom\u00e9stica no ano passado, 21 delas mulheres, tornando 2025 o ano com mais homic\u00eddios neste contexto desde 2022. Os n\u00fameros sublinham a urg\u00eancia de medidas adicionais anunciadas pela peti\u00e7\u00e3o.<\/p>\n","protected":false},"excerpt":{"rendered":"<ul>\n<li>Uma peti\u00e7\u00e3o \u00e0 Assembleia da Rep\u00fablica pediu tornar a viola\u00e7\u00e3o crime p\u00fablico e autonomizar o crime de femic\u00eddio, entregue na segunda-feira com mais de 200 mil assinaturas.<\/li>\n<li>A iniciativa, lan\u00e7ada no ano passado, j\u00e1 tem 209.510 subscri\u00e7\u00f5es, muito acima do m\u00ednimo de 7.500 para discuss\u00e3o em plen\u00e1rio.<\/li>\n<li>Entre os primeiros subscritores est\u00e3o figuras p\u00fablicas como Francisca de Magalh\u00e3es Barros, Manuela Ramalho Eanes, Dulce Rocha, Rui Pereira, Ant\u00f3nio Garcia Pereira, Isabel Aguiar Branco e Clara Sottomayor.<\/li>\n<li>Os subscritores defendem altera\u00e7\u00f5es ao C\u00f3digo Penal para tornar a viola\u00e7\u00e3o um crime p\u00fablico e punir mais severamente a viol\u00eancia dom\u00e9stica, bem como autonomizar o femic\u00eddio.<\/li>\n<li>O Parlamento discutiu recentemente um projeto do PAN sobre femic\u00eddio, que foi rejeitado, e dados do Portal da Viol\u00eancia Dom\u00e9stica indicaram vinte e cinco mortes no ano anterior, com 21 mulheres.<\/li>\n<\/ul>\n","protected":false},"author":2,"featured_media":405074,"comment_status":"closed","ping_status":"closed","sticky":false,"template":"","format":"standard","meta":{"footnotes":""},"categories":[6815,1],"tags":[4230,2633,6719,1825,4114,214],"class_list":["post-405071","post","type-post","status-publish","format-standard","has-post-thumbnail","hentry","category-justica","category-noticias","tag-codigo-penal","tag-direitos-humanos","tag-femicidio","tag-violacao","tag-violencia-de-genero-desafios-na-atualidade","tag-violencia-domestica"],"yoast_head":"<!-- This site is optimized with the Yoast SEO plugin v27.2 - https:\/\/yoast.com\/product\/yoast-seo-wordpress\/ -->\n<title>Peti\u00e7\u00e3o para tornar viola\u00e7\u00e3o crime p\u00fablico recebe mais de 200 mil assinaturas - Portal Tela Portugal<\/title>\n<meta name=\"robots\" content=\"index, follow, max-snippet:-1, max-image-preview:large, max-video-preview:-1\" \/>\n<meta property=\"og:locale\" content=\"pt_PT\" \/>\n<meta property=\"og:type\" content=\"article\" \/>\n<meta property=\"og:title\" content=\"Peti\u00e7\u00e3o para tornar viola\u00e7\u00e3o crime p\u00fablico recebe mais de 200 mil assinaturas - Portal Tela Portugal\" \/>\n<meta property=\"og:description\" content=\"Uma peti\u00e7\u00e3o \u00e0 Assembleia da Rep\u00fablica pediu tornar a viola\u00e7\u00e3o crime p\u00fablico e autonomizar o crime de femic\u00eddio, entregue na segunda-feira com mais de 200 mil assinaturas. A iniciativa, lan\u00e7ada no ano passado, j\u00e1 tem 209.510 subscri\u00e7\u00f5es, muito acima do m\u00ednimo de 7.500 para discuss\u00e3o em plen\u00e1rio. Entre os primeiros subscritores est\u00e3o figuras p\u00fablicas como Francisca de Magalh\u00e3es Barros, Manuela Ramalho Eanes, Dulce Rocha, Rui Pereira, Ant\u00f3nio Garcia Pereira, Isabel Aguiar Branco e Clara Sottomayor. Os subscritores defendem altera\u00e7\u00f5es ao C\u00f3digo Penal para tornar a viola\u00e7\u00e3o um crime p\u00fablico e punir mais severamente a viol\u00eancia dom\u00e9stica, bem como autonomizar o femic\u00eddio. O Parlamento discutiu recentemente um projeto do PAN sobre femic\u00eddio, que foi rejeitado, e dados do Portal da Viol\u00eancia Dom\u00e9stica indicaram vinte e cinco mortes no ano anterior, com 21 mulheres.\" \/>\n<meta property=\"og:url\" content=\"https:\/\/portaltela.pt\/noticias\/2026\/03\/10\/peticao-para-tornar-violacao-crime-publico-recebe-mais-de-200-mil-assinaturas\/\" \/>\n<meta property=\"og:site_name\" content=\"Portal Tela Portugal\" \/>\n<meta property=\"article:published_time\" content=\"2026-03-10T19:05:00+00:00\" \/>\n<meta name=\"author\" content=\"Telinha\" \/>\n<meta name=\"twitter:card\" content=\"summary_large_image\" \/>\n<meta name=\"twitter:label1\" content=\"Escrito por\" \/>\n\t<meta name=\"twitter:data1\" content=\"Telinha\" \/>\n\t<meta name=\"twitter:label2\" content=\"Tempo estimado de leitura\" \/>\n\t<meta name=\"twitter:data2\" content=\"1 minuto\" \/>\n<script type=\"application\/ld+json\" class=\"yoast-schema-graph\">{\"@context\":\"https:\/\/schema.org\",\"@graph\":[{\"@type\":\"Article\",\"@id\":\"https:\/\/portaltela.pt\/noticias\/2026\/03\/10\/peticao-para-tornar-violacao-crime-publico-recebe-mais-de-200-mil-assinaturas\/#article\",\"isPartOf\":{\"@id\":\"https:\/\/portaltela.pt\/noticias\/2026\/03\/10\/peticao-para-tornar-violacao-crime-publico-recebe-mais-de-200-mil-assinaturas\/\"},\"author\":{\"name\":\"Telinha\",\"@id\":\"https:\/\/portaltela.pt\/#\/schema\/person\/c4278d4a6028830caff9ee44b42d32ed\"},\"headline\":\"Peti\u00e7\u00e3o para tornar viola\u00e7\u00e3o crime p\u00fablico recebe mais de 200 mil assinaturas\",\"datePublished\":\"2026-03-10T19:05:00+00:00\",\"mainEntityOfPage\":{\"@id\":\"https:\/\/portaltela.pt\/noticias\/2026\/03\/10\/peticao-para-tornar-violacao-crime-publico-recebe-mais-de-200-mil-assinaturas\/\"},\"wordCount\":288,\"image\":{\"@id\":\"https:\/\/portaltela.pt\/noticias\/2026\/03\/10\/peticao-para-tornar-violacao-crime-publico-recebe-mais-de-200-mil-assinaturas\/#primaryimage\"},\"thumbnailUrl\":\"https:\/\/portaltela.pt\/s.01k8rhncp4jt1\/2026\/03\/image-657.jpg\",\"keywords\":[\"C\u00f3digo Penal\",\"direitos humanos\",\"femic\u00eddio\",\"viola\u00e7\u00e3o\",\"viol\u00eancia de g\u00e9nero \u2013 Desafios na Atualidade\",\"viol\u00eancia dom\u00e9stica\"],\"articleSection\":[\"Justi\u00e7a\",\"Not\u00edcias\"],\"inLanguage\":\"pt-PT\"},{\"@type\":\"WebPage\",\"@id\":\"https:\/\/portaltela.pt\/noticias\/2026\/03\/10\/peticao-para-tornar-violacao-crime-publico-recebe-mais-de-200-mil-assinaturas\/\",\"url\":\"https:\/\/portaltela.pt\/noticias\/2026\/03\/10\/peticao-para-tornar-violacao-crime-publico-recebe-mais-de-200-mil-assinaturas\/\",\"name\":\"Peti\u00e7\u00e3o para tornar viola\u00e7\u00e3o crime p\u00fablico recebe mais de 200 mil assinaturas - Portal Tela Portugal\",\"isPartOf\":{\"@id\":\"https:\/\/portaltela.pt\/#website\"},\"primaryImageOfPage\":{\"@id\":\"https:\/\/portaltela.pt\/noticias\/2026\/03\/10\/peticao-para-tornar-violacao-crime-publico-recebe-mais-de-200-mil-assinaturas\/#primaryimage\"},\"image\":{\"@id\":\"https:\/\/portaltela.pt\/noticias\/2026\/03\/10\/peticao-para-tornar-violacao-crime-publico-recebe-mais-de-200-mil-assinaturas\/#primaryimage\"},\"thumbnailUrl\":\"https:\/\/portaltela.pt\/s.01k8rhncp4jt1\/2026\/03\/image-657.jpg\",\"datePublished\":\"2026-03-10T19:05:00+00:00\",\"author\":{\"@id\":\"https:\/\/portaltela.pt\/#\/schema\/person\/c4278d4a6028830caff9ee44b42d32ed\"},\"breadcrumb\":{\"@id\":\"https:\/\/portaltela.pt\/noticias\/2026\/03\/10\/peticao-para-tornar-violacao-crime-publico-recebe-mais-de-200-mil-assinaturas\/#breadcrumb\"},\"inLanguage\":\"pt-PT\",\"potentialAction\":[{\"@type\":\"ReadAction\",\"target\":[\"https:\/\/portaltela.pt\/noticias\/2026\/03\/10\/peticao-para-tornar-violacao-crime-publico-recebe-mais-de-200-mil-assinaturas\/\"]}]},{\"@type\":\"ImageObject\",\"inLanguage\":\"pt-PT\",\"@id\":\"https:\/\/portaltela.pt\/noticias\/2026\/03\/10\/peticao-para-tornar-violacao-crime-publico-recebe-mais-de-200-mil-assinaturas\/#primaryimage\",\"url\":\"https:\/\/portaltela.pt\/s.01k8rhncp4jt1\/2026\/03\/image-657.jpg\",\"contentUrl\":\"https:\/\/portaltela.pt\/s.01k8rhncp4jt1\/2026\/03\/image-657.jpg\",\"width\":796,\"height\":448,\"caption\":\"A iniciativa foi subscrita por 209.510 pessoas\"},{\"@type\":\"BreadcrumbList\",\"@id\":\"https:\/\/portaltela.pt\/noticias\/2026\/03\/10\/peticao-para-tornar-violacao-crime-publico-recebe-mais-de-200-mil-assinaturas\/#breadcrumb\",\"itemListElement\":[{\"@type\":\"ListItem\",\"position\":1,\"name\":\"In\u00edcio\",\"item\":\"https:\/\/portaltela.pt\/\"},{\"@type\":\"ListItem\",\"position\":2,\"name\":\"Peti\u00e7\u00e3o para tornar viola\u00e7\u00e3o crime p\u00fablico recebe mais de 200 mil assinaturas\"}]},{\"@type\":\"WebSite\",\"@id\":\"https:\/\/portaltela.pt\/#website\",\"url\":\"https:\/\/portaltela.pt\/\",\"name\":\"Portal Tela Portugal\",\"description\":\"\",\"potentialAction\":[{\"@type\":\"SearchAction\",\"target\":{\"@type\":\"EntryPoint\",\"urlTemplate\":\"https:\/\/portaltela.pt\/?s={search_term_string}\"},\"query-input\":{\"@type\":\"PropertyValueSpecification\",\"valueRequired\":true,\"valueName\":\"search_term_string\"}}],\"inLanguage\":\"pt-PT\"},{\"@type\":\"Person\",\"@id\":\"https:\/\/portaltela.pt\/#\/schema\/person\/c4278d4a6028830caff9ee44b42d32ed\",\"name\":\"Telinha\",\"image\":{\"@type\":\"ImageObject\",\"inLanguage\":\"pt-PT\",\"@id\":\"https:\/\/portaltela.pt\/s.01k8rhncp4jt1\/2025\/11\/talking-bot-125x125.png\",\"url\":\"https:\/\/portaltela.pt\/s.01k8rhncp4jt1\/2025\/11\/talking-bot-125x125.png\",\"contentUrl\":\"https:\/\/portaltela.pt\/s.01k8rhncp4jt1\/2025\/11\/talking-bot-125x125.png\",\"caption\":\"Telinha\"},\"sameAs\":[\"https:\/\/portaltela.pt\/\"],\"url\":\"https:\/\/portaltela.pt\/por\/367410592786\/\"}]}<\/script>\n<!-- \/ Yoast SEO plugin. -->","yoast_head_json":{"title":"Peti\u00e7\u00e3o para tornar viola\u00e7\u00e3o crime p\u00fablico recebe mais de 200 mil assinaturas - Portal Tela Portugal","robots":{"index":"index","follow":"follow","max-snippet":"max-snippet:-1","max-image-preview":"max-image-preview:large","max-video-preview":"max-video-preview:-1"},"og_locale":"pt_PT","og_type":"article","og_title":"Peti\u00e7\u00e3o para tornar viola\u00e7\u00e3o crime p\u00fablico recebe mais de 200 mil assinaturas - Portal Tela Portugal","og_description":"Uma peti\u00e7\u00e3o \u00e0 Assembleia da Rep\u00fablica pediu tornar a viola\u00e7\u00e3o crime p\u00fablico e autonomizar o crime de femic\u00eddio, entregue na segunda-feira com mais de 200 mil assinaturas. A iniciativa, lan\u00e7ada no ano passado, j\u00e1 tem 209.510 subscri\u00e7\u00f5es, muito acima do m\u00ednimo de 7.500 para discuss\u00e3o em plen\u00e1rio. Entre os primeiros subscritores est\u00e3o figuras p\u00fablicas como Francisca de Magalh\u00e3es Barros, Manuela Ramalho Eanes, Dulce Rocha, Rui Pereira, Ant\u00f3nio Garcia Pereira, Isabel Aguiar Branco e Clara Sottomayor. Os subscritores defendem altera\u00e7\u00f5es ao C\u00f3digo Penal para tornar a viola\u00e7\u00e3o um crime p\u00fablico e punir mais severamente a viol\u00eancia dom\u00e9stica, bem como autonomizar o femic\u00eddio. O Parlamento discutiu recentemente um projeto do PAN sobre femic\u00eddio, que foi rejeitado, e dados do Portal da Viol\u00eancia Dom\u00e9stica indicaram vinte e cinco mortes no ano anterior, com 21 mulheres.","og_url":"https:\/\/portaltela.pt\/noticias\/2026\/03\/10\/peticao-para-tornar-violacao-crime-publico-recebe-mais-de-200-mil-assinaturas\/","og_site_name":"Portal Tela Portugal","article_published_time":"2026-03-10T19:05:00+00:00","author":"Telinha","twitter_card":"summary_large_image","twitter_misc":{"Escrito por":"Telinha","Tempo estimado de leitura":"1 minuto"},"schema":{"@context":"https:\/\/schema.org","@graph":[{"@type":"Article","@id":"https:\/\/portaltela.pt\/noticias\/2026\/03\/10\/peticao-para-tornar-violacao-crime-publico-recebe-mais-de-200-mil-assinaturas\/#article","isPartOf":{"@id":"https:\/\/portaltela.pt\/noticias\/2026\/03\/10\/peticao-para-tornar-violacao-crime-publico-recebe-mais-de-200-mil-assinaturas\/"},"author":{"name":"Telinha","@id":"https:\/\/portaltela.pt\/#\/schema\/person\/c4278d4a6028830caff9ee44b42d32ed"},"headline":"Peti\u00e7\u00e3o para tornar viola\u00e7\u00e3o crime p\u00fablico recebe mais de 200 mil assinaturas","datePublished":"2026-03-10T19:05:00+00:00","mainEntityOfPage":{"@id":"https:\/\/portaltela.pt\/noticias\/2026\/03\/10\/peticao-para-tornar-violacao-crime-publico-recebe-mais-de-200-mil-assinaturas\/"},"wordCount":288,"image":{"@id":"https:\/\/portaltela.pt\/noticias\/2026\/03\/10\/peticao-para-tornar-violacao-crime-publico-recebe-mais-de-200-mil-assinaturas\/#primaryimage"},"thumbnailUrl":"https:\/\/portaltela.pt\/s.01k8rhncp4jt1\/2026\/03\/image-657.jpg","keywords":["C\u00f3digo Penal","direitos humanos","femic\u00eddio","viola\u00e7\u00e3o","viol\u00eancia de g\u00e9nero \u2013 Desafios na Atualidade","viol\u00eancia dom\u00e9stica"],"articleSection":["Justi\u00e7a","Not\u00edcias"],"inLanguage":"pt-PT"},{"@type":"WebPage","@id":"https:\/\/portaltela.pt\/noticias\/2026\/03\/10\/peticao-para-tornar-violacao-crime-publico-recebe-mais-de-200-mil-assinaturas\/","url":"https:\/\/portaltela.pt\/noticias\/2026\/03\/10\/peticao-para-tornar-violacao-crime-publico-recebe-mais-de-200-mil-assinaturas\/","name":"Peti\u00e7\u00e3o para tornar viola\u00e7\u00e3o crime p\u00fablico recebe mais de 200 mil assinaturas - Portal Tela Portugal","isPartOf":{"@id":"https:\/\/portaltela.pt\/#website"},"primaryImageOfPage":{"@id":"https:\/\/portaltela.pt\/noticias\/2026\/03\/10\/peticao-para-tornar-violacao-crime-publico-recebe-mais-de-200-mil-assinaturas\/#primaryimage"},"image":{"@id":"https:\/\/portaltela.pt\/noticias\/2026\/03\/10\/peticao-para-tornar-violacao-crime-publico-recebe-mais-de-200-mil-assinaturas\/#primaryimage"},"thumbnailUrl":"https:\/\/portaltela.pt\/s.01k8rhncp4jt1\/2026\/03\/image-657.jpg","datePublished":"2026-03-10T19:05:00+00:00","author":{"@id":"https:\/\/portaltela.pt\/#\/schema\/person\/c4278d4a6028830caff9ee44b42d32ed"},"breadcrumb":{"@id":"https:\/\/portaltela.pt\/noticias\/2026\/03\/10\/peticao-para-tornar-violacao-crime-publico-recebe-mais-de-200-mil-assinaturas\/#breadcrumb"},"inLanguage":"pt-PT","potentialAction":[{"@type":"ReadAction","target":["https:\/\/portaltela.pt\/noticias\/2026\/03\/10\/peticao-para-tornar-violacao-crime-publico-recebe-mais-de-200-mil-assinaturas\/"]}]},{"@type":"ImageObject","inLanguage":"pt-PT","@id":"https:\/\/portaltela.pt\/noticias\/2026\/03\/10\/peticao-para-tornar-violacao-crime-publico-recebe-mais-de-200-mil-assinaturas\/#primaryimage","url":"https:\/\/portaltela.pt\/s.01k8rhncp4jt1\/2026\/03\/image-657.jpg","contentUrl":"https:\/\/portaltela.pt\/s.01k8rhncp4jt1\/2026\/03\/image-657.jpg","width":796,"height":448,"caption":"A iniciativa foi subscrita por 209.510 pessoas"},{"@type":"BreadcrumbList","@id":"https:\/\/portaltela.pt\/noticias\/2026\/03\/10\/peticao-para-tornar-violacao-crime-publico-recebe-mais-de-200-mil-assinaturas\/#breadcrumb","itemListElement":[{"@type":"ListItem","position":1,"name":"In\u00edcio","item":"https:\/\/portaltela.pt\/"},{"@type":"ListItem","position":2,"name":"Peti\u00e7\u00e3o para tornar viola\u00e7\u00e3o crime p\u00fablico recebe mais de 200 mil assinaturas"}]},{"@type":"WebSite","@id":"https:\/\/portaltela.pt\/#website","url":"https:\/\/portaltela.pt\/","name":"Portal Tela Portugal","description":"","potentialAction":[{"@type":"SearchAction","target":{"@type":"EntryPoint","urlTemplate":"https:\/\/portaltela.pt\/?s={search_term_string}"},"query-input":{"@type":"PropertyValueSpecification","valueRequired":true,"valueName":"search_term_string"}}],"inLanguage":"pt-PT"},{"@type":"Person","@id":"https:\/\/portaltela.pt\/#\/schema\/person\/c4278d4a6028830caff9ee44b42d32ed","name":"Telinha","image":{"@type":"ImageObject","inLanguage":"pt-PT","@id":"https:\/\/portaltela.pt\/s.01k8rhncp4jt1\/2025\/11\/talking-bot-125x125.png","url":"https:\/\/portaltela.pt\/s.01k8rhncp4jt1\/2025\/11\/talking-bot-125x125.png","contentUrl":"https:\/\/portaltela.pt\/s.01k8rhncp4jt1\/2025\/11\/talking-bot-125x125.png","caption":"Telinha"},"sameAs":["https:\/\/portaltela.pt\/"],"url":"https:\/\/portaltela.pt\/por\/367410592786\/"}]}},"_links":{"self":[{"href":"https:\/\/portaltela.pt\/api\/wp\/v2\/posts\/405071","targetHints":{"allow":["GET"]}}],"collection":[{"href":"https:\/\/portaltela.pt\/api\/wp\/v2\/posts"}],"about":[{"href":"https:\/\/portaltela.pt\/api\/wp\/v2\/types\/post"}],"author":[{"embeddable":true,"href":"https:\/\/portaltela.pt\/api\/wp\/v2\/users\/2"}],"replies":[{"embeddable":true,"href":"https:\/\/portaltela.pt\/api\/wp\/v2\/comments?post=405071"}],"version-history":[{"count":0,"href":"https:\/\/portaltela.pt\/api\/wp\/v2\/posts\/405071\/revisions"}],"wp:featuredmedia":[{"embeddable":true,"href":"https:\/\/portaltela.pt\/api\/wp\/v2\/media\/405074"}],"wp:attachment":[{"href":"https:\/\/portaltela.pt\/api\/wp\/v2\/media?parent=405071"}],"wp:term":[{"taxonomy":"category","embeddable":true,"href":"https:\/\/portaltela.pt\/api\/wp\/v2\/categories?post=405071"},{"taxonomy":"post_tag","embeddable":true,"href":"https:\/\/portaltela.pt\/api\/wp\/v2\/tags?post=405071"}],"curies":[{"name":"wp","href":"https:\/\/api.w.org\/{rel}","templated":true}]}}