{"id":405068,"date":"2026-03-10T16:11:00","date_gmt":"2026-03-10T19:11:00","guid":{"rendered":"https:\/\/portaltela.pt\/noticias\/2026\/03\/10\/duplas-portuguesas-avancam-para-a-frota-de-ouro-nos-europeus-de-470\/"},"modified":"2026-03-10T16:11:00","modified_gmt":"2026-03-10T19:11:00","slug":"duplas-portuguesas-avancam-para-a-frota-de-ouro-nos-europeus-de-470","status":"publish","type":"post","link":"https:\/\/portaltela.pt\/desporto\/copa-do-mundo\/2026\/03\/10\/duplas-portuguesas-avancam-para-a-frota-de-ouro-nos-europeus-de-470\/","title":{"rendered":"Duplas portuguesas avan\u00e7am para a frota de ouro nos Europeus de 470"},"content":{"rendered":"<p>Diogo Costa\/Carolina Jo\u00e3o e Beatriz Gago\/Rodolfo Pires garantiram hoje a passagem para a frota de ouro dos Europeus de 470, em Vilamoura, ap\u00f3s cinco regatas. O objetivo ficou assegurado mesmo com altera\u00e7\u00f5es nos resultados do dia.<\/p>\n<p>Os dois barcos lusos acabaram a sess\u00e3o com posi\u00e7\u00f5es que os mant\u00eam na corrida pela medalha. Costa\/Jo\u00e3o foram terceiros e s\u00e9timos, somando 15 pontos, iguais aos japoneses Tetsuya Isozaki\/Yurie Seki, que assumiram o quarto posto.<\/p>\n<p>Gago\/Pires tamb\u00e9m tiveram um dia de oscila\u00e7\u00f5es, com um quarto lugar e um 12.\u00ba, o que deixou a dupla em oitavo com 19 pontos. A lideran\u00e7a continua a pertencer aos italianos Ferrari\/Dubbini, com sete pontos.<\/p>\n<h3>Desempenho das duplas portuguesas<\/h3>\n<p>Entretanto, Costa, vice-campe\u00e3o mundial em 470 com o irm\u00e3o Pedro Costa (2021), mant\u00e9m-se no quarto lugar do ranking mundial, com Carolina Jo\u00e3o. Beatriz Gago e Rodolfo Pires ocupam a nona posi\u00e7\u00e3o.<\/p>\n<p>Na quinta-feira, est\u00e3o previstas mais tr\u00eas regatas. Na sexta, duas regatas completam as fases de qualifica\u00e7\u00e3o, definindo as 10 tripula\u00e7\u00f5es para a medal race, com pontos a dobrar.<\/p>\n<h3>Situa\u00e7\u00e3o na classifica\u00e7\u00e3o geral<\/h3>\n<p>Os Europeus de 470 contam com 55 duplas de 21 pa\u00edses. O trio no topo permanece est\u00e1vel: Ferrari\/Dubbini lideram, seguidos por Wrigley\/Harris e Hern\u00e1ndez\/Alc\u00e1ntara, ampliando o quadro de luta pela medalha.<\/p>\n","protected":false},"excerpt":{"rendered":"<ul>\n<li>Duplas portuguesas Diogo Costa\/Carolina Jo\u00e3o e Beatriz Gago\/Rodolfo Pires avan\u00e7aram para a frota de ouro dos Europeus de 470 em Vilamoura, ap\u00f3s cinco regatas disputadas.<\/li>\n<li>Costa\/Jo\u00e3o terminaram o dia com um terceiro e um s\u00e9timo lugar, totalizando 15 pontos, empatados com os japoneses Tetsuya Isozaki e Yurie Seki na luta pelo quarto lugar.<\/li>\n<li>Gago\/Pires conseguiram um quarto e um 12\u00ba lugar, terminando o dia com 19 pontos e descendo da sexta para a oitava posi\u00e7\u00e3o.<\/li>\n<li>Os l\u00edderes continuam os italianos Giacomo Ferrari e Alessandra Dubbini (sete pontos), seguidos pelos brit\u00e2nicos Martin Wrigley e Bettine Harris (nove), com os espanh\u00f3is Jordi Hern\u00e1ndez e Marta Alc\u00e1ntara a completar o p\u00f3dio provis\u00f3rio com 15.<\/li>\n<li>Na quarta-feira seguem-se tr\u00eas regatas; na quinta e sexta-feira, mais duas, definindo as 10 tripula\u00e7\u00f5es que disputar\u00e3o a medal race no s\u00e1bado, com pontos a dobrar.<\/li>\n<\/ul>\n","protected":false},"author":2,"featured_media":405070,"comment_status":"closed","ping_status":"closed","sticky":false,"template":"","format":"standard","meta":{"footnotes":""},"categories":[6695,21],"tags":[152,2681,2487,4384,1014],"class_list":["post-405068","post","type-post","status-publish","format-standard","has-post-thumbnail","hentry","category-copa-do-mundo","category-desporto","tag-desporto","tag-desporto-internacional","tag-europa","tag-nautica","tag-portugal"],"yoast_head":"<!-- This site is optimized with the Yoast SEO plugin v27.2 - https:\/\/yoast.com\/product\/yoast-seo-wordpress\/ -->\n<title>Duplas portuguesas avan\u00e7am para a frota de ouro nos Europeus de 470 - Portal Tela Portugal<\/title>\n<meta name=\"robots\" content=\"index, follow, max-snippet:-1, max-image-preview:large, max-video-preview:-1\" \/>\n<meta property=\"og:locale\" content=\"pt_PT\" \/>\n<meta property=\"og:type\" content=\"article\" \/>\n<meta property=\"og:title\" content=\"Duplas portuguesas avan\u00e7am para a frota de ouro nos Europeus de 470 - Portal Tela Portugal\" \/>\n<meta property=\"og:description\" content=\"Duplas portuguesas Diogo Costa\/Carolina Jo\u00e3o e Beatriz Gago\/Rodolfo Pires avan\u00e7aram para a frota de ouro dos Europeus de 470 em Vilamoura, ap\u00f3s cinco regatas disputadas. Costa\/Jo\u00e3o terminaram o dia com um terceiro e um s\u00e9timo lugar, totalizando 15 pontos, empatados com os japoneses Tetsuya Isozaki e Yurie Seki na luta pelo quarto lugar. Gago\/Pires conseguiram um quarto e um 12\u00ba lugar, terminando o dia com 19 pontos e descendo da sexta para a oitava posi\u00e7\u00e3o. Os l\u00edderes continuam os italianos Giacomo Ferrari e Alessandra Dubbini (sete pontos), seguidos pelos brit\u00e2nicos Martin Wrigley e Bettine Harris (nove), com os espanh\u00f3is Jordi Hern\u00e1ndez e Marta Alc\u00e1ntara a completar o p\u00f3dio provis\u00f3rio com 15. Na quarta-feira seguem-se tr\u00eas regatas; na quinta e sexta-feira, mais duas, definindo as 10 tripula\u00e7\u00f5es que disputar\u00e3o a medal race no s\u00e1bado, com pontos a dobrar.\" \/>\n<meta property=\"og:url\" content=\"https:\/\/portaltela.pt\/noticias\/2026\/03\/10\/duplas-portuguesas-avancam-para-a-frota-de-ouro-nos-europeus-de-470\/\" \/>\n<meta property=\"og:site_name\" content=\"Portal Tela Portugal\" \/>\n<meta property=\"article:published_time\" content=\"2026-03-10T19:11:00+00:00\" \/>\n<meta name=\"author\" content=\"Telinha\" \/>\n<meta name=\"twitter:card\" content=\"summary_large_image\" \/>\n<meta name=\"twitter:label1\" content=\"Escrito por\" \/>\n\t<meta name=\"twitter:data1\" content=\"Telinha\" \/>\n\t<meta name=\"twitter:label2\" content=\"Tempo estimado de leitura\" \/>\n\t<meta name=\"twitter:data2\" content=\"1 minuto\" \/>\n<script type=\"application\/ld+json\" class=\"yoast-schema-graph\">{\"@context\":\"https:\/\/schema.org\",\"@graph\":[{\"@type\":\"Article\",\"@id\":\"https:\/\/portaltela.pt\/noticias\/2026\/03\/10\/duplas-portuguesas-avancam-para-a-frota-de-ouro-nos-europeus-de-470\/#article\",\"isPartOf\":{\"@id\":\"https:\/\/portaltela.pt\/noticias\/2026\/03\/10\/duplas-portuguesas-avancam-para-a-frota-de-ouro-nos-europeus-de-470\/\"},\"author\":{\"name\":\"Telinha\",\"@id\":\"https:\/\/portaltela.pt\/#\/schema\/person\/c4278d4a6028830caff9ee44b42d32ed\"},\"headline\":\"Duplas portuguesas avan\u00e7am para a frota de ouro nos Europeus de 470\",\"datePublished\":\"2026-03-10T19:11:00+00:00\",\"mainEntityOfPage\":{\"@id\":\"https:\/\/portaltela.pt\/noticias\/2026\/03\/10\/duplas-portuguesas-avancam-para-a-frota-de-ouro-nos-europeus-de-470\/\"},\"wordCount\":241,\"image\":{\"@id\":\"https:\/\/portaltela.pt\/noticias\/2026\/03\/10\/duplas-portuguesas-avancam-para-a-frota-de-ouro-nos-europeus-de-470\/#primaryimage\"},\"thumbnailUrl\":\"https:\/\/portaltela.pt\/s.01k8rhncp4jt1\/2026\/03\/img_920x518uu2026-03-10-19-10-28-2426079.jpg\",\"keywords\":[\"desporto\",\"desporto internacional\",\"Europa\",\"N\u00e1utica\",\"Portugal\"],\"articleSection\":[\"Copa do Mundo\",\"Desporto\"],\"inLanguage\":\"pt-PT\"},{\"@type\":\"WebPage\",\"@id\":\"https:\/\/portaltela.pt\/noticias\/2026\/03\/10\/duplas-portuguesas-avancam-para-a-frota-de-ouro-nos-europeus-de-470\/\",\"url\":\"https:\/\/portaltela.pt\/noticias\/2026\/03\/10\/duplas-portuguesas-avancam-para-a-frota-de-ouro-nos-europeus-de-470\/\",\"name\":\"Duplas portuguesas avan\u00e7am para a frota de ouro nos Europeus de 470 - Portal Tela Portugal\",\"isPartOf\":{\"@id\":\"https:\/\/portaltela.pt\/#website\"},\"primaryImageOfPage\":{\"@id\":\"https:\/\/portaltela.pt\/noticias\/2026\/03\/10\/duplas-portuguesas-avancam-para-a-frota-de-ouro-nos-europeus-de-470\/#primaryimage\"},\"image\":{\"@id\":\"https:\/\/portaltela.pt\/noticias\/2026\/03\/10\/duplas-portuguesas-avancam-para-a-frota-de-ouro-nos-europeus-de-470\/#primaryimage\"},\"thumbnailUrl\":\"https:\/\/portaltela.pt\/s.01k8rhncp4jt1\/2026\/03\/img_920x518uu2026-03-10-19-10-28-2426079.jpg\",\"datePublished\":\"2026-03-10T19:11:00+00:00\",\"author\":{\"@id\":\"https:\/\/portaltela.pt\/#\/schema\/person\/c4278d4a6028830caff9ee44b42d32ed\"},\"breadcrumb\":{\"@id\":\"https:\/\/portaltela.pt\/noticias\/2026\/03\/10\/duplas-portuguesas-avancam-para-a-frota-de-ouro-nos-europeus-de-470\/#breadcrumb\"},\"inLanguage\":\"pt-PT\",\"potentialAction\":[{\"@type\":\"ReadAction\",\"target\":[\"https:\/\/portaltela.pt\/noticias\/2026\/03\/10\/duplas-portuguesas-avancam-para-a-frota-de-ouro-nos-europeus-de-470\/\"]}]},{\"@type\":\"ImageObject\",\"inLanguage\":\"pt-PT\",\"@id\":\"https:\/\/portaltela.pt\/noticias\/2026\/03\/10\/duplas-portuguesas-avancam-para-a-frota-de-ouro-nos-europeus-de-470\/#primaryimage\",\"url\":\"https:\/\/portaltela.pt\/s.01k8rhncp4jt1\/2026\/03\/img_920x518uu2026-03-10-19-10-28-2426079.jpg\",\"contentUrl\":\"https:\/\/portaltela.pt\/s.01k8rhncp4jt1\/2026\/03\/img_920x518uu2026-03-10-19-10-28-2426079.jpg\",\"width\":796,\"height\":448,\"caption\":\"Diogo Costa e Carolina Jo\u00e3o\"},{\"@type\":\"BreadcrumbList\",\"@id\":\"https:\/\/portaltela.pt\/noticias\/2026\/03\/10\/duplas-portuguesas-avancam-para-a-frota-de-ouro-nos-europeus-de-470\/#breadcrumb\",\"itemListElement\":[{\"@type\":\"ListItem\",\"position\":1,\"name\":\"In\u00edcio\",\"item\":\"https:\/\/portaltela.pt\/\"},{\"@type\":\"ListItem\",\"position\":2,\"name\":\"Duplas portuguesas avan\u00e7am para a frota de ouro nos Europeus de 470\"}]},{\"@type\":\"WebSite\",\"@id\":\"https:\/\/portaltela.pt\/#website\",\"url\":\"https:\/\/portaltela.pt\/\",\"name\":\"Portal Tela Portugal\",\"description\":\"\",\"potentialAction\":[{\"@type\":\"SearchAction\",\"target\":{\"@type\":\"EntryPoint\",\"urlTemplate\":\"https:\/\/portaltela.pt\/?s={search_term_string}\"},\"query-input\":{\"@type\":\"PropertyValueSpecification\",\"valueRequired\":true,\"valueName\":\"search_term_string\"}}],\"inLanguage\":\"pt-PT\"},{\"@type\":\"Person\",\"@id\":\"https:\/\/portaltela.pt\/#\/schema\/person\/c4278d4a6028830caff9ee44b42d32ed\",\"name\":\"Telinha\",\"image\":{\"@type\":\"ImageObject\",\"inLanguage\":\"pt-PT\",\"@id\":\"https:\/\/portaltela.pt\/s.01k8rhncp4jt1\/2025\/11\/talking-bot-125x125.png\",\"url\":\"https:\/\/portaltela.pt\/s.01k8rhncp4jt1\/2025\/11\/talking-bot-125x125.png\",\"contentUrl\":\"https:\/\/portaltela.pt\/s.01k8rhncp4jt1\/2025\/11\/talking-bot-125x125.png\",\"caption\":\"Telinha\"},\"sameAs\":[\"https:\/\/portaltela.pt\/\"],\"url\":\"https:\/\/portaltela.pt\/por\/367410592786\/\"}]}<\/script>\n<!-- \/ Yoast SEO plugin. -->","yoast_head_json":{"title":"Duplas portuguesas avan\u00e7am para a frota de ouro nos Europeus de 470 - Portal Tela Portugal","robots":{"index":"index","follow":"follow","max-snippet":"max-snippet:-1","max-image-preview":"max-image-preview:large","max-video-preview":"max-video-preview:-1"},"og_locale":"pt_PT","og_type":"article","og_title":"Duplas portuguesas avan\u00e7am para a frota de ouro nos Europeus de 470 - Portal Tela Portugal","og_description":"Duplas portuguesas Diogo Costa\/Carolina Jo\u00e3o e Beatriz Gago\/Rodolfo Pires avan\u00e7aram para a frota de ouro dos Europeus de 470 em Vilamoura, ap\u00f3s cinco regatas disputadas. Costa\/Jo\u00e3o terminaram o dia com um terceiro e um s\u00e9timo lugar, totalizando 15 pontos, empatados com os japoneses Tetsuya Isozaki e Yurie Seki na luta pelo quarto lugar. Gago\/Pires conseguiram um quarto e um 12\u00ba lugar, terminando o dia com 19 pontos e descendo da sexta para a oitava posi\u00e7\u00e3o. Os l\u00edderes continuam os italianos Giacomo Ferrari e Alessandra Dubbini (sete pontos), seguidos pelos brit\u00e2nicos Martin Wrigley e Bettine Harris (nove), com os espanh\u00f3is Jordi Hern\u00e1ndez e Marta Alc\u00e1ntara a completar o p\u00f3dio provis\u00f3rio com 15. Na quarta-feira seguem-se tr\u00eas regatas; na quinta e sexta-feira, mais duas, definindo as 10 tripula\u00e7\u00f5es que disputar\u00e3o a medal race no s\u00e1bado, com pontos a dobrar.","og_url":"https:\/\/portaltela.pt\/noticias\/2026\/03\/10\/duplas-portuguesas-avancam-para-a-frota-de-ouro-nos-europeus-de-470\/","og_site_name":"Portal Tela Portugal","article_published_time":"2026-03-10T19:11:00+00:00","author":"Telinha","twitter_card":"summary_large_image","twitter_misc":{"Escrito por":"Telinha","Tempo estimado de leitura":"1 minuto"},"schema":{"@context":"https:\/\/schema.org","@graph":[{"@type":"Article","@id":"https:\/\/portaltela.pt\/noticias\/2026\/03\/10\/duplas-portuguesas-avancam-para-a-frota-de-ouro-nos-europeus-de-470\/#article","isPartOf":{"@id":"https:\/\/portaltela.pt\/noticias\/2026\/03\/10\/duplas-portuguesas-avancam-para-a-frota-de-ouro-nos-europeus-de-470\/"},"author":{"name":"Telinha","@id":"https:\/\/portaltela.pt\/#\/schema\/person\/c4278d4a6028830caff9ee44b42d32ed"},"headline":"Duplas portuguesas avan\u00e7am para a frota de ouro nos Europeus de 470","datePublished":"2026-03-10T19:11:00+00:00","mainEntityOfPage":{"@id":"https:\/\/portaltela.pt\/noticias\/2026\/03\/10\/duplas-portuguesas-avancam-para-a-frota-de-ouro-nos-europeus-de-470\/"},"wordCount":241,"image":{"@id":"https:\/\/portaltela.pt\/noticias\/2026\/03\/10\/duplas-portuguesas-avancam-para-a-frota-de-ouro-nos-europeus-de-470\/#primaryimage"},"thumbnailUrl":"https:\/\/portaltela.pt\/s.01k8rhncp4jt1\/2026\/03\/img_920x518uu2026-03-10-19-10-28-2426079.jpg","keywords":["desporto","desporto internacional","Europa","N\u00e1utica","Portugal"],"articleSection":["Copa do Mundo","Desporto"],"inLanguage":"pt-PT"},{"@type":"WebPage","@id":"https:\/\/portaltela.pt\/noticias\/2026\/03\/10\/duplas-portuguesas-avancam-para-a-frota-de-ouro-nos-europeus-de-470\/","url":"https:\/\/portaltela.pt\/noticias\/2026\/03\/10\/duplas-portuguesas-avancam-para-a-frota-de-ouro-nos-europeus-de-470\/","name":"Duplas portuguesas avan\u00e7am para a frota de ouro nos Europeus de 470 - Portal Tela Portugal","isPartOf":{"@id":"https:\/\/portaltela.pt\/#website"},"primaryImageOfPage":{"@id":"https:\/\/portaltela.pt\/noticias\/2026\/03\/10\/duplas-portuguesas-avancam-para-a-frota-de-ouro-nos-europeus-de-470\/#primaryimage"},"image":{"@id":"https:\/\/portaltela.pt\/noticias\/2026\/03\/10\/duplas-portuguesas-avancam-para-a-frota-de-ouro-nos-europeus-de-470\/#primaryimage"},"thumbnailUrl":"https:\/\/portaltela.pt\/s.01k8rhncp4jt1\/2026\/03\/img_920x518uu2026-03-10-19-10-28-2426079.jpg","datePublished":"2026-03-10T19:11:00+00:00","author":{"@id":"https:\/\/portaltela.pt\/#\/schema\/person\/c4278d4a6028830caff9ee44b42d32ed"},"breadcrumb":{"@id":"https:\/\/portaltela.pt\/noticias\/2026\/03\/10\/duplas-portuguesas-avancam-para-a-frota-de-ouro-nos-europeus-de-470\/#breadcrumb"},"inLanguage":"pt-PT","potentialAction":[{"@type":"ReadAction","target":["https:\/\/portaltela.pt\/noticias\/2026\/03\/10\/duplas-portuguesas-avancam-para-a-frota-de-ouro-nos-europeus-de-470\/"]}]},{"@type":"ImageObject","inLanguage":"pt-PT","@id":"https:\/\/portaltela.pt\/noticias\/2026\/03\/10\/duplas-portuguesas-avancam-para-a-frota-de-ouro-nos-europeus-de-470\/#primaryimage","url":"https:\/\/portaltela.pt\/s.01k8rhncp4jt1\/2026\/03\/img_920x518uu2026-03-10-19-10-28-2426079.jpg","contentUrl":"https:\/\/portaltela.pt\/s.01k8rhncp4jt1\/2026\/03\/img_920x518uu2026-03-10-19-10-28-2426079.jpg","width":796,"height":448,"caption":"Diogo Costa e Carolina Jo\u00e3o"},{"@type":"BreadcrumbList","@id":"https:\/\/portaltela.pt\/noticias\/2026\/03\/10\/duplas-portuguesas-avancam-para-a-frota-de-ouro-nos-europeus-de-470\/#breadcrumb","itemListElement":[{"@type":"ListItem","position":1,"name":"In\u00edcio","item":"https:\/\/portaltela.pt\/"},{"@type":"ListItem","position":2,"name":"Duplas portuguesas avan\u00e7am para a frota de ouro nos Europeus de 470"}]},{"@type":"WebSite","@id":"https:\/\/portaltela.pt\/#website","url":"https:\/\/portaltela.pt\/","name":"Portal Tela Portugal","description":"","potentialAction":[{"@type":"SearchAction","target":{"@type":"EntryPoint","urlTemplate":"https:\/\/portaltela.pt\/?s={search_term_string}"},"query-input":{"@type":"PropertyValueSpecification","valueRequired":true,"valueName":"search_term_string"}}],"inLanguage":"pt-PT"},{"@type":"Person","@id":"https:\/\/portaltela.pt\/#\/schema\/person\/c4278d4a6028830caff9ee44b42d32ed","name":"Telinha","image":{"@type":"ImageObject","inLanguage":"pt-PT","@id":"https:\/\/portaltela.pt\/s.01k8rhncp4jt1\/2025\/11\/talking-bot-125x125.png","url":"https:\/\/portaltela.pt\/s.01k8rhncp4jt1\/2025\/11\/talking-bot-125x125.png","contentUrl":"https:\/\/portaltela.pt\/s.01k8rhncp4jt1\/2025\/11\/talking-bot-125x125.png","caption":"Telinha"},"sameAs":["https:\/\/portaltela.pt\/"],"url":"https:\/\/portaltela.pt\/por\/367410592786\/"}]}},"_links":{"self":[{"href":"https:\/\/portaltela.pt\/api\/wp\/v2\/posts\/405068","targetHints":{"allow":["GET"]}}],"collection":[{"href":"https:\/\/portaltela.pt\/api\/wp\/v2\/posts"}],"about":[{"href":"https:\/\/portaltela.pt\/api\/wp\/v2\/types\/post"}],"author":[{"embeddable":true,"href":"https:\/\/portaltela.pt\/api\/wp\/v2\/users\/2"}],"replies":[{"embeddable":true,"href":"https:\/\/portaltela.pt\/api\/wp\/v2\/comments?post=405068"}],"version-history":[{"count":0,"href":"https:\/\/portaltela.pt\/api\/wp\/v2\/posts\/405068\/revisions"}],"wp:featuredmedia":[{"embeddable":true,"href":"https:\/\/portaltela.pt\/api\/wp\/v2\/media\/405070"}],"wp:attachment":[{"href":"https:\/\/portaltela.pt\/api\/wp\/v2\/media?parent=405068"}],"wp:term":[{"taxonomy":"category","embeddable":true,"href":"https:\/\/portaltela.pt\/api\/wp\/v2\/categories?post=405068"},{"taxonomy":"post_tag","embeddable":true,"href":"https:\/\/portaltela.pt\/api\/wp\/v2\/tags?post=405068"}],"curies":[{"name":"wp","href":"https:\/\/api.w.org\/{rel}","templated":true}]}}