{"id":405063,"date":"2026-03-10T16:12:44","date_gmt":"2026-03-10T19:12:44","guid":{"rendered":"https:\/\/portaltela.pt\/noticias\/2026\/03\/10\/peticao-com-200-mil-assinaturas-entregue-na-ar-para-tornar-violacao-crime-publico\/"},"modified":"2026-03-10T16:12:44","modified_gmt":"2026-03-10T19:12:44","slug":"peticao-com-200-mil-assinaturas-entregue-na-ar-para-tornar-violacao-crime-publico","status":"publish","type":"post","link":"https:\/\/portaltela.pt\/noticias\/2026\/03\/10\/peticao-com-200-mil-assinaturas-entregue-na-ar-para-tornar-violacao-crime-publico\/","title":{"rendered":"Peti\u00e7\u00e3o com 200 mil assinaturas entregue na AR para tornar viola\u00e7\u00e3o crime p\u00fablico"},"content":{"rendered":"<p>A peti\u00e7\u00e3o entregue \u00e0 Assembleia da Rep\u00fablica pede medidas para tornar a viola\u00e7\u00e3o crime p\u00fablico e para autonomizar o crime de femic\u00eddio. O documento foi apresentado na segunda-feira, com mais de 200 mil assinaturas. Subscritores defendem altera\u00e7\u00f5es ao C\u00f3digo Penal para punir de forma mais grave os crimes de viol\u00eancia contra as mulheres.<\/p>\n<p>Os signat\u00e1rios associam a iniciativa a um esfor\u00e7o de diferentes organiza\u00e7\u00f5es e cidad\u00e3os. Entre os primeiros apoiantes contam-se a ativista Francisca de Magalh\u00e3es Barros, Manuela Ramalho Eanes, Dulce Rocha e Rui Pereira, entre outros nomes p\u00fablicos. A lista inclui advogados, ju\u00edzes e figuras ligadas a institui\u00e7\u00f5es sociais.<\/p>\n<p>No comunicado enviado \u00e0s reda\u00e7\u00f5es, o grupo aponta a necessidade de medidas estruturais para assegurar seguran\u00e7a, liberdade, justi\u00e7a e dignidade. A entrega formal \u00e9 apresentada como um momento de participa\u00e7\u00e3o c\u00edvica e de alerta \u00e0s institui\u00e7\u00f5es.<\/p>\n<h3>Proposta e contexto legislativo<\/h3>\n<p>Os subscritores pedem a transforma\u00e7\u00e3o da viola\u00e7\u00e3o em crime p\u00fablico e a majora\u00e7\u00e3o das penas na viol\u00eancia dom\u00e9stica. Defendem igualmente a autonomiza\u00e7\u00e3o do crime de femic\u00eddio, referindo a gravidade e os impactos nos menores que ficam sem contexto familiar.<\/p>\n<p>H\u00e1 duas semanas, o parlamento discutiu um projecto do PAN para autonomizar o femic\u00eddio no C\u00f3digo Penal, que acabou por ser rejeitado pela maioria. A posi\u00e7\u00e3o oficial n\u00e3o foi alterada desde ent\u00e3o, segundo o registo parlamentar.<\/p>\n<p>Dados recentes do Portal da Viol\u00eancia Dom\u00e9stica indicam que 25 pessoas morreram no \u00faltimo ano em viol\u00eancia dom\u00e9stica, sendo 21 mulheres. O n\u00famero coloca 2025 como o ano com mais homic\u00eddios neste \u00e2mbito desde 2022.<\/p>\n<p>A iniciativa de hoje refor\u00e7a a press\u00e3o para medidas mais restritivas e para uma resposta mais clara do sistema judicial. A AR n\u00e3o confirmou ainda se debate a peti\u00e7\u00e3o em plen\u00e1rio nas pr\u00f3ximas semanas.<\/p>\n","protected":false},"excerpt":{"rendered":"<ul>\n<li>Peti\u00e7\u00e3o entregue na Assembleia da Rep\u00fablica com mais de 200 mil assinaturas para tornar a viola\u00e7\u00e3o crime p\u00fablico e autonomizar o crime de femic\u00eddio.<\/li>\n<li>Subscritores totalizam 209.510 pessoas, muito acima do m\u00ednimo de 7.500 para discutir o texto em plen\u00e1rio.<\/li>\n<li>Entre os primeiros signat\u00e1rios est\u00e3o v\u00e1rias personalidades, como Francisca de Magalh\u00e3es Barros, Manuela Ramalho Eanes, Dulce Rocha, Rui Pereira, Ant\u00f3nio Garcia Pereira, Isabel Aguiar Branco e a ju\u00edza Clara Sottomayor.<\/li>\n<li>O grupo defende altera\u00e7\u00f5es ao C\u00f3digo Penal para tornar a viola\u00e7\u00e3o um crime p\u00fablico e aplicar penas mais graves na viol\u00eancia dom\u00e9stica, bem como autonomizar o femic\u00eddio por seu impacto.<\/li>\n<li>O PAN j\u00e1 apresentou, h\u00e1 duas semanas, um projeto de lei para autonomizar o femic\u00eddio, que foi rejeitado; dados recentes indicam 25 mortes em viol\u00eancia dom\u00e9stica no ano passado, 21 delas de mulheres.<\/li>\n<\/ul>\n","protected":false},"author":2,"featured_media":405067,"comment_status":"closed","ping_status":"closed","sticky":false,"template":"","format":"standard","meta":{"footnotes":""},"categories":[1],"tags":[4230,147,5282,6719,939,214],"class_list":["post-405063","post","type-post","status-publish","format-standard","has-post-thumbnail","hentry","category-noticias","tag-codigo-penal","tag-crime","tag-direitos-da-mulher","tag-femicidio","tag-violencia","tag-violencia-domestica"],"yoast_head":"<!-- This site is optimized with the Yoast SEO plugin v27.2 - https:\/\/yoast.com\/product\/yoast-seo-wordpress\/ -->\n<title>Peti\u00e7\u00e3o com 200 mil assinaturas entregue na AR para tornar viola\u00e7\u00e3o crime p\u00fablico - Portal Tela Portugal<\/title>\n<meta name=\"robots\" content=\"index, follow, max-snippet:-1, max-image-preview:large, max-video-preview:-1\" \/>\n<meta property=\"og:locale\" content=\"pt_PT\" \/>\n<meta property=\"og:type\" content=\"article\" \/>\n<meta property=\"og:title\" content=\"Peti\u00e7\u00e3o com 200 mil assinaturas entregue na AR para tornar viola\u00e7\u00e3o crime p\u00fablico - Portal Tela Portugal\" \/>\n<meta property=\"og:description\" content=\"Peti\u00e7\u00e3o entregue na Assembleia da Rep\u00fablica com mais de 200 mil assinaturas para tornar a viola\u00e7\u00e3o crime p\u00fablico e autonomizar o crime de femic\u00eddio. Subscritores totalizam 209.510 pessoas, muito acima do m\u00ednimo de 7.500 para discutir o texto em plen\u00e1rio. Entre os primeiros signat\u00e1rios est\u00e3o v\u00e1rias personalidades, como Francisca de Magalh\u00e3es Barros, Manuela Ramalho Eanes, Dulce Rocha, Rui Pereira, Ant\u00f3nio Garcia Pereira, Isabel Aguiar Branco e a ju\u00edza Clara Sottomayor. O grupo defende altera\u00e7\u00f5es ao C\u00f3digo Penal para tornar a viola\u00e7\u00e3o um crime p\u00fablico e aplicar penas mais graves na viol\u00eancia dom\u00e9stica, bem como autonomizar o femic\u00eddio por seu impacto. O PAN j\u00e1 apresentou, h\u00e1 duas semanas, um projeto de lei para autonomizar o femic\u00eddio, que foi rejeitado; dados recentes indicam 25 mortes em viol\u00eancia dom\u00e9stica no ano passado, 21 delas de mulheres.\" \/>\n<meta property=\"og:url\" content=\"https:\/\/portaltela.pt\/noticias\/2026\/03\/10\/peticao-com-200-mil-assinaturas-entregue-na-ar-para-tornar-violacao-crime-publico\/\" \/>\n<meta property=\"og:site_name\" content=\"Portal Tela Portugal\" \/>\n<meta property=\"article:published_time\" content=\"2026-03-10T19:12:44+00:00\" \/>\n<meta name=\"author\" content=\"Telinha\" \/>\n<meta name=\"twitter:card\" content=\"summary_large_image\" \/>\n<meta name=\"twitter:label1\" content=\"Escrito por\" \/>\n\t<meta name=\"twitter:data1\" content=\"Telinha\" \/>\n\t<meta name=\"twitter:label2\" content=\"Tempo estimado de leitura\" \/>\n\t<meta name=\"twitter:data2\" content=\"2 minutos\" \/>\n<script type=\"application\/ld+json\" class=\"yoast-schema-graph\">{\"@context\":\"https:\/\/schema.org\",\"@graph\":[{\"@type\":\"Article\",\"@id\":\"https:\/\/portaltela.pt\/noticias\/2026\/03\/10\/peticao-com-200-mil-assinaturas-entregue-na-ar-para-tornar-violacao-crime-publico\/#article\",\"isPartOf\":{\"@id\":\"https:\/\/portaltela.pt\/noticias\/2026\/03\/10\/peticao-com-200-mil-assinaturas-entregue-na-ar-para-tornar-violacao-crime-publico\/\"},\"author\":{\"name\":\"Telinha\",\"@id\":\"https:\/\/portaltela.pt\/#\/schema\/person\/c4278d4a6028830caff9ee44b42d32ed\"},\"headline\":\"Peti\u00e7\u00e3o com 200 mil assinaturas entregue na AR para tornar viola\u00e7\u00e3o crime p\u00fablico\",\"datePublished\":\"2026-03-10T19:12:44+00:00\",\"mainEntityOfPage\":{\"@id\":\"https:\/\/portaltela.pt\/noticias\/2026\/03\/10\/peticao-com-200-mil-assinaturas-entregue-na-ar-para-tornar-violacao-crime-publico\/\"},\"wordCount\":339,\"image\":{\"@id\":\"https:\/\/portaltela.pt\/noticias\/2026\/03\/10\/peticao-com-200-mil-assinaturas-entregue-na-ar-para-tornar-violacao-crime-publico\/#primaryimage\"},\"thumbnailUrl\":\"https:\/\/portaltela.pt\/s.01k8rhncp4jt1\/2026\/03\/img_1500x1000uu2020-11-28-19-15-02-994340.jpg\",\"keywords\":[\"C\u00f3digo Penal\",\"crime\",\"Direitos da Mulher\",\"femic\u00eddio\",\"viol\u00eancia\",\"viol\u00eancia dom\u00e9stica\"],\"articleSection\":[\"Not\u00edcias\"],\"inLanguage\":\"pt-PT\"},{\"@type\":\"WebPage\",\"@id\":\"https:\/\/portaltela.pt\/noticias\/2026\/03\/10\/peticao-com-200-mil-assinaturas-entregue-na-ar-para-tornar-violacao-crime-publico\/\",\"url\":\"https:\/\/portaltela.pt\/noticias\/2026\/03\/10\/peticao-com-200-mil-assinaturas-entregue-na-ar-para-tornar-violacao-crime-publico\/\",\"name\":\"Peti\u00e7\u00e3o com 200 mil assinaturas entregue na AR para tornar viola\u00e7\u00e3o crime p\u00fablico - Portal Tela Portugal\",\"isPartOf\":{\"@id\":\"https:\/\/portaltela.pt\/#website\"},\"primaryImageOfPage\":{\"@id\":\"https:\/\/portaltela.pt\/noticias\/2026\/03\/10\/peticao-com-200-mil-assinaturas-entregue-na-ar-para-tornar-violacao-crime-publico\/#primaryimage\"},\"image\":{\"@id\":\"https:\/\/portaltela.pt\/noticias\/2026\/03\/10\/peticao-com-200-mil-assinaturas-entregue-na-ar-para-tornar-violacao-crime-publico\/#primaryimage\"},\"thumbnailUrl\":\"https:\/\/portaltela.pt\/s.01k8rhncp4jt1\/2026\/03\/img_1500x1000uu2020-11-28-19-15-02-994340.jpg\",\"datePublished\":\"2026-03-10T19:12:44+00:00\",\"author\":{\"@id\":\"https:\/\/portaltela.pt\/#\/schema\/person\/c4278d4a6028830caff9ee44b42d32ed\"},\"breadcrumb\":{\"@id\":\"https:\/\/portaltela.pt\/noticias\/2026\/03\/10\/peticao-com-200-mil-assinaturas-entregue-na-ar-para-tornar-violacao-crime-publico\/#breadcrumb\"},\"inLanguage\":\"pt-PT\",\"potentialAction\":[{\"@type\":\"ReadAction\",\"target\":[\"https:\/\/portaltela.pt\/noticias\/2026\/03\/10\/peticao-com-200-mil-assinaturas-entregue-na-ar-para-tornar-violacao-crime-publico\/\"]}]},{\"@type\":\"ImageObject\",\"inLanguage\":\"pt-PT\",\"@id\":\"https:\/\/portaltela.pt\/noticias\/2026\/03\/10\/peticao-com-200-mil-assinaturas-entregue-na-ar-para-tornar-violacao-crime-publico\/#primaryimage\",\"url\":\"https:\/\/portaltela.pt\/s.01k8rhncp4jt1\/2026\/03\/img_1500x1000uu2020-11-28-19-15-02-994340.jpg\",\"contentUrl\":\"https:\/\/portaltela.pt\/s.01k8rhncp4jt1\/2026\/03\/img_1500x1000uu2020-11-28-19-15-02-994340.jpg\",\"width\":796,\"height\":448,\"caption\":\"Viol\u00eancia dom\u00e9stica\"},{\"@type\":\"BreadcrumbList\",\"@id\":\"https:\/\/portaltela.pt\/noticias\/2026\/03\/10\/peticao-com-200-mil-assinaturas-entregue-na-ar-para-tornar-violacao-crime-publico\/#breadcrumb\",\"itemListElement\":[{\"@type\":\"ListItem\",\"position\":1,\"name\":\"In\u00edcio\",\"item\":\"https:\/\/portaltela.pt\/\"},{\"@type\":\"ListItem\",\"position\":2,\"name\":\"Peti\u00e7\u00e3o com 200 mil assinaturas entregue na AR para tornar viola\u00e7\u00e3o crime p\u00fablico\"}]},{\"@type\":\"WebSite\",\"@id\":\"https:\/\/portaltela.pt\/#website\",\"url\":\"https:\/\/portaltela.pt\/\",\"name\":\"Portal Tela Portugal\",\"description\":\"\",\"potentialAction\":[{\"@type\":\"SearchAction\",\"target\":{\"@type\":\"EntryPoint\",\"urlTemplate\":\"https:\/\/portaltela.pt\/?s={search_term_string}\"},\"query-input\":{\"@type\":\"PropertyValueSpecification\",\"valueRequired\":true,\"valueName\":\"search_term_string\"}}],\"inLanguage\":\"pt-PT\"},{\"@type\":\"Person\",\"@id\":\"https:\/\/portaltela.pt\/#\/schema\/person\/c4278d4a6028830caff9ee44b42d32ed\",\"name\":\"Telinha\",\"image\":{\"@type\":\"ImageObject\",\"inLanguage\":\"pt-PT\",\"@id\":\"https:\/\/portaltela.pt\/s.01k8rhncp4jt1\/2025\/11\/talking-bot-125x125.png\",\"url\":\"https:\/\/portaltela.pt\/s.01k8rhncp4jt1\/2025\/11\/talking-bot-125x125.png\",\"contentUrl\":\"https:\/\/portaltela.pt\/s.01k8rhncp4jt1\/2025\/11\/talking-bot-125x125.png\",\"caption\":\"Telinha\"},\"sameAs\":[\"https:\/\/portaltela.pt\/\"],\"url\":\"https:\/\/portaltela.pt\/por\/367410592786\/\"}]}<\/script>\n<!-- \/ Yoast SEO plugin. -->","yoast_head_json":{"title":"Peti\u00e7\u00e3o com 200 mil assinaturas entregue na AR para tornar viola\u00e7\u00e3o crime p\u00fablico - Portal Tela Portugal","robots":{"index":"index","follow":"follow","max-snippet":"max-snippet:-1","max-image-preview":"max-image-preview:large","max-video-preview":"max-video-preview:-1"},"og_locale":"pt_PT","og_type":"article","og_title":"Peti\u00e7\u00e3o com 200 mil assinaturas entregue na AR para tornar viola\u00e7\u00e3o crime p\u00fablico - Portal Tela Portugal","og_description":"Peti\u00e7\u00e3o entregue na Assembleia da Rep\u00fablica com mais de 200 mil assinaturas para tornar a viola\u00e7\u00e3o crime p\u00fablico e autonomizar o crime de femic\u00eddio. Subscritores totalizam 209.510 pessoas, muito acima do m\u00ednimo de 7.500 para discutir o texto em plen\u00e1rio. Entre os primeiros signat\u00e1rios est\u00e3o v\u00e1rias personalidades, como Francisca de Magalh\u00e3es Barros, Manuela Ramalho Eanes, Dulce Rocha, Rui Pereira, Ant\u00f3nio Garcia Pereira, Isabel Aguiar Branco e a ju\u00edza Clara Sottomayor. O grupo defende altera\u00e7\u00f5es ao C\u00f3digo Penal para tornar a viola\u00e7\u00e3o um crime p\u00fablico e aplicar penas mais graves na viol\u00eancia dom\u00e9stica, bem como autonomizar o femic\u00eddio por seu impacto. O PAN j\u00e1 apresentou, h\u00e1 duas semanas, um projeto de lei para autonomizar o femic\u00eddio, que foi rejeitado; dados recentes indicam 25 mortes em viol\u00eancia dom\u00e9stica no ano passado, 21 delas de mulheres.","og_url":"https:\/\/portaltela.pt\/noticias\/2026\/03\/10\/peticao-com-200-mil-assinaturas-entregue-na-ar-para-tornar-violacao-crime-publico\/","og_site_name":"Portal Tela Portugal","article_published_time":"2026-03-10T19:12:44+00:00","author":"Telinha","twitter_card":"summary_large_image","twitter_misc":{"Escrito por":"Telinha","Tempo estimado de leitura":"2 minutos"},"schema":{"@context":"https:\/\/schema.org","@graph":[{"@type":"Article","@id":"https:\/\/portaltela.pt\/noticias\/2026\/03\/10\/peticao-com-200-mil-assinaturas-entregue-na-ar-para-tornar-violacao-crime-publico\/#article","isPartOf":{"@id":"https:\/\/portaltela.pt\/noticias\/2026\/03\/10\/peticao-com-200-mil-assinaturas-entregue-na-ar-para-tornar-violacao-crime-publico\/"},"author":{"name":"Telinha","@id":"https:\/\/portaltela.pt\/#\/schema\/person\/c4278d4a6028830caff9ee44b42d32ed"},"headline":"Peti\u00e7\u00e3o com 200 mil assinaturas entregue na AR para tornar viola\u00e7\u00e3o crime p\u00fablico","datePublished":"2026-03-10T19:12:44+00:00","mainEntityOfPage":{"@id":"https:\/\/portaltela.pt\/noticias\/2026\/03\/10\/peticao-com-200-mil-assinaturas-entregue-na-ar-para-tornar-violacao-crime-publico\/"},"wordCount":339,"image":{"@id":"https:\/\/portaltela.pt\/noticias\/2026\/03\/10\/peticao-com-200-mil-assinaturas-entregue-na-ar-para-tornar-violacao-crime-publico\/#primaryimage"},"thumbnailUrl":"https:\/\/portaltela.pt\/s.01k8rhncp4jt1\/2026\/03\/img_1500x1000uu2020-11-28-19-15-02-994340.jpg","keywords":["C\u00f3digo Penal","crime","Direitos da Mulher","femic\u00eddio","viol\u00eancia","viol\u00eancia dom\u00e9stica"],"articleSection":["Not\u00edcias"],"inLanguage":"pt-PT"},{"@type":"WebPage","@id":"https:\/\/portaltela.pt\/noticias\/2026\/03\/10\/peticao-com-200-mil-assinaturas-entregue-na-ar-para-tornar-violacao-crime-publico\/","url":"https:\/\/portaltela.pt\/noticias\/2026\/03\/10\/peticao-com-200-mil-assinaturas-entregue-na-ar-para-tornar-violacao-crime-publico\/","name":"Peti\u00e7\u00e3o com 200 mil assinaturas entregue na AR para tornar viola\u00e7\u00e3o crime p\u00fablico - Portal Tela Portugal","isPartOf":{"@id":"https:\/\/portaltela.pt\/#website"},"primaryImageOfPage":{"@id":"https:\/\/portaltela.pt\/noticias\/2026\/03\/10\/peticao-com-200-mil-assinaturas-entregue-na-ar-para-tornar-violacao-crime-publico\/#primaryimage"},"image":{"@id":"https:\/\/portaltela.pt\/noticias\/2026\/03\/10\/peticao-com-200-mil-assinaturas-entregue-na-ar-para-tornar-violacao-crime-publico\/#primaryimage"},"thumbnailUrl":"https:\/\/portaltela.pt\/s.01k8rhncp4jt1\/2026\/03\/img_1500x1000uu2020-11-28-19-15-02-994340.jpg","datePublished":"2026-03-10T19:12:44+00:00","author":{"@id":"https:\/\/portaltela.pt\/#\/schema\/person\/c4278d4a6028830caff9ee44b42d32ed"},"breadcrumb":{"@id":"https:\/\/portaltela.pt\/noticias\/2026\/03\/10\/peticao-com-200-mil-assinaturas-entregue-na-ar-para-tornar-violacao-crime-publico\/#breadcrumb"},"inLanguage":"pt-PT","potentialAction":[{"@type":"ReadAction","target":["https:\/\/portaltela.pt\/noticias\/2026\/03\/10\/peticao-com-200-mil-assinaturas-entregue-na-ar-para-tornar-violacao-crime-publico\/"]}]},{"@type":"ImageObject","inLanguage":"pt-PT","@id":"https:\/\/portaltela.pt\/noticias\/2026\/03\/10\/peticao-com-200-mil-assinaturas-entregue-na-ar-para-tornar-violacao-crime-publico\/#primaryimage","url":"https:\/\/portaltela.pt\/s.01k8rhncp4jt1\/2026\/03\/img_1500x1000uu2020-11-28-19-15-02-994340.jpg","contentUrl":"https:\/\/portaltela.pt\/s.01k8rhncp4jt1\/2026\/03\/img_1500x1000uu2020-11-28-19-15-02-994340.jpg","width":796,"height":448,"caption":"Viol\u00eancia dom\u00e9stica"},{"@type":"BreadcrumbList","@id":"https:\/\/portaltela.pt\/noticias\/2026\/03\/10\/peticao-com-200-mil-assinaturas-entregue-na-ar-para-tornar-violacao-crime-publico\/#breadcrumb","itemListElement":[{"@type":"ListItem","position":1,"name":"In\u00edcio","item":"https:\/\/portaltela.pt\/"},{"@type":"ListItem","position":2,"name":"Peti\u00e7\u00e3o com 200 mil assinaturas entregue na AR para tornar viola\u00e7\u00e3o crime p\u00fablico"}]},{"@type":"WebSite","@id":"https:\/\/portaltela.pt\/#website","url":"https:\/\/portaltela.pt\/","name":"Portal Tela Portugal","description":"","potentialAction":[{"@type":"SearchAction","target":{"@type":"EntryPoint","urlTemplate":"https:\/\/portaltela.pt\/?s={search_term_string}"},"query-input":{"@type":"PropertyValueSpecification","valueRequired":true,"valueName":"search_term_string"}}],"inLanguage":"pt-PT"},{"@type":"Person","@id":"https:\/\/portaltela.pt\/#\/schema\/person\/c4278d4a6028830caff9ee44b42d32ed","name":"Telinha","image":{"@type":"ImageObject","inLanguage":"pt-PT","@id":"https:\/\/portaltela.pt\/s.01k8rhncp4jt1\/2025\/11\/talking-bot-125x125.png","url":"https:\/\/portaltela.pt\/s.01k8rhncp4jt1\/2025\/11\/talking-bot-125x125.png","contentUrl":"https:\/\/portaltela.pt\/s.01k8rhncp4jt1\/2025\/11\/talking-bot-125x125.png","caption":"Telinha"},"sameAs":["https:\/\/portaltela.pt\/"],"url":"https:\/\/portaltela.pt\/por\/367410592786\/"}]}},"_links":{"self":[{"href":"https:\/\/portaltela.pt\/api\/wp\/v2\/posts\/405063","targetHints":{"allow":["GET"]}}],"collection":[{"href":"https:\/\/portaltela.pt\/api\/wp\/v2\/posts"}],"about":[{"href":"https:\/\/portaltela.pt\/api\/wp\/v2\/types\/post"}],"author":[{"embeddable":true,"href":"https:\/\/portaltela.pt\/api\/wp\/v2\/users\/2"}],"replies":[{"embeddable":true,"href":"https:\/\/portaltela.pt\/api\/wp\/v2\/comments?post=405063"}],"version-history":[{"count":0,"href":"https:\/\/portaltela.pt\/api\/wp\/v2\/posts\/405063\/revisions"}],"wp:featuredmedia":[{"embeddable":true,"href":"https:\/\/portaltela.pt\/api\/wp\/v2\/media\/405067"}],"wp:attachment":[{"href":"https:\/\/portaltela.pt\/api\/wp\/v2\/media?parent=405063"}],"wp:term":[{"taxonomy":"category","embeddable":true,"href":"https:\/\/portaltela.pt\/api\/wp\/v2\/categories?post=405063"},{"taxonomy":"post_tag","embeddable":true,"href":"https:\/\/portaltela.pt\/api\/wp\/v2\/tags?post=405063"}],"curies":[{"name":"wp","href":"https:\/\/api.w.org\/{rel}","templated":true}]}}