{"id":405058,"date":"2026-03-10T16:13:00","date_gmt":"2026-03-10T19:13:00","guid":{"rendered":"https:\/\/portaltela.pt\/noticias\/2026\/03\/10\/bruxelas-rejeita-crise-energetica-como-em-2022-mas-pede-apoios-temporarios-na-ue\/"},"modified":"2026-03-10T16:13:00","modified_gmt":"2026-03-10T19:13:00","slug":"bruxelas-rejeita-crise-energetica-como-em-2022-mas-pede-apoios-temporarios-na-ue","status":"publish","type":"post","link":"https:\/\/portaltela.pt\/energia\/2026\/03\/10\/bruxelas-rejeita-crise-energetica-como-em-2022-mas-pede-apoios-temporarios-na-ue\/","title":{"rendered":"Bruxelas rejeita crise energ\u00e9tica como em 2022, mas pede apoios tempor\u00e1rios na UE"},"content":{"rendered":"<p>A Comiss\u00e3o Europeia afirmou que a UE n\u00e3o est\u00e1 numa crise energ\u00e9tica t\u00e3o grave como a verificada em 2022, por\u00e9m pediu apoios tempor\u00e1rios e direcionados aos Estados-membros. A posi\u00e7\u00e3o foi apresentada pelo comiss\u00e1rio da Energia, Dan J\u00f8rgensen, numa confer\u00eancia de imprensa.<\/p>\n<p>O comiss\u00e1rio explicou que devem ser usadas li\u00e7\u00f5es do per\u00edodo anterior, sem desvirtuar o mercado, e destacou que as medidas a operar devem ser tempor\u00e1rias. O objetivo \u00e9 manter a estabilidade sem alterar estruturas de longu\u00edssima dura\u00e7\u00e3o.<\/p>\n<p>Portugal j\u00e1 avan\u00e7ou com um desconto no ISP sobre gas\u00f3leo e, se for justific\u00e1vel, poder\u00e1 faz\u00ea-lo tamb\u00e9m para a gasolina. Bruxelas vai monitorizar o impacto or\u00e7amental destas medidas, mantendo a orienta\u00e7\u00e3o de elimina\u00e7\u00e3o gradual de subs\u00eddios aos f\u00f3sseis.<\/p>\n<h3>Medidas da UE<\/h3>\n<p>A Comiss\u00e3o apresentou um pacote para refor\u00e7ar a independ\u00eancia energ\u00e9tica e reduzir faturas. Inclui investimento maior em energia limpa, refor\u00e7o de infraestruturas e mobiliza\u00e7\u00e3o de financiamento p\u00fablico e privado, com mais de 75 mil milh\u00f5es de euros do BEI nos pr\u00f3ximos tr\u00eas anos.<\/p>\n<p>Entre as a\u00e7\u00f5es est\u00e1 um Pacote de Energia para os Cidad\u00e3os, com medidas para baixar faturas, facilitar mudan\u00e7a de fornecedor e empoderar consumidores. Tamb\u00e9m est\u00e1 prevista uma estrat\u00e9gia para pequenos reatores nucleares modulares, com uma garantia de 200 milh\u00f5es de euros.<\/p>\n<p>O objetivo \u00e9 reduzir a depend\u00eancia de combust\u00edveis f\u00f3sseis importados, proteger consumidores vulner\u00e1veis e manter a competitividade econ\u00f3mica europeia. O comiss\u00e1rio reiterou a prioridade da transi\u00e7\u00e3o para fontes limpas.<\/p>\n","protected":false},"excerpt":{"rendered":"<ul>\n<li>Comiss\u00e3o Europeia afirma que a UE n\u00e3o est\u00e1 numa crise energ\u00e9tica t\u00e3o grave quanto em 2022, mas pede apoios tempor\u00e1rios e direcionados.<\/li>\n<li>O comiss\u00e1rio da Energia, Dan J\u00f8rgensen, disse que aprendemos com 2022 e que as medidas devem ser tempor\u00e1rias; n\u00e3o haver\u00e1 mudan\u00e7as radicais na estrutura de pre\u00e7os e haver\u00e1 monitoriza\u00e7\u00e3o pr\u00f3xima.<\/li>\n<li>Portugal j\u00e1 avan\u00e7ou com desconto no ISP sobre gas\u00f3leo e pode estender \u00e0 gasolina se houver justifica\u00e7\u00e3o; Bruxelas acompanhar\u00e1 o impacto or\u00e7amental.<\/li>\n<li>O pacote da UE prop\u00f5e investir em energia limpa, refor\u00e7ar infraestruturas e mobilizar financiamento p\u00fablico e privado, incluindo mais de 75 mil milh\u00f5es de euros do Banco Europeu de Investimento nos pr\u00f3ximos tr\u00eas anos.<\/li>\n<li>As medidas incluem o Pacote de Energia para os Cidad\u00e3os, apoio \u00e0 mudan\u00e7a de fornecedor e uma estrat\u00e9gia para pequenos reatores nucleares modulares, com o objetivo de reduzir a depend\u00eancia de combust\u00edveis f\u00f3sseis.<\/li>\n<\/ul>\n","protected":false},"author":2,"featured_media":405065,"comment_status":"closed","ping_status":"closed","sticky":false,"template":"","format":"standard","meta":{"footnotes":""},"categories":[6806],"tags":[1638,174,2105,2729,5156,2055],"class_list":["post-405058","post","type-post","status-publish","format-standard","has-post-thumbnail","hentry","category-energia","tag-comissao-europeia","tag-energia","tag-energia-limpa","tag-energia-renovavel","tag-transicao-climatica","tag-uniao-europeia"],"yoast_head":"<!-- This site is optimized with the Yoast SEO plugin v27.2 - https:\/\/yoast.com\/product\/yoast-seo-wordpress\/ -->\n<title>Bruxelas rejeita crise energ\u00e9tica como em 2022, mas pede apoios tempor\u00e1rios na UE - Portal Tela Portugal<\/title>\n<meta name=\"robots\" content=\"index, follow, max-snippet:-1, max-image-preview:large, max-video-preview:-1\" \/>\n<meta property=\"og:locale\" content=\"pt_PT\" \/>\n<meta property=\"og:type\" content=\"article\" \/>\n<meta property=\"og:title\" content=\"Bruxelas rejeita crise energ\u00e9tica como em 2022, mas pede apoios tempor\u00e1rios na UE - Portal Tela Portugal\" \/>\n<meta property=\"og:description\" content=\"Comiss\u00e3o Europeia afirma que a UE n\u00e3o est\u00e1 numa crise energ\u00e9tica t\u00e3o grave quanto em 2022, mas pede apoios tempor\u00e1rios e direcionados. O comiss\u00e1rio da Energia, Dan J\u00f8rgensen, disse que aprendemos com 2022 e que as medidas devem ser tempor\u00e1rias; n\u00e3o haver\u00e1 mudan\u00e7as radicais na estrutura de pre\u00e7os e haver\u00e1 monitoriza\u00e7\u00e3o pr\u00f3xima. Portugal j\u00e1 avan\u00e7ou com desconto no ISP sobre gas\u00f3leo e pode estender \u00e0 gasolina se houver justifica\u00e7\u00e3o; Bruxelas acompanhar\u00e1 o impacto or\u00e7amental. O pacote da UE prop\u00f5e investir em energia limpa, refor\u00e7ar infraestruturas e mobilizar financiamento p\u00fablico e privado, incluindo mais de 75 mil milh\u00f5es de euros do Banco Europeu de Investimento nos pr\u00f3ximos tr\u00eas anos. As medidas incluem o Pacote de Energia para os Cidad\u00e3os, apoio \u00e0 mudan\u00e7a de fornecedor e uma estrat\u00e9gia para pequenos reatores nucleares modulares, com o objetivo de reduzir a depend\u00eancia de combust\u00edveis f\u00f3sseis.\" \/>\n<meta property=\"og:url\" content=\"https:\/\/portaltela.pt\/noticias\/2026\/03\/10\/bruxelas-rejeita-crise-energetica-como-em-2022-mas-pede-apoios-temporarios-na-ue\/\" \/>\n<meta property=\"og:site_name\" content=\"Portal Tela Portugal\" \/>\n<meta property=\"article:published_time\" content=\"2026-03-10T19:13:00+00:00\" \/>\n<meta name=\"author\" content=\"Telinha\" \/>\n<meta name=\"twitter:card\" content=\"summary_large_image\" \/>\n<meta name=\"twitter:label1\" content=\"Escrito por\" \/>\n\t<meta name=\"twitter:data1\" content=\"Telinha\" \/>\n\t<meta name=\"twitter:label2\" content=\"Tempo estimado de leitura\" \/>\n\t<meta name=\"twitter:data2\" content=\"1 minuto\" \/>\n<script type=\"application\/ld+json\" class=\"yoast-schema-graph\">{\"@context\":\"https:\/\/schema.org\",\"@graph\":[{\"@type\":\"Article\",\"@id\":\"https:\/\/portaltela.pt\/noticias\/2026\/03\/10\/bruxelas-rejeita-crise-energetica-como-em-2022-mas-pede-apoios-temporarios-na-ue\/#article\",\"isPartOf\":{\"@id\":\"https:\/\/portaltela.pt\/noticias\/2026\/03\/10\/bruxelas-rejeita-crise-energetica-como-em-2022-mas-pede-apoios-temporarios-na-ue\/\"},\"author\":{\"name\":\"Telinha\",\"@id\":\"https:\/\/portaltela.pt\/#\/schema\/person\/c4278d4a6028830caff9ee44b42d32ed\"},\"headline\":\"Bruxelas rejeita crise energ\u00e9tica como em 2022, mas pede apoios tempor\u00e1rios na UE\",\"datePublished\":\"2026-03-10T19:13:00+00:00\",\"mainEntityOfPage\":{\"@id\":\"https:\/\/portaltela.pt\/noticias\/2026\/03\/10\/bruxelas-rejeita-crise-energetica-como-em-2022-mas-pede-apoios-temporarios-na-ue\/\"},\"wordCount\":290,\"image\":{\"@id\":\"https:\/\/portaltela.pt\/noticias\/2026\/03\/10\/bruxelas-rejeita-crise-energetica-como-em-2022-mas-pede-apoios-temporarios-na-ue\/#primaryimage\"},\"thumbnailUrl\":\"https:\/\/portaltela.pt\/s.01k8rhncp4jt1\/2026\/03\/img_1500x1000uu2025-07-23-18-00-00-2224605.jpg\",\"keywords\":[\"Comiss\u00e3o Europeia\",\"energia\",\"energia limpa\",\"energia renov\u00e1vel\",\"Transi\u00e7\u00e3o Clim\u00e1tica\",\"Uni\u00e3o Europeia\"],\"articleSection\":[\"Energia\"],\"inLanguage\":\"pt-PT\"},{\"@type\":\"WebPage\",\"@id\":\"https:\/\/portaltela.pt\/noticias\/2026\/03\/10\/bruxelas-rejeita-crise-energetica-como-em-2022-mas-pede-apoios-temporarios-na-ue\/\",\"url\":\"https:\/\/portaltela.pt\/noticias\/2026\/03\/10\/bruxelas-rejeita-crise-energetica-como-em-2022-mas-pede-apoios-temporarios-na-ue\/\",\"name\":\"Bruxelas rejeita crise energ\u00e9tica como em 2022, mas pede apoios tempor\u00e1rios na UE - Portal Tela Portugal\",\"isPartOf\":{\"@id\":\"https:\/\/portaltela.pt\/#website\"},\"primaryImageOfPage\":{\"@id\":\"https:\/\/portaltela.pt\/noticias\/2026\/03\/10\/bruxelas-rejeita-crise-energetica-como-em-2022-mas-pede-apoios-temporarios-na-ue\/#primaryimage\"},\"image\":{\"@id\":\"https:\/\/portaltela.pt\/noticias\/2026\/03\/10\/bruxelas-rejeita-crise-energetica-como-em-2022-mas-pede-apoios-temporarios-na-ue\/#primaryimage\"},\"thumbnailUrl\":\"https:\/\/portaltela.pt\/s.01k8rhncp4jt1\/2026\/03\/img_1500x1000uu2025-07-23-18-00-00-2224605.jpg\",\"datePublished\":\"2026-03-10T19:13:00+00:00\",\"author\":{\"@id\":\"https:\/\/portaltela.pt\/#\/schema\/person\/c4278d4a6028830caff9ee44b42d32ed\"},\"breadcrumb\":{\"@id\":\"https:\/\/portaltela.pt\/noticias\/2026\/03\/10\/bruxelas-rejeita-crise-energetica-como-em-2022-mas-pede-apoios-temporarios-na-ue\/#breadcrumb\"},\"inLanguage\":\"pt-PT\",\"potentialAction\":[{\"@type\":\"ReadAction\",\"target\":[\"https:\/\/portaltela.pt\/noticias\/2026\/03\/10\/bruxelas-rejeita-crise-energetica-como-em-2022-mas-pede-apoios-temporarios-na-ue\/\"]}]},{\"@type\":\"ImageObject\",\"inLanguage\":\"pt-PT\",\"@id\":\"https:\/\/portaltela.pt\/noticias\/2026\/03\/10\/bruxelas-rejeita-crise-energetica-como-em-2022-mas-pede-apoios-temporarios-na-ue\/#primaryimage\",\"url\":\"https:\/\/portaltela.pt\/s.01k8rhncp4jt1\/2026\/03\/img_1500x1000uu2025-07-23-18-00-00-2224605.jpg\",\"contentUrl\":\"https:\/\/portaltela.pt\/s.01k8rhncp4jt1\/2026\/03\/img_1500x1000uu2025-07-23-18-00-00-2224605.jpg\",\"width\":796,\"height\":448,\"caption\":\"Bruxelas rejeita crise energ\u00e9tica como em 2022 mas pede apoios tempor\u00e1rios na Uni\u00e3o Europeia\"},{\"@type\":\"BreadcrumbList\",\"@id\":\"https:\/\/portaltela.pt\/noticias\/2026\/03\/10\/bruxelas-rejeita-crise-energetica-como-em-2022-mas-pede-apoios-temporarios-na-ue\/#breadcrumb\",\"itemListElement\":[{\"@type\":\"ListItem\",\"position\":1,\"name\":\"In\u00edcio\",\"item\":\"https:\/\/portaltela.pt\/\"},{\"@type\":\"ListItem\",\"position\":2,\"name\":\"Bruxelas rejeita crise energ\u00e9tica como em 2022, mas pede apoios tempor\u00e1rios na UE\"}]},{\"@type\":\"WebSite\",\"@id\":\"https:\/\/portaltela.pt\/#website\",\"url\":\"https:\/\/portaltela.pt\/\",\"name\":\"Portal Tela Portugal\",\"description\":\"\",\"potentialAction\":[{\"@type\":\"SearchAction\",\"target\":{\"@type\":\"EntryPoint\",\"urlTemplate\":\"https:\/\/portaltela.pt\/?s={search_term_string}\"},\"query-input\":{\"@type\":\"PropertyValueSpecification\",\"valueRequired\":true,\"valueName\":\"search_term_string\"}}],\"inLanguage\":\"pt-PT\"},{\"@type\":\"Person\",\"@id\":\"https:\/\/portaltela.pt\/#\/schema\/person\/c4278d4a6028830caff9ee44b42d32ed\",\"name\":\"Telinha\",\"image\":{\"@type\":\"ImageObject\",\"inLanguage\":\"pt-PT\",\"@id\":\"https:\/\/portaltela.pt\/s.01k8rhncp4jt1\/2025\/11\/talking-bot-125x125.png\",\"url\":\"https:\/\/portaltela.pt\/s.01k8rhncp4jt1\/2025\/11\/talking-bot-125x125.png\",\"contentUrl\":\"https:\/\/portaltela.pt\/s.01k8rhncp4jt1\/2025\/11\/talking-bot-125x125.png\",\"caption\":\"Telinha\"},\"sameAs\":[\"https:\/\/portaltela.pt\/\"],\"url\":\"https:\/\/portaltela.pt\/por\/367410592786\/\"}]}<\/script>\n<!-- \/ Yoast SEO plugin. -->","yoast_head_json":{"title":"Bruxelas rejeita crise energ\u00e9tica como em 2022, mas pede apoios tempor\u00e1rios na UE - Portal Tela Portugal","robots":{"index":"index","follow":"follow","max-snippet":"max-snippet:-1","max-image-preview":"max-image-preview:large","max-video-preview":"max-video-preview:-1"},"og_locale":"pt_PT","og_type":"article","og_title":"Bruxelas rejeita crise energ\u00e9tica como em 2022, mas pede apoios tempor\u00e1rios na UE - Portal Tela Portugal","og_description":"Comiss\u00e3o Europeia afirma que a UE n\u00e3o est\u00e1 numa crise energ\u00e9tica t\u00e3o grave quanto em 2022, mas pede apoios tempor\u00e1rios e direcionados. O comiss\u00e1rio da Energia, Dan J\u00f8rgensen, disse que aprendemos com 2022 e que as medidas devem ser tempor\u00e1rias; n\u00e3o haver\u00e1 mudan\u00e7as radicais na estrutura de pre\u00e7os e haver\u00e1 monitoriza\u00e7\u00e3o pr\u00f3xima. Portugal j\u00e1 avan\u00e7ou com desconto no ISP sobre gas\u00f3leo e pode estender \u00e0 gasolina se houver justifica\u00e7\u00e3o; Bruxelas acompanhar\u00e1 o impacto or\u00e7amental. O pacote da UE prop\u00f5e investir em energia limpa, refor\u00e7ar infraestruturas e mobilizar financiamento p\u00fablico e privado, incluindo mais de 75 mil milh\u00f5es de euros do Banco Europeu de Investimento nos pr\u00f3ximos tr\u00eas anos. As medidas incluem o Pacote de Energia para os Cidad\u00e3os, apoio \u00e0 mudan\u00e7a de fornecedor e uma estrat\u00e9gia para pequenos reatores nucleares modulares, com o objetivo de reduzir a depend\u00eancia de combust\u00edveis f\u00f3sseis.","og_url":"https:\/\/portaltela.pt\/noticias\/2026\/03\/10\/bruxelas-rejeita-crise-energetica-como-em-2022-mas-pede-apoios-temporarios-na-ue\/","og_site_name":"Portal Tela Portugal","article_published_time":"2026-03-10T19:13:00+00:00","author":"Telinha","twitter_card":"summary_large_image","twitter_misc":{"Escrito por":"Telinha","Tempo estimado de leitura":"1 minuto"},"schema":{"@context":"https:\/\/schema.org","@graph":[{"@type":"Article","@id":"https:\/\/portaltela.pt\/noticias\/2026\/03\/10\/bruxelas-rejeita-crise-energetica-como-em-2022-mas-pede-apoios-temporarios-na-ue\/#article","isPartOf":{"@id":"https:\/\/portaltela.pt\/noticias\/2026\/03\/10\/bruxelas-rejeita-crise-energetica-como-em-2022-mas-pede-apoios-temporarios-na-ue\/"},"author":{"name":"Telinha","@id":"https:\/\/portaltela.pt\/#\/schema\/person\/c4278d4a6028830caff9ee44b42d32ed"},"headline":"Bruxelas rejeita crise energ\u00e9tica como em 2022, mas pede apoios tempor\u00e1rios na UE","datePublished":"2026-03-10T19:13:00+00:00","mainEntityOfPage":{"@id":"https:\/\/portaltela.pt\/noticias\/2026\/03\/10\/bruxelas-rejeita-crise-energetica-como-em-2022-mas-pede-apoios-temporarios-na-ue\/"},"wordCount":290,"image":{"@id":"https:\/\/portaltela.pt\/noticias\/2026\/03\/10\/bruxelas-rejeita-crise-energetica-como-em-2022-mas-pede-apoios-temporarios-na-ue\/#primaryimage"},"thumbnailUrl":"https:\/\/portaltela.pt\/s.01k8rhncp4jt1\/2026\/03\/img_1500x1000uu2025-07-23-18-00-00-2224605.jpg","keywords":["Comiss\u00e3o Europeia","energia","energia limpa","energia renov\u00e1vel","Transi\u00e7\u00e3o Clim\u00e1tica","Uni\u00e3o Europeia"],"articleSection":["Energia"],"inLanguage":"pt-PT"},{"@type":"WebPage","@id":"https:\/\/portaltela.pt\/noticias\/2026\/03\/10\/bruxelas-rejeita-crise-energetica-como-em-2022-mas-pede-apoios-temporarios-na-ue\/","url":"https:\/\/portaltela.pt\/noticias\/2026\/03\/10\/bruxelas-rejeita-crise-energetica-como-em-2022-mas-pede-apoios-temporarios-na-ue\/","name":"Bruxelas rejeita crise energ\u00e9tica como em 2022, mas pede apoios tempor\u00e1rios na UE - Portal Tela Portugal","isPartOf":{"@id":"https:\/\/portaltela.pt\/#website"},"primaryImageOfPage":{"@id":"https:\/\/portaltela.pt\/noticias\/2026\/03\/10\/bruxelas-rejeita-crise-energetica-como-em-2022-mas-pede-apoios-temporarios-na-ue\/#primaryimage"},"image":{"@id":"https:\/\/portaltela.pt\/noticias\/2026\/03\/10\/bruxelas-rejeita-crise-energetica-como-em-2022-mas-pede-apoios-temporarios-na-ue\/#primaryimage"},"thumbnailUrl":"https:\/\/portaltela.pt\/s.01k8rhncp4jt1\/2026\/03\/img_1500x1000uu2025-07-23-18-00-00-2224605.jpg","datePublished":"2026-03-10T19:13:00+00:00","author":{"@id":"https:\/\/portaltela.pt\/#\/schema\/person\/c4278d4a6028830caff9ee44b42d32ed"},"breadcrumb":{"@id":"https:\/\/portaltela.pt\/noticias\/2026\/03\/10\/bruxelas-rejeita-crise-energetica-como-em-2022-mas-pede-apoios-temporarios-na-ue\/#breadcrumb"},"inLanguage":"pt-PT","potentialAction":[{"@type":"ReadAction","target":["https:\/\/portaltela.pt\/noticias\/2026\/03\/10\/bruxelas-rejeita-crise-energetica-como-em-2022-mas-pede-apoios-temporarios-na-ue\/"]}]},{"@type":"ImageObject","inLanguage":"pt-PT","@id":"https:\/\/portaltela.pt\/noticias\/2026\/03\/10\/bruxelas-rejeita-crise-energetica-como-em-2022-mas-pede-apoios-temporarios-na-ue\/#primaryimage","url":"https:\/\/portaltela.pt\/s.01k8rhncp4jt1\/2026\/03\/img_1500x1000uu2025-07-23-18-00-00-2224605.jpg","contentUrl":"https:\/\/portaltela.pt\/s.01k8rhncp4jt1\/2026\/03\/img_1500x1000uu2025-07-23-18-00-00-2224605.jpg","width":796,"height":448,"caption":"Bruxelas rejeita crise energ\u00e9tica como em 2022 mas pede apoios tempor\u00e1rios na Uni\u00e3o Europeia"},{"@type":"BreadcrumbList","@id":"https:\/\/portaltela.pt\/noticias\/2026\/03\/10\/bruxelas-rejeita-crise-energetica-como-em-2022-mas-pede-apoios-temporarios-na-ue\/#breadcrumb","itemListElement":[{"@type":"ListItem","position":1,"name":"In\u00edcio","item":"https:\/\/portaltela.pt\/"},{"@type":"ListItem","position":2,"name":"Bruxelas rejeita crise energ\u00e9tica como em 2022, mas pede apoios tempor\u00e1rios na UE"}]},{"@type":"WebSite","@id":"https:\/\/portaltela.pt\/#website","url":"https:\/\/portaltela.pt\/","name":"Portal Tela Portugal","description":"","potentialAction":[{"@type":"SearchAction","target":{"@type":"EntryPoint","urlTemplate":"https:\/\/portaltela.pt\/?s={search_term_string}"},"query-input":{"@type":"PropertyValueSpecification","valueRequired":true,"valueName":"search_term_string"}}],"inLanguage":"pt-PT"},{"@type":"Person","@id":"https:\/\/portaltela.pt\/#\/schema\/person\/c4278d4a6028830caff9ee44b42d32ed","name":"Telinha","image":{"@type":"ImageObject","inLanguage":"pt-PT","@id":"https:\/\/portaltela.pt\/s.01k8rhncp4jt1\/2025\/11\/talking-bot-125x125.png","url":"https:\/\/portaltela.pt\/s.01k8rhncp4jt1\/2025\/11\/talking-bot-125x125.png","contentUrl":"https:\/\/portaltela.pt\/s.01k8rhncp4jt1\/2025\/11\/talking-bot-125x125.png","caption":"Telinha"},"sameAs":["https:\/\/portaltela.pt\/"],"url":"https:\/\/portaltela.pt\/por\/367410592786\/"}]}},"_links":{"self":[{"href":"https:\/\/portaltela.pt\/api\/wp\/v2\/posts\/405058","targetHints":{"allow":["GET"]}}],"collection":[{"href":"https:\/\/portaltela.pt\/api\/wp\/v2\/posts"}],"about":[{"href":"https:\/\/portaltela.pt\/api\/wp\/v2\/types\/post"}],"author":[{"embeddable":true,"href":"https:\/\/portaltela.pt\/api\/wp\/v2\/users\/2"}],"replies":[{"embeddable":true,"href":"https:\/\/portaltela.pt\/api\/wp\/v2\/comments?post=405058"}],"version-history":[{"count":0,"href":"https:\/\/portaltela.pt\/api\/wp\/v2\/posts\/405058\/revisions"}],"wp:featuredmedia":[{"embeddable":true,"href":"https:\/\/portaltela.pt\/api\/wp\/v2\/media\/405065"}],"wp:attachment":[{"href":"https:\/\/portaltela.pt\/api\/wp\/v2\/media?parent=405058"}],"wp:term":[{"taxonomy":"category","embeddable":true,"href":"https:\/\/portaltela.pt\/api\/wp\/v2\/categories?post=405058"},{"taxonomy":"post_tag","embeddable":true,"href":"https:\/\/portaltela.pt\/api\/wp\/v2\/tags?post=405058"}],"curies":[{"name":"wp","href":"https:\/\/api.w.org\/{rel}","templated":true}]}}