{"id":405029,"date":"2026-03-10T15:54:00","date_gmt":"2026-03-10T18:54:00","guid":{"rendered":"https:\/\/portaltela.pt\/noticias\/2026\/03\/10\/falta-de-sono-afeta-mais-da-metade-da-populacao-e-e-problema-de-saude-publica\/"},"modified":"2026-03-10T15:54:00","modified_gmt":"2026-03-10T18:54:00","slug":"falta-de-sono-afeta-mais-da-metade-da-populacao-e-e-problema-de-saude-publica","status":"publish","type":"post","link":"https:\/\/portaltela.pt\/saude\/2026\/03\/10\/falta-de-sono-afeta-mais-da-metade-da-populacao-e-e-problema-de-saude-publica\/","title":{"rendered":"Falta de sono afeta mais da metade da popula\u00e7\u00e3o e \u00e9 problema de sa\u00fade p\u00fablica"},"content":{"rendered":"<p>Mais de metade dos portugueses n\u00e3o dorme as horas recomendadas, um d\u00e9fice que o coloca entre os principais problemas de sa\u00fade p\u00fablica. O Dia Mundial do Sono, celebrado na sexta-feira, \u00e9 para alertar a popula\u00e7\u00e3o.<\/p>\n<p>O pneumologista Joaquim Moita afirma que mais de 50% dorme menos de sete horas di\u00e1rias, o m\u00ednimo para adultos. Entre 18 e 65 anos, a sugest\u00e3o \u00e9 de sete a nove horas por noite.<\/p>\n<p>Atribui a insufici\u00eancia a fatores socioecon\u00f3micos e a h\u00e1bitos culturais, como acordar cedo para trabalho ou estudo, junto com o consumo de televis\u00e3o e atividades at\u00e9 tarde. As crian\u00e7as tamb\u00e9m sofrem com hor\u00e1rios curtos.<\/p>\n<h3>Problema de sa\u00fade p\u00fablica<\/h3>\n<p>A insufici\u00eancia de sono aumenta o risco de diabetes, obesidade e doen\u00e7as cardiovasculares, incluindo enfarte, arritmias e insufici\u00eancia card\u00edaca. O especialista sublinha a necessidade de estudo sobre quantidade e qualidade do sono.<\/p>\n<p>Defende melhores apoios na rede de sa\u00fade, sugerindo maior envolvimento da Medicina Geral e Familiar. O acesso a cuidados na \u00e1rea \u00e9 ainda apontado como entrave para o diagn\u00f3stico e tratamento.<\/p>\n<p>Dispositivos de monitoriza\u00e7\u00e3o do sono, como smartwatches, podem ajudar, mas n\u00e3o substituem consulta m\u00e9dica nem exames espec\u00edficos. H\u00e1 interesse p\u00fablico em avaliar a utilidade cl\u00ednica dessas tecnologias.<\/p>\n<h3>Caminhos e campanhas<\/h3>\n<p>A APS associou-se \u00e0 campanha global World Sleep Society para o Dia Mundial do Sono, com o mote Dormir bem para viver melhor. A associa\u00e7\u00e3o destaca a import\u00e2ncia de hor\u00e1rios regulares para recupera\u00e7\u00e3o f\u00edsica e cognitiva.<\/p>\n","protected":false},"excerpt":{"rendered":"<ul>\n<li>Mais de metade dos portugueses dorme menos de sete horas por dia, alerta o pneumologista Joaquim Moita, presidente da Assembleia-Geral da Associa\u00e7\u00e3o Portuguesa de Sono.<\/li>\n<li>Entre os 18 e os 65 anos, a recomenda\u00e7\u00e3o \u00e9 dormir entre sete e nove horas di\u00e1rias; menos de sete \u00e9 considerado insufici\u00eancia de sono.<\/li>\n<li>A insufici\u00eancia resulta de fatores socioecon\u00f3micos e de h\u00e1bitos como acordar cedo para trabalhar ou estudar, televis\u00e3o e atividades at\u00e9 \u00e0 meia-noite, bem como ilumina\u00e7\u00e3o LED azul que pode impedir a produ\u00e7\u00e3o de melatonina.<\/li>\n<li>Crian\u00e7as devem dormir entre nove e 11 horas di\u00e1rias, mas acordam cedo para a escola, o que pode levar a sono insuficiente.<\/li>\n<li>A falta de sono est\u00e1 associada a riscos de diabetes, obesidade e problemas cardiovasculares; h\u00e1 dificuldades de acesso a cuidados m\u00e9dicos e a solu\u00e7\u00e3o pode passar pela Medicina Geral e Familiar, enquanto dispositivos de monitoriza\u00e7\u00e3o n\u00e3o substituem consulta m\u00e9dica.<\/li>\n<li>Com o Dia Mundial do Sono, a Associa\u00e7\u00e3o Portuguesa de Sono participa na campanha global da World Sleep Society, junto da iniciativa nacional \u201cDormir bem para viver melhor\u201d.<\/li>\n<\/ul>\n","protected":false},"author":2,"featured_media":405030,"comment_status":"closed","ping_status":"closed","sticky":false,"template":"","format":"standard","meta":{"footnotes":""},"categories":[1,6745],"tags":[2197,5814,6479,163,5649,271],"class_list":["post-405029","post","type-post","status-publish","format-standard","has-post-thumbnail","hentry","category-noticias","category-saude","tag-cardiologia","tag-diabetes","tag-doencas-do-aparelho-circulatorio","tag-educacao","tag-obesidade","tag-saude-publica"],"yoast_head":"<!-- This site is optimized with the Yoast SEO plugin v27.2 - https:\/\/yoast.com\/product\/yoast-seo-wordpress\/ -->\n<title>Falta de sono afeta mais da metade da popula\u00e7\u00e3o e \u00e9 problema de sa\u00fade p\u00fablica - Portal Tela Portugal<\/title>\n<meta name=\"robots\" content=\"index, follow, max-snippet:-1, max-image-preview:large, max-video-preview:-1\" \/>\n<meta property=\"og:locale\" content=\"pt_PT\" \/>\n<meta property=\"og:type\" content=\"article\" \/>\n<meta property=\"og:title\" content=\"Falta de sono afeta mais da metade da popula\u00e7\u00e3o e \u00e9 problema de sa\u00fade p\u00fablica - Portal Tela Portugal\" \/>\n<meta property=\"og:description\" content=\"Mais de metade dos portugueses dorme menos de sete horas por dia, alerta o pneumologista Joaquim Moita, presidente da Assembleia-Geral da Associa\u00e7\u00e3o Portuguesa de Sono. Entre os 18 e os 65 anos, a recomenda\u00e7\u00e3o \u00e9 dormir entre sete e nove horas di\u00e1rias; menos de sete \u00e9 considerado insufici\u00eancia de sono. A insufici\u00eancia resulta de fatores socioecon\u00f3micos e de h\u00e1bitos como acordar cedo para trabalhar ou estudar, televis\u00e3o e atividades at\u00e9 \u00e0 meia-noite, bem como ilumina\u00e7\u00e3o LED azul que pode impedir a produ\u00e7\u00e3o de melatonina. Crian\u00e7as devem dormir entre nove e 11 horas di\u00e1rias, mas acordam cedo para a escola, o que pode levar a sono insuficiente. A falta de sono est\u00e1 associada a riscos de diabetes, obesidade e problemas cardiovasculares; h\u00e1 dificuldades de acesso a cuidados m\u00e9dicos e a solu\u00e7\u00e3o pode passar pela Medicina Geral e Familiar, enquanto dispositivos de monitoriza\u00e7\u00e3o n\u00e3o substituem consulta m\u00e9dica. Com o Dia Mundial do Sono, a Associa\u00e7\u00e3o Portuguesa de Sono participa na campanha global da World Sleep Society, junto da iniciativa nacional \u201cDormir bem para viver melhor\u201d.\" \/>\n<meta property=\"og:url\" content=\"https:\/\/portaltela.pt\/noticias\/2026\/03\/10\/falta-de-sono-afeta-mais-da-metade-da-populacao-e-e-problema-de-saude-publica\/\" \/>\n<meta property=\"og:site_name\" content=\"Portal Tela Portugal\" \/>\n<meta property=\"article:published_time\" content=\"2026-03-10T18:54:00+00:00\" \/>\n<meta name=\"author\" content=\"Telinha\" \/>\n<meta name=\"twitter:card\" content=\"summary_large_image\" \/>\n<meta name=\"twitter:label1\" content=\"Escrito por\" \/>\n\t<meta name=\"twitter:data1\" content=\"Telinha\" \/>\n\t<meta name=\"twitter:label2\" content=\"Tempo estimado de leitura\" \/>\n\t<meta name=\"twitter:data2\" content=\"1 minuto\" \/>\n<script type=\"application\/ld+json\" class=\"yoast-schema-graph\">{\"@context\":\"https:\/\/schema.org\",\"@graph\":[{\"@type\":\"Article\",\"@id\":\"https:\/\/portaltela.pt\/noticias\/2026\/03\/10\/falta-de-sono-afeta-mais-da-metade-da-populacao-e-e-problema-de-saude-publica\/#article\",\"isPartOf\":{\"@id\":\"https:\/\/portaltela.pt\/noticias\/2026\/03\/10\/falta-de-sono-afeta-mais-da-metade-da-populacao-e-e-problema-de-saude-publica\/\"},\"author\":{\"name\":\"Telinha\",\"@id\":\"https:\/\/portaltela.pt\/#\/schema\/person\/c4278d4a6028830caff9ee44b42d32ed\"},\"headline\":\"Falta de sono afeta mais da metade da popula\u00e7\u00e3o e \u00e9 problema de sa\u00fade p\u00fablica\",\"datePublished\":\"2026-03-10T18:54:00+00:00\",\"mainEntityOfPage\":{\"@id\":\"https:\/\/portaltela.pt\/noticias\/2026\/03\/10\/falta-de-sono-afeta-mais-da-metade-da-populacao-e-e-problema-de-saude-publica\/\"},\"wordCount\":280,\"image\":{\"@id\":\"https:\/\/portaltela.pt\/noticias\/2026\/03\/10\/falta-de-sono-afeta-mais-da-metade-da-populacao-e-e-problema-de-saude-publica\/#primaryimage\"},\"thumbnailUrl\":\"https:\/\/portaltela.pt\/s.01k8rhncp4jt1\/2026\/03\/image-656.jpg\",\"keywords\":[\"cardiologia\",\"diabetes\",\"Doen\u00e7as do aparelho circulat\u00f3rio\",\"educa\u00e7\u00e3o\",\"obesidade\",\"sa\u00fade p\u00fablica\"],\"articleSection\":[\"Not\u00edcias\",\"Sa\u00fade\"],\"inLanguage\":\"pt-PT\"},{\"@type\":\"WebPage\",\"@id\":\"https:\/\/portaltela.pt\/noticias\/2026\/03\/10\/falta-de-sono-afeta-mais-da-metade-da-populacao-e-e-problema-de-saude-publica\/\",\"url\":\"https:\/\/portaltela.pt\/noticias\/2026\/03\/10\/falta-de-sono-afeta-mais-da-metade-da-populacao-e-e-problema-de-saude-publica\/\",\"name\":\"Falta de sono afeta mais da metade da popula\u00e7\u00e3o e \u00e9 problema de sa\u00fade p\u00fablica - Portal Tela Portugal\",\"isPartOf\":{\"@id\":\"https:\/\/portaltela.pt\/#website\"},\"primaryImageOfPage\":{\"@id\":\"https:\/\/portaltela.pt\/noticias\/2026\/03\/10\/falta-de-sono-afeta-mais-da-metade-da-populacao-e-e-problema-de-saude-publica\/#primaryimage\"},\"image\":{\"@id\":\"https:\/\/portaltela.pt\/noticias\/2026\/03\/10\/falta-de-sono-afeta-mais-da-metade-da-populacao-e-e-problema-de-saude-publica\/#primaryimage\"},\"thumbnailUrl\":\"https:\/\/portaltela.pt\/s.01k8rhncp4jt1\/2026\/03\/image-656.jpg\",\"datePublished\":\"2026-03-10T18:54:00+00:00\",\"author\":{\"@id\":\"https:\/\/portaltela.pt\/#\/schema\/person\/c4278d4a6028830caff9ee44b42d32ed\"},\"breadcrumb\":{\"@id\":\"https:\/\/portaltela.pt\/noticias\/2026\/03\/10\/falta-de-sono-afeta-mais-da-metade-da-populacao-e-e-problema-de-saude-publica\/#breadcrumb\"},\"inLanguage\":\"pt-PT\",\"potentialAction\":[{\"@type\":\"ReadAction\",\"target\":[\"https:\/\/portaltela.pt\/noticias\/2026\/03\/10\/falta-de-sono-afeta-mais-da-metade-da-populacao-e-e-problema-de-saude-publica\/\"]}]},{\"@type\":\"ImageObject\",\"inLanguage\":\"pt-PT\",\"@id\":\"https:\/\/portaltela.pt\/noticias\/2026\/03\/10\/falta-de-sono-afeta-mais-da-metade-da-populacao-e-e-problema-de-saude-publica\/#primaryimage\",\"url\":\"https:\/\/portaltela.pt\/s.01k8rhncp4jt1\/2026\/03\/image-656.jpg\",\"contentUrl\":\"https:\/\/portaltela.pt\/s.01k8rhncp4jt1\/2026\/03\/image-656.jpg\",\"width\":796,\"height\":448,\"caption\":\"Dia Mundial do Sono assinala-se na sexta-feira\"},{\"@type\":\"BreadcrumbList\",\"@id\":\"https:\/\/portaltela.pt\/noticias\/2026\/03\/10\/falta-de-sono-afeta-mais-da-metade-da-populacao-e-e-problema-de-saude-publica\/#breadcrumb\",\"itemListElement\":[{\"@type\":\"ListItem\",\"position\":1,\"name\":\"In\u00edcio\",\"item\":\"https:\/\/portaltela.pt\/\"},{\"@type\":\"ListItem\",\"position\":2,\"name\":\"Falta de sono afeta mais da metade da popula\u00e7\u00e3o e \u00e9 problema de sa\u00fade p\u00fablica\"}]},{\"@type\":\"WebSite\",\"@id\":\"https:\/\/portaltela.pt\/#website\",\"url\":\"https:\/\/portaltela.pt\/\",\"name\":\"Portal Tela Portugal\",\"description\":\"\",\"potentialAction\":[{\"@type\":\"SearchAction\",\"target\":{\"@type\":\"EntryPoint\",\"urlTemplate\":\"https:\/\/portaltela.pt\/?s={search_term_string}\"},\"query-input\":{\"@type\":\"PropertyValueSpecification\",\"valueRequired\":true,\"valueName\":\"search_term_string\"}}],\"inLanguage\":\"pt-PT\"},{\"@type\":\"Person\",\"@id\":\"https:\/\/portaltela.pt\/#\/schema\/person\/c4278d4a6028830caff9ee44b42d32ed\",\"name\":\"Telinha\",\"image\":{\"@type\":\"ImageObject\",\"inLanguage\":\"pt-PT\",\"@id\":\"https:\/\/portaltela.pt\/s.01k8rhncp4jt1\/2025\/11\/talking-bot-125x125.png\",\"url\":\"https:\/\/portaltela.pt\/s.01k8rhncp4jt1\/2025\/11\/talking-bot-125x125.png\",\"contentUrl\":\"https:\/\/portaltela.pt\/s.01k8rhncp4jt1\/2025\/11\/talking-bot-125x125.png\",\"caption\":\"Telinha\"},\"sameAs\":[\"https:\/\/portaltela.pt\/\"],\"url\":\"https:\/\/portaltela.pt\/por\/367410592786\/\"}]}<\/script>\n<!-- \/ Yoast SEO plugin. -->","yoast_head_json":{"title":"Falta de sono afeta mais da metade da popula\u00e7\u00e3o e \u00e9 problema de sa\u00fade p\u00fablica - Portal Tela Portugal","robots":{"index":"index","follow":"follow","max-snippet":"max-snippet:-1","max-image-preview":"max-image-preview:large","max-video-preview":"max-video-preview:-1"},"og_locale":"pt_PT","og_type":"article","og_title":"Falta de sono afeta mais da metade da popula\u00e7\u00e3o e \u00e9 problema de sa\u00fade p\u00fablica - Portal Tela Portugal","og_description":"Mais de metade dos portugueses dorme menos de sete horas por dia, alerta o pneumologista Joaquim Moita, presidente da Assembleia-Geral da Associa\u00e7\u00e3o Portuguesa de Sono. Entre os 18 e os 65 anos, a recomenda\u00e7\u00e3o \u00e9 dormir entre sete e nove horas di\u00e1rias; menos de sete \u00e9 considerado insufici\u00eancia de sono. A insufici\u00eancia resulta de fatores socioecon\u00f3micos e de h\u00e1bitos como acordar cedo para trabalhar ou estudar, televis\u00e3o e atividades at\u00e9 \u00e0 meia-noite, bem como ilumina\u00e7\u00e3o LED azul que pode impedir a produ\u00e7\u00e3o de melatonina. Crian\u00e7as devem dormir entre nove e 11 horas di\u00e1rias, mas acordam cedo para a escola, o que pode levar a sono insuficiente. A falta de sono est\u00e1 associada a riscos de diabetes, obesidade e problemas cardiovasculares; h\u00e1 dificuldades de acesso a cuidados m\u00e9dicos e a solu\u00e7\u00e3o pode passar pela Medicina Geral e Familiar, enquanto dispositivos de monitoriza\u00e7\u00e3o n\u00e3o substituem consulta m\u00e9dica. Com o Dia Mundial do Sono, a Associa\u00e7\u00e3o Portuguesa de Sono participa na campanha global da World Sleep Society, junto da iniciativa nacional \u201cDormir bem para viver melhor\u201d.","og_url":"https:\/\/portaltela.pt\/noticias\/2026\/03\/10\/falta-de-sono-afeta-mais-da-metade-da-populacao-e-e-problema-de-saude-publica\/","og_site_name":"Portal Tela Portugal","article_published_time":"2026-03-10T18:54:00+00:00","author":"Telinha","twitter_card":"summary_large_image","twitter_misc":{"Escrito por":"Telinha","Tempo estimado de leitura":"1 minuto"},"schema":{"@context":"https:\/\/schema.org","@graph":[{"@type":"Article","@id":"https:\/\/portaltela.pt\/noticias\/2026\/03\/10\/falta-de-sono-afeta-mais-da-metade-da-populacao-e-e-problema-de-saude-publica\/#article","isPartOf":{"@id":"https:\/\/portaltela.pt\/noticias\/2026\/03\/10\/falta-de-sono-afeta-mais-da-metade-da-populacao-e-e-problema-de-saude-publica\/"},"author":{"name":"Telinha","@id":"https:\/\/portaltela.pt\/#\/schema\/person\/c4278d4a6028830caff9ee44b42d32ed"},"headline":"Falta de sono afeta mais da metade da popula\u00e7\u00e3o e \u00e9 problema de sa\u00fade p\u00fablica","datePublished":"2026-03-10T18:54:00+00:00","mainEntityOfPage":{"@id":"https:\/\/portaltela.pt\/noticias\/2026\/03\/10\/falta-de-sono-afeta-mais-da-metade-da-populacao-e-e-problema-de-saude-publica\/"},"wordCount":280,"image":{"@id":"https:\/\/portaltela.pt\/noticias\/2026\/03\/10\/falta-de-sono-afeta-mais-da-metade-da-populacao-e-e-problema-de-saude-publica\/#primaryimage"},"thumbnailUrl":"https:\/\/portaltela.pt\/s.01k8rhncp4jt1\/2026\/03\/image-656.jpg","keywords":["cardiologia","diabetes","Doen\u00e7as do aparelho circulat\u00f3rio","educa\u00e7\u00e3o","obesidade","sa\u00fade p\u00fablica"],"articleSection":["Not\u00edcias","Sa\u00fade"],"inLanguage":"pt-PT"},{"@type":"WebPage","@id":"https:\/\/portaltela.pt\/noticias\/2026\/03\/10\/falta-de-sono-afeta-mais-da-metade-da-populacao-e-e-problema-de-saude-publica\/","url":"https:\/\/portaltela.pt\/noticias\/2026\/03\/10\/falta-de-sono-afeta-mais-da-metade-da-populacao-e-e-problema-de-saude-publica\/","name":"Falta de sono afeta mais da metade da popula\u00e7\u00e3o e \u00e9 problema de sa\u00fade p\u00fablica - Portal Tela Portugal","isPartOf":{"@id":"https:\/\/portaltela.pt\/#website"},"primaryImageOfPage":{"@id":"https:\/\/portaltela.pt\/noticias\/2026\/03\/10\/falta-de-sono-afeta-mais-da-metade-da-populacao-e-e-problema-de-saude-publica\/#primaryimage"},"image":{"@id":"https:\/\/portaltela.pt\/noticias\/2026\/03\/10\/falta-de-sono-afeta-mais-da-metade-da-populacao-e-e-problema-de-saude-publica\/#primaryimage"},"thumbnailUrl":"https:\/\/portaltela.pt\/s.01k8rhncp4jt1\/2026\/03\/image-656.jpg","datePublished":"2026-03-10T18:54:00+00:00","author":{"@id":"https:\/\/portaltela.pt\/#\/schema\/person\/c4278d4a6028830caff9ee44b42d32ed"},"breadcrumb":{"@id":"https:\/\/portaltela.pt\/noticias\/2026\/03\/10\/falta-de-sono-afeta-mais-da-metade-da-populacao-e-e-problema-de-saude-publica\/#breadcrumb"},"inLanguage":"pt-PT","potentialAction":[{"@type":"ReadAction","target":["https:\/\/portaltela.pt\/noticias\/2026\/03\/10\/falta-de-sono-afeta-mais-da-metade-da-populacao-e-e-problema-de-saude-publica\/"]}]},{"@type":"ImageObject","inLanguage":"pt-PT","@id":"https:\/\/portaltela.pt\/noticias\/2026\/03\/10\/falta-de-sono-afeta-mais-da-metade-da-populacao-e-e-problema-de-saude-publica\/#primaryimage","url":"https:\/\/portaltela.pt\/s.01k8rhncp4jt1\/2026\/03\/image-656.jpg","contentUrl":"https:\/\/portaltela.pt\/s.01k8rhncp4jt1\/2026\/03\/image-656.jpg","width":796,"height":448,"caption":"Dia Mundial do Sono assinala-se na sexta-feira"},{"@type":"BreadcrumbList","@id":"https:\/\/portaltela.pt\/noticias\/2026\/03\/10\/falta-de-sono-afeta-mais-da-metade-da-populacao-e-e-problema-de-saude-publica\/#breadcrumb","itemListElement":[{"@type":"ListItem","position":1,"name":"In\u00edcio","item":"https:\/\/portaltela.pt\/"},{"@type":"ListItem","position":2,"name":"Falta de sono afeta mais da metade da popula\u00e7\u00e3o e \u00e9 problema de sa\u00fade p\u00fablica"}]},{"@type":"WebSite","@id":"https:\/\/portaltela.pt\/#website","url":"https:\/\/portaltela.pt\/","name":"Portal Tela Portugal","description":"","potentialAction":[{"@type":"SearchAction","target":{"@type":"EntryPoint","urlTemplate":"https:\/\/portaltela.pt\/?s={search_term_string}"},"query-input":{"@type":"PropertyValueSpecification","valueRequired":true,"valueName":"search_term_string"}}],"inLanguage":"pt-PT"},{"@type":"Person","@id":"https:\/\/portaltela.pt\/#\/schema\/person\/c4278d4a6028830caff9ee44b42d32ed","name":"Telinha","image":{"@type":"ImageObject","inLanguage":"pt-PT","@id":"https:\/\/portaltela.pt\/s.01k8rhncp4jt1\/2025\/11\/talking-bot-125x125.png","url":"https:\/\/portaltela.pt\/s.01k8rhncp4jt1\/2025\/11\/talking-bot-125x125.png","contentUrl":"https:\/\/portaltela.pt\/s.01k8rhncp4jt1\/2025\/11\/talking-bot-125x125.png","caption":"Telinha"},"sameAs":["https:\/\/portaltela.pt\/"],"url":"https:\/\/portaltela.pt\/por\/367410592786\/"}]}},"_links":{"self":[{"href":"https:\/\/portaltela.pt\/api\/wp\/v2\/posts\/405029","targetHints":{"allow":["GET"]}}],"collection":[{"href":"https:\/\/portaltela.pt\/api\/wp\/v2\/posts"}],"about":[{"href":"https:\/\/portaltela.pt\/api\/wp\/v2\/types\/post"}],"author":[{"embeddable":true,"href":"https:\/\/portaltela.pt\/api\/wp\/v2\/users\/2"}],"replies":[{"embeddable":true,"href":"https:\/\/portaltela.pt\/api\/wp\/v2\/comments?post=405029"}],"version-history":[{"count":0,"href":"https:\/\/portaltela.pt\/api\/wp\/v2\/posts\/405029\/revisions"}],"wp:featuredmedia":[{"embeddable":true,"href":"https:\/\/portaltela.pt\/api\/wp\/v2\/media\/405030"}],"wp:attachment":[{"href":"https:\/\/portaltela.pt\/api\/wp\/v2\/media?parent=405029"}],"wp:term":[{"taxonomy":"category","embeddable":true,"href":"https:\/\/portaltela.pt\/api\/wp\/v2\/categories?post=405029"},{"taxonomy":"post_tag","embeddable":true,"href":"https:\/\/portaltela.pt\/api\/wp\/v2\/tags?post=405029"}],"curies":[{"name":"wp","href":"https:\/\/api.w.org\/{rel}","templated":true}]}}