{"id":405024,"date":"2026-03-10T15:26:00","date_gmt":"2026-03-10T18:26:00","guid":{"rendered":"https:\/\/portaltela.pt\/noticias\/2026\/03\/10\/sporting-fc-porto-e-benfica-mantem-equipas-b\/"},"modified":"2026-03-10T15:26:00","modified_gmt":"2026-03-10T18:26:00","slug":"sporting-fc-porto-e-benfica-mantem-equipas-b","status":"publish","type":"post","link":"https:\/\/portaltela.pt\/desporto\/futebol\/2026\/03\/10\/sporting-fc-porto-e-benfica-mantem-equipas-b\/","title":{"rendered":"Sporting, FC Porto e Benfica mant\u00eam equipas B"},"content":{"rendered":"<p>O Sporting, FC Porto e Benfica renovaram as inscri\u00e7\u00f5es das suas equipas B na Liga Portuguesa de Futebol Profissional (LPFP), para as \u00e9pocas 2026\/27 e 2027\/28. As equipas disputam a II Liga, tal como Sporting de Braga e Vit\u00f3ria de Guimar\u00e3es.<\/p>\n<p>Segundo a LPFP, as cinco forma\u00e7\u00f5es mant\u00eam-se no leque da II Liga, com Benfica B e FC Porto B a atuar ininterruptamente h\u00e1 14 temporadas. Sporting B volta ao segundo escal\u00e3o nesta \u00e9poca, ap\u00f3s ter sido despromovido em 2017\/18, e ter somado seis participa\u00e7\u00f5es seguidas desde 2012\/13.<\/p>\n<p>Benfica B, FC Porto B, Sporting B, Braga B e Guimar\u00e3es B asseguram a renova\u00e7\u00e3o, mantendo perspetiva de poss\u00edvel subida aos patamares superiores, conforme evolu\u00e7\u00f5es competitivas das respetivas estruturas.<\/p>\n<h3>Contexto hist\u00f3rico<\/h3>\n<p>Braga B e V. Guimar\u00e3es B disputam a Liga 3, mas confirmaram a renova\u00e7\u00e3o das inscri\u00e7\u00f5es para eventuais promo\u00e7\u00f5es futuras.<\/p>\n<p>As equipas minhotas participaram no regresso das equipas B \u00e0 II Liga em 2012\/13, com o Braga B a disputarem a prova durante sete temporadas seguidas at\u00e9 \u00e0 descida de 2018\/19.<\/p>\n<p>O Vit\u00f3ria de Guimar\u00e3es B foi despromovido na primeira participa\u00e7\u00e3o, regressando em 2014\/15 e sendo despromovido novamente na mesma edi\u00e7\u00e3o.<\/p>\n","protected":false},"excerpt":{"rendered":"<ul>\n<li>As equipas B de Sporting, FC Porto e Benfica renovaram as suas inscri\u00e7\u00f5es na II Liga para as \u00e9pocas 2026\/27 e 2027\/28, tal como Sporting de Braga B e Vit\u00f3ria de Guimar\u00e3es B.<\/li>\n<li>Benfica B e FC Porto B mant\u00eam presen\u00e7a ininterrupta na II Liga h\u00e1 14 temporadas.<\/li>\n<li>Sporting B voltou ao segundo escal\u00e3o nesta temporada, ap\u00f3s a despromo\u00e7\u00e3o em 2017\/18, mantendo-se na prova desde ent\u00e3o.<\/li>\n<li>Sporting de Braga B e Vit\u00f3ria de Guimar\u00e3es B disputam a Liga 3, mas asseguraram a renova\u00e7\u00e3o das inscri\u00e7\u00f5es para poss\u00edveis subidas nas pr\u00f3ximas duas temporadas.<\/li>\n<li>Braga B participou no regresso das equipas B \u00e0 II Liga em 2012\/13, disputando sete \u00e9pocas seguidas at\u00e9 descer em 2018\/19; Guimar\u00e3es B integrou o regresso em 2012\/13, sendo despromovido na mesma \u00e9poca que o rival e regressando em 2014\/15.<\/li>\n<\/ul>\n","protected":false},"author":2,"featured_media":405026,"comment_status":"closed","ping_status":"closed","sticky":false,"template":"","format":"standard","meta":{"footnotes":""},"categories":[21,24],"tags":[1946,3275,1207,32,1145,1539],"class_list":["post-405024","post","type-post","status-publish","format-standard","has-post-thumbnail","hentry","category-desporto","category-futebol","tag-benfica","tag-benfica-b","tag-braga","tag-futebol","tag-guimaraes","tag-ii-liga"],"yoast_head":"<!-- This site is optimized with the Yoast SEO plugin v27.2 - https:\/\/yoast.com\/product\/yoast-seo-wordpress\/ -->\n<title>Sporting, FC Porto e Benfica mant\u00eam equipas B - Portal Tela Portugal<\/title>\n<meta name=\"robots\" content=\"index, follow, max-snippet:-1, max-image-preview:large, max-video-preview:-1\" \/>\n<meta property=\"og:locale\" content=\"pt_PT\" \/>\n<meta property=\"og:type\" content=\"article\" \/>\n<meta property=\"og:title\" content=\"Sporting, FC Porto e Benfica mant\u00eam equipas B - Portal Tela Portugal\" \/>\n<meta property=\"og:description\" content=\"As equipas B de Sporting, FC Porto e Benfica renovaram as suas inscri\u00e7\u00f5es na II Liga para as \u00e9pocas 2026\/27 e 2027\/28, tal como Sporting de Braga B e Vit\u00f3ria de Guimar\u00e3es B. Benfica B e FC Porto B mant\u00eam presen\u00e7a ininterrupta na II Liga h\u00e1 14 temporadas. Sporting B voltou ao segundo escal\u00e3o nesta temporada, ap\u00f3s a despromo\u00e7\u00e3o em 2017\/18, mantendo-se na prova desde ent\u00e3o. Sporting de Braga B e Vit\u00f3ria de Guimar\u00e3es B disputam a Liga 3, mas asseguraram a renova\u00e7\u00e3o das inscri\u00e7\u00f5es para poss\u00edveis subidas nas pr\u00f3ximas duas temporadas. Braga B participou no regresso das equipas B \u00e0 II Liga em 2012\/13, disputando sete \u00e9pocas seguidas at\u00e9 descer em 2018\/19; Guimar\u00e3es B integrou o regresso em 2012\/13, sendo despromovido na mesma \u00e9poca que o rival e regressando em 2014\/15.\" \/>\n<meta property=\"og:url\" content=\"https:\/\/portaltela.pt\/noticias\/2026\/03\/10\/sporting-fc-porto-e-benfica-mantem-equipas-b\/\" \/>\n<meta property=\"og:site_name\" content=\"Portal Tela Portugal\" \/>\n<meta property=\"article:published_time\" content=\"2026-03-10T18:26:00+00:00\" \/>\n<meta name=\"author\" content=\"Telinha\" \/>\n<meta name=\"twitter:card\" content=\"summary_large_image\" \/>\n<meta name=\"twitter:label1\" content=\"Escrito por\" \/>\n\t<meta name=\"twitter:data1\" content=\"Telinha\" \/>\n\t<meta name=\"twitter:label2\" content=\"Tempo estimado de leitura\" \/>\n\t<meta name=\"twitter:data2\" content=\"1 minuto\" \/>\n<script type=\"application\/ld+json\" class=\"yoast-schema-graph\">{\"@context\":\"https:\/\/schema.org\",\"@graph\":[{\"@type\":\"Article\",\"@id\":\"https:\/\/portaltela.pt\/noticias\/2026\/03\/10\/sporting-fc-porto-e-benfica-mantem-equipas-b\/#article\",\"isPartOf\":{\"@id\":\"https:\/\/portaltela.pt\/noticias\/2026\/03\/10\/sporting-fc-porto-e-benfica-mantem-equipas-b\/\"},\"author\":{\"name\":\"Telinha\",\"@id\":\"https:\/\/portaltela.pt\/#\/schema\/person\/c4278d4a6028830caff9ee44b42d32ed\"},\"headline\":\"Sporting, FC Porto e Benfica mant\u00eam equipas B\",\"datePublished\":\"2026-03-10T18:26:00+00:00\",\"mainEntityOfPage\":{\"@id\":\"https:\/\/portaltela.pt\/noticias\/2026\/03\/10\/sporting-fc-porto-e-benfica-mantem-equipas-b\/\"},\"wordCount\":209,\"image\":{\"@id\":\"https:\/\/portaltela.pt\/noticias\/2026\/03\/10\/sporting-fc-porto-e-benfica-mantem-equipas-b\/#primaryimage\"},\"thumbnailUrl\":\"https:\/\/portaltela.pt\/s.01k8rhncp4jt1\/2026\/03\/2073139.jpg\",\"keywords\":[\"Benfica\",\"Benfica B\",\"Braga\",\"futebol\",\"Guimar\u00e3es\",\"II Liga\"],\"articleSection\":[\"Desporto\",\"Futebol\"],\"inLanguage\":\"pt-PT\"},{\"@type\":\"WebPage\",\"@id\":\"https:\/\/portaltela.pt\/noticias\/2026\/03\/10\/sporting-fc-porto-e-benfica-mantem-equipas-b\/\",\"url\":\"https:\/\/portaltela.pt\/noticias\/2026\/03\/10\/sporting-fc-porto-e-benfica-mantem-equipas-b\/\",\"name\":\"Sporting, FC Porto e Benfica mant\u00eam equipas B - Portal Tela Portugal\",\"isPartOf\":{\"@id\":\"https:\/\/portaltela.pt\/#website\"},\"primaryImageOfPage\":{\"@id\":\"https:\/\/portaltela.pt\/noticias\/2026\/03\/10\/sporting-fc-porto-e-benfica-mantem-equipas-b\/#primaryimage\"},\"image\":{\"@id\":\"https:\/\/portaltela.pt\/noticias\/2026\/03\/10\/sporting-fc-porto-e-benfica-mantem-equipas-b\/#primaryimage\"},\"thumbnailUrl\":\"https:\/\/portaltela.pt\/s.01k8rhncp4jt1\/2026\/03\/2073139.jpg\",\"datePublished\":\"2026-03-10T18:26:00+00:00\",\"author\":{\"@id\":\"https:\/\/portaltela.pt\/#\/schema\/person\/c4278d4a6028830caff9ee44b42d32ed\"},\"breadcrumb\":{\"@id\":\"https:\/\/portaltela.pt\/noticias\/2026\/03\/10\/sporting-fc-porto-e-benfica-mantem-equipas-b\/#breadcrumb\"},\"inLanguage\":\"pt-PT\",\"potentialAction\":[{\"@type\":\"ReadAction\",\"target\":[\"https:\/\/portaltela.pt\/noticias\/2026\/03\/10\/sporting-fc-porto-e-benfica-mantem-equipas-b\/\"]}]},{\"@type\":\"ImageObject\",\"inLanguage\":\"pt-PT\",\"@id\":\"https:\/\/portaltela.pt\/noticias\/2026\/03\/10\/sporting-fc-porto-e-benfica-mantem-equipas-b\/#primaryimage\",\"url\":\"https:\/\/portaltela.pt\/s.01k8rhncp4jt1\/2026\/03\/2073139.jpg\",\"contentUrl\":\"https:\/\/portaltela.pt\/s.01k8rhncp4jt1\/2026\/03\/2073139.jpg\",\"width\":796,\"height\":448,\"caption\":\"As equipas B dos tr\u00eas \\\"grandes\\\" querem continuar na II Liga\"},{\"@type\":\"BreadcrumbList\",\"@id\":\"https:\/\/portaltela.pt\/noticias\/2026\/03\/10\/sporting-fc-porto-e-benfica-mantem-equipas-b\/#breadcrumb\",\"itemListElement\":[{\"@type\":\"ListItem\",\"position\":1,\"name\":\"In\u00edcio\",\"item\":\"https:\/\/portaltela.pt\/\"},{\"@type\":\"ListItem\",\"position\":2,\"name\":\"Sporting, FC Porto e Benfica mant\u00eam equipas B\"}]},{\"@type\":\"WebSite\",\"@id\":\"https:\/\/portaltela.pt\/#website\",\"url\":\"https:\/\/portaltela.pt\/\",\"name\":\"Portal Tela Portugal\",\"description\":\"\",\"potentialAction\":[{\"@type\":\"SearchAction\",\"target\":{\"@type\":\"EntryPoint\",\"urlTemplate\":\"https:\/\/portaltela.pt\/?s={search_term_string}\"},\"query-input\":{\"@type\":\"PropertyValueSpecification\",\"valueRequired\":true,\"valueName\":\"search_term_string\"}}],\"inLanguage\":\"pt-PT\"},{\"@type\":\"Person\",\"@id\":\"https:\/\/portaltela.pt\/#\/schema\/person\/c4278d4a6028830caff9ee44b42d32ed\",\"name\":\"Telinha\",\"image\":{\"@type\":\"ImageObject\",\"inLanguage\":\"pt-PT\",\"@id\":\"https:\/\/portaltela.pt\/s.01k8rhncp4jt1\/2025\/11\/talking-bot-125x125.png\",\"url\":\"https:\/\/portaltela.pt\/s.01k8rhncp4jt1\/2025\/11\/talking-bot-125x125.png\",\"contentUrl\":\"https:\/\/portaltela.pt\/s.01k8rhncp4jt1\/2025\/11\/talking-bot-125x125.png\",\"caption\":\"Telinha\"},\"sameAs\":[\"https:\/\/portaltela.pt\/\"],\"url\":\"https:\/\/portaltela.pt\/por\/367410592786\/\"}]}<\/script>\n<!-- \/ Yoast SEO plugin. -->","yoast_head_json":{"title":"Sporting, FC Porto e Benfica mant\u00eam equipas B - Portal Tela Portugal","robots":{"index":"index","follow":"follow","max-snippet":"max-snippet:-1","max-image-preview":"max-image-preview:large","max-video-preview":"max-video-preview:-1"},"og_locale":"pt_PT","og_type":"article","og_title":"Sporting, FC Porto e Benfica mant\u00eam equipas B - Portal Tela Portugal","og_description":"As equipas B de Sporting, FC Porto e Benfica renovaram as suas inscri\u00e7\u00f5es na II Liga para as \u00e9pocas 2026\/27 e 2027\/28, tal como Sporting de Braga B e Vit\u00f3ria de Guimar\u00e3es B. Benfica B e FC Porto B mant\u00eam presen\u00e7a ininterrupta na II Liga h\u00e1 14 temporadas. Sporting B voltou ao segundo escal\u00e3o nesta temporada, ap\u00f3s a despromo\u00e7\u00e3o em 2017\/18, mantendo-se na prova desde ent\u00e3o. Sporting de Braga B e Vit\u00f3ria de Guimar\u00e3es B disputam a Liga 3, mas asseguraram a renova\u00e7\u00e3o das inscri\u00e7\u00f5es para poss\u00edveis subidas nas pr\u00f3ximas duas temporadas. Braga B participou no regresso das equipas B \u00e0 II Liga em 2012\/13, disputando sete \u00e9pocas seguidas at\u00e9 descer em 2018\/19; Guimar\u00e3es B integrou o regresso em 2012\/13, sendo despromovido na mesma \u00e9poca que o rival e regressando em 2014\/15.","og_url":"https:\/\/portaltela.pt\/noticias\/2026\/03\/10\/sporting-fc-porto-e-benfica-mantem-equipas-b\/","og_site_name":"Portal Tela Portugal","article_published_time":"2026-03-10T18:26:00+00:00","author":"Telinha","twitter_card":"summary_large_image","twitter_misc":{"Escrito por":"Telinha","Tempo estimado de leitura":"1 minuto"},"schema":{"@context":"https:\/\/schema.org","@graph":[{"@type":"Article","@id":"https:\/\/portaltela.pt\/noticias\/2026\/03\/10\/sporting-fc-porto-e-benfica-mantem-equipas-b\/#article","isPartOf":{"@id":"https:\/\/portaltela.pt\/noticias\/2026\/03\/10\/sporting-fc-porto-e-benfica-mantem-equipas-b\/"},"author":{"name":"Telinha","@id":"https:\/\/portaltela.pt\/#\/schema\/person\/c4278d4a6028830caff9ee44b42d32ed"},"headline":"Sporting, FC Porto e Benfica mant\u00eam equipas B","datePublished":"2026-03-10T18:26:00+00:00","mainEntityOfPage":{"@id":"https:\/\/portaltela.pt\/noticias\/2026\/03\/10\/sporting-fc-porto-e-benfica-mantem-equipas-b\/"},"wordCount":209,"image":{"@id":"https:\/\/portaltela.pt\/noticias\/2026\/03\/10\/sporting-fc-porto-e-benfica-mantem-equipas-b\/#primaryimage"},"thumbnailUrl":"https:\/\/portaltela.pt\/s.01k8rhncp4jt1\/2026\/03\/2073139.jpg","keywords":["Benfica","Benfica B","Braga","futebol","Guimar\u00e3es","II Liga"],"articleSection":["Desporto","Futebol"],"inLanguage":"pt-PT"},{"@type":"WebPage","@id":"https:\/\/portaltela.pt\/noticias\/2026\/03\/10\/sporting-fc-porto-e-benfica-mantem-equipas-b\/","url":"https:\/\/portaltela.pt\/noticias\/2026\/03\/10\/sporting-fc-porto-e-benfica-mantem-equipas-b\/","name":"Sporting, FC Porto e Benfica mant\u00eam equipas B - Portal Tela Portugal","isPartOf":{"@id":"https:\/\/portaltela.pt\/#website"},"primaryImageOfPage":{"@id":"https:\/\/portaltela.pt\/noticias\/2026\/03\/10\/sporting-fc-porto-e-benfica-mantem-equipas-b\/#primaryimage"},"image":{"@id":"https:\/\/portaltela.pt\/noticias\/2026\/03\/10\/sporting-fc-porto-e-benfica-mantem-equipas-b\/#primaryimage"},"thumbnailUrl":"https:\/\/portaltela.pt\/s.01k8rhncp4jt1\/2026\/03\/2073139.jpg","datePublished":"2026-03-10T18:26:00+00:00","author":{"@id":"https:\/\/portaltela.pt\/#\/schema\/person\/c4278d4a6028830caff9ee44b42d32ed"},"breadcrumb":{"@id":"https:\/\/portaltela.pt\/noticias\/2026\/03\/10\/sporting-fc-porto-e-benfica-mantem-equipas-b\/#breadcrumb"},"inLanguage":"pt-PT","potentialAction":[{"@type":"ReadAction","target":["https:\/\/portaltela.pt\/noticias\/2026\/03\/10\/sporting-fc-porto-e-benfica-mantem-equipas-b\/"]}]},{"@type":"ImageObject","inLanguage":"pt-PT","@id":"https:\/\/portaltela.pt\/noticias\/2026\/03\/10\/sporting-fc-porto-e-benfica-mantem-equipas-b\/#primaryimage","url":"https:\/\/portaltela.pt\/s.01k8rhncp4jt1\/2026\/03\/2073139.jpg","contentUrl":"https:\/\/portaltela.pt\/s.01k8rhncp4jt1\/2026\/03\/2073139.jpg","width":796,"height":448,"caption":"As equipas B dos tr\u00eas \"grandes\" querem continuar na II Liga"},{"@type":"BreadcrumbList","@id":"https:\/\/portaltela.pt\/noticias\/2026\/03\/10\/sporting-fc-porto-e-benfica-mantem-equipas-b\/#breadcrumb","itemListElement":[{"@type":"ListItem","position":1,"name":"In\u00edcio","item":"https:\/\/portaltela.pt\/"},{"@type":"ListItem","position":2,"name":"Sporting, FC Porto e Benfica mant\u00eam equipas B"}]},{"@type":"WebSite","@id":"https:\/\/portaltela.pt\/#website","url":"https:\/\/portaltela.pt\/","name":"Portal Tela Portugal","description":"","potentialAction":[{"@type":"SearchAction","target":{"@type":"EntryPoint","urlTemplate":"https:\/\/portaltela.pt\/?s={search_term_string}"},"query-input":{"@type":"PropertyValueSpecification","valueRequired":true,"valueName":"search_term_string"}}],"inLanguage":"pt-PT"},{"@type":"Person","@id":"https:\/\/portaltela.pt\/#\/schema\/person\/c4278d4a6028830caff9ee44b42d32ed","name":"Telinha","image":{"@type":"ImageObject","inLanguage":"pt-PT","@id":"https:\/\/portaltela.pt\/s.01k8rhncp4jt1\/2025\/11\/talking-bot-125x125.png","url":"https:\/\/portaltela.pt\/s.01k8rhncp4jt1\/2025\/11\/talking-bot-125x125.png","contentUrl":"https:\/\/portaltela.pt\/s.01k8rhncp4jt1\/2025\/11\/talking-bot-125x125.png","caption":"Telinha"},"sameAs":["https:\/\/portaltela.pt\/"],"url":"https:\/\/portaltela.pt\/por\/367410592786\/"}]}},"_links":{"self":[{"href":"https:\/\/portaltela.pt\/api\/wp\/v2\/posts\/405024","targetHints":{"allow":["GET"]}}],"collection":[{"href":"https:\/\/portaltela.pt\/api\/wp\/v2\/posts"}],"about":[{"href":"https:\/\/portaltela.pt\/api\/wp\/v2\/types\/post"}],"author":[{"embeddable":true,"href":"https:\/\/portaltela.pt\/api\/wp\/v2\/users\/2"}],"replies":[{"embeddable":true,"href":"https:\/\/portaltela.pt\/api\/wp\/v2\/comments?post=405024"}],"version-history":[{"count":0,"href":"https:\/\/portaltela.pt\/api\/wp\/v2\/posts\/405024\/revisions"}],"wp:featuredmedia":[{"embeddable":true,"href":"https:\/\/portaltela.pt\/api\/wp\/v2\/media\/405026"}],"wp:attachment":[{"href":"https:\/\/portaltela.pt\/api\/wp\/v2\/media?parent=405024"}],"wp:term":[{"taxonomy":"category","embeddable":true,"href":"https:\/\/portaltela.pt\/api\/wp\/v2\/categories?post=405024"},{"taxonomy":"post_tag","embeddable":true,"href":"https:\/\/portaltela.pt\/api\/wp\/v2\/tags?post=405024"}],"curies":[{"name":"wp","href":"https:\/\/api.w.org\/{rel}","templated":true}]}}