{"id":405022,"date":"2026-03-10T15:22:00","date_gmt":"2026-03-10T18:22:00","guid":{"rendered":"https:\/\/portaltela.pt\/noticias\/2026\/03\/10\/cristina-branco-vence-o-premio-jose-afonso-com-album-mulheres-de-abril\/"},"modified":"2026-03-10T15:22:00","modified_gmt":"2026-03-10T18:22:00","slug":"cristina-branco-vence-o-premio-jose-afonso-com-album-mulheres-de-abril","status":"publish","type":"post","link":"https:\/\/portaltela.pt\/musica\/2026\/03\/10\/cristina-branco-vence-o-premio-jose-afonso-com-album-mulheres-de-abril\/","title":{"rendered":"Cristina Branco vence o Pr\u00e9mio Jos\u00e9 Afonso com \u00c1lbum Mulheres de Abril"},"content":{"rendered":"<p>O \u00e1lbum Mulheres de Abril (2025), de Cristina Branco, venceu o Pr\u00e9mio Jos\u00e9 Afonso na 38.\u00aa edi\u00e7\u00e3o, anunciou a C\u00e2mara Municipal da Amadora. A decis\u00e3o foi tomada por unanimidade pelo j\u00fari.<\/p>\n<p>Branco regressa ao report\u00f3rio de Jos\u00e9 Afonso ap\u00f3s o \u00e1lbum Abril, de 2007. O Rapaz da Montanha, de Rodrigo Le\u00e3o, era tamb\u00e9m finalista nesta edi\u00e7\u00e3o.<\/p>\n<h3>J\u00fari e decis\u00e3o<\/h3>\n<p>O j\u00fari foi presidido por S\u00e9rgio Azevedo, em representa\u00e7\u00e3o da C\u00e2mara da Amadora, e integrou Pedro Teixeira da Silva, pela Academia do Teatro Nacional de S\u00e3o Carlos, e Emmy Curl, vencedora do pr\u00e9mio no ano anterior.<\/p>\n<p>O j\u00fari destacou que a recria\u00e7\u00e3o de Jos\u00e9 Afonso por Branco funciona como uma homenagem \u00edmpar, mantendo a ess\u00eancia dos originais e acrescentando frescura contempor\u00e2nea, inspirando novas gera\u00e7\u00f5es.<\/p>\n<p>O \u00e1lbum inclui oito can\u00e7\u00f5es, todas compostas por Jos\u00e9 Afonso. Seis t\u00eam letras dele, e duas s\u00e3o adapta\u00e7\u00f5es de poemas de Lu\u00eds de Cam\u00f5es, Endechas a B\u00e1rbara Escrava e Verdes S\u00e3o os Campos.<\/p>\n","protected":false},"excerpt":{"rendered":"<ul>\n<li>O \u00e1lbum Mulheres de Abril, de Cristina Branco, venceu o Pr\u00e9mio Jos\u00e9 Afonso na 38.\u00aa edi\u00e7\u00e3o, anunciado pela C\u00e2mara da Amadora.<\/li>\n<li>O galard\u00e3o foi atribu\u00eddo por unanimidade pelo j\u00fari, presidido pelo compositor S\u00e9rgio Azevedo.<\/li>\n<li>O Rapaz da Montanha, de Rodrigo Le\u00e3o, foi finalista nesta edi\u00e7\u00e3o, ao lado de Mulheres de Abril.<\/li>\n<li>O j\u00fari elogiou a recria\u00e7\u00e3o dos temas de Jos\u00e9 Afonso pela artista, destacando originalidade e frescura que os trazem para os dias de hoje.<\/li>\n<li>O \u00e1lbum Mulheres de Abril re\u00fane oito can\u00e7\u00f5es de Jos\u00e9 Afonso, seis com letras suas e duas sobre poemas de Lu\u00eds de Cam\u00f5es, j\u00e1 gravadas pela artista anteriormente.<\/li>\n<\/ul>\n","protected":false},"author":2,"featured_media":405025,"comment_status":"closed","ping_status":"closed","sticky":false,"template":"","format":"standard","meta":{"footnotes":""},"categories":[6676],"tags":[2399,1439,1975,145,2701,122],"class_list":["post-405022","post","type-post","status-publish","format-standard","has-post-thumbnail","hentry","category-musica","tag-abril","tag-amadora","tag-arte-teatro-concertos","tag-cultura","tag-mulheres","tag-musica"],"yoast_head":"<!-- This site is optimized with the Yoast SEO plugin v27.2 - https:\/\/yoast.com\/product\/yoast-seo-wordpress\/ -->\n<title>Cristina Branco vence o Pr\u00e9mio Jos\u00e9 Afonso com \u00c1lbum Mulheres de Abril - Portal Tela Portugal<\/title>\n<meta name=\"robots\" content=\"index, follow, max-snippet:-1, max-image-preview:large, max-video-preview:-1\" \/>\n<meta property=\"og:locale\" content=\"pt_PT\" \/>\n<meta property=\"og:type\" content=\"article\" \/>\n<meta property=\"og:title\" content=\"Cristina Branco vence o Pr\u00e9mio Jos\u00e9 Afonso com \u00c1lbum Mulheres de Abril - Portal Tela Portugal\" \/>\n<meta property=\"og:description\" content=\"O \u00e1lbum Mulheres de Abril, de Cristina Branco, venceu o Pr\u00e9mio Jos\u00e9 Afonso na 38.\u00aa edi\u00e7\u00e3o, anunciado pela C\u00e2mara da Amadora. O galard\u00e3o foi atribu\u00eddo por unanimidade pelo j\u00fari, presidido pelo compositor S\u00e9rgio Azevedo. O Rapaz da Montanha, de Rodrigo Le\u00e3o, foi finalista nesta edi\u00e7\u00e3o, ao lado de Mulheres de Abril. O j\u00fari elogiou a recria\u00e7\u00e3o dos temas de Jos\u00e9 Afonso pela artista, destacando originalidade e frescura que os trazem para os dias de hoje. O \u00e1lbum Mulheres de Abril re\u00fane oito can\u00e7\u00f5es de Jos\u00e9 Afonso, seis com letras suas e duas sobre poemas de Lu\u00eds de Cam\u00f5es, j\u00e1 gravadas pela artista anteriormente.\" \/>\n<meta property=\"og:url\" content=\"https:\/\/portaltela.pt\/noticias\/2026\/03\/10\/cristina-branco-vence-o-premio-jose-afonso-com-album-mulheres-de-abril\/\" \/>\n<meta property=\"og:site_name\" content=\"Portal Tela Portugal\" \/>\n<meta property=\"article:published_time\" content=\"2026-03-10T18:22:00+00:00\" \/>\n<meta name=\"author\" content=\"Telinha\" \/>\n<meta name=\"twitter:card\" content=\"summary_large_image\" \/>\n<meta name=\"twitter:label1\" content=\"Escrito por\" \/>\n\t<meta name=\"twitter:data1\" content=\"Telinha\" \/>\n\t<meta name=\"twitter:label2\" content=\"Tempo estimado de leitura\" \/>\n\t<meta name=\"twitter:data2\" content=\"1 minuto\" \/>\n<script type=\"application\/ld+json\" class=\"yoast-schema-graph\">{\"@context\":\"https:\/\/schema.org\",\"@graph\":[{\"@type\":\"Article\",\"@id\":\"https:\/\/portaltela.pt\/noticias\/2026\/03\/10\/cristina-branco-vence-o-premio-jose-afonso-com-album-mulheres-de-abril\/#article\",\"isPartOf\":{\"@id\":\"https:\/\/portaltela.pt\/noticias\/2026\/03\/10\/cristina-branco-vence-o-premio-jose-afonso-com-album-mulheres-de-abril\/\"},\"author\":{\"name\":\"Telinha\",\"@id\":\"https:\/\/portaltela.pt\/#\/schema\/person\/c4278d4a6028830caff9ee44b42d32ed\"},\"headline\":\"Cristina Branco vence o Pr\u00e9mio Jos\u00e9 Afonso com \u00c1lbum Mulheres de Abril\",\"datePublished\":\"2026-03-10T18:22:00+00:00\",\"mainEntityOfPage\":{\"@id\":\"https:\/\/portaltela.pt\/noticias\/2026\/03\/10\/cristina-branco-vence-o-premio-jose-afonso-com-album-mulheres-de-abril\/\"},\"wordCount\":197,\"image\":{\"@id\":\"https:\/\/portaltela.pt\/noticias\/2026\/03\/10\/cristina-branco-vence-o-premio-jose-afonso-com-album-mulheres-de-abril\/#primaryimage\"},\"thumbnailUrl\":\"https:\/\/portaltela.pt\/s.01k8rhncp4jt1\/2026\/03\/2073121.jpg\",\"keywords\":[\"Abril\",\"Amadora\",\"arte\/teatro\/concertos\",\"cultura\",\"Mulheres\",\"m\u00fasica\"],\"articleSection\":[\"M\u00fasica\"],\"inLanguage\":\"pt-PT\"},{\"@type\":\"WebPage\",\"@id\":\"https:\/\/portaltela.pt\/noticias\/2026\/03\/10\/cristina-branco-vence-o-premio-jose-afonso-com-album-mulheres-de-abril\/\",\"url\":\"https:\/\/portaltela.pt\/noticias\/2026\/03\/10\/cristina-branco-vence-o-premio-jose-afonso-com-album-mulheres-de-abril\/\",\"name\":\"Cristina Branco vence o Pr\u00e9mio Jos\u00e9 Afonso com \u00c1lbum Mulheres de Abril - Portal Tela Portugal\",\"isPartOf\":{\"@id\":\"https:\/\/portaltela.pt\/#website\"},\"primaryImageOfPage\":{\"@id\":\"https:\/\/portaltela.pt\/noticias\/2026\/03\/10\/cristina-branco-vence-o-premio-jose-afonso-com-album-mulheres-de-abril\/#primaryimage\"},\"image\":{\"@id\":\"https:\/\/portaltela.pt\/noticias\/2026\/03\/10\/cristina-branco-vence-o-premio-jose-afonso-com-album-mulheres-de-abril\/#primaryimage\"},\"thumbnailUrl\":\"https:\/\/portaltela.pt\/s.01k8rhncp4jt1\/2026\/03\/2073121.jpg\",\"datePublished\":\"2026-03-10T18:22:00+00:00\",\"author\":{\"@id\":\"https:\/\/portaltela.pt\/#\/schema\/person\/c4278d4a6028830caff9ee44b42d32ed\"},\"breadcrumb\":{\"@id\":\"https:\/\/portaltela.pt\/noticias\/2026\/03\/10\/cristina-branco-vence-o-premio-jose-afonso-com-album-mulheres-de-abril\/#breadcrumb\"},\"inLanguage\":\"pt-PT\",\"potentialAction\":[{\"@type\":\"ReadAction\",\"target\":[\"https:\/\/portaltela.pt\/noticias\/2026\/03\/10\/cristina-branco-vence-o-premio-jose-afonso-com-album-mulheres-de-abril\/\"]}]},{\"@type\":\"ImageObject\",\"inLanguage\":\"pt-PT\",\"@id\":\"https:\/\/portaltela.pt\/noticias\/2026\/03\/10\/cristina-branco-vence-o-premio-jose-afonso-com-album-mulheres-de-abril\/#primaryimage\",\"url\":\"https:\/\/portaltela.pt\/s.01k8rhncp4jt1\/2026\/03\/2073121.jpg\",\"contentUrl\":\"https:\/\/portaltela.pt\/s.01k8rhncp4jt1\/2026\/03\/2073121.jpg\",\"width\":796,\"height\":448,\"caption\":\"Cristina Branco\"},{\"@type\":\"BreadcrumbList\",\"@id\":\"https:\/\/portaltela.pt\/noticias\/2026\/03\/10\/cristina-branco-vence-o-premio-jose-afonso-com-album-mulheres-de-abril\/#breadcrumb\",\"itemListElement\":[{\"@type\":\"ListItem\",\"position\":1,\"name\":\"In\u00edcio\",\"item\":\"https:\/\/portaltela.pt\/\"},{\"@type\":\"ListItem\",\"position\":2,\"name\":\"Cristina Branco vence o Pr\u00e9mio Jos\u00e9 Afonso com \u00c1lbum Mulheres de Abril\"}]},{\"@type\":\"WebSite\",\"@id\":\"https:\/\/portaltela.pt\/#website\",\"url\":\"https:\/\/portaltela.pt\/\",\"name\":\"Portal Tela Portugal\",\"description\":\"\",\"potentialAction\":[{\"@type\":\"SearchAction\",\"target\":{\"@type\":\"EntryPoint\",\"urlTemplate\":\"https:\/\/portaltela.pt\/?s={search_term_string}\"},\"query-input\":{\"@type\":\"PropertyValueSpecification\",\"valueRequired\":true,\"valueName\":\"search_term_string\"}}],\"inLanguage\":\"pt-PT\"},{\"@type\":\"Person\",\"@id\":\"https:\/\/portaltela.pt\/#\/schema\/person\/c4278d4a6028830caff9ee44b42d32ed\",\"name\":\"Telinha\",\"image\":{\"@type\":\"ImageObject\",\"inLanguage\":\"pt-PT\",\"@id\":\"https:\/\/portaltela.pt\/s.01k8rhncp4jt1\/2025\/11\/talking-bot-125x125.png\",\"url\":\"https:\/\/portaltela.pt\/s.01k8rhncp4jt1\/2025\/11\/talking-bot-125x125.png\",\"contentUrl\":\"https:\/\/portaltela.pt\/s.01k8rhncp4jt1\/2025\/11\/talking-bot-125x125.png\",\"caption\":\"Telinha\"},\"sameAs\":[\"https:\/\/portaltela.pt\/\"],\"url\":\"https:\/\/portaltela.pt\/por\/367410592786\/\"}]}<\/script>\n<!-- \/ Yoast SEO plugin. -->","yoast_head_json":{"title":"Cristina Branco vence o Pr\u00e9mio Jos\u00e9 Afonso com \u00c1lbum Mulheres de Abril - Portal Tela Portugal","robots":{"index":"index","follow":"follow","max-snippet":"max-snippet:-1","max-image-preview":"max-image-preview:large","max-video-preview":"max-video-preview:-1"},"og_locale":"pt_PT","og_type":"article","og_title":"Cristina Branco vence o Pr\u00e9mio Jos\u00e9 Afonso com \u00c1lbum Mulheres de Abril - Portal Tela Portugal","og_description":"O \u00e1lbum Mulheres de Abril, de Cristina Branco, venceu o Pr\u00e9mio Jos\u00e9 Afonso na 38.\u00aa edi\u00e7\u00e3o, anunciado pela C\u00e2mara da Amadora. O galard\u00e3o foi atribu\u00eddo por unanimidade pelo j\u00fari, presidido pelo compositor S\u00e9rgio Azevedo. O Rapaz da Montanha, de Rodrigo Le\u00e3o, foi finalista nesta edi\u00e7\u00e3o, ao lado de Mulheres de Abril. O j\u00fari elogiou a recria\u00e7\u00e3o dos temas de Jos\u00e9 Afonso pela artista, destacando originalidade e frescura que os trazem para os dias de hoje. O \u00e1lbum Mulheres de Abril re\u00fane oito can\u00e7\u00f5es de Jos\u00e9 Afonso, seis com letras suas e duas sobre poemas de Lu\u00eds de Cam\u00f5es, j\u00e1 gravadas pela artista anteriormente.","og_url":"https:\/\/portaltela.pt\/noticias\/2026\/03\/10\/cristina-branco-vence-o-premio-jose-afonso-com-album-mulheres-de-abril\/","og_site_name":"Portal Tela Portugal","article_published_time":"2026-03-10T18:22:00+00:00","author":"Telinha","twitter_card":"summary_large_image","twitter_misc":{"Escrito por":"Telinha","Tempo estimado de leitura":"1 minuto"},"schema":{"@context":"https:\/\/schema.org","@graph":[{"@type":"Article","@id":"https:\/\/portaltela.pt\/noticias\/2026\/03\/10\/cristina-branco-vence-o-premio-jose-afonso-com-album-mulheres-de-abril\/#article","isPartOf":{"@id":"https:\/\/portaltela.pt\/noticias\/2026\/03\/10\/cristina-branco-vence-o-premio-jose-afonso-com-album-mulheres-de-abril\/"},"author":{"name":"Telinha","@id":"https:\/\/portaltela.pt\/#\/schema\/person\/c4278d4a6028830caff9ee44b42d32ed"},"headline":"Cristina Branco vence o Pr\u00e9mio Jos\u00e9 Afonso com \u00c1lbum Mulheres de Abril","datePublished":"2026-03-10T18:22:00+00:00","mainEntityOfPage":{"@id":"https:\/\/portaltela.pt\/noticias\/2026\/03\/10\/cristina-branco-vence-o-premio-jose-afonso-com-album-mulheres-de-abril\/"},"wordCount":197,"image":{"@id":"https:\/\/portaltela.pt\/noticias\/2026\/03\/10\/cristina-branco-vence-o-premio-jose-afonso-com-album-mulheres-de-abril\/#primaryimage"},"thumbnailUrl":"https:\/\/portaltela.pt\/s.01k8rhncp4jt1\/2026\/03\/2073121.jpg","keywords":["Abril","Amadora","arte\/teatro\/concertos","cultura","Mulheres","m\u00fasica"],"articleSection":["M\u00fasica"],"inLanguage":"pt-PT"},{"@type":"WebPage","@id":"https:\/\/portaltela.pt\/noticias\/2026\/03\/10\/cristina-branco-vence-o-premio-jose-afonso-com-album-mulheres-de-abril\/","url":"https:\/\/portaltela.pt\/noticias\/2026\/03\/10\/cristina-branco-vence-o-premio-jose-afonso-com-album-mulheres-de-abril\/","name":"Cristina Branco vence o Pr\u00e9mio Jos\u00e9 Afonso com \u00c1lbum Mulheres de Abril - Portal Tela Portugal","isPartOf":{"@id":"https:\/\/portaltela.pt\/#website"},"primaryImageOfPage":{"@id":"https:\/\/portaltela.pt\/noticias\/2026\/03\/10\/cristina-branco-vence-o-premio-jose-afonso-com-album-mulheres-de-abril\/#primaryimage"},"image":{"@id":"https:\/\/portaltela.pt\/noticias\/2026\/03\/10\/cristina-branco-vence-o-premio-jose-afonso-com-album-mulheres-de-abril\/#primaryimage"},"thumbnailUrl":"https:\/\/portaltela.pt\/s.01k8rhncp4jt1\/2026\/03\/2073121.jpg","datePublished":"2026-03-10T18:22:00+00:00","author":{"@id":"https:\/\/portaltela.pt\/#\/schema\/person\/c4278d4a6028830caff9ee44b42d32ed"},"breadcrumb":{"@id":"https:\/\/portaltela.pt\/noticias\/2026\/03\/10\/cristina-branco-vence-o-premio-jose-afonso-com-album-mulheres-de-abril\/#breadcrumb"},"inLanguage":"pt-PT","potentialAction":[{"@type":"ReadAction","target":["https:\/\/portaltela.pt\/noticias\/2026\/03\/10\/cristina-branco-vence-o-premio-jose-afonso-com-album-mulheres-de-abril\/"]}]},{"@type":"ImageObject","inLanguage":"pt-PT","@id":"https:\/\/portaltela.pt\/noticias\/2026\/03\/10\/cristina-branco-vence-o-premio-jose-afonso-com-album-mulheres-de-abril\/#primaryimage","url":"https:\/\/portaltela.pt\/s.01k8rhncp4jt1\/2026\/03\/2073121.jpg","contentUrl":"https:\/\/portaltela.pt\/s.01k8rhncp4jt1\/2026\/03\/2073121.jpg","width":796,"height":448,"caption":"Cristina Branco"},{"@type":"BreadcrumbList","@id":"https:\/\/portaltela.pt\/noticias\/2026\/03\/10\/cristina-branco-vence-o-premio-jose-afonso-com-album-mulheres-de-abril\/#breadcrumb","itemListElement":[{"@type":"ListItem","position":1,"name":"In\u00edcio","item":"https:\/\/portaltela.pt\/"},{"@type":"ListItem","position":2,"name":"Cristina Branco vence o Pr\u00e9mio Jos\u00e9 Afonso com \u00c1lbum Mulheres de Abril"}]},{"@type":"WebSite","@id":"https:\/\/portaltela.pt\/#website","url":"https:\/\/portaltela.pt\/","name":"Portal Tela Portugal","description":"","potentialAction":[{"@type":"SearchAction","target":{"@type":"EntryPoint","urlTemplate":"https:\/\/portaltela.pt\/?s={search_term_string}"},"query-input":{"@type":"PropertyValueSpecification","valueRequired":true,"valueName":"search_term_string"}}],"inLanguage":"pt-PT"},{"@type":"Person","@id":"https:\/\/portaltela.pt\/#\/schema\/person\/c4278d4a6028830caff9ee44b42d32ed","name":"Telinha","image":{"@type":"ImageObject","inLanguage":"pt-PT","@id":"https:\/\/portaltela.pt\/s.01k8rhncp4jt1\/2025\/11\/talking-bot-125x125.png","url":"https:\/\/portaltela.pt\/s.01k8rhncp4jt1\/2025\/11\/talking-bot-125x125.png","contentUrl":"https:\/\/portaltela.pt\/s.01k8rhncp4jt1\/2025\/11\/talking-bot-125x125.png","caption":"Telinha"},"sameAs":["https:\/\/portaltela.pt\/"],"url":"https:\/\/portaltela.pt\/por\/367410592786\/"}]}},"_links":{"self":[{"href":"https:\/\/portaltela.pt\/api\/wp\/v2\/posts\/405022","targetHints":{"allow":["GET"]}}],"collection":[{"href":"https:\/\/portaltela.pt\/api\/wp\/v2\/posts"}],"about":[{"href":"https:\/\/portaltela.pt\/api\/wp\/v2\/types\/post"}],"author":[{"embeddable":true,"href":"https:\/\/portaltela.pt\/api\/wp\/v2\/users\/2"}],"replies":[{"embeddable":true,"href":"https:\/\/portaltela.pt\/api\/wp\/v2\/comments?post=405022"}],"version-history":[{"count":0,"href":"https:\/\/portaltela.pt\/api\/wp\/v2\/posts\/405022\/revisions"}],"wp:featuredmedia":[{"embeddable":true,"href":"https:\/\/portaltela.pt\/api\/wp\/v2\/media\/405025"}],"wp:attachment":[{"href":"https:\/\/portaltela.pt\/api\/wp\/v2\/media?parent=405022"}],"wp:term":[{"taxonomy":"category","embeddable":true,"href":"https:\/\/portaltela.pt\/api\/wp\/v2\/categories?post=405022"},{"taxonomy":"post_tag","embeddable":true,"href":"https:\/\/portaltela.pt\/api\/wp\/v2\/tags?post=405022"}],"curies":[{"name":"wp","href":"https:\/\/api.w.org\/{rel}","templated":true}]}}