{"id":404942,"date":"2026-03-10T14:35:00","date_gmt":"2026-03-10T17:35:00","guid":{"rendered":"https:\/\/portaltela.pt\/noticias\/2026\/03\/10\/tad-julga-improcedente-recurso-de-castigo-ao-diretor-geral-do-benfica\/"},"modified":"2026-03-10T14:35:00","modified_gmt":"2026-03-10T17:35:00","slug":"tad-julga-improcedente-recurso-de-castigo-ao-diretor-geral-do-benfica","status":"publish","type":"post","link":"https:\/\/portaltela.pt\/desporto\/futebol\/2026\/03\/10\/tad-julga-improcedente-recurso-de-castigo-ao-diretor-geral-do-benfica\/","title":{"rendered":"TAD julga improcedente recurso de castigo ao diretor-geral do Benfica"},"content":{"rendered":"<p>O Tribunal Arbitral do Desporto (TAD) julgou improcedente o recurso de M\u00e1rio Branco, diretor-geral do Benfica, contra a suspens\u00e3o de 68 dias e a multa de 7.650 euros impostas pelo Conselho de Disciplina da FPF.<\/p>\n<p>O castigo est\u00e1 relacionado com o encontro da 11.\u00aa jornada da presente edi\u00e7\u00e3o da Liga, disputado a 9 de novembro de 2025, no Est\u00e1dio da Luz, em Lisboa, que terminou empatado 2-2. O relat\u00f3rio aponta que Branco dirigiu-se ao \u00e1rbitro e ao video\u00e1rbitro com v\u00e1rias amea\u00e7as.<\/p>\n<p>Branco reconheceu que as express\u00f5es utilizadas foram incorretas e inapropriadas, mas considerou a san\u00e7\u00e3o desproporcionada. O TAD afirmou que as san\u00e7\u00f5es se aproximaram do m\u00ednimo, j\u00e1 com uma redu\u00e7\u00e3o por bom comportamento.<\/p>\n<p>Ainda assim, o TAD negou-lhe raz\u00e3o no recurso e o diretor-geral do Benfica ficou obrigado a suportar 30.000 euros de custas do processo.<\/p>\n","protected":false},"excerpt":{"rendered":"<ul>\n<li>O Tribunal Arbitral do Desporto (TAD) julgou improcedente o recurso de M\u00e1rio Branco, diretor-geral do Benfica, referente a 68 dias de suspens\u00e3o e 7.650 euros de multa impostos pelo Conselho de Disciplina da Federa\u00e7\u00e3o Portuguesa de Futebol.<\/li>\n<li>O castigo resulta do encontro da 11.\u00aa jornada da Liga, disputado em 9 de novembro de 2025, no Est\u00e1dio da Luz, que terminou empatado a 2-2, e de amea\u00e7as dirigidas ao \u00e1rbitro Jo\u00e3o Bento e ao video\u00e1rbitro (VAR).<\/li>\n<li>M\u00e1rio Branco reconheceu que as express\u00f5es utilizadas foram incorretas e inapropriadas, mas considerou que as san\u00e7\u00f5es foram desproporcionais, injustas e irrazo\u00e1veis.<\/li>\n<li>O TAD decidiu manter as san\u00e7\u00f5es, apontando que estavam perto do limite m\u00ednimo, e que o recorrente j\u00e1 beneficiou de redu\u00e7\u00e3o de um quarto por bom comportamento.<\/li>\n<li>Al\u00e9m disso, M\u00e1rio Branco ficar\u00e1 obrigado a suportar 30.000 euros de custas do processo.<\/li>\n<\/ul>\n","protected":false},"author":2,"featured_media":404946,"comment_status":"closed","ping_status":"closed","sticky":false,"template":"","format":"standard","meta":{"footnotes":""},"categories":[21,24],"tags":[1946,32,981,6371,6970,1700],"class_list":["post-404942","post","type-post","status-publish","format-standard","has-post-thumbnail","hentry","category-desporto","category-futebol","tag-benfica","tag-futebol","tag-lisboa","tag-sancoes","tag-tad","tag-videoarbitragem"],"yoast_head":"<!-- This site is optimized with the Yoast SEO plugin v27.2 - https:\/\/yoast.com\/product\/yoast-seo-wordpress\/ -->\n<title>TAD julga improcedente recurso de castigo ao diretor-geral do Benfica - Portal Tela Portugal<\/title>\n<meta name=\"robots\" content=\"index, follow, max-snippet:-1, max-image-preview:large, max-video-preview:-1\" \/>\n<meta property=\"og:locale\" content=\"pt_PT\" \/>\n<meta property=\"og:type\" content=\"article\" \/>\n<meta property=\"og:title\" content=\"TAD julga improcedente recurso de castigo ao diretor-geral do Benfica - Portal Tela Portugal\" \/>\n<meta property=\"og:description\" content=\"O Tribunal Arbitral do Desporto (TAD) julgou improcedente o recurso de M\u00e1rio Branco, diretor-geral do Benfica, referente a 68 dias de suspens\u00e3o e 7.650 euros de multa impostos pelo Conselho de Disciplina da Federa\u00e7\u00e3o Portuguesa de Futebol. O castigo resulta do encontro da 11.\u00aa jornada da Liga, disputado em 9 de novembro de 2025, no Est\u00e1dio da Luz, que terminou empatado a 2-2, e de amea\u00e7as dirigidas ao \u00e1rbitro Jo\u00e3o Bento e ao video\u00e1rbitro (VAR). M\u00e1rio Branco reconheceu que as express\u00f5es utilizadas foram incorretas e inapropriadas, mas considerou que as san\u00e7\u00f5es foram desproporcionais, injustas e irrazo\u00e1veis. O TAD decidiu manter as san\u00e7\u00f5es, apontando que estavam perto do limite m\u00ednimo, e que o recorrente j\u00e1 beneficiou de redu\u00e7\u00e3o de um quarto por bom comportamento. Al\u00e9m disso, M\u00e1rio Branco ficar\u00e1 obrigado a suportar 30.000 euros de custas do processo.\" \/>\n<meta property=\"og:url\" content=\"https:\/\/portaltela.pt\/noticias\/2026\/03\/10\/tad-julga-improcedente-recurso-de-castigo-ao-diretor-geral-do-benfica\/\" \/>\n<meta property=\"og:site_name\" content=\"Portal Tela Portugal\" \/>\n<meta property=\"article:published_time\" content=\"2026-03-10T17:35:00+00:00\" \/>\n<meta name=\"author\" content=\"Telinha\" \/>\n<meta name=\"twitter:card\" content=\"summary_large_image\" \/>\n<meta name=\"twitter:label1\" content=\"Escrito por\" \/>\n\t<meta name=\"twitter:data1\" content=\"Telinha\" \/>\n\t<meta name=\"twitter:label2\" content=\"Tempo estimado de leitura\" \/>\n\t<meta name=\"twitter:data2\" content=\"1 minuto\" \/>\n<script type=\"application\/ld+json\" class=\"yoast-schema-graph\">{\"@context\":\"https:\/\/schema.org\",\"@graph\":[{\"@type\":\"Article\",\"@id\":\"https:\/\/portaltela.pt\/noticias\/2026\/03\/10\/tad-julga-improcedente-recurso-de-castigo-ao-diretor-geral-do-benfica\/#article\",\"isPartOf\":{\"@id\":\"https:\/\/portaltela.pt\/noticias\/2026\/03\/10\/tad-julga-improcedente-recurso-de-castigo-ao-diretor-geral-do-benfica\/\"},\"author\":{\"name\":\"Telinha\",\"@id\":\"https:\/\/portaltela.pt\/#\/schema\/person\/c4278d4a6028830caff9ee44b42d32ed\"},\"headline\":\"TAD julga improcedente recurso de castigo ao diretor-geral do Benfica\",\"datePublished\":\"2026-03-10T17:35:00+00:00\",\"mainEntityOfPage\":{\"@id\":\"https:\/\/portaltela.pt\/noticias\/2026\/03\/10\/tad-julga-improcedente-recurso-de-castigo-ao-diretor-geral-do-benfica\/\"},\"wordCount\":154,\"image\":{\"@id\":\"https:\/\/portaltela.pt\/noticias\/2026\/03\/10\/tad-julga-improcedente-recurso-de-castigo-ao-diretor-geral-do-benfica\/#primaryimage\"},\"thumbnailUrl\":\"https:\/\/portaltela.pt\/s.01k8rhncp4jt1\/2026\/03\/image-652.jpg\",\"keywords\":[\"Benfica\",\"futebol\",\"Lisboa\",\"san\u00e7\u00f5es\",\"TAD\",\"Videoarbitragem\"],\"articleSection\":[\"Desporto\",\"Futebol\"],\"inLanguage\":\"pt-PT\"},{\"@type\":\"WebPage\",\"@id\":\"https:\/\/portaltela.pt\/noticias\/2026\/03\/10\/tad-julga-improcedente-recurso-de-castigo-ao-diretor-geral-do-benfica\/\",\"url\":\"https:\/\/portaltela.pt\/noticias\/2026\/03\/10\/tad-julga-improcedente-recurso-de-castigo-ao-diretor-geral-do-benfica\/\",\"name\":\"TAD julga improcedente recurso de castigo ao diretor-geral do Benfica - Portal Tela Portugal\",\"isPartOf\":{\"@id\":\"https:\/\/portaltela.pt\/#website\"},\"primaryImageOfPage\":{\"@id\":\"https:\/\/portaltela.pt\/noticias\/2026\/03\/10\/tad-julga-improcedente-recurso-de-castigo-ao-diretor-geral-do-benfica\/#primaryimage\"},\"image\":{\"@id\":\"https:\/\/portaltela.pt\/noticias\/2026\/03\/10\/tad-julga-improcedente-recurso-de-castigo-ao-diretor-geral-do-benfica\/#primaryimage\"},\"thumbnailUrl\":\"https:\/\/portaltela.pt\/s.01k8rhncp4jt1\/2026\/03\/image-652.jpg\",\"datePublished\":\"2026-03-10T17:35:00+00:00\",\"author\":{\"@id\":\"https:\/\/portaltela.pt\/#\/schema\/person\/c4278d4a6028830caff9ee44b42d32ed\"},\"breadcrumb\":{\"@id\":\"https:\/\/portaltela.pt\/noticias\/2026\/03\/10\/tad-julga-improcedente-recurso-de-castigo-ao-diretor-geral-do-benfica\/#breadcrumb\"},\"inLanguage\":\"pt-PT\",\"potentialAction\":[{\"@type\":\"ReadAction\",\"target\":[\"https:\/\/portaltela.pt\/noticias\/2026\/03\/10\/tad-julga-improcedente-recurso-de-castigo-ao-diretor-geral-do-benfica\/\"]}]},{\"@type\":\"ImageObject\",\"inLanguage\":\"pt-PT\",\"@id\":\"https:\/\/portaltela.pt\/noticias\/2026\/03\/10\/tad-julga-improcedente-recurso-de-castigo-ao-diretor-geral-do-benfica\/#primaryimage\",\"url\":\"https:\/\/portaltela.pt\/s.01k8rhncp4jt1\/2026\/03\/image-652.jpg\",\"contentUrl\":\"https:\/\/portaltela.pt\/s.01k8rhncp4jt1\/2026\/03\/image-652.jpg\",\"width\":796,\"height\":448,\"caption\":\"M\u00e1rio Branco, diretor-geral do Benfica\"},{\"@type\":\"BreadcrumbList\",\"@id\":\"https:\/\/portaltela.pt\/noticias\/2026\/03\/10\/tad-julga-improcedente-recurso-de-castigo-ao-diretor-geral-do-benfica\/#breadcrumb\",\"itemListElement\":[{\"@type\":\"ListItem\",\"position\":1,\"name\":\"In\u00edcio\",\"item\":\"https:\/\/portaltela.pt\/\"},{\"@type\":\"ListItem\",\"position\":2,\"name\":\"TAD julga improcedente recurso de castigo ao diretor-geral do Benfica\"}]},{\"@type\":\"WebSite\",\"@id\":\"https:\/\/portaltela.pt\/#website\",\"url\":\"https:\/\/portaltela.pt\/\",\"name\":\"Portal Tela Portugal\",\"description\":\"\",\"potentialAction\":[{\"@type\":\"SearchAction\",\"target\":{\"@type\":\"EntryPoint\",\"urlTemplate\":\"https:\/\/portaltela.pt\/?s={search_term_string}\"},\"query-input\":{\"@type\":\"PropertyValueSpecification\",\"valueRequired\":true,\"valueName\":\"search_term_string\"}}],\"inLanguage\":\"pt-PT\"},{\"@type\":\"Person\",\"@id\":\"https:\/\/portaltela.pt\/#\/schema\/person\/c4278d4a6028830caff9ee44b42d32ed\",\"name\":\"Telinha\",\"image\":{\"@type\":\"ImageObject\",\"inLanguage\":\"pt-PT\",\"@id\":\"https:\/\/portaltela.pt\/s.01k8rhncp4jt1\/2025\/11\/talking-bot-125x125.png\",\"url\":\"https:\/\/portaltela.pt\/s.01k8rhncp4jt1\/2025\/11\/talking-bot-125x125.png\",\"contentUrl\":\"https:\/\/portaltela.pt\/s.01k8rhncp4jt1\/2025\/11\/talking-bot-125x125.png\",\"caption\":\"Telinha\"},\"sameAs\":[\"https:\/\/portaltela.pt\/\"],\"url\":\"https:\/\/portaltela.pt\/por\/367410592786\/\"}]}<\/script>\n<!-- \/ Yoast SEO plugin. -->","yoast_head_json":{"title":"TAD julga improcedente recurso de castigo ao diretor-geral do Benfica - Portal Tela Portugal","robots":{"index":"index","follow":"follow","max-snippet":"max-snippet:-1","max-image-preview":"max-image-preview:large","max-video-preview":"max-video-preview:-1"},"og_locale":"pt_PT","og_type":"article","og_title":"TAD julga improcedente recurso de castigo ao diretor-geral do Benfica - Portal Tela Portugal","og_description":"O Tribunal Arbitral do Desporto (TAD) julgou improcedente o recurso de M\u00e1rio Branco, diretor-geral do Benfica, referente a 68 dias de suspens\u00e3o e 7.650 euros de multa impostos pelo Conselho de Disciplina da Federa\u00e7\u00e3o Portuguesa de Futebol. O castigo resulta do encontro da 11.\u00aa jornada da Liga, disputado em 9 de novembro de 2025, no Est\u00e1dio da Luz, que terminou empatado a 2-2, e de amea\u00e7as dirigidas ao \u00e1rbitro Jo\u00e3o Bento e ao video\u00e1rbitro (VAR). M\u00e1rio Branco reconheceu que as express\u00f5es utilizadas foram incorretas e inapropriadas, mas considerou que as san\u00e7\u00f5es foram desproporcionais, injustas e irrazo\u00e1veis. O TAD decidiu manter as san\u00e7\u00f5es, apontando que estavam perto do limite m\u00ednimo, e que o recorrente j\u00e1 beneficiou de redu\u00e7\u00e3o de um quarto por bom comportamento. Al\u00e9m disso, M\u00e1rio Branco ficar\u00e1 obrigado a suportar 30.000 euros de custas do processo.","og_url":"https:\/\/portaltela.pt\/noticias\/2026\/03\/10\/tad-julga-improcedente-recurso-de-castigo-ao-diretor-geral-do-benfica\/","og_site_name":"Portal Tela Portugal","article_published_time":"2026-03-10T17:35:00+00:00","author":"Telinha","twitter_card":"summary_large_image","twitter_misc":{"Escrito por":"Telinha","Tempo estimado de leitura":"1 minuto"},"schema":{"@context":"https:\/\/schema.org","@graph":[{"@type":"Article","@id":"https:\/\/portaltela.pt\/noticias\/2026\/03\/10\/tad-julga-improcedente-recurso-de-castigo-ao-diretor-geral-do-benfica\/#article","isPartOf":{"@id":"https:\/\/portaltela.pt\/noticias\/2026\/03\/10\/tad-julga-improcedente-recurso-de-castigo-ao-diretor-geral-do-benfica\/"},"author":{"name":"Telinha","@id":"https:\/\/portaltela.pt\/#\/schema\/person\/c4278d4a6028830caff9ee44b42d32ed"},"headline":"TAD julga improcedente recurso de castigo ao diretor-geral do Benfica","datePublished":"2026-03-10T17:35:00+00:00","mainEntityOfPage":{"@id":"https:\/\/portaltela.pt\/noticias\/2026\/03\/10\/tad-julga-improcedente-recurso-de-castigo-ao-diretor-geral-do-benfica\/"},"wordCount":154,"image":{"@id":"https:\/\/portaltela.pt\/noticias\/2026\/03\/10\/tad-julga-improcedente-recurso-de-castigo-ao-diretor-geral-do-benfica\/#primaryimage"},"thumbnailUrl":"https:\/\/portaltela.pt\/s.01k8rhncp4jt1\/2026\/03\/image-652.jpg","keywords":["Benfica","futebol","Lisboa","san\u00e7\u00f5es","TAD","Videoarbitragem"],"articleSection":["Desporto","Futebol"],"inLanguage":"pt-PT"},{"@type":"WebPage","@id":"https:\/\/portaltela.pt\/noticias\/2026\/03\/10\/tad-julga-improcedente-recurso-de-castigo-ao-diretor-geral-do-benfica\/","url":"https:\/\/portaltela.pt\/noticias\/2026\/03\/10\/tad-julga-improcedente-recurso-de-castigo-ao-diretor-geral-do-benfica\/","name":"TAD julga improcedente recurso de castigo ao diretor-geral do Benfica - Portal Tela Portugal","isPartOf":{"@id":"https:\/\/portaltela.pt\/#website"},"primaryImageOfPage":{"@id":"https:\/\/portaltela.pt\/noticias\/2026\/03\/10\/tad-julga-improcedente-recurso-de-castigo-ao-diretor-geral-do-benfica\/#primaryimage"},"image":{"@id":"https:\/\/portaltela.pt\/noticias\/2026\/03\/10\/tad-julga-improcedente-recurso-de-castigo-ao-diretor-geral-do-benfica\/#primaryimage"},"thumbnailUrl":"https:\/\/portaltela.pt\/s.01k8rhncp4jt1\/2026\/03\/image-652.jpg","datePublished":"2026-03-10T17:35:00+00:00","author":{"@id":"https:\/\/portaltela.pt\/#\/schema\/person\/c4278d4a6028830caff9ee44b42d32ed"},"breadcrumb":{"@id":"https:\/\/portaltela.pt\/noticias\/2026\/03\/10\/tad-julga-improcedente-recurso-de-castigo-ao-diretor-geral-do-benfica\/#breadcrumb"},"inLanguage":"pt-PT","potentialAction":[{"@type":"ReadAction","target":["https:\/\/portaltela.pt\/noticias\/2026\/03\/10\/tad-julga-improcedente-recurso-de-castigo-ao-diretor-geral-do-benfica\/"]}]},{"@type":"ImageObject","inLanguage":"pt-PT","@id":"https:\/\/portaltela.pt\/noticias\/2026\/03\/10\/tad-julga-improcedente-recurso-de-castigo-ao-diretor-geral-do-benfica\/#primaryimage","url":"https:\/\/portaltela.pt\/s.01k8rhncp4jt1\/2026\/03\/image-652.jpg","contentUrl":"https:\/\/portaltela.pt\/s.01k8rhncp4jt1\/2026\/03\/image-652.jpg","width":796,"height":448,"caption":"M\u00e1rio Branco, diretor-geral do Benfica"},{"@type":"BreadcrumbList","@id":"https:\/\/portaltela.pt\/noticias\/2026\/03\/10\/tad-julga-improcedente-recurso-de-castigo-ao-diretor-geral-do-benfica\/#breadcrumb","itemListElement":[{"@type":"ListItem","position":1,"name":"In\u00edcio","item":"https:\/\/portaltela.pt\/"},{"@type":"ListItem","position":2,"name":"TAD julga improcedente recurso de castigo ao diretor-geral do Benfica"}]},{"@type":"WebSite","@id":"https:\/\/portaltela.pt\/#website","url":"https:\/\/portaltela.pt\/","name":"Portal Tela Portugal","description":"","potentialAction":[{"@type":"SearchAction","target":{"@type":"EntryPoint","urlTemplate":"https:\/\/portaltela.pt\/?s={search_term_string}"},"query-input":{"@type":"PropertyValueSpecification","valueRequired":true,"valueName":"search_term_string"}}],"inLanguage":"pt-PT"},{"@type":"Person","@id":"https:\/\/portaltela.pt\/#\/schema\/person\/c4278d4a6028830caff9ee44b42d32ed","name":"Telinha","image":{"@type":"ImageObject","inLanguage":"pt-PT","@id":"https:\/\/portaltela.pt\/s.01k8rhncp4jt1\/2025\/11\/talking-bot-125x125.png","url":"https:\/\/portaltela.pt\/s.01k8rhncp4jt1\/2025\/11\/talking-bot-125x125.png","contentUrl":"https:\/\/portaltela.pt\/s.01k8rhncp4jt1\/2025\/11\/talking-bot-125x125.png","caption":"Telinha"},"sameAs":["https:\/\/portaltela.pt\/"],"url":"https:\/\/portaltela.pt\/por\/367410592786\/"}]}},"_links":{"self":[{"href":"https:\/\/portaltela.pt\/api\/wp\/v2\/posts\/404942","targetHints":{"allow":["GET"]}}],"collection":[{"href":"https:\/\/portaltela.pt\/api\/wp\/v2\/posts"}],"about":[{"href":"https:\/\/portaltela.pt\/api\/wp\/v2\/types\/post"}],"author":[{"embeddable":true,"href":"https:\/\/portaltela.pt\/api\/wp\/v2\/users\/2"}],"replies":[{"embeddable":true,"href":"https:\/\/portaltela.pt\/api\/wp\/v2\/comments?post=404942"}],"version-history":[{"count":0,"href":"https:\/\/portaltela.pt\/api\/wp\/v2\/posts\/404942\/revisions"}],"wp:featuredmedia":[{"embeddable":true,"href":"https:\/\/portaltela.pt\/api\/wp\/v2\/media\/404946"}],"wp:attachment":[{"href":"https:\/\/portaltela.pt\/api\/wp\/v2\/media?parent=404942"}],"wp:term":[{"taxonomy":"category","embeddable":true,"href":"https:\/\/portaltela.pt\/api\/wp\/v2\/categories?post=404942"},{"taxonomy":"post_tag","embeddable":true,"href":"https:\/\/portaltela.pt\/api\/wp\/v2\/tags?post=404942"}],"curies":[{"name":"wp","href":"https:\/\/api.w.org\/{rel}","templated":true}]}}