{"id":404940,"date":"2026-03-10T14:40:21","date_gmt":"2026-03-10T17:40:21","guid":{"rendered":"https:\/\/portaltela.pt\/noticias\/2026\/03\/10\/nuno-couto-destaca-presenca-do-fundao-na-fase-decisiva-da-taca-da-liga\/"},"modified":"2026-03-10T14:40:21","modified_gmt":"2026-03-10T17:40:21","slug":"nuno-couto-destaca-presenca-do-fundao-na-fase-decisiva-da-taca-da-liga","status":"publish","type":"post","link":"https:\/\/portaltela.pt\/desporto\/futebol\/2026\/03\/10\/nuno-couto-destaca-presenca-do-fundao-na-fase-decisiva-da-taca-da-liga\/","title":{"rendered":"Nuno Couto destaca presen\u00e7a do Fund\u00e3o na fase decisiva da Ta\u00e7a da Liga"},"content":{"rendered":"<p>O Fund\u00e3o assegurou a presen\u00e7a na final eight da Ta\u00e7a da Liga, que arranca esta quarta-feira no Multiusos de Gondomar, com o objetivo de seguir na prova frente ao Caxinas.<\/p>\n<p>O treinador Nuno Couto afirmou que a equipa mant\u00e9m o alvo nas fases decisivas de v\u00e1rias competi\u00e7\u00f5es e tem o dever de dignificar o clube e a regi\u00e3o. A passagem \u00e9 valorizada, ainda que a eliminat\u00f3ria seja direta.<\/p>\n<p>Couto descreveu o Caxinas como advers\u00e1rio dif\u00edcil, com identidade bem definida e organiza\u00e7\u00e3o defensiva s\u00f3lida. Observou tamb\u00e9m que ambos os clubes est\u00e3o a reestruturar-se com refor\u00e7os, prevendo um duelo equilibrado.<\/p>\n<p>O t\u00e9cnico destacou a import\u00e2ncia do foco no pr\u00f3ximo jogo e na eliminat\u00f3ria, sem antecipar o que vem a seguir. A meia-final depende da vit\u00f3ria sobre o Caxinas, que ser\u00e1 disputada em Gondomar.<\/p>\n<p>O Fund\u00e3o defronta o Caxinas esta quarta-feira, \u00e0s 14h, no Multiusos de Gondomar, na fase decisiva da competi\u00e7\u00e3o.<\/p>\n","protected":false},"excerpt":{"rendered":"<ul>\n<li>O Fund\u00e3o entra na final eight da Ta\u00e7a da Liga e defronta o Caxinas no Multiusos de Gondomar, esta quarta-feira, \u00e0s 14 horas.<\/li>\n<li>O treinador Nuno Couto, de 41 anos, afirma que a prioridade \u00e9 manter a presen\u00e7a nas fases decisivas e cumprir o dever com o clube e a regi\u00e3o.<\/li>\n<li>A equipa aposta na passagem \u00e0s meias-finais, enfrentando o Caxinas numa eliminat\u00f3ria determinante.<\/li>\n<li>O Caxinas \u00e9 descrito como advers\u00e1rio dif\u00edcil, com uma organiza\u00e7\u00e3o defensiva bem definida; ambos os clubes passam por reestrutura\u00e7\u00e3o com refor\u00e7os.<\/li>\n<li>O foco est\u00e1 apenas no pr\u00f3ximo jogo: Gondomar ser\u00e1 o \u00fanico pensamento at\u00e9 ao apito inicial.<\/li>\n<\/ul>\n","protected":false},"author":2,"featured_media":404944,"comment_status":"closed","ping_status":"closed","sticky":false,"template":"","format":"standard","meta":{"footnotes":""},"categories":[21,24],"tags":[1367,152,2772,32,1243,1172],"class_list":["post-404940","post","type-post","status-publish","format-standard","has-post-thumbnail","hentry","category-desporto","category-futebol","tag-clubes","tag-desporto","tag-fundao","tag-futebol","tag-gondomar","tag-taca-da-liga"],"yoast_head":"<!-- This site is optimized with the Yoast SEO plugin v27.2 - https:\/\/yoast.com\/product\/yoast-seo-wordpress\/ -->\n<title>Nuno Couto destaca presen\u00e7a do Fund\u00e3o na fase decisiva da Ta\u00e7a da Liga - Portal Tela Portugal<\/title>\n<meta name=\"robots\" content=\"index, follow, max-snippet:-1, max-image-preview:large, max-video-preview:-1\" \/>\n<meta property=\"og:locale\" content=\"pt_PT\" \/>\n<meta property=\"og:type\" content=\"article\" \/>\n<meta property=\"og:title\" content=\"Nuno Couto destaca presen\u00e7a do Fund\u00e3o na fase decisiva da Ta\u00e7a da Liga - Portal Tela Portugal\" \/>\n<meta property=\"og:description\" content=\"O Fund\u00e3o entra na final eight da Ta\u00e7a da Liga e defronta o Caxinas no Multiusos de Gondomar, esta quarta-feira, \u00e0s 14 horas. O treinador Nuno Couto, de 41 anos, afirma que a prioridade \u00e9 manter a presen\u00e7a nas fases decisivas e cumprir o dever com o clube e a regi\u00e3o. A equipa aposta na passagem \u00e0s meias-finais, enfrentando o Caxinas numa eliminat\u00f3ria determinante. O Caxinas \u00e9 descrito como advers\u00e1rio dif\u00edcil, com uma organiza\u00e7\u00e3o defensiva bem definida; ambos os clubes passam por reestrutura\u00e7\u00e3o com refor\u00e7os. O foco est\u00e1 apenas no pr\u00f3ximo jogo: Gondomar ser\u00e1 o \u00fanico pensamento at\u00e9 ao apito inicial.\" \/>\n<meta property=\"og:url\" content=\"https:\/\/portaltela.pt\/noticias\/2026\/03\/10\/nuno-couto-destaca-presenca-do-fundao-na-fase-decisiva-da-taca-da-liga\/\" \/>\n<meta property=\"og:site_name\" content=\"Portal Tela Portugal\" \/>\n<meta property=\"article:published_time\" content=\"2026-03-10T17:40:21+00:00\" \/>\n<meta name=\"author\" content=\"Telinha\" \/>\n<meta name=\"twitter:card\" content=\"summary_large_image\" \/>\n<meta name=\"twitter:label1\" content=\"Escrito por\" \/>\n\t<meta name=\"twitter:data1\" content=\"Telinha\" \/>\n\t<meta name=\"twitter:label2\" content=\"Tempo estimado de leitura\" \/>\n\t<meta name=\"twitter:data2\" content=\"1 minuto\" \/>\n<script type=\"application\/ld+json\" class=\"yoast-schema-graph\">{\"@context\":\"https:\/\/schema.org\",\"@graph\":[{\"@type\":\"Article\",\"@id\":\"https:\/\/portaltela.pt\/noticias\/2026\/03\/10\/nuno-couto-destaca-presenca-do-fundao-na-fase-decisiva-da-taca-da-liga\/#article\",\"isPartOf\":{\"@id\":\"https:\/\/portaltela.pt\/noticias\/2026\/03\/10\/nuno-couto-destaca-presenca-do-fundao-na-fase-decisiva-da-taca-da-liga\/\"},\"author\":{\"name\":\"Telinha\",\"@id\":\"https:\/\/portaltela.pt\/#\/schema\/person\/c4278d4a6028830caff9ee44b42d32ed\"},\"headline\":\"Nuno Couto destaca presen\u00e7a do Fund\u00e3o na fase decisiva da Ta\u00e7a da Liga\",\"datePublished\":\"2026-03-10T17:40:21+00:00\",\"mainEntityOfPage\":{\"@id\":\"https:\/\/portaltela.pt\/noticias\/2026\/03\/10\/nuno-couto-destaca-presenca-do-fundao-na-fase-decisiva-da-taca-da-liga\/\"},\"wordCount\":186,\"image\":{\"@id\":\"https:\/\/portaltela.pt\/noticias\/2026\/03\/10\/nuno-couto-destaca-presenca-do-fundao-na-fase-decisiva-da-taca-da-liga\/#primaryimage\"},\"thumbnailUrl\":\"https:\/\/portaltela.pt\/s.01k8rhncp4jt1\/2026\/03\/img_920x518uu2026-03-10-15-13-58-2426018.jpg\",\"keywords\":[\"clubes\",\"desporto\",\"Fund\u00e3o\",\"futebol\",\"Gondomar\",\"Ta\u00e7a da Liga\"],\"articleSection\":[\"Desporto\",\"Futebol\"],\"inLanguage\":\"pt-PT\"},{\"@type\":\"WebPage\",\"@id\":\"https:\/\/portaltela.pt\/noticias\/2026\/03\/10\/nuno-couto-destaca-presenca-do-fundao-na-fase-decisiva-da-taca-da-liga\/\",\"url\":\"https:\/\/portaltela.pt\/noticias\/2026\/03\/10\/nuno-couto-destaca-presenca-do-fundao-na-fase-decisiva-da-taca-da-liga\/\",\"name\":\"Nuno Couto destaca presen\u00e7a do Fund\u00e3o na fase decisiva da Ta\u00e7a da Liga - Portal Tela Portugal\",\"isPartOf\":{\"@id\":\"https:\/\/portaltela.pt\/#website\"},\"primaryImageOfPage\":{\"@id\":\"https:\/\/portaltela.pt\/noticias\/2026\/03\/10\/nuno-couto-destaca-presenca-do-fundao-na-fase-decisiva-da-taca-da-liga\/#primaryimage\"},\"image\":{\"@id\":\"https:\/\/portaltela.pt\/noticias\/2026\/03\/10\/nuno-couto-destaca-presenca-do-fundao-na-fase-decisiva-da-taca-da-liga\/#primaryimage\"},\"thumbnailUrl\":\"https:\/\/portaltela.pt\/s.01k8rhncp4jt1\/2026\/03\/img_920x518uu2026-03-10-15-13-58-2426018.jpg\",\"datePublished\":\"2026-03-10T17:40:21+00:00\",\"author\":{\"@id\":\"https:\/\/portaltela.pt\/#\/schema\/person\/c4278d4a6028830caff9ee44b42d32ed\"},\"breadcrumb\":{\"@id\":\"https:\/\/portaltela.pt\/noticias\/2026\/03\/10\/nuno-couto-destaca-presenca-do-fundao-na-fase-decisiva-da-taca-da-liga\/#breadcrumb\"},\"inLanguage\":\"pt-PT\",\"potentialAction\":[{\"@type\":\"ReadAction\",\"target\":[\"https:\/\/portaltela.pt\/noticias\/2026\/03\/10\/nuno-couto-destaca-presenca-do-fundao-na-fase-decisiva-da-taca-da-liga\/\"]}]},{\"@type\":\"ImageObject\",\"inLanguage\":\"pt-PT\",\"@id\":\"https:\/\/portaltela.pt\/noticias\/2026\/03\/10\/nuno-couto-destaca-presenca-do-fundao-na-fase-decisiva-da-taca-da-liga\/#primaryimage\",\"url\":\"https:\/\/portaltela.pt\/s.01k8rhncp4jt1\/2026\/03\/img_920x518uu2026-03-10-15-13-58-2426018.jpg\",\"contentUrl\":\"https:\/\/portaltela.pt\/s.01k8rhncp4jt1\/2026\/03\/img_920x518uu2026-03-10-15-13-58-2426018.jpg\",\"width\":796,\"height\":448,\"caption\":\"Nuno Couto, treinador do Fund\u00e3o\"},{\"@type\":\"BreadcrumbList\",\"@id\":\"https:\/\/portaltela.pt\/noticias\/2026\/03\/10\/nuno-couto-destaca-presenca-do-fundao-na-fase-decisiva-da-taca-da-liga\/#breadcrumb\",\"itemListElement\":[{\"@type\":\"ListItem\",\"position\":1,\"name\":\"In\u00edcio\",\"item\":\"https:\/\/portaltela.pt\/\"},{\"@type\":\"ListItem\",\"position\":2,\"name\":\"Nuno Couto destaca presen\u00e7a do Fund\u00e3o na fase decisiva da Ta\u00e7a da Liga\"}]},{\"@type\":\"WebSite\",\"@id\":\"https:\/\/portaltela.pt\/#website\",\"url\":\"https:\/\/portaltela.pt\/\",\"name\":\"Portal Tela Portugal\",\"description\":\"\",\"potentialAction\":[{\"@type\":\"SearchAction\",\"target\":{\"@type\":\"EntryPoint\",\"urlTemplate\":\"https:\/\/portaltela.pt\/?s={search_term_string}\"},\"query-input\":{\"@type\":\"PropertyValueSpecification\",\"valueRequired\":true,\"valueName\":\"search_term_string\"}}],\"inLanguage\":\"pt-PT\"},{\"@type\":\"Person\",\"@id\":\"https:\/\/portaltela.pt\/#\/schema\/person\/c4278d4a6028830caff9ee44b42d32ed\",\"name\":\"Telinha\",\"image\":{\"@type\":\"ImageObject\",\"inLanguage\":\"pt-PT\",\"@id\":\"https:\/\/portaltela.pt\/s.01k8rhncp4jt1\/2025\/11\/talking-bot-125x125.png\",\"url\":\"https:\/\/portaltela.pt\/s.01k8rhncp4jt1\/2025\/11\/talking-bot-125x125.png\",\"contentUrl\":\"https:\/\/portaltela.pt\/s.01k8rhncp4jt1\/2025\/11\/talking-bot-125x125.png\",\"caption\":\"Telinha\"},\"sameAs\":[\"https:\/\/portaltela.pt\/\"],\"url\":\"https:\/\/portaltela.pt\/por\/367410592786\/\"}]}<\/script>\n<!-- \/ Yoast SEO plugin. -->","yoast_head_json":{"title":"Nuno Couto destaca presen\u00e7a do Fund\u00e3o na fase decisiva da Ta\u00e7a da Liga - Portal Tela Portugal","robots":{"index":"index","follow":"follow","max-snippet":"max-snippet:-1","max-image-preview":"max-image-preview:large","max-video-preview":"max-video-preview:-1"},"og_locale":"pt_PT","og_type":"article","og_title":"Nuno Couto destaca presen\u00e7a do Fund\u00e3o na fase decisiva da Ta\u00e7a da Liga - Portal Tela Portugal","og_description":"O Fund\u00e3o entra na final eight da Ta\u00e7a da Liga e defronta o Caxinas no Multiusos de Gondomar, esta quarta-feira, \u00e0s 14 horas. O treinador Nuno Couto, de 41 anos, afirma que a prioridade \u00e9 manter a presen\u00e7a nas fases decisivas e cumprir o dever com o clube e a regi\u00e3o. A equipa aposta na passagem \u00e0s meias-finais, enfrentando o Caxinas numa eliminat\u00f3ria determinante. O Caxinas \u00e9 descrito como advers\u00e1rio dif\u00edcil, com uma organiza\u00e7\u00e3o defensiva bem definida; ambos os clubes passam por reestrutura\u00e7\u00e3o com refor\u00e7os. O foco est\u00e1 apenas no pr\u00f3ximo jogo: Gondomar ser\u00e1 o \u00fanico pensamento at\u00e9 ao apito inicial.","og_url":"https:\/\/portaltela.pt\/noticias\/2026\/03\/10\/nuno-couto-destaca-presenca-do-fundao-na-fase-decisiva-da-taca-da-liga\/","og_site_name":"Portal Tela Portugal","article_published_time":"2026-03-10T17:40:21+00:00","author":"Telinha","twitter_card":"summary_large_image","twitter_misc":{"Escrito por":"Telinha","Tempo estimado de leitura":"1 minuto"},"schema":{"@context":"https:\/\/schema.org","@graph":[{"@type":"Article","@id":"https:\/\/portaltela.pt\/noticias\/2026\/03\/10\/nuno-couto-destaca-presenca-do-fundao-na-fase-decisiva-da-taca-da-liga\/#article","isPartOf":{"@id":"https:\/\/portaltela.pt\/noticias\/2026\/03\/10\/nuno-couto-destaca-presenca-do-fundao-na-fase-decisiva-da-taca-da-liga\/"},"author":{"name":"Telinha","@id":"https:\/\/portaltela.pt\/#\/schema\/person\/c4278d4a6028830caff9ee44b42d32ed"},"headline":"Nuno Couto destaca presen\u00e7a do Fund\u00e3o na fase decisiva da Ta\u00e7a da Liga","datePublished":"2026-03-10T17:40:21+00:00","mainEntityOfPage":{"@id":"https:\/\/portaltela.pt\/noticias\/2026\/03\/10\/nuno-couto-destaca-presenca-do-fundao-na-fase-decisiva-da-taca-da-liga\/"},"wordCount":186,"image":{"@id":"https:\/\/portaltela.pt\/noticias\/2026\/03\/10\/nuno-couto-destaca-presenca-do-fundao-na-fase-decisiva-da-taca-da-liga\/#primaryimage"},"thumbnailUrl":"https:\/\/portaltela.pt\/s.01k8rhncp4jt1\/2026\/03\/img_920x518uu2026-03-10-15-13-58-2426018.jpg","keywords":["clubes","desporto","Fund\u00e3o","futebol","Gondomar","Ta\u00e7a da Liga"],"articleSection":["Desporto","Futebol"],"inLanguage":"pt-PT"},{"@type":"WebPage","@id":"https:\/\/portaltela.pt\/noticias\/2026\/03\/10\/nuno-couto-destaca-presenca-do-fundao-na-fase-decisiva-da-taca-da-liga\/","url":"https:\/\/portaltela.pt\/noticias\/2026\/03\/10\/nuno-couto-destaca-presenca-do-fundao-na-fase-decisiva-da-taca-da-liga\/","name":"Nuno Couto destaca presen\u00e7a do Fund\u00e3o na fase decisiva da Ta\u00e7a da Liga - Portal Tela Portugal","isPartOf":{"@id":"https:\/\/portaltela.pt\/#website"},"primaryImageOfPage":{"@id":"https:\/\/portaltela.pt\/noticias\/2026\/03\/10\/nuno-couto-destaca-presenca-do-fundao-na-fase-decisiva-da-taca-da-liga\/#primaryimage"},"image":{"@id":"https:\/\/portaltela.pt\/noticias\/2026\/03\/10\/nuno-couto-destaca-presenca-do-fundao-na-fase-decisiva-da-taca-da-liga\/#primaryimage"},"thumbnailUrl":"https:\/\/portaltela.pt\/s.01k8rhncp4jt1\/2026\/03\/img_920x518uu2026-03-10-15-13-58-2426018.jpg","datePublished":"2026-03-10T17:40:21+00:00","author":{"@id":"https:\/\/portaltela.pt\/#\/schema\/person\/c4278d4a6028830caff9ee44b42d32ed"},"breadcrumb":{"@id":"https:\/\/portaltela.pt\/noticias\/2026\/03\/10\/nuno-couto-destaca-presenca-do-fundao-na-fase-decisiva-da-taca-da-liga\/#breadcrumb"},"inLanguage":"pt-PT","potentialAction":[{"@type":"ReadAction","target":["https:\/\/portaltela.pt\/noticias\/2026\/03\/10\/nuno-couto-destaca-presenca-do-fundao-na-fase-decisiva-da-taca-da-liga\/"]}]},{"@type":"ImageObject","inLanguage":"pt-PT","@id":"https:\/\/portaltela.pt\/noticias\/2026\/03\/10\/nuno-couto-destaca-presenca-do-fundao-na-fase-decisiva-da-taca-da-liga\/#primaryimage","url":"https:\/\/portaltela.pt\/s.01k8rhncp4jt1\/2026\/03\/img_920x518uu2026-03-10-15-13-58-2426018.jpg","contentUrl":"https:\/\/portaltela.pt\/s.01k8rhncp4jt1\/2026\/03\/img_920x518uu2026-03-10-15-13-58-2426018.jpg","width":796,"height":448,"caption":"Nuno Couto, treinador do Fund\u00e3o"},{"@type":"BreadcrumbList","@id":"https:\/\/portaltela.pt\/noticias\/2026\/03\/10\/nuno-couto-destaca-presenca-do-fundao-na-fase-decisiva-da-taca-da-liga\/#breadcrumb","itemListElement":[{"@type":"ListItem","position":1,"name":"In\u00edcio","item":"https:\/\/portaltela.pt\/"},{"@type":"ListItem","position":2,"name":"Nuno Couto destaca presen\u00e7a do Fund\u00e3o na fase decisiva da Ta\u00e7a da Liga"}]},{"@type":"WebSite","@id":"https:\/\/portaltela.pt\/#website","url":"https:\/\/portaltela.pt\/","name":"Portal Tela Portugal","description":"","potentialAction":[{"@type":"SearchAction","target":{"@type":"EntryPoint","urlTemplate":"https:\/\/portaltela.pt\/?s={search_term_string}"},"query-input":{"@type":"PropertyValueSpecification","valueRequired":true,"valueName":"search_term_string"}}],"inLanguage":"pt-PT"},{"@type":"Person","@id":"https:\/\/portaltela.pt\/#\/schema\/person\/c4278d4a6028830caff9ee44b42d32ed","name":"Telinha","image":{"@type":"ImageObject","inLanguage":"pt-PT","@id":"https:\/\/portaltela.pt\/s.01k8rhncp4jt1\/2025\/11\/talking-bot-125x125.png","url":"https:\/\/portaltela.pt\/s.01k8rhncp4jt1\/2025\/11\/talking-bot-125x125.png","contentUrl":"https:\/\/portaltela.pt\/s.01k8rhncp4jt1\/2025\/11\/talking-bot-125x125.png","caption":"Telinha"},"sameAs":["https:\/\/portaltela.pt\/"],"url":"https:\/\/portaltela.pt\/por\/367410592786\/"}]}},"_links":{"self":[{"href":"https:\/\/portaltela.pt\/api\/wp\/v2\/posts\/404940","targetHints":{"allow":["GET"]}}],"collection":[{"href":"https:\/\/portaltela.pt\/api\/wp\/v2\/posts"}],"about":[{"href":"https:\/\/portaltela.pt\/api\/wp\/v2\/types\/post"}],"author":[{"embeddable":true,"href":"https:\/\/portaltela.pt\/api\/wp\/v2\/users\/2"}],"replies":[{"embeddable":true,"href":"https:\/\/portaltela.pt\/api\/wp\/v2\/comments?post=404940"}],"version-history":[{"count":0,"href":"https:\/\/portaltela.pt\/api\/wp\/v2\/posts\/404940\/revisions"}],"wp:featuredmedia":[{"embeddable":true,"href":"https:\/\/portaltela.pt\/api\/wp\/v2\/media\/404944"}],"wp:attachment":[{"href":"https:\/\/portaltela.pt\/api\/wp\/v2\/media?parent=404940"}],"wp:term":[{"taxonomy":"category","embeddable":true,"href":"https:\/\/portaltela.pt\/api\/wp\/v2\/categories?post=404940"},{"taxonomy":"post_tag","embeddable":true,"href":"https:\/\/portaltela.pt\/api\/wp\/v2\/tags?post=404940"}],"curies":[{"name":"wp","href":"https:\/\/api.w.org\/{rel}","templated":true}]}}