{"id":404937,"date":"2026-03-10T14:39:00","date_gmt":"2026-03-10T17:39:00","guid":{"rendered":"https:\/\/portaltela.pt\/noticias\/2026\/03\/10\/tecnico-do-caxinas-ve-final-eight-da-taca-da-liga-como-oportunidade-historica\/"},"modified":"2026-03-10T14:39:00","modified_gmt":"2026-03-10T17:39:00","slug":"tecnico-do-caxinas-ve-final-eight-da-taca-da-liga-como-oportunidade-historica","status":"publish","type":"post","link":"https:\/\/portaltela.pt\/desporto\/futebol\/2026\/03\/10\/tecnico-do-caxinas-ve-final-eight-da-taca-da-liga-como-oportunidade-historica\/","title":{"rendered":"T\u00e9cnico do Caxinas v\u00ea final-eight da Ta\u00e7a da Liga como oportunidade hist\u00f3rica"},"content":{"rendered":"<p>O t\u00e9cnico Nuno Silva quer aproveitar a caminhada do Caxinas rumo \u00e0 final eight da Ta\u00e7a da Liga para deixar marca na hist\u00f3ria do clube. A equipa segue em Gondomar para o torneio que arranca nesta quarta-feira, frente ao Fund\u00e3o, em busca da melhor presta\u00e7\u00e3o j\u00e1 realizada pela institui\u00e7\u00e3o na prova.<\/p>\n<p>Afirmando orgulho pelo objetivo alcan\u00e7ado no in\u00edcio da \u00e9poca, o treinador destaca a ambi\u00e7\u00e3o de chegar \u00e0s meias-finais e, se poss\u00edvel, manter o desempenho na competi\u00e7\u00e3o. O foco est\u00e1 em manter a concentra\u00e7\u00e3o e cumprir as fun\u00e7\u00f5es de cada um para vencer o advers\u00e1rio.<\/p>\n<p>Sobre o Fund\u00e3o, Silva ressalta que a equipa tem qualidade, organiza\u00e7\u00e3o e experi\u00eancia, aliadas a uma atitude irreverente. O objetivo passa por identificar o jogo, manter estabilidade emocional e continuar a avan\u00e7ar na Ta\u00e7a.<\/p>\n<p>O encontro entre Caxinas e Fund\u00e3o realiza-se nesta quarta-feira, pelas 14h00, em Gondomar. O jogo marca a abertura da participa\u00e7\u00e3o do Caxinas na fase decisiva da Ta\u00e7a da Liga, com expectativa de manter o padr\u00e3o competitivo demonstrado at\u00e9 aqui.<\/p>\n","protected":false},"excerpt":{"rendered":"<ul>\n<li>O Caxinas avan\u00e7a para a final eight da Ta\u00e7a da Liga, em Gondomar, com objetivo de chegar \u00e0s meias-finais.<\/li>\n<li>O t\u00e9cnico Nuno Silva afirmou que alcan\u00e7ar a fase decisiva trouxe felicidade e orgulho, e que isso deve motivar a boa presta\u00e7\u00e3o na competi\u00e7\u00e3o.<\/li>\n<li>O advers\u00e1rio \u00e9 o Fund\u00e3o, equipa considerada competitiva e organizada, com jogadores experientes e irreverentes.<\/li>\n<li>O treinador destacou a necessidade de identificar o que poder\u00e1 ocorrer no jogo e manter foco nas tarefas para ter sucesso, vendo o encontro como oportunidade de escrever uma p\u00e1gina na hist\u00f3ria do clube.<\/li>\n<li>O jogo contra o Fund\u00e3o realiza-se nesta quarta-feira, \u00e0s 14h00, em Gondomar.<\/li>\n<\/ul>\n","protected":false},"author":2,"featured_media":404938,"comment_status":"closed","ping_status":"closed","sticky":false,"template":"","format":"standard","meta":{"footnotes":""},"categories":[21,24],"tags":[1285,152,2772,32,1243,1172],"class_list":["post-404937","post","type-post","status-publish","format-standard","has-post-thumbnail","hentry","category-desporto","category-futebol","tag-competicao","tag-desporto","tag-fundao","tag-futebol","tag-gondomar","tag-taca-da-liga"],"yoast_head":"<!-- This site is optimized with the Yoast SEO plugin v27.2 - https:\/\/yoast.com\/product\/yoast-seo-wordpress\/ -->\n<title>T\u00e9cnico do Caxinas v\u00ea final-eight da Ta\u00e7a da Liga como oportunidade hist\u00f3rica - Portal Tela Portugal<\/title>\n<meta name=\"robots\" content=\"index, follow, max-snippet:-1, max-image-preview:large, max-video-preview:-1\" \/>\n<meta property=\"og:locale\" content=\"pt_PT\" \/>\n<meta property=\"og:type\" content=\"article\" \/>\n<meta property=\"og:title\" content=\"T\u00e9cnico do Caxinas v\u00ea final-eight da Ta\u00e7a da Liga como oportunidade hist\u00f3rica - Portal Tela Portugal\" \/>\n<meta property=\"og:description\" content=\"O Caxinas avan\u00e7a para a final eight da Ta\u00e7a da Liga, em Gondomar, com objetivo de chegar \u00e0s meias-finais. O t\u00e9cnico Nuno Silva afirmou que alcan\u00e7ar a fase decisiva trouxe felicidade e orgulho, e que isso deve motivar a boa presta\u00e7\u00e3o na competi\u00e7\u00e3o. O advers\u00e1rio \u00e9 o Fund\u00e3o, equipa considerada competitiva e organizada, com jogadores experientes e irreverentes. O treinador destacou a necessidade de identificar o que poder\u00e1 ocorrer no jogo e manter foco nas tarefas para ter sucesso, vendo o encontro como oportunidade de escrever uma p\u00e1gina na hist\u00f3ria do clube. O jogo contra o Fund\u00e3o realiza-se nesta quarta-feira, \u00e0s 14h00, em Gondomar.\" \/>\n<meta property=\"og:url\" content=\"https:\/\/portaltela.pt\/noticias\/2026\/03\/10\/tecnico-do-caxinas-ve-final-eight-da-taca-da-liga-como-oportunidade-historica\/\" \/>\n<meta property=\"og:site_name\" content=\"Portal Tela Portugal\" \/>\n<meta property=\"article:published_time\" content=\"2026-03-10T17:39:00+00:00\" \/>\n<meta name=\"author\" content=\"Telinha\" \/>\n<meta name=\"twitter:card\" content=\"summary_large_image\" \/>\n<meta name=\"twitter:label1\" content=\"Escrito por\" \/>\n\t<meta name=\"twitter:data1\" content=\"Telinha\" \/>\n\t<meta name=\"twitter:label2\" content=\"Tempo estimado de leitura\" \/>\n\t<meta name=\"twitter:data2\" content=\"1 minuto\" \/>\n<script type=\"application\/ld+json\" class=\"yoast-schema-graph\">{\"@context\":\"https:\/\/schema.org\",\"@graph\":[{\"@type\":\"Article\",\"@id\":\"https:\/\/portaltela.pt\/noticias\/2026\/03\/10\/tecnico-do-caxinas-ve-final-eight-da-taca-da-liga-como-oportunidade-historica\/#article\",\"isPartOf\":{\"@id\":\"https:\/\/portaltela.pt\/noticias\/2026\/03\/10\/tecnico-do-caxinas-ve-final-eight-da-taca-da-liga-como-oportunidade-historica\/\"},\"author\":{\"name\":\"Telinha\",\"@id\":\"https:\/\/portaltela.pt\/#\/schema\/person\/c4278d4a6028830caff9ee44b42d32ed\"},\"headline\":\"T\u00e9cnico do Caxinas v\u00ea final-eight da Ta\u00e7a da Liga como oportunidade hist\u00f3rica\",\"datePublished\":\"2026-03-10T17:39:00+00:00\",\"mainEntityOfPage\":{\"@id\":\"https:\/\/portaltela.pt\/noticias\/2026\/03\/10\/tecnico-do-caxinas-ve-final-eight-da-taca-da-liga-como-oportunidade-historica\/\"},\"wordCount\":205,\"image\":{\"@id\":\"https:\/\/portaltela.pt\/noticias\/2026\/03\/10\/tecnico-do-caxinas-ve-final-eight-da-taca-da-liga-como-oportunidade-historica\/#primaryimage\"},\"thumbnailUrl\":\"https:\/\/portaltela.pt\/s.01k8rhncp4jt1\/2026\/03\/img_920x518uu2026-03-10-15-06-26-2426015.jpg\",\"keywords\":[\"competi\u00e7\u00e3o\",\"desporto\",\"Fund\u00e3o\",\"futebol\",\"Gondomar\",\"Ta\u00e7a da Liga\"],\"articleSection\":[\"Desporto\",\"Futebol\"],\"inLanguage\":\"pt-PT\"},{\"@type\":\"WebPage\",\"@id\":\"https:\/\/portaltela.pt\/noticias\/2026\/03\/10\/tecnico-do-caxinas-ve-final-eight-da-taca-da-liga-como-oportunidade-historica\/\",\"url\":\"https:\/\/portaltela.pt\/noticias\/2026\/03\/10\/tecnico-do-caxinas-ve-final-eight-da-taca-da-liga-como-oportunidade-historica\/\",\"name\":\"T\u00e9cnico do Caxinas v\u00ea final-eight da Ta\u00e7a da Liga como oportunidade hist\u00f3rica - Portal Tela Portugal\",\"isPartOf\":{\"@id\":\"https:\/\/portaltela.pt\/#website\"},\"primaryImageOfPage\":{\"@id\":\"https:\/\/portaltela.pt\/noticias\/2026\/03\/10\/tecnico-do-caxinas-ve-final-eight-da-taca-da-liga-como-oportunidade-historica\/#primaryimage\"},\"image\":{\"@id\":\"https:\/\/portaltela.pt\/noticias\/2026\/03\/10\/tecnico-do-caxinas-ve-final-eight-da-taca-da-liga-como-oportunidade-historica\/#primaryimage\"},\"thumbnailUrl\":\"https:\/\/portaltela.pt\/s.01k8rhncp4jt1\/2026\/03\/img_920x518uu2026-03-10-15-06-26-2426015.jpg\",\"datePublished\":\"2026-03-10T17:39:00+00:00\",\"author\":{\"@id\":\"https:\/\/portaltela.pt\/#\/schema\/person\/c4278d4a6028830caff9ee44b42d32ed\"},\"breadcrumb\":{\"@id\":\"https:\/\/portaltela.pt\/noticias\/2026\/03\/10\/tecnico-do-caxinas-ve-final-eight-da-taca-da-liga-como-oportunidade-historica\/#breadcrumb\"},\"inLanguage\":\"pt-PT\",\"potentialAction\":[{\"@type\":\"ReadAction\",\"target\":[\"https:\/\/portaltela.pt\/noticias\/2026\/03\/10\/tecnico-do-caxinas-ve-final-eight-da-taca-da-liga-como-oportunidade-historica\/\"]}]},{\"@type\":\"ImageObject\",\"inLanguage\":\"pt-PT\",\"@id\":\"https:\/\/portaltela.pt\/noticias\/2026\/03\/10\/tecnico-do-caxinas-ve-final-eight-da-taca-da-liga-como-oportunidade-historica\/#primaryimage\",\"url\":\"https:\/\/portaltela.pt\/s.01k8rhncp4jt1\/2026\/03\/img_920x518uu2026-03-10-15-06-26-2426015.jpg\",\"contentUrl\":\"https:\/\/portaltela.pt\/s.01k8rhncp4jt1\/2026\/03\/img_920x518uu2026-03-10-15-06-26-2426015.jpg\",\"width\":796,\"height\":448,\"caption\":\"Nuno Silva, treinador do Caxinas\"},{\"@type\":\"BreadcrumbList\",\"@id\":\"https:\/\/portaltela.pt\/noticias\/2026\/03\/10\/tecnico-do-caxinas-ve-final-eight-da-taca-da-liga-como-oportunidade-historica\/#breadcrumb\",\"itemListElement\":[{\"@type\":\"ListItem\",\"position\":1,\"name\":\"In\u00edcio\",\"item\":\"https:\/\/portaltela.pt\/\"},{\"@type\":\"ListItem\",\"position\":2,\"name\":\"T\u00e9cnico do Caxinas v\u00ea final-eight da Ta\u00e7a da Liga como oportunidade hist\u00f3rica\"}]},{\"@type\":\"WebSite\",\"@id\":\"https:\/\/portaltela.pt\/#website\",\"url\":\"https:\/\/portaltela.pt\/\",\"name\":\"Portal Tela Portugal\",\"description\":\"\",\"potentialAction\":[{\"@type\":\"SearchAction\",\"target\":{\"@type\":\"EntryPoint\",\"urlTemplate\":\"https:\/\/portaltela.pt\/?s={search_term_string}\"},\"query-input\":{\"@type\":\"PropertyValueSpecification\",\"valueRequired\":true,\"valueName\":\"search_term_string\"}}],\"inLanguage\":\"pt-PT\"},{\"@type\":\"Person\",\"@id\":\"https:\/\/portaltela.pt\/#\/schema\/person\/c4278d4a6028830caff9ee44b42d32ed\",\"name\":\"Telinha\",\"image\":{\"@type\":\"ImageObject\",\"inLanguage\":\"pt-PT\",\"@id\":\"https:\/\/portaltela.pt\/s.01k8rhncp4jt1\/2025\/11\/talking-bot-125x125.png\",\"url\":\"https:\/\/portaltela.pt\/s.01k8rhncp4jt1\/2025\/11\/talking-bot-125x125.png\",\"contentUrl\":\"https:\/\/portaltela.pt\/s.01k8rhncp4jt1\/2025\/11\/talking-bot-125x125.png\",\"caption\":\"Telinha\"},\"sameAs\":[\"https:\/\/portaltela.pt\/\"],\"url\":\"https:\/\/portaltela.pt\/por\/367410592786\/\"}]}<\/script>\n<!-- \/ Yoast SEO plugin. -->","yoast_head_json":{"title":"T\u00e9cnico do Caxinas v\u00ea final-eight da Ta\u00e7a da Liga como oportunidade hist\u00f3rica - Portal Tela Portugal","robots":{"index":"index","follow":"follow","max-snippet":"max-snippet:-1","max-image-preview":"max-image-preview:large","max-video-preview":"max-video-preview:-1"},"og_locale":"pt_PT","og_type":"article","og_title":"T\u00e9cnico do Caxinas v\u00ea final-eight da Ta\u00e7a da Liga como oportunidade hist\u00f3rica - Portal Tela Portugal","og_description":"O Caxinas avan\u00e7a para a final eight da Ta\u00e7a da Liga, em Gondomar, com objetivo de chegar \u00e0s meias-finais. O t\u00e9cnico Nuno Silva afirmou que alcan\u00e7ar a fase decisiva trouxe felicidade e orgulho, e que isso deve motivar a boa presta\u00e7\u00e3o na competi\u00e7\u00e3o. O advers\u00e1rio \u00e9 o Fund\u00e3o, equipa considerada competitiva e organizada, com jogadores experientes e irreverentes. O treinador destacou a necessidade de identificar o que poder\u00e1 ocorrer no jogo e manter foco nas tarefas para ter sucesso, vendo o encontro como oportunidade de escrever uma p\u00e1gina na hist\u00f3ria do clube. O jogo contra o Fund\u00e3o realiza-se nesta quarta-feira, \u00e0s 14h00, em Gondomar.","og_url":"https:\/\/portaltela.pt\/noticias\/2026\/03\/10\/tecnico-do-caxinas-ve-final-eight-da-taca-da-liga-como-oportunidade-historica\/","og_site_name":"Portal Tela Portugal","article_published_time":"2026-03-10T17:39:00+00:00","author":"Telinha","twitter_card":"summary_large_image","twitter_misc":{"Escrito por":"Telinha","Tempo estimado de leitura":"1 minuto"},"schema":{"@context":"https:\/\/schema.org","@graph":[{"@type":"Article","@id":"https:\/\/portaltela.pt\/noticias\/2026\/03\/10\/tecnico-do-caxinas-ve-final-eight-da-taca-da-liga-como-oportunidade-historica\/#article","isPartOf":{"@id":"https:\/\/portaltela.pt\/noticias\/2026\/03\/10\/tecnico-do-caxinas-ve-final-eight-da-taca-da-liga-como-oportunidade-historica\/"},"author":{"name":"Telinha","@id":"https:\/\/portaltela.pt\/#\/schema\/person\/c4278d4a6028830caff9ee44b42d32ed"},"headline":"T\u00e9cnico do Caxinas v\u00ea final-eight da Ta\u00e7a da Liga como oportunidade hist\u00f3rica","datePublished":"2026-03-10T17:39:00+00:00","mainEntityOfPage":{"@id":"https:\/\/portaltela.pt\/noticias\/2026\/03\/10\/tecnico-do-caxinas-ve-final-eight-da-taca-da-liga-como-oportunidade-historica\/"},"wordCount":205,"image":{"@id":"https:\/\/portaltela.pt\/noticias\/2026\/03\/10\/tecnico-do-caxinas-ve-final-eight-da-taca-da-liga-como-oportunidade-historica\/#primaryimage"},"thumbnailUrl":"https:\/\/portaltela.pt\/s.01k8rhncp4jt1\/2026\/03\/img_920x518uu2026-03-10-15-06-26-2426015.jpg","keywords":["competi\u00e7\u00e3o","desporto","Fund\u00e3o","futebol","Gondomar","Ta\u00e7a da Liga"],"articleSection":["Desporto","Futebol"],"inLanguage":"pt-PT"},{"@type":"WebPage","@id":"https:\/\/portaltela.pt\/noticias\/2026\/03\/10\/tecnico-do-caxinas-ve-final-eight-da-taca-da-liga-como-oportunidade-historica\/","url":"https:\/\/portaltela.pt\/noticias\/2026\/03\/10\/tecnico-do-caxinas-ve-final-eight-da-taca-da-liga-como-oportunidade-historica\/","name":"T\u00e9cnico do Caxinas v\u00ea final-eight da Ta\u00e7a da Liga como oportunidade hist\u00f3rica - Portal Tela Portugal","isPartOf":{"@id":"https:\/\/portaltela.pt\/#website"},"primaryImageOfPage":{"@id":"https:\/\/portaltela.pt\/noticias\/2026\/03\/10\/tecnico-do-caxinas-ve-final-eight-da-taca-da-liga-como-oportunidade-historica\/#primaryimage"},"image":{"@id":"https:\/\/portaltela.pt\/noticias\/2026\/03\/10\/tecnico-do-caxinas-ve-final-eight-da-taca-da-liga-como-oportunidade-historica\/#primaryimage"},"thumbnailUrl":"https:\/\/portaltela.pt\/s.01k8rhncp4jt1\/2026\/03\/img_920x518uu2026-03-10-15-06-26-2426015.jpg","datePublished":"2026-03-10T17:39:00+00:00","author":{"@id":"https:\/\/portaltela.pt\/#\/schema\/person\/c4278d4a6028830caff9ee44b42d32ed"},"breadcrumb":{"@id":"https:\/\/portaltela.pt\/noticias\/2026\/03\/10\/tecnico-do-caxinas-ve-final-eight-da-taca-da-liga-como-oportunidade-historica\/#breadcrumb"},"inLanguage":"pt-PT","potentialAction":[{"@type":"ReadAction","target":["https:\/\/portaltela.pt\/noticias\/2026\/03\/10\/tecnico-do-caxinas-ve-final-eight-da-taca-da-liga-como-oportunidade-historica\/"]}]},{"@type":"ImageObject","inLanguage":"pt-PT","@id":"https:\/\/portaltela.pt\/noticias\/2026\/03\/10\/tecnico-do-caxinas-ve-final-eight-da-taca-da-liga-como-oportunidade-historica\/#primaryimage","url":"https:\/\/portaltela.pt\/s.01k8rhncp4jt1\/2026\/03\/img_920x518uu2026-03-10-15-06-26-2426015.jpg","contentUrl":"https:\/\/portaltela.pt\/s.01k8rhncp4jt1\/2026\/03\/img_920x518uu2026-03-10-15-06-26-2426015.jpg","width":796,"height":448,"caption":"Nuno Silva, treinador do Caxinas"},{"@type":"BreadcrumbList","@id":"https:\/\/portaltela.pt\/noticias\/2026\/03\/10\/tecnico-do-caxinas-ve-final-eight-da-taca-da-liga-como-oportunidade-historica\/#breadcrumb","itemListElement":[{"@type":"ListItem","position":1,"name":"In\u00edcio","item":"https:\/\/portaltela.pt\/"},{"@type":"ListItem","position":2,"name":"T\u00e9cnico do Caxinas v\u00ea final-eight da Ta\u00e7a da Liga como oportunidade hist\u00f3rica"}]},{"@type":"WebSite","@id":"https:\/\/portaltela.pt\/#website","url":"https:\/\/portaltela.pt\/","name":"Portal Tela Portugal","description":"","potentialAction":[{"@type":"SearchAction","target":{"@type":"EntryPoint","urlTemplate":"https:\/\/portaltela.pt\/?s={search_term_string}"},"query-input":{"@type":"PropertyValueSpecification","valueRequired":true,"valueName":"search_term_string"}}],"inLanguage":"pt-PT"},{"@type":"Person","@id":"https:\/\/portaltela.pt\/#\/schema\/person\/c4278d4a6028830caff9ee44b42d32ed","name":"Telinha","image":{"@type":"ImageObject","inLanguage":"pt-PT","@id":"https:\/\/portaltela.pt\/s.01k8rhncp4jt1\/2025\/11\/talking-bot-125x125.png","url":"https:\/\/portaltela.pt\/s.01k8rhncp4jt1\/2025\/11\/talking-bot-125x125.png","contentUrl":"https:\/\/portaltela.pt\/s.01k8rhncp4jt1\/2025\/11\/talking-bot-125x125.png","caption":"Telinha"},"sameAs":["https:\/\/portaltela.pt\/"],"url":"https:\/\/portaltela.pt\/por\/367410592786\/"}]}},"_links":{"self":[{"href":"https:\/\/portaltela.pt\/api\/wp\/v2\/posts\/404937","targetHints":{"allow":["GET"]}}],"collection":[{"href":"https:\/\/portaltela.pt\/api\/wp\/v2\/posts"}],"about":[{"href":"https:\/\/portaltela.pt\/api\/wp\/v2\/types\/post"}],"author":[{"embeddable":true,"href":"https:\/\/portaltela.pt\/api\/wp\/v2\/users\/2"}],"replies":[{"embeddable":true,"href":"https:\/\/portaltela.pt\/api\/wp\/v2\/comments?post=404937"}],"version-history":[{"count":0,"href":"https:\/\/portaltela.pt\/api\/wp\/v2\/posts\/404937\/revisions"}],"wp:featuredmedia":[{"embeddable":true,"href":"https:\/\/portaltela.pt\/api\/wp\/v2\/media\/404938"}],"wp:attachment":[{"href":"https:\/\/portaltela.pt\/api\/wp\/v2\/media?parent=404937"}],"wp:term":[{"taxonomy":"category","embeddable":true,"href":"https:\/\/portaltela.pt\/api\/wp\/v2\/categories?post=404937"},{"taxonomy":"post_tag","embeddable":true,"href":"https:\/\/portaltela.pt\/api\/wp\/v2\/tags?post=404937"}],"curies":[{"name":"wp","href":"https:\/\/api.w.org\/{rel}","templated":true}]}}