{"id":404907,"date":"2026-03-10T14:29:47","date_gmt":"2026-03-10T17:29:47","guid":{"rendered":"https:\/\/portaltela.pt\/noticias\/2026\/03\/10\/lopes-cabral-nao-e-opcao-atual-de-mourinho\/"},"modified":"2026-03-10T14:29:47","modified_gmt":"2026-03-10T17:29:47","slug":"lopes-cabral-nao-e-opcao-atual-de-mourinho","status":"publish","type":"post","link":"https:\/\/portaltela.pt\/desporto\/futebol\/2026\/03\/10\/lopes-cabral-nao-e-opcao-atual-de-mourinho\/","title":{"rendered":"Lopes Cabral n\u00e3o \u00e9 op\u00e7\u00e3o atual de Mourinho"},"content":{"rendered":"<p>Lopes Cabral, contratado em janeiro pelo Estrela da Amadora por cerca de 6 milh\u00f5es de euros, n\u00e3o tem somado minutos no plantel. No cl\u00e1ssico frente ao FC Porto, n\u00e3o esteve no banco de suplentes.<\/p>\n<p>O cabo-verdiano ficou fora das escolhas da equipa naquele jogo, numa gest\u00e3o que acompanha o jogador desde a sua chegada ao clube. Decis\u00e3o que suscitou perguntas sobre o seu papel na equipa.<\/p>\n<p>Este cen\u00e1rio sucede ao epis\u00f3dio no qual Lopes Cabral pediu a camisola a Vin\u00edcius Jr. durante a partida frente ao Real Madrid. O incidente ocorreu em Madrid, em contexto de competi\u00e7\u00e3o entre clubes de renome europeia.<\/p>\n","protected":false},"excerpt":{"rendered":"<ul>\n<li>Lopes Cabral foi contratado em janeiro ao Estrela da Amadora por cerca de 6 milh\u00f5es de euros.<\/li>\n<li>O defesa cabo-verdiano n\u00e3o tem jogado e nem integrou o banco no cl\u00e1ssico frente ao FC Porto.<\/li>\n<li>A aus\u00eancia de lapso de op\u00e7\u00f5es acontece depois de ele ter pedido a camisola a Vin\u00edcius J\u00fanior no jogo contra o Real Madrid.<\/li>\n<li>O epis\u00f3dio ocorreu durante a atua\u00e7\u00e3o do jogador no encontro entre Real Madrid e o clube em que atua.<\/li>\n<\/ul>\n","protected":false},"author":2,"featured_media":404913,"comment_status":"closed","ping_status":"closed","sticky":false,"template":"","format":"standard","meta":{"footnotes":""},"categories":[21,24],"tags":[1367,2304,32,3338,242,2714],"class_list":["post-404907","post","type-post","status-publish","format-standard","has-post-thumbnail","hentry","category-desporto","category-futebol","tag-clubes","tag-estrela-amadora","tag-futebol","tag-futebol-internacional","tag-jogadores","tag-real-madrid"],"yoast_head":"<!-- This site is optimized with the Yoast SEO plugin v27.2 - https:\/\/yoast.com\/product\/yoast-seo-wordpress\/ -->\n<title>Lopes Cabral n\u00e3o \u00e9 op\u00e7\u00e3o atual de Mourinho - Portal Tela Portugal<\/title>\n<meta name=\"robots\" content=\"index, follow, max-snippet:-1, max-image-preview:large, max-video-preview:-1\" \/>\n<meta property=\"og:locale\" content=\"pt_PT\" \/>\n<meta property=\"og:type\" content=\"article\" \/>\n<meta property=\"og:title\" content=\"Lopes Cabral n\u00e3o \u00e9 op\u00e7\u00e3o atual de Mourinho - Portal Tela Portugal\" \/>\n<meta property=\"og:description\" content=\"Lopes Cabral foi contratado em janeiro ao Estrela da Amadora por cerca de 6 milh\u00f5es de euros. O defesa cabo-verdiano n\u00e3o tem jogado e nem integrou o banco no cl\u00e1ssico frente ao FC Porto. A aus\u00eancia de lapso de op\u00e7\u00f5es acontece depois de ele ter pedido a camisola a Vin\u00edcius J\u00fanior no jogo contra o Real Madrid. O epis\u00f3dio ocorreu durante a atua\u00e7\u00e3o do jogador no encontro entre Real Madrid e o clube em que atua.\" \/>\n<meta property=\"og:url\" content=\"https:\/\/portaltela.pt\/noticias\/2026\/03\/10\/lopes-cabral-nao-e-opcao-atual-de-mourinho\/\" \/>\n<meta property=\"og:site_name\" content=\"Portal Tela Portugal\" \/>\n<meta property=\"article:published_time\" content=\"2026-03-10T17:29:47+00:00\" \/>\n<meta name=\"author\" content=\"Telinha\" \/>\n<meta name=\"twitter:card\" content=\"summary_large_image\" \/>\n<meta name=\"twitter:label1\" content=\"Escrito por\" \/>\n\t<meta name=\"twitter:data1\" content=\"Telinha\" \/>\n\t<meta name=\"twitter:label2\" content=\"Tempo estimado de leitura\" \/>\n\t<meta name=\"twitter:data2\" content=\"1 minuto\" \/>\n<script type=\"application\/ld+json\" class=\"yoast-schema-graph\">{\"@context\":\"https:\/\/schema.org\",\"@graph\":[{\"@type\":\"Article\",\"@id\":\"https:\/\/portaltela.pt\/noticias\/2026\/03\/10\/lopes-cabral-nao-e-opcao-atual-de-mourinho\/#article\",\"isPartOf\":{\"@id\":\"https:\/\/portaltela.pt\/noticias\/2026\/03\/10\/lopes-cabral-nao-e-opcao-atual-de-mourinho\/\"},\"author\":{\"name\":\"Telinha\",\"@id\":\"https:\/\/portaltela.pt\/#\/schema\/person\/c4278d4a6028830caff9ee44b42d32ed\"},\"headline\":\"Lopes Cabral n\u00e3o \u00e9 op\u00e7\u00e3o atual de Mourinho\",\"datePublished\":\"2026-03-10T17:29:47+00:00\",\"mainEntityOfPage\":{\"@id\":\"https:\/\/portaltela.pt\/noticias\/2026\/03\/10\/lopes-cabral-nao-e-opcao-atual-de-mourinho\/\"},\"wordCount\":120,\"image\":{\"@id\":\"https:\/\/portaltela.pt\/noticias\/2026\/03\/10\/lopes-cabral-nao-e-opcao-atual-de-mourinho\/#primaryimage\"},\"thumbnailUrl\":\"https:\/\/portaltela.pt\/s.01k8rhncp4jt1\/2026\/03\/img_1200x721uu2026-03-10-17-18-40-2426040.jpg\",\"keywords\":[\"clubes\",\"Estrela Amadora\",\"futebol\",\"futebol internacional\",\"jogadores\",\"Real Madrid\"],\"articleSection\":[\"Desporto\",\"Futebol\"],\"inLanguage\":\"pt-PT\"},{\"@type\":\"WebPage\",\"@id\":\"https:\/\/portaltela.pt\/noticias\/2026\/03\/10\/lopes-cabral-nao-e-opcao-atual-de-mourinho\/\",\"url\":\"https:\/\/portaltela.pt\/noticias\/2026\/03\/10\/lopes-cabral-nao-e-opcao-atual-de-mourinho\/\",\"name\":\"Lopes Cabral n\u00e3o \u00e9 op\u00e7\u00e3o atual de Mourinho - Portal Tela Portugal\",\"isPartOf\":{\"@id\":\"https:\/\/portaltela.pt\/#website\"},\"primaryImageOfPage\":{\"@id\":\"https:\/\/portaltela.pt\/noticias\/2026\/03\/10\/lopes-cabral-nao-e-opcao-atual-de-mourinho\/#primaryimage\"},\"image\":{\"@id\":\"https:\/\/portaltela.pt\/noticias\/2026\/03\/10\/lopes-cabral-nao-e-opcao-atual-de-mourinho\/#primaryimage\"},\"thumbnailUrl\":\"https:\/\/portaltela.pt\/s.01k8rhncp4jt1\/2026\/03\/img_1200x721uu2026-03-10-17-18-40-2426040.jpg\",\"datePublished\":\"2026-03-10T17:29:47+00:00\",\"author\":{\"@id\":\"https:\/\/portaltela.pt\/#\/schema\/person\/c4278d4a6028830caff9ee44b42d32ed\"},\"breadcrumb\":{\"@id\":\"https:\/\/portaltela.pt\/noticias\/2026\/03\/10\/lopes-cabral-nao-e-opcao-atual-de-mourinho\/#breadcrumb\"},\"inLanguage\":\"pt-PT\",\"potentialAction\":[{\"@type\":\"ReadAction\",\"target\":[\"https:\/\/portaltela.pt\/noticias\/2026\/03\/10\/lopes-cabral-nao-e-opcao-atual-de-mourinho\/\"]}]},{\"@type\":\"ImageObject\",\"inLanguage\":\"pt-PT\",\"@id\":\"https:\/\/portaltela.pt\/noticias\/2026\/03\/10\/lopes-cabral-nao-e-opcao-atual-de-mourinho\/#primaryimage\",\"url\":\"https:\/\/portaltela.pt\/s.01k8rhncp4jt1\/2026\/03\/img_1200x721uu2026-03-10-17-18-40-2426040.jpg\",\"contentUrl\":\"https:\/\/portaltela.pt\/s.01k8rhncp4jt1\/2026\/03\/img_1200x721uu2026-03-10-17-18-40-2426040.jpg\",\"width\":796,\"height\":448,\"caption\":\"Photo\"},{\"@type\":\"BreadcrumbList\",\"@id\":\"https:\/\/portaltela.pt\/noticias\/2026\/03\/10\/lopes-cabral-nao-e-opcao-atual-de-mourinho\/#breadcrumb\",\"itemListElement\":[{\"@type\":\"ListItem\",\"position\":1,\"name\":\"In\u00edcio\",\"item\":\"https:\/\/portaltela.pt\/\"},{\"@type\":\"ListItem\",\"position\":2,\"name\":\"Lopes Cabral n\u00e3o \u00e9 op\u00e7\u00e3o atual de Mourinho\"}]},{\"@type\":\"WebSite\",\"@id\":\"https:\/\/portaltela.pt\/#website\",\"url\":\"https:\/\/portaltela.pt\/\",\"name\":\"Portal Tela Portugal\",\"description\":\"\",\"potentialAction\":[{\"@type\":\"SearchAction\",\"target\":{\"@type\":\"EntryPoint\",\"urlTemplate\":\"https:\/\/portaltela.pt\/?s={search_term_string}\"},\"query-input\":{\"@type\":\"PropertyValueSpecification\",\"valueRequired\":true,\"valueName\":\"search_term_string\"}}],\"inLanguage\":\"pt-PT\"},{\"@type\":\"Person\",\"@id\":\"https:\/\/portaltela.pt\/#\/schema\/person\/c4278d4a6028830caff9ee44b42d32ed\",\"name\":\"Telinha\",\"image\":{\"@type\":\"ImageObject\",\"inLanguage\":\"pt-PT\",\"@id\":\"https:\/\/portaltela.pt\/s.01k8rhncp4jt1\/2025\/11\/talking-bot-125x125.png\",\"url\":\"https:\/\/portaltela.pt\/s.01k8rhncp4jt1\/2025\/11\/talking-bot-125x125.png\",\"contentUrl\":\"https:\/\/portaltela.pt\/s.01k8rhncp4jt1\/2025\/11\/talking-bot-125x125.png\",\"caption\":\"Telinha\"},\"sameAs\":[\"https:\/\/portaltela.pt\/\"],\"url\":\"https:\/\/portaltela.pt\/por\/367410592786\/\"}]}<\/script>\n<!-- \/ Yoast SEO plugin. -->","yoast_head_json":{"title":"Lopes Cabral n\u00e3o \u00e9 op\u00e7\u00e3o atual de Mourinho - Portal Tela Portugal","robots":{"index":"index","follow":"follow","max-snippet":"max-snippet:-1","max-image-preview":"max-image-preview:large","max-video-preview":"max-video-preview:-1"},"og_locale":"pt_PT","og_type":"article","og_title":"Lopes Cabral n\u00e3o \u00e9 op\u00e7\u00e3o atual de Mourinho - Portal Tela Portugal","og_description":"Lopes Cabral foi contratado em janeiro ao Estrela da Amadora por cerca de 6 milh\u00f5es de euros. O defesa cabo-verdiano n\u00e3o tem jogado e nem integrou o banco no cl\u00e1ssico frente ao FC Porto. A aus\u00eancia de lapso de op\u00e7\u00f5es acontece depois de ele ter pedido a camisola a Vin\u00edcius J\u00fanior no jogo contra o Real Madrid. O epis\u00f3dio ocorreu durante a atua\u00e7\u00e3o do jogador no encontro entre Real Madrid e o clube em que atua.","og_url":"https:\/\/portaltela.pt\/noticias\/2026\/03\/10\/lopes-cabral-nao-e-opcao-atual-de-mourinho\/","og_site_name":"Portal Tela Portugal","article_published_time":"2026-03-10T17:29:47+00:00","author":"Telinha","twitter_card":"summary_large_image","twitter_misc":{"Escrito por":"Telinha","Tempo estimado de leitura":"1 minuto"},"schema":{"@context":"https:\/\/schema.org","@graph":[{"@type":"Article","@id":"https:\/\/portaltela.pt\/noticias\/2026\/03\/10\/lopes-cabral-nao-e-opcao-atual-de-mourinho\/#article","isPartOf":{"@id":"https:\/\/portaltela.pt\/noticias\/2026\/03\/10\/lopes-cabral-nao-e-opcao-atual-de-mourinho\/"},"author":{"name":"Telinha","@id":"https:\/\/portaltela.pt\/#\/schema\/person\/c4278d4a6028830caff9ee44b42d32ed"},"headline":"Lopes Cabral n\u00e3o \u00e9 op\u00e7\u00e3o atual de Mourinho","datePublished":"2026-03-10T17:29:47+00:00","mainEntityOfPage":{"@id":"https:\/\/portaltela.pt\/noticias\/2026\/03\/10\/lopes-cabral-nao-e-opcao-atual-de-mourinho\/"},"wordCount":120,"image":{"@id":"https:\/\/portaltela.pt\/noticias\/2026\/03\/10\/lopes-cabral-nao-e-opcao-atual-de-mourinho\/#primaryimage"},"thumbnailUrl":"https:\/\/portaltela.pt\/s.01k8rhncp4jt1\/2026\/03\/img_1200x721uu2026-03-10-17-18-40-2426040.jpg","keywords":["clubes","Estrela Amadora","futebol","futebol internacional","jogadores","Real Madrid"],"articleSection":["Desporto","Futebol"],"inLanguage":"pt-PT"},{"@type":"WebPage","@id":"https:\/\/portaltela.pt\/noticias\/2026\/03\/10\/lopes-cabral-nao-e-opcao-atual-de-mourinho\/","url":"https:\/\/portaltela.pt\/noticias\/2026\/03\/10\/lopes-cabral-nao-e-opcao-atual-de-mourinho\/","name":"Lopes Cabral n\u00e3o \u00e9 op\u00e7\u00e3o atual de Mourinho - Portal Tela Portugal","isPartOf":{"@id":"https:\/\/portaltela.pt\/#website"},"primaryImageOfPage":{"@id":"https:\/\/portaltela.pt\/noticias\/2026\/03\/10\/lopes-cabral-nao-e-opcao-atual-de-mourinho\/#primaryimage"},"image":{"@id":"https:\/\/portaltela.pt\/noticias\/2026\/03\/10\/lopes-cabral-nao-e-opcao-atual-de-mourinho\/#primaryimage"},"thumbnailUrl":"https:\/\/portaltela.pt\/s.01k8rhncp4jt1\/2026\/03\/img_1200x721uu2026-03-10-17-18-40-2426040.jpg","datePublished":"2026-03-10T17:29:47+00:00","author":{"@id":"https:\/\/portaltela.pt\/#\/schema\/person\/c4278d4a6028830caff9ee44b42d32ed"},"breadcrumb":{"@id":"https:\/\/portaltela.pt\/noticias\/2026\/03\/10\/lopes-cabral-nao-e-opcao-atual-de-mourinho\/#breadcrumb"},"inLanguage":"pt-PT","potentialAction":[{"@type":"ReadAction","target":["https:\/\/portaltela.pt\/noticias\/2026\/03\/10\/lopes-cabral-nao-e-opcao-atual-de-mourinho\/"]}]},{"@type":"ImageObject","inLanguage":"pt-PT","@id":"https:\/\/portaltela.pt\/noticias\/2026\/03\/10\/lopes-cabral-nao-e-opcao-atual-de-mourinho\/#primaryimage","url":"https:\/\/portaltela.pt\/s.01k8rhncp4jt1\/2026\/03\/img_1200x721uu2026-03-10-17-18-40-2426040.jpg","contentUrl":"https:\/\/portaltela.pt\/s.01k8rhncp4jt1\/2026\/03\/img_1200x721uu2026-03-10-17-18-40-2426040.jpg","width":796,"height":448,"caption":"Photo"},{"@type":"BreadcrumbList","@id":"https:\/\/portaltela.pt\/noticias\/2026\/03\/10\/lopes-cabral-nao-e-opcao-atual-de-mourinho\/#breadcrumb","itemListElement":[{"@type":"ListItem","position":1,"name":"In\u00edcio","item":"https:\/\/portaltela.pt\/"},{"@type":"ListItem","position":2,"name":"Lopes Cabral n\u00e3o \u00e9 op\u00e7\u00e3o atual de Mourinho"}]},{"@type":"WebSite","@id":"https:\/\/portaltela.pt\/#website","url":"https:\/\/portaltela.pt\/","name":"Portal Tela Portugal","description":"","potentialAction":[{"@type":"SearchAction","target":{"@type":"EntryPoint","urlTemplate":"https:\/\/portaltela.pt\/?s={search_term_string}"},"query-input":{"@type":"PropertyValueSpecification","valueRequired":true,"valueName":"search_term_string"}}],"inLanguage":"pt-PT"},{"@type":"Person","@id":"https:\/\/portaltela.pt\/#\/schema\/person\/c4278d4a6028830caff9ee44b42d32ed","name":"Telinha","image":{"@type":"ImageObject","inLanguage":"pt-PT","@id":"https:\/\/portaltela.pt\/s.01k8rhncp4jt1\/2025\/11\/talking-bot-125x125.png","url":"https:\/\/portaltela.pt\/s.01k8rhncp4jt1\/2025\/11\/talking-bot-125x125.png","contentUrl":"https:\/\/portaltela.pt\/s.01k8rhncp4jt1\/2025\/11\/talking-bot-125x125.png","caption":"Telinha"},"sameAs":["https:\/\/portaltela.pt\/"],"url":"https:\/\/portaltela.pt\/por\/367410592786\/"}]}},"_links":{"self":[{"href":"https:\/\/portaltela.pt\/api\/wp\/v2\/posts\/404907","targetHints":{"allow":["GET"]}}],"collection":[{"href":"https:\/\/portaltela.pt\/api\/wp\/v2\/posts"}],"about":[{"href":"https:\/\/portaltela.pt\/api\/wp\/v2\/types\/post"}],"author":[{"embeddable":true,"href":"https:\/\/portaltela.pt\/api\/wp\/v2\/users\/2"}],"replies":[{"embeddable":true,"href":"https:\/\/portaltela.pt\/api\/wp\/v2\/comments?post=404907"}],"version-history":[{"count":0,"href":"https:\/\/portaltela.pt\/api\/wp\/v2\/posts\/404907\/revisions"}],"wp:featuredmedia":[{"embeddable":true,"href":"https:\/\/portaltela.pt\/api\/wp\/v2\/media\/404913"}],"wp:attachment":[{"href":"https:\/\/portaltela.pt\/api\/wp\/v2\/media?parent=404907"}],"wp:term":[{"taxonomy":"category","embeddable":true,"href":"https:\/\/portaltela.pt\/api\/wp\/v2\/categories?post=404907"},{"taxonomy":"post_tag","embeddable":true,"href":"https:\/\/portaltela.pt\/api\/wp\/v2\/tags?post=404907"}],"curies":[{"name":"wp","href":"https:\/\/api.w.org\/{rel}","templated":true}]}}