{"id":404897,"date":"2026-03-10T14:01:45","date_gmt":"2026-03-10T17:01:45","guid":{"rendered":"https:\/\/portaltela.pt\/noticias\/2026\/03\/10\/ayuso-lidera-paris-nice-apos-contrarrelogio-por-equipas-vencido-pela-ineos\/"},"modified":"2026-03-10T14:01:45","modified_gmt":"2026-03-10T17:01:45","slug":"ayuso-lidera-paris-nice-apos-contrarrelogio-por-equipas-vencido-pela-ineos","status":"publish","type":"post","link":"https:\/\/portaltela.pt\/desporto\/futebol\/2026\/03\/10\/ayuso-lidera-paris-nice-apos-contrarrelogio-por-equipas-vencido-pela-ineos\/","title":{"rendered":"Ayuso lidera Paris-Nice ap\u00f3s contrarrel\u00f3gio por equipas vencido pela INEOS"},"content":{"rendered":"<p>A INEOS dominou o contrarrel\u00f3gio por equipas do Paris-Nice, disputado esta ter\u00e7a-feira, entre Cosne-Cours-sur-Loire e Pouilly-sur-Loire, numa tirada de 23,5 km. Juan Ayuso (Lidl-Trek) ficou na lideran\u00e7a da classifica\u00e7\u00e3o geral, com dois segundos de vantagem sobre o tempo combinado da equipa brit\u00e2nica. O triunfo coletivo n\u00e3o impediu Ayuso de avan\u00e7ar para a frente da geral.<\/p>\n<p>O formato do contrarrel\u00f3gio por equipas vale o registo do primeiro corredor a cruzar a meta. Assim, a Decathlon chegou a ter o melhor tempo com Daan Hoole na frente, quatro segundos mais r\u00e1pido que a Visma-Lease a Bike. Ayuso igualou a estrat\u00e9gia ao receber um impulso de Mathias Vacek, lan\u00e7ando-se at\u00e9 \u00e0 meta para fechar em 26.42 minutos.<\/p>\n<p>A lideran\u00e7a geral ficou assim: Ayuso, com dois segundos de vantagem sobre K\u00e9vin Vauquelin (INEOS), seguido por Oscar Onley. Jonas Vingegaard (Visma-Lease a Bike) ocupa a s\u00e9tima posi\u00e7\u00e3o, a 17 segundos. Ivo Oliveira, da UAE Emirates, \u00e9 101.\u00ba, ap\u00f3s a equipa ter terminado oitava no contrarrel\u00f3gio, a 37 segundos do tempo de refer\u00eancia.<\/p>\n<h3>Classifica\u00e7\u00e3o geral ap\u00f3s o contrarrel\u00f3gio por equipas<\/h3>\n<p>Ayuso comanda a geral, seguido de Vauquelin e Onley, num Top-3 que encerra a diferen\u00e7a de dois segundos entre os dois primeiros. A edi\u00e7\u00e3o de Paris-Nice prossegue com a quarta etapa, em que a montanha de primeira categoria em Uchon, a 195 km de Bourges, promete alterar o panorama geral.<\/p>\n<h3>Pr\u00f3xima etapa<\/h3>\n<p>A quinta-feira reserva nova movimento, com a subida de Uchon a condicionarem as posi\u00e7\u00f5es na classifica\u00e7\u00e3o, ap\u00f3s a contagem de primeira categoria. A organiza\u00e7\u00e3o mant\u00e9m o foco na batalha entre as equipas e os l\u00edderes para manter o equil\u00edbrio entre terreno plano e montanha.<\/p>\n","protected":false},"excerpt":{"rendered":"<ul>\n<li>A INEOS venceu o contrarrel\u00f3gio por equipas do Paris-Nice, com K\u00e9vin Vauquelin a registar o melhor tempo (26,40 minutos) nos 23,5 quil\u00f3metros entre Cosne-Cours-sur-Loire e Pouilly-sur-Loire.<\/li>\n<li>Juan Ayuso (Lidl-Trek) passou a liderar a geral, com dois segundos de vantagem sobre Vauquelin.<\/li>\n<li>O neerland\u00eas Daan Hoole, da Decathlon, foi quem abriu o melhor tempo inicial, marcando 26,42 minutos, tempo que Ayuso acabou por igualar.<\/li>\n<li>Jonas Vingegaard (Visma-Lease a Bike) \u00e9 s\u00e9timo na geral, a 17 segundos de Ayuso; Ivo Oliveira est\u00e1 na 101.\u00aa posi\u00e7\u00e3o.<\/li>\n<li>A quarta etapa traz montanha, em Uchon, num percurso de 195 quil\u00f3metros desde Bourges.<\/li>\n<\/ul>\n","protected":false},"author":2,"featured_media":404898,"comment_status":"closed","ping_status":"closed","sticky":false,"template":"","format":"standard","meta":{"footnotes":""},"categories":[21,24],"tags":[923,6149,152,1287,6083],"class_list":["post-404897","post","type-post","status-publish","format-standard","has-post-thumbnail","hentry","category-desporto","category-futebol","tag-ciclismo","tag-contrarrelogio","tag-desporto","tag-equipas","tag-lidl-trek"],"yoast_head":"<!-- This site is optimized with the Yoast SEO plugin v27.2 - https:\/\/yoast.com\/product\/yoast-seo-wordpress\/ -->\n<title>Ayuso lidera Paris-Nice ap\u00f3s contrarrel\u00f3gio por equipas vencido pela INEOS - Portal Tela Portugal<\/title>\n<meta name=\"robots\" content=\"index, follow, max-snippet:-1, max-image-preview:large, max-video-preview:-1\" \/>\n<meta property=\"og:locale\" content=\"pt_PT\" \/>\n<meta property=\"og:type\" content=\"article\" \/>\n<meta property=\"og:title\" content=\"Ayuso lidera Paris-Nice ap\u00f3s contrarrel\u00f3gio por equipas vencido pela INEOS - Portal Tela Portugal\" \/>\n<meta property=\"og:description\" content=\"A INEOS venceu o contrarrel\u00f3gio por equipas do Paris-Nice, com K\u00e9vin Vauquelin a registar o melhor tempo (26,40 minutos) nos 23,5 quil\u00f3metros entre Cosne-Cours-sur-Loire e Pouilly-sur-Loire. Juan Ayuso (Lidl-Trek) passou a liderar a geral, com dois segundos de vantagem sobre Vauquelin. O neerland\u00eas Daan Hoole, da Decathlon, foi quem abriu o melhor tempo inicial, marcando 26,42 minutos, tempo que Ayuso acabou por igualar. Jonas Vingegaard (Visma-Lease a Bike) \u00e9 s\u00e9timo na geral, a 17 segundos de Ayuso; Ivo Oliveira est\u00e1 na 101.\u00aa posi\u00e7\u00e3o. A quarta etapa traz montanha, em Uchon, num percurso de 195 quil\u00f3metros desde Bourges.\" \/>\n<meta property=\"og:url\" content=\"https:\/\/portaltela.pt\/noticias\/2026\/03\/10\/ayuso-lidera-paris-nice-apos-contrarrelogio-por-equipas-vencido-pela-ineos\/\" \/>\n<meta property=\"og:site_name\" content=\"Portal Tela Portugal\" \/>\n<meta property=\"article:published_time\" content=\"2026-03-10T17:01:45+00:00\" \/>\n<meta name=\"author\" content=\"Telinha\" \/>\n<meta name=\"twitter:card\" content=\"summary_large_image\" \/>\n<meta name=\"twitter:label1\" content=\"Escrito por\" \/>\n\t<meta name=\"twitter:data1\" content=\"Telinha\" \/>\n\t<meta name=\"twitter:label2\" content=\"Tempo estimado de leitura\" \/>\n\t<meta name=\"twitter:data2\" content=\"1 minuto\" \/>\n<script type=\"application\/ld+json\" class=\"yoast-schema-graph\">{\"@context\":\"https:\/\/schema.org\",\"@graph\":[{\"@type\":\"Article\",\"@id\":\"https:\/\/portaltela.pt\/noticias\/2026\/03\/10\/ayuso-lidera-paris-nice-apos-contrarrelogio-por-equipas-vencido-pela-ineos\/#article\",\"isPartOf\":{\"@id\":\"https:\/\/portaltela.pt\/noticias\/2026\/03\/10\/ayuso-lidera-paris-nice-apos-contrarrelogio-por-equipas-vencido-pela-ineos\/\"},\"author\":{\"name\":\"Telinha\",\"@id\":\"https:\/\/portaltela.pt\/#\/schema\/person\/c4278d4a6028830caff9ee44b42d32ed\"},\"headline\":\"Ayuso lidera Paris-Nice ap\u00f3s contrarrel\u00f3gio por equipas vencido pela INEOS\",\"datePublished\":\"2026-03-10T17:01:45+00:00\",\"mainEntityOfPage\":{\"@id\":\"https:\/\/portaltela.pt\/noticias\/2026\/03\/10\/ayuso-lidera-paris-nice-apos-contrarrelogio-por-equipas-vencido-pela-ineos\/\"},\"wordCount\":305,\"image\":{\"@id\":\"https:\/\/portaltela.pt\/noticias\/2026\/03\/10\/ayuso-lidera-paris-nice-apos-contrarrelogio-por-equipas-vencido-pela-ineos\/#primaryimage\"},\"thumbnailUrl\":\"https:\/\/portaltela.pt\/s.01k8rhncp4jt1\/2026\/03\/img_920x518uu2026-02-22-16-34-16-2423110.jpg\",\"keywords\":[\"ciclismo\",\"contrarrel\u00f3gio\",\"desporto\",\"equipas\",\"Lidl-Trek\"],\"articleSection\":[\"Desporto\",\"Futebol\"],\"inLanguage\":\"pt-PT\"},{\"@type\":\"WebPage\",\"@id\":\"https:\/\/portaltela.pt\/noticias\/2026\/03\/10\/ayuso-lidera-paris-nice-apos-contrarrelogio-por-equipas-vencido-pela-ineos\/\",\"url\":\"https:\/\/portaltela.pt\/noticias\/2026\/03\/10\/ayuso-lidera-paris-nice-apos-contrarrelogio-por-equipas-vencido-pela-ineos\/\",\"name\":\"Ayuso lidera Paris-Nice ap\u00f3s contrarrel\u00f3gio por equipas vencido pela INEOS - Portal Tela Portugal\",\"isPartOf\":{\"@id\":\"https:\/\/portaltela.pt\/#website\"},\"primaryImageOfPage\":{\"@id\":\"https:\/\/portaltela.pt\/noticias\/2026\/03\/10\/ayuso-lidera-paris-nice-apos-contrarrelogio-por-equipas-vencido-pela-ineos\/#primaryimage\"},\"image\":{\"@id\":\"https:\/\/portaltela.pt\/noticias\/2026\/03\/10\/ayuso-lidera-paris-nice-apos-contrarrelogio-por-equipas-vencido-pela-ineos\/#primaryimage\"},\"thumbnailUrl\":\"https:\/\/portaltela.pt\/s.01k8rhncp4jt1\/2026\/03\/img_920x518uu2026-02-22-16-34-16-2423110.jpg\",\"datePublished\":\"2026-03-10T17:01:45+00:00\",\"author\":{\"@id\":\"https:\/\/portaltela.pt\/#\/schema\/person\/c4278d4a6028830caff9ee44b42d32ed\"},\"breadcrumb\":{\"@id\":\"https:\/\/portaltela.pt\/noticias\/2026\/03\/10\/ayuso-lidera-paris-nice-apos-contrarrelogio-por-equipas-vencido-pela-ineos\/#breadcrumb\"},\"inLanguage\":\"pt-PT\",\"potentialAction\":[{\"@type\":\"ReadAction\",\"target\":[\"https:\/\/portaltela.pt\/noticias\/2026\/03\/10\/ayuso-lidera-paris-nice-apos-contrarrelogio-por-equipas-vencido-pela-ineos\/\"]}]},{\"@type\":\"ImageObject\",\"inLanguage\":\"pt-PT\",\"@id\":\"https:\/\/portaltela.pt\/noticias\/2026\/03\/10\/ayuso-lidera-paris-nice-apos-contrarrelogio-por-equipas-vencido-pela-ineos\/#primaryimage\",\"url\":\"https:\/\/portaltela.pt\/s.01k8rhncp4jt1\/2026\/03\/img_920x518uu2026-02-22-16-34-16-2423110.jpg\",\"contentUrl\":\"https:\/\/portaltela.pt\/s.01k8rhncp4jt1\/2026\/03\/img_920x518uu2026-02-22-16-34-16-2423110.jpg\",\"width\":796,\"height\":448,\"caption\":\"Juan Ayuso lidera\"},{\"@type\":\"BreadcrumbList\",\"@id\":\"https:\/\/portaltela.pt\/noticias\/2026\/03\/10\/ayuso-lidera-paris-nice-apos-contrarrelogio-por-equipas-vencido-pela-ineos\/#breadcrumb\",\"itemListElement\":[{\"@type\":\"ListItem\",\"position\":1,\"name\":\"In\u00edcio\",\"item\":\"https:\/\/portaltela.pt\/\"},{\"@type\":\"ListItem\",\"position\":2,\"name\":\"Ayuso lidera Paris-Nice ap\u00f3s contrarrel\u00f3gio por equipas vencido pela INEOS\"}]},{\"@type\":\"WebSite\",\"@id\":\"https:\/\/portaltela.pt\/#website\",\"url\":\"https:\/\/portaltela.pt\/\",\"name\":\"Portal Tela Portugal\",\"description\":\"\",\"potentialAction\":[{\"@type\":\"SearchAction\",\"target\":{\"@type\":\"EntryPoint\",\"urlTemplate\":\"https:\/\/portaltela.pt\/?s={search_term_string}\"},\"query-input\":{\"@type\":\"PropertyValueSpecification\",\"valueRequired\":true,\"valueName\":\"search_term_string\"}}],\"inLanguage\":\"pt-PT\"},{\"@type\":\"Person\",\"@id\":\"https:\/\/portaltela.pt\/#\/schema\/person\/c4278d4a6028830caff9ee44b42d32ed\",\"name\":\"Telinha\",\"image\":{\"@type\":\"ImageObject\",\"inLanguage\":\"pt-PT\",\"@id\":\"https:\/\/portaltela.pt\/s.01k8rhncp4jt1\/2025\/11\/talking-bot-125x125.png\",\"url\":\"https:\/\/portaltela.pt\/s.01k8rhncp4jt1\/2025\/11\/talking-bot-125x125.png\",\"contentUrl\":\"https:\/\/portaltela.pt\/s.01k8rhncp4jt1\/2025\/11\/talking-bot-125x125.png\",\"caption\":\"Telinha\"},\"sameAs\":[\"https:\/\/portaltela.pt\/\"],\"url\":\"https:\/\/portaltela.pt\/por\/367410592786\/\"}]}<\/script>\n<!-- \/ Yoast SEO plugin. -->","yoast_head_json":{"title":"Ayuso lidera Paris-Nice ap\u00f3s contrarrel\u00f3gio por equipas vencido pela INEOS - Portal Tela Portugal","robots":{"index":"index","follow":"follow","max-snippet":"max-snippet:-1","max-image-preview":"max-image-preview:large","max-video-preview":"max-video-preview:-1"},"og_locale":"pt_PT","og_type":"article","og_title":"Ayuso lidera Paris-Nice ap\u00f3s contrarrel\u00f3gio por equipas vencido pela INEOS - Portal Tela Portugal","og_description":"A INEOS venceu o contrarrel\u00f3gio por equipas do Paris-Nice, com K\u00e9vin Vauquelin a registar o melhor tempo (26,40 minutos) nos 23,5 quil\u00f3metros entre Cosne-Cours-sur-Loire e Pouilly-sur-Loire. Juan Ayuso (Lidl-Trek) passou a liderar a geral, com dois segundos de vantagem sobre Vauquelin. O neerland\u00eas Daan Hoole, da Decathlon, foi quem abriu o melhor tempo inicial, marcando 26,42 minutos, tempo que Ayuso acabou por igualar. Jonas Vingegaard (Visma-Lease a Bike) \u00e9 s\u00e9timo na geral, a 17 segundos de Ayuso; Ivo Oliveira est\u00e1 na 101.\u00aa posi\u00e7\u00e3o. A quarta etapa traz montanha, em Uchon, num percurso de 195 quil\u00f3metros desde Bourges.","og_url":"https:\/\/portaltela.pt\/noticias\/2026\/03\/10\/ayuso-lidera-paris-nice-apos-contrarrelogio-por-equipas-vencido-pela-ineos\/","og_site_name":"Portal Tela Portugal","article_published_time":"2026-03-10T17:01:45+00:00","author":"Telinha","twitter_card":"summary_large_image","twitter_misc":{"Escrito por":"Telinha","Tempo estimado de leitura":"1 minuto"},"schema":{"@context":"https:\/\/schema.org","@graph":[{"@type":"Article","@id":"https:\/\/portaltela.pt\/noticias\/2026\/03\/10\/ayuso-lidera-paris-nice-apos-contrarrelogio-por-equipas-vencido-pela-ineos\/#article","isPartOf":{"@id":"https:\/\/portaltela.pt\/noticias\/2026\/03\/10\/ayuso-lidera-paris-nice-apos-contrarrelogio-por-equipas-vencido-pela-ineos\/"},"author":{"name":"Telinha","@id":"https:\/\/portaltela.pt\/#\/schema\/person\/c4278d4a6028830caff9ee44b42d32ed"},"headline":"Ayuso lidera Paris-Nice ap\u00f3s contrarrel\u00f3gio por equipas vencido pela INEOS","datePublished":"2026-03-10T17:01:45+00:00","mainEntityOfPage":{"@id":"https:\/\/portaltela.pt\/noticias\/2026\/03\/10\/ayuso-lidera-paris-nice-apos-contrarrelogio-por-equipas-vencido-pela-ineos\/"},"wordCount":305,"image":{"@id":"https:\/\/portaltela.pt\/noticias\/2026\/03\/10\/ayuso-lidera-paris-nice-apos-contrarrelogio-por-equipas-vencido-pela-ineos\/#primaryimage"},"thumbnailUrl":"https:\/\/portaltela.pt\/s.01k8rhncp4jt1\/2026\/03\/img_920x518uu2026-02-22-16-34-16-2423110.jpg","keywords":["ciclismo","contrarrel\u00f3gio","desporto","equipas","Lidl-Trek"],"articleSection":["Desporto","Futebol"],"inLanguage":"pt-PT"},{"@type":"WebPage","@id":"https:\/\/portaltela.pt\/noticias\/2026\/03\/10\/ayuso-lidera-paris-nice-apos-contrarrelogio-por-equipas-vencido-pela-ineos\/","url":"https:\/\/portaltela.pt\/noticias\/2026\/03\/10\/ayuso-lidera-paris-nice-apos-contrarrelogio-por-equipas-vencido-pela-ineos\/","name":"Ayuso lidera Paris-Nice ap\u00f3s contrarrel\u00f3gio por equipas vencido pela INEOS - Portal Tela Portugal","isPartOf":{"@id":"https:\/\/portaltela.pt\/#website"},"primaryImageOfPage":{"@id":"https:\/\/portaltela.pt\/noticias\/2026\/03\/10\/ayuso-lidera-paris-nice-apos-contrarrelogio-por-equipas-vencido-pela-ineos\/#primaryimage"},"image":{"@id":"https:\/\/portaltela.pt\/noticias\/2026\/03\/10\/ayuso-lidera-paris-nice-apos-contrarrelogio-por-equipas-vencido-pela-ineos\/#primaryimage"},"thumbnailUrl":"https:\/\/portaltela.pt\/s.01k8rhncp4jt1\/2026\/03\/img_920x518uu2026-02-22-16-34-16-2423110.jpg","datePublished":"2026-03-10T17:01:45+00:00","author":{"@id":"https:\/\/portaltela.pt\/#\/schema\/person\/c4278d4a6028830caff9ee44b42d32ed"},"breadcrumb":{"@id":"https:\/\/portaltela.pt\/noticias\/2026\/03\/10\/ayuso-lidera-paris-nice-apos-contrarrelogio-por-equipas-vencido-pela-ineos\/#breadcrumb"},"inLanguage":"pt-PT","potentialAction":[{"@type":"ReadAction","target":["https:\/\/portaltela.pt\/noticias\/2026\/03\/10\/ayuso-lidera-paris-nice-apos-contrarrelogio-por-equipas-vencido-pela-ineos\/"]}]},{"@type":"ImageObject","inLanguage":"pt-PT","@id":"https:\/\/portaltela.pt\/noticias\/2026\/03\/10\/ayuso-lidera-paris-nice-apos-contrarrelogio-por-equipas-vencido-pela-ineos\/#primaryimage","url":"https:\/\/portaltela.pt\/s.01k8rhncp4jt1\/2026\/03\/img_920x518uu2026-02-22-16-34-16-2423110.jpg","contentUrl":"https:\/\/portaltela.pt\/s.01k8rhncp4jt1\/2026\/03\/img_920x518uu2026-02-22-16-34-16-2423110.jpg","width":796,"height":448,"caption":"Juan Ayuso lidera"},{"@type":"BreadcrumbList","@id":"https:\/\/portaltela.pt\/noticias\/2026\/03\/10\/ayuso-lidera-paris-nice-apos-contrarrelogio-por-equipas-vencido-pela-ineos\/#breadcrumb","itemListElement":[{"@type":"ListItem","position":1,"name":"In\u00edcio","item":"https:\/\/portaltela.pt\/"},{"@type":"ListItem","position":2,"name":"Ayuso lidera Paris-Nice ap\u00f3s contrarrel\u00f3gio por equipas vencido pela INEOS"}]},{"@type":"WebSite","@id":"https:\/\/portaltela.pt\/#website","url":"https:\/\/portaltela.pt\/","name":"Portal Tela Portugal","description":"","potentialAction":[{"@type":"SearchAction","target":{"@type":"EntryPoint","urlTemplate":"https:\/\/portaltela.pt\/?s={search_term_string}"},"query-input":{"@type":"PropertyValueSpecification","valueRequired":true,"valueName":"search_term_string"}}],"inLanguage":"pt-PT"},{"@type":"Person","@id":"https:\/\/portaltela.pt\/#\/schema\/person\/c4278d4a6028830caff9ee44b42d32ed","name":"Telinha","image":{"@type":"ImageObject","inLanguage":"pt-PT","@id":"https:\/\/portaltela.pt\/s.01k8rhncp4jt1\/2025\/11\/talking-bot-125x125.png","url":"https:\/\/portaltela.pt\/s.01k8rhncp4jt1\/2025\/11\/talking-bot-125x125.png","contentUrl":"https:\/\/portaltela.pt\/s.01k8rhncp4jt1\/2025\/11\/talking-bot-125x125.png","caption":"Telinha"},"sameAs":["https:\/\/portaltela.pt\/"],"url":"https:\/\/portaltela.pt\/por\/367410592786\/"}]}},"_links":{"self":[{"href":"https:\/\/portaltela.pt\/api\/wp\/v2\/posts\/404897","targetHints":{"allow":["GET"]}}],"collection":[{"href":"https:\/\/portaltela.pt\/api\/wp\/v2\/posts"}],"about":[{"href":"https:\/\/portaltela.pt\/api\/wp\/v2\/types\/post"}],"author":[{"embeddable":true,"href":"https:\/\/portaltela.pt\/api\/wp\/v2\/users\/2"}],"replies":[{"embeddable":true,"href":"https:\/\/portaltela.pt\/api\/wp\/v2\/comments?post=404897"}],"version-history":[{"count":0,"href":"https:\/\/portaltela.pt\/api\/wp\/v2\/posts\/404897\/revisions"}],"wp:featuredmedia":[{"embeddable":true,"href":"https:\/\/portaltela.pt\/api\/wp\/v2\/media\/404898"}],"wp:attachment":[{"href":"https:\/\/portaltela.pt\/api\/wp\/v2\/media?parent=404897"}],"wp:term":[{"taxonomy":"category","embeddable":true,"href":"https:\/\/portaltela.pt\/api\/wp\/v2\/categories?post=404897"},{"taxonomy":"post_tag","embeddable":true,"href":"https:\/\/portaltela.pt\/api\/wp\/v2\/tags?post=404897"}],"curies":[{"name":"wp","href":"https:\/\/api.w.org\/{rel}","templated":true}]}}