{"id":404879,"date":"2026-03-10T13:35:00","date_gmt":"2026-03-10T16:35:00","guid":{"rendered":"https:\/\/portaltela.pt\/noticias\/2026\/03\/10\/regiao-de-leiria-teme-atraso-na-reconstrucao-de-casas\/"},"modified":"2026-03-10T13:35:00","modified_gmt":"2026-03-10T16:35:00","slug":"regiao-de-leiria-teme-atraso-na-reconstrucao-de-casas","status":"publish","type":"post","link":"https:\/\/portaltela.pt\/noticias\/2026\/03\/10\/regiao-de-leiria-teme-atraso-na-reconstrucao-de-casas\/","title":{"rendered":"Regi\u00e3o de Leiria teme atraso na reconstru\u00e7\u00e3o de casas"},"content":{"rendered":"<p>A regi\u00e3o Centro foi das zonas mais afetadas pelas tempestades que marcaram o per\u00edodo. Na CIM Regi\u00e3o de Leiria, o presidente Jorge Vala expressou preocupa\u00e7\u00e3o com a lentid\u00e3o na resposta da CCDR Centro \u00e0s candidaturas de apoio \u00e0 reconstru\u00e7\u00e3o de casas danificadas pelo mau tempo. O alerta surgiu no final de uma reuni\u00e3o em Castanheira de P\u00eara.<\/p>\n<p>Vala explicou que muitas candidaturas j\u00e1 passaram pela valida\u00e7\u00e3o das c\u00e2maras municipais, mas ainda aguardam pagamento pela CCDR. A quest\u00e3o foi discutida com o secret\u00e1rio de Estado da Administra\u00e7\u00e3o Local e Ordenamento do Territ\u00f3rio, Silv\u00e9rio Regalado, em presen\u00e7a de respons\u00e1veis locais.<\/p>\n<p>Outra preocupa\u00e7\u00e3o prende-se com o estado das florestas, ap\u00f3s a retirada da mata derrubada. Caminhos inacess\u00edveis e o volume de combust\u00edvel elevado aumentam os riscos, dificultando a\u00e7\u00f5es de emerg\u00eancia, como a atua\u00e7\u00e3o de bombeiros em caso de inc\u00eandio.<\/p>\n<p>A reuni\u00e3o tamb\u00e9m abordou o movimento associativo e o impacto nas empresas, lembrando que as c\u00e2maras estiveram cerca de um m\u00eas sem funcionar. Foi sublinhado que \u00e9 necess\u00e1rio facilitar o adiamento de prazos obrigat\u00f3rios para os munic\u00edpios.<\/p>\n<p>Regalado reconheceu a necessidade de respostas c\u00e9leres para apoiar fam\u00edlias e autarquias. Foi anunciada a transfer\u00eancia para a CCDR Centro de 150 milh\u00f5es de euros, com insist\u00eancia na transpar\u00eancia e na boa gest\u00e3o de recursos p\u00fablicos.<\/p>\n<p>O secret\u00e1rio de Estado afirmou que as autarquias devem acompanhar as candidaturas para agilizar pagamentos. Al\u00e9m disso, ressaltou que \u00e9 preciso melhorar o processo, mantendo a execu\u00e7\u00e3o dos fundos sob estrita fiscaliza\u00e7\u00e3o.<\/p>\n<p>Foi admitido que os abalos financeiros v\u00e3o exigir um conjunto de pol\u00edticas, visto o impacto devastador nas regi\u00f5es. O Governo pretende perceber como otimizar prazos, custos e adjudica\u00e7\u00f5es para acelerar as obras de reconstru\u00e7\u00e3o.<\/p>\n<p>Al\u00e9m disso, est\u00e1 em estudo a melhor metodologia para ressarcir munic\u00edpios com custos de limpeza e desobstru\u00e7\u00e3o de vias. O levantamento de danos ainda \u00e9 considerado preliminar, dependente de projetos e estimativas de custos atualizadas.<\/p>\n<h3>Continuidade do acompanhamento<\/h3>\n<p>A CIM re\u00fane munic\u00edpios de Alvai\u00e1zere, Ansi\u00e3o, Batalha, Castanheira de Pera, Figueir\u00f3 dos Vinhos, Leiria, Marinha Grande, Pedr\u00f3g\u00e3o Grande, Pombal e Porto de M\u00f3s para acompanhar o processo de reconstru\u00e7\u00e3o e a aplica\u00e7\u00e3o dos apoios.<\/p>\n","protected":false},"excerpt":{"rendered":"<ul>\n<li>O presidente da CIM Regi\u00e3o de Leiria diz haver lentid\u00e3o da CCDR Centro no pagamento de apoios \u00e0 reconstru\u00e7\u00e3o de casas danificadas pelo mau tempo.<\/li>\n<li>Algumas candidaturas j\u00e1 foram validadas pelas c\u00e2maras, mas h\u00e1 atraso no processamento e pagamento dos apoios.<\/li>\n<li>Suscitam-se preocupa\u00e7\u00f5es adicionais sobre o estado das florestas, acessibilidade de caminhos e carga de combust\u00edvel, que dificultam interven\u00e7\u00f5es de emerg\u00eancia.<\/li>\n<li>O Governo colocou \u00e0 CCDR Centro uma verba de 150 milh\u00f5es de euros, com foco em transpar\u00eancia e utiliza\u00e7\u00e3o cuidada do dinheiro p\u00fablico.<\/li>\n<li>As autarquias pedem agilizar os processos, melhorar o acompanhamento das candidaturas e definir a melhor forma de ressarcir munic\u00edpios por despesas como limpeza e desobstru\u00e7\u00e3o de vias.<\/li>\n<\/ul>\n","protected":false},"author":2,"featured_media":404889,"comment_status":"closed","ping_status":"closed","sticky":false,"template":"","format":"standard","meta":{"footnotes":""},"categories":[6725,1],"tags":[4818,2515,5387,2417,1385,5031],"class_list":["post-404879","post","type-post","status-publish","format-standard","has-post-thumbnail","hentry","category-meio-ambiente","category-noticias","tag-apoio-as-catastrofes-naturais","tag-castanheira-de-pera","tag-ccdr-centro","tag-financiamento","tag-leiria","tag-reconstrucao-urbana"],"yoast_head":"<!-- This site is optimized with the Yoast SEO plugin v27.2 - https:\/\/yoast.com\/product\/yoast-seo-wordpress\/ -->\n<title>Regi\u00e3o de Leiria teme atraso na reconstru\u00e7\u00e3o de casas - Portal Tela Portugal<\/title>\n<meta name=\"robots\" content=\"index, follow, max-snippet:-1, max-image-preview:large, max-video-preview:-1\" \/>\n<meta property=\"og:locale\" content=\"pt_PT\" \/>\n<meta property=\"og:type\" content=\"article\" \/>\n<meta property=\"og:title\" content=\"Regi\u00e3o de Leiria teme atraso na reconstru\u00e7\u00e3o de casas - Portal Tela Portugal\" \/>\n<meta property=\"og:description\" content=\"O presidente da CIM Regi\u00e3o de Leiria diz haver lentid\u00e3o da CCDR Centro no pagamento de apoios \u00e0 reconstru\u00e7\u00e3o de casas danificadas pelo mau tempo. Algumas candidaturas j\u00e1 foram validadas pelas c\u00e2maras, mas h\u00e1 atraso no processamento e pagamento dos apoios. Suscitam-se preocupa\u00e7\u00f5es adicionais sobre o estado das florestas, acessibilidade de caminhos e carga de combust\u00edvel, que dificultam interven\u00e7\u00f5es de emerg\u00eancia. O Governo colocou \u00e0 CCDR Centro uma verba de 150 milh\u00f5es de euros, com foco em transpar\u00eancia e utiliza\u00e7\u00e3o cuidada do dinheiro p\u00fablico. As autarquias pedem agilizar os processos, melhorar o acompanhamento das candidaturas e definir a melhor forma de ressarcir munic\u00edpios por despesas como limpeza e desobstru\u00e7\u00e3o de vias.\" \/>\n<meta property=\"og:url\" content=\"https:\/\/portaltela.pt\/noticias\/2026\/03\/10\/regiao-de-leiria-teme-atraso-na-reconstrucao-de-casas\/\" \/>\n<meta property=\"og:site_name\" content=\"Portal Tela Portugal\" \/>\n<meta property=\"article:published_time\" content=\"2026-03-10T16:35:00+00:00\" \/>\n<meta name=\"author\" content=\"Telinha\" \/>\n<meta name=\"twitter:card\" content=\"summary_large_image\" \/>\n<meta name=\"twitter:label1\" content=\"Escrito por\" \/>\n\t<meta name=\"twitter:data1\" content=\"Telinha\" \/>\n\t<meta name=\"twitter:label2\" content=\"Tempo estimado de leitura\" \/>\n\t<meta name=\"twitter:data2\" content=\"2 minutos\" \/>\n<script type=\"application\/ld+json\" class=\"yoast-schema-graph\">{\"@context\":\"https:\/\/schema.org\",\"@graph\":[{\"@type\":\"Article\",\"@id\":\"https:\/\/portaltela.pt\/noticias\/2026\/03\/10\/regiao-de-leiria-teme-atraso-na-reconstrucao-de-casas\/#article\",\"isPartOf\":{\"@id\":\"https:\/\/portaltela.pt\/noticias\/2026\/03\/10\/regiao-de-leiria-teme-atraso-na-reconstrucao-de-casas\/\"},\"author\":{\"name\":\"Telinha\",\"@id\":\"https:\/\/portaltela.pt\/#\/schema\/person\/c4278d4a6028830caff9ee44b42d32ed\"},\"headline\":\"Regi\u00e3o de Leiria teme atraso na reconstru\u00e7\u00e3o de casas\",\"datePublished\":\"2026-03-10T16:35:00+00:00\",\"mainEntityOfPage\":{\"@id\":\"https:\/\/portaltela.pt\/noticias\/2026\/03\/10\/regiao-de-leiria-teme-atraso-na-reconstrucao-de-casas\/\"},\"wordCount\":415,\"image\":{\"@id\":\"https:\/\/portaltela.pt\/noticias\/2026\/03\/10\/regiao-de-leiria-teme-atraso-na-reconstrucao-de-casas\/#primaryimage\"},\"thumbnailUrl\":\"https:\/\/portaltela.pt\/s.01k8rhncp4jt1\/2026\/03\/2073090.jpg\",\"keywords\":[\"Apoio \u00e0s Cat\u00e1strofes Naturais\",\"Castanheira de Per\u00e1\",\"CCDR Centro\",\"financiamento\",\"Leiria\",\"reconstru\u00e7\u00e3o urbana\"],\"articleSection\":[\"Meio Ambiente\",\"Not\u00edcias\"],\"inLanguage\":\"pt-PT\"},{\"@type\":\"WebPage\",\"@id\":\"https:\/\/portaltela.pt\/noticias\/2026\/03\/10\/regiao-de-leiria-teme-atraso-na-reconstrucao-de-casas\/\",\"url\":\"https:\/\/portaltela.pt\/noticias\/2026\/03\/10\/regiao-de-leiria-teme-atraso-na-reconstrucao-de-casas\/\",\"name\":\"Regi\u00e3o de Leiria teme atraso na reconstru\u00e7\u00e3o de casas - Portal Tela Portugal\",\"isPartOf\":{\"@id\":\"https:\/\/portaltela.pt\/#website\"},\"primaryImageOfPage\":{\"@id\":\"https:\/\/portaltela.pt\/noticias\/2026\/03\/10\/regiao-de-leiria-teme-atraso-na-reconstrucao-de-casas\/#primaryimage\"},\"image\":{\"@id\":\"https:\/\/portaltela.pt\/noticias\/2026\/03\/10\/regiao-de-leiria-teme-atraso-na-reconstrucao-de-casas\/#primaryimage\"},\"thumbnailUrl\":\"https:\/\/portaltela.pt\/s.01k8rhncp4jt1\/2026\/03\/2073090.jpg\",\"datePublished\":\"2026-03-10T16:35:00+00:00\",\"author\":{\"@id\":\"https:\/\/portaltela.pt\/#\/schema\/person\/c4278d4a6028830caff9ee44b42d32ed\"},\"breadcrumb\":{\"@id\":\"https:\/\/portaltela.pt\/noticias\/2026\/03\/10\/regiao-de-leiria-teme-atraso-na-reconstrucao-de-casas\/#breadcrumb\"},\"inLanguage\":\"pt-PT\",\"potentialAction\":[{\"@type\":\"ReadAction\",\"target\":[\"https:\/\/portaltela.pt\/noticias\/2026\/03\/10\/regiao-de-leiria-teme-atraso-na-reconstrucao-de-casas\/\"]}]},{\"@type\":\"ImageObject\",\"inLanguage\":\"pt-PT\",\"@id\":\"https:\/\/portaltela.pt\/noticias\/2026\/03\/10\/regiao-de-leiria-teme-atraso-na-reconstrucao-de-casas\/#primaryimage\",\"url\":\"https:\/\/portaltela.pt\/s.01k8rhncp4jt1\/2026\/03\/2073090.jpg\",\"contentUrl\":\"https:\/\/portaltela.pt\/s.01k8rhncp4jt1\/2026\/03\/2073090.jpg\",\"width\":796,\"height\":448,\"caption\":\"A regi\u00e3o Centro foi das mais atingidas pela sucess\u00e3o de tempestades\"},{\"@type\":\"BreadcrumbList\",\"@id\":\"https:\/\/portaltela.pt\/noticias\/2026\/03\/10\/regiao-de-leiria-teme-atraso-na-reconstrucao-de-casas\/#breadcrumb\",\"itemListElement\":[{\"@type\":\"ListItem\",\"position\":1,\"name\":\"In\u00edcio\",\"item\":\"https:\/\/portaltela.pt\/\"},{\"@type\":\"ListItem\",\"position\":2,\"name\":\"Regi\u00e3o de Leiria teme atraso na reconstru\u00e7\u00e3o de casas\"}]},{\"@type\":\"WebSite\",\"@id\":\"https:\/\/portaltela.pt\/#website\",\"url\":\"https:\/\/portaltela.pt\/\",\"name\":\"Portal Tela Portugal\",\"description\":\"\",\"potentialAction\":[{\"@type\":\"SearchAction\",\"target\":{\"@type\":\"EntryPoint\",\"urlTemplate\":\"https:\/\/portaltela.pt\/?s={search_term_string}\"},\"query-input\":{\"@type\":\"PropertyValueSpecification\",\"valueRequired\":true,\"valueName\":\"search_term_string\"}}],\"inLanguage\":\"pt-PT\"},{\"@type\":\"Person\",\"@id\":\"https:\/\/portaltela.pt\/#\/schema\/person\/c4278d4a6028830caff9ee44b42d32ed\",\"name\":\"Telinha\",\"image\":{\"@type\":\"ImageObject\",\"inLanguage\":\"pt-PT\",\"@id\":\"https:\/\/portaltela.pt\/s.01k8rhncp4jt1\/2025\/11\/talking-bot-125x125.png\",\"url\":\"https:\/\/portaltela.pt\/s.01k8rhncp4jt1\/2025\/11\/talking-bot-125x125.png\",\"contentUrl\":\"https:\/\/portaltela.pt\/s.01k8rhncp4jt1\/2025\/11\/talking-bot-125x125.png\",\"caption\":\"Telinha\"},\"sameAs\":[\"https:\/\/portaltela.pt\/\"],\"url\":\"https:\/\/portaltela.pt\/por\/367410592786\/\"}]}<\/script>\n<!-- \/ Yoast SEO plugin. -->","yoast_head_json":{"title":"Regi\u00e3o de Leiria teme atraso na reconstru\u00e7\u00e3o de casas - Portal Tela Portugal","robots":{"index":"index","follow":"follow","max-snippet":"max-snippet:-1","max-image-preview":"max-image-preview:large","max-video-preview":"max-video-preview:-1"},"og_locale":"pt_PT","og_type":"article","og_title":"Regi\u00e3o de Leiria teme atraso na reconstru\u00e7\u00e3o de casas - Portal Tela Portugal","og_description":"O presidente da CIM Regi\u00e3o de Leiria diz haver lentid\u00e3o da CCDR Centro no pagamento de apoios \u00e0 reconstru\u00e7\u00e3o de casas danificadas pelo mau tempo. Algumas candidaturas j\u00e1 foram validadas pelas c\u00e2maras, mas h\u00e1 atraso no processamento e pagamento dos apoios. Suscitam-se preocupa\u00e7\u00f5es adicionais sobre o estado das florestas, acessibilidade de caminhos e carga de combust\u00edvel, que dificultam interven\u00e7\u00f5es de emerg\u00eancia. O Governo colocou \u00e0 CCDR Centro uma verba de 150 milh\u00f5es de euros, com foco em transpar\u00eancia e utiliza\u00e7\u00e3o cuidada do dinheiro p\u00fablico. As autarquias pedem agilizar os processos, melhorar o acompanhamento das candidaturas e definir a melhor forma de ressarcir munic\u00edpios por despesas como limpeza e desobstru\u00e7\u00e3o de vias.","og_url":"https:\/\/portaltela.pt\/noticias\/2026\/03\/10\/regiao-de-leiria-teme-atraso-na-reconstrucao-de-casas\/","og_site_name":"Portal Tela Portugal","article_published_time":"2026-03-10T16:35:00+00:00","author":"Telinha","twitter_card":"summary_large_image","twitter_misc":{"Escrito por":"Telinha","Tempo estimado de leitura":"2 minutos"},"schema":{"@context":"https:\/\/schema.org","@graph":[{"@type":"Article","@id":"https:\/\/portaltela.pt\/noticias\/2026\/03\/10\/regiao-de-leiria-teme-atraso-na-reconstrucao-de-casas\/#article","isPartOf":{"@id":"https:\/\/portaltela.pt\/noticias\/2026\/03\/10\/regiao-de-leiria-teme-atraso-na-reconstrucao-de-casas\/"},"author":{"name":"Telinha","@id":"https:\/\/portaltela.pt\/#\/schema\/person\/c4278d4a6028830caff9ee44b42d32ed"},"headline":"Regi\u00e3o de Leiria teme atraso na reconstru\u00e7\u00e3o de casas","datePublished":"2026-03-10T16:35:00+00:00","mainEntityOfPage":{"@id":"https:\/\/portaltela.pt\/noticias\/2026\/03\/10\/regiao-de-leiria-teme-atraso-na-reconstrucao-de-casas\/"},"wordCount":415,"image":{"@id":"https:\/\/portaltela.pt\/noticias\/2026\/03\/10\/regiao-de-leiria-teme-atraso-na-reconstrucao-de-casas\/#primaryimage"},"thumbnailUrl":"https:\/\/portaltela.pt\/s.01k8rhncp4jt1\/2026\/03\/2073090.jpg","keywords":["Apoio \u00e0s Cat\u00e1strofes Naturais","Castanheira de Per\u00e1","CCDR Centro","financiamento","Leiria","reconstru\u00e7\u00e3o urbana"],"articleSection":["Meio Ambiente","Not\u00edcias"],"inLanguage":"pt-PT"},{"@type":"WebPage","@id":"https:\/\/portaltela.pt\/noticias\/2026\/03\/10\/regiao-de-leiria-teme-atraso-na-reconstrucao-de-casas\/","url":"https:\/\/portaltela.pt\/noticias\/2026\/03\/10\/regiao-de-leiria-teme-atraso-na-reconstrucao-de-casas\/","name":"Regi\u00e3o de Leiria teme atraso na reconstru\u00e7\u00e3o de casas - Portal Tela Portugal","isPartOf":{"@id":"https:\/\/portaltela.pt\/#website"},"primaryImageOfPage":{"@id":"https:\/\/portaltela.pt\/noticias\/2026\/03\/10\/regiao-de-leiria-teme-atraso-na-reconstrucao-de-casas\/#primaryimage"},"image":{"@id":"https:\/\/portaltela.pt\/noticias\/2026\/03\/10\/regiao-de-leiria-teme-atraso-na-reconstrucao-de-casas\/#primaryimage"},"thumbnailUrl":"https:\/\/portaltela.pt\/s.01k8rhncp4jt1\/2026\/03\/2073090.jpg","datePublished":"2026-03-10T16:35:00+00:00","author":{"@id":"https:\/\/portaltela.pt\/#\/schema\/person\/c4278d4a6028830caff9ee44b42d32ed"},"breadcrumb":{"@id":"https:\/\/portaltela.pt\/noticias\/2026\/03\/10\/regiao-de-leiria-teme-atraso-na-reconstrucao-de-casas\/#breadcrumb"},"inLanguage":"pt-PT","potentialAction":[{"@type":"ReadAction","target":["https:\/\/portaltela.pt\/noticias\/2026\/03\/10\/regiao-de-leiria-teme-atraso-na-reconstrucao-de-casas\/"]}]},{"@type":"ImageObject","inLanguage":"pt-PT","@id":"https:\/\/portaltela.pt\/noticias\/2026\/03\/10\/regiao-de-leiria-teme-atraso-na-reconstrucao-de-casas\/#primaryimage","url":"https:\/\/portaltela.pt\/s.01k8rhncp4jt1\/2026\/03\/2073090.jpg","contentUrl":"https:\/\/portaltela.pt\/s.01k8rhncp4jt1\/2026\/03\/2073090.jpg","width":796,"height":448,"caption":"A regi\u00e3o Centro foi das mais atingidas pela sucess\u00e3o de tempestades"},{"@type":"BreadcrumbList","@id":"https:\/\/portaltela.pt\/noticias\/2026\/03\/10\/regiao-de-leiria-teme-atraso-na-reconstrucao-de-casas\/#breadcrumb","itemListElement":[{"@type":"ListItem","position":1,"name":"In\u00edcio","item":"https:\/\/portaltela.pt\/"},{"@type":"ListItem","position":2,"name":"Regi\u00e3o de Leiria teme atraso na reconstru\u00e7\u00e3o de casas"}]},{"@type":"WebSite","@id":"https:\/\/portaltela.pt\/#website","url":"https:\/\/portaltela.pt\/","name":"Portal Tela Portugal","description":"","potentialAction":[{"@type":"SearchAction","target":{"@type":"EntryPoint","urlTemplate":"https:\/\/portaltela.pt\/?s={search_term_string}"},"query-input":{"@type":"PropertyValueSpecification","valueRequired":true,"valueName":"search_term_string"}}],"inLanguage":"pt-PT"},{"@type":"Person","@id":"https:\/\/portaltela.pt\/#\/schema\/person\/c4278d4a6028830caff9ee44b42d32ed","name":"Telinha","image":{"@type":"ImageObject","inLanguage":"pt-PT","@id":"https:\/\/portaltela.pt\/s.01k8rhncp4jt1\/2025\/11\/talking-bot-125x125.png","url":"https:\/\/portaltela.pt\/s.01k8rhncp4jt1\/2025\/11\/talking-bot-125x125.png","contentUrl":"https:\/\/portaltela.pt\/s.01k8rhncp4jt1\/2025\/11\/talking-bot-125x125.png","caption":"Telinha"},"sameAs":["https:\/\/portaltela.pt\/"],"url":"https:\/\/portaltela.pt\/por\/367410592786\/"}]}},"_links":{"self":[{"href":"https:\/\/portaltela.pt\/api\/wp\/v2\/posts\/404879","targetHints":{"allow":["GET"]}}],"collection":[{"href":"https:\/\/portaltela.pt\/api\/wp\/v2\/posts"}],"about":[{"href":"https:\/\/portaltela.pt\/api\/wp\/v2\/types\/post"}],"author":[{"embeddable":true,"href":"https:\/\/portaltela.pt\/api\/wp\/v2\/users\/2"}],"replies":[{"embeddable":true,"href":"https:\/\/portaltela.pt\/api\/wp\/v2\/comments?post=404879"}],"version-history":[{"count":0,"href":"https:\/\/portaltela.pt\/api\/wp\/v2\/posts\/404879\/revisions"}],"wp:featuredmedia":[{"embeddable":true,"href":"https:\/\/portaltela.pt\/api\/wp\/v2\/media\/404889"}],"wp:attachment":[{"href":"https:\/\/portaltela.pt\/api\/wp\/v2\/media?parent=404879"}],"wp:term":[{"taxonomy":"category","embeddable":true,"href":"https:\/\/portaltela.pt\/api\/wp\/v2\/categories?post=404879"},{"taxonomy":"post_tag","embeddable":true,"href":"https:\/\/portaltela.pt\/api\/wp\/v2\/tags?post=404879"}],"curies":[{"name":"wp","href":"https:\/\/api.w.org\/{rel}","templated":true}]}}