{"id":404875,"date":"2026-03-10T13:14:00","date_gmt":"2026-03-10T16:14:00","guid":{"rendered":"https:\/\/portaltela.pt\/noticias\/2026\/03\/10\/casal-fundador-da-biontech-demite-se-para-criar-nova-empresa\/"},"modified":"2026-03-10T13:14:00","modified_gmt":"2026-03-10T16:14:00","slug":"casal-fundador-da-biontech-demite-se-para-criar-nova-empresa","status":"publish","type":"post","link":"https:\/\/portaltela.pt\/noticias\/2026\/03\/10\/casal-fundador-da-biontech-demite-se-para-criar-nova-empresa\/","title":{"rendered":"Casal fundador da BioNTech demite-se para criar nova empresa"},"content":{"rendered":"<p>Ugur Sahin e Oezlem Tuereci, fundadores da BioNTech, anunciaram a sa\u00edda da empresa at\u00e9 ao final de 2026 para criarem uma nova firma dedicada a medicamentos da pr\u00f3xima gera\u00e7\u00e3o baseados em ARN-mensageiro. A decis\u00e3o foi comunicada pela BioNTech na ter\u00e7a-feira, ap\u00f3s o an\u00fancio.<\/p>\n<p>Segundo o comunicado, o casal pretende voltar a ser pioneiro no territ\u00f3rio da biotecnologia, direcionando-se para a explora\u00e7\u00e3o inicial e o desenvolvimento de novas terapias. A BioNTech iniciou j\u00e1 a procura de sucessores para assegurar uma transi\u00e7\u00e3o suave.<\/p>\n<p>As a\u00e7\u00f5es da BioNTech ca\u00edram 17,4% at\u00e9 \u00e0s 12h49 de Portugal continental, atingindo o menor valor desde agosto de 2024. A empresa assegura que a linha de desenvolvimento atual, incluindo terapias contra o cancro e a vacina contra a COVID-19, n\u00e3o ficar\u00e1 afetada pelos planos dos fundadores.<\/p>\n<h3>Nova empresa do casal<\/h3>\n<p>A nova empresa ter\u00e1 recursos, opera\u00e7\u00f5es e op\u00e7\u00f5es de financiamento pr\u00f3prios para impulsionar medicamentos baseados em ARN-mensageiro, a mesma tecnologia utilizada na vacina de maior sucesso da BioNTech. O objetivo \u00e9 avan\u00e7ar com candidatos em fases avan\u00e7adas para comercializa\u00e7\u00e3o.<\/p>\n<p>A BioNTech continuar\u00e1 a colaborar em determinados direitos e tecnologias de ARN-mensageiro com a nova empresa, mantendo apenas uma participa\u00e7\u00e3o minorit\u00e1ria e pagamentos condicionados a resultados cient\u00edficos e comerciais. O presidente do conselho de supervis\u00e3o, Helmut Jeggle, afirmou que a transfer\u00eancia permite aos fundadores aplicar os seus pontos fortes numa nova oportunidade.<\/p>\n<p>A BioNTech, fundada em 2008, mant\u00e9m o foco no desenvolvimento de tratamentos oncol\u00f3gicos. A empresa tamb\u00e9m reportou preju\u00edzo l\u00edquido de 1,14 mil milh\u00f5es de euros no \u00faltimo ano, face a 665 milh\u00f5es de euros em 2024, mas ressalva reservas de caixa de 17,2 mil milh\u00f5es de euros ao final de 2025. A vacina contra a COVID-19 recebeu reconhecimento cient\u00edfico, com a contribui\u00e7\u00e3o de pesquisadoras como Katalin Karik\u00f3, Nobel de Medicina em 2023.<\/p>\n","protected":false},"excerpt":{"rendered":"<ul>\n<li>Ugur Sahin e Oezlem Tuereci v\u00e3o deixar a BioNTech at\u00e9 ao final de 2026 para criar uma nova empresa dedicada a medicamentos de pr\u00f3xima gera\u00e7\u00e3o baseados em ARN mensageiro.<\/li>\n<li>O processo de transi\u00e7\u00e3o j\u00e1 come\u00e7ou, com a BioNTech a procurar sucessores; o casal afirmou estar pronto para voltar a ser pioneiros.<\/li>\n<li>As a\u00e7\u00f5es da BioNTech ca\u00edram 17,4% at\u00e9 meio-dia, marcando o menor valor desde agosto de 2024.<\/li>\n<li>A nova empresa ter\u00e1 recursos, opera\u00e7\u00f5es e financiamento pr\u00f3prios, e a BioNTech poder\u00e1 manter determinados direitos sobre ARN mensageiro, mediante participa\u00e7\u00e3o minorit\u00e1ria e pagamentos dependentes de resultados.<\/li>\n<li>A BioNTech assegura que a linha de desenvolvimento atual, incluindo terapias contra o cancro e a vacina contra a covid-19, n\u00e3o ser\u00e1 afetada pela sa\u00edda dos fundadores.<\/li>\n<\/ul>\n","protected":false},"author":2,"featured_media":404883,"comment_status":"closed","ping_status":"closed","sticky":false,"template":"","format":"standard","meta":{"footnotes":""},"categories":[6735,1],"tags":[241,1992,2697,33,172,153],"class_list":["post-404875","post","type-post","status-publish","format-standard","has-post-thumbnail","hentry","category-negocios","category-noticias","tag-biotecnologia","tag-ciencia","tag-empresas","tag-inovacao","tag-saude","tag-tecnologia"],"yoast_head":"<!-- This site is optimized with the Yoast SEO plugin v27.2 - https:\/\/yoast.com\/product\/yoast-seo-wordpress\/ -->\n<title>Casal fundador da BioNTech demite-se para criar nova empresa - Portal Tela Portugal<\/title>\n<meta name=\"robots\" content=\"index, follow, max-snippet:-1, max-image-preview:large, max-video-preview:-1\" \/>\n<meta property=\"og:locale\" content=\"pt_PT\" \/>\n<meta property=\"og:type\" content=\"article\" \/>\n<meta property=\"og:title\" content=\"Casal fundador da BioNTech demite-se para criar nova empresa - Portal Tela Portugal\" \/>\n<meta property=\"og:description\" content=\"Ugur Sahin e Oezlem Tuereci v\u00e3o deixar a BioNTech at\u00e9 ao final de 2026 para criar uma nova empresa dedicada a medicamentos de pr\u00f3xima gera\u00e7\u00e3o baseados em ARN mensageiro. O processo de transi\u00e7\u00e3o j\u00e1 come\u00e7ou, com a BioNTech a procurar sucessores; o casal afirmou estar pronto para voltar a ser pioneiros. As a\u00e7\u00f5es da BioNTech ca\u00edram 17,4% at\u00e9 meio-dia, marcando o menor valor desde agosto de 2024. A nova empresa ter\u00e1 recursos, opera\u00e7\u00f5es e financiamento pr\u00f3prios, e a BioNTech poder\u00e1 manter determinados direitos sobre ARN mensageiro, mediante participa\u00e7\u00e3o minorit\u00e1ria e pagamentos dependentes de resultados. A BioNTech assegura que a linha de desenvolvimento atual, incluindo terapias contra o cancro e a vacina contra a covid-19, n\u00e3o ser\u00e1 afetada pela sa\u00edda dos fundadores.\" \/>\n<meta property=\"og:url\" content=\"https:\/\/portaltela.pt\/noticias\/2026\/03\/10\/casal-fundador-da-biontech-demite-se-para-criar-nova-empresa\/\" \/>\n<meta property=\"og:site_name\" content=\"Portal Tela Portugal\" \/>\n<meta property=\"article:published_time\" content=\"2026-03-10T16:14:00+00:00\" \/>\n<meta name=\"author\" content=\"Telinha\" \/>\n<meta name=\"twitter:card\" content=\"summary_large_image\" \/>\n<meta name=\"twitter:label1\" content=\"Escrito por\" \/>\n\t<meta name=\"twitter:data1\" content=\"Telinha\" \/>\n\t<meta name=\"twitter:label2\" content=\"Tempo estimado de leitura\" \/>\n\t<meta name=\"twitter:data2\" content=\"2 minutos\" \/>\n<script type=\"application\/ld+json\" class=\"yoast-schema-graph\">{\"@context\":\"https:\/\/schema.org\",\"@graph\":[{\"@type\":\"Article\",\"@id\":\"https:\/\/portaltela.pt\/noticias\/2026\/03\/10\/casal-fundador-da-biontech-demite-se-para-criar-nova-empresa\/#article\",\"isPartOf\":{\"@id\":\"https:\/\/portaltela.pt\/noticias\/2026\/03\/10\/casal-fundador-da-biontech-demite-se-para-criar-nova-empresa\/\"},\"author\":{\"name\":\"Telinha\",\"@id\":\"https:\/\/portaltela.pt\/#\/schema\/person\/c4278d4a6028830caff9ee44b42d32ed\"},\"headline\":\"Casal fundador da BioNTech demite-se para criar nova empresa\",\"datePublished\":\"2026-03-10T16:14:00+00:00\",\"mainEntityOfPage\":{\"@id\":\"https:\/\/portaltela.pt\/noticias\/2026\/03\/10\/casal-fundador-da-biontech-demite-se-para-criar-nova-empresa\/\"},\"wordCount\":327,\"image\":{\"@id\":\"https:\/\/portaltela.pt\/noticias\/2026\/03\/10\/casal-fundador-da-biontech-demite-se-para-criar-nova-empresa\/#primaryimage\"},\"thumbnailUrl\":\"https:\/\/portaltela.pt\/s.01k8rhncp4jt1\/2026\/03\/2073060.jpg\",\"keywords\":[\"biotecnologia\",\"ci\u00eancia\",\"empresas\",\"inova\u00e7\u00e3o\",\"sa\u00fade\",\"tecnologia\"],\"articleSection\":[\"Neg\u00f3cios\",\"Not\u00edcias\"],\"inLanguage\":\"pt-PT\"},{\"@type\":\"WebPage\",\"@id\":\"https:\/\/portaltela.pt\/noticias\/2026\/03\/10\/casal-fundador-da-biontech-demite-se-para-criar-nova-empresa\/\",\"url\":\"https:\/\/portaltela.pt\/noticias\/2026\/03\/10\/casal-fundador-da-biontech-demite-se-para-criar-nova-empresa\/\",\"name\":\"Casal fundador da BioNTech demite-se para criar nova empresa - Portal Tela Portugal\",\"isPartOf\":{\"@id\":\"https:\/\/portaltela.pt\/#website\"},\"primaryImageOfPage\":{\"@id\":\"https:\/\/portaltela.pt\/noticias\/2026\/03\/10\/casal-fundador-da-biontech-demite-se-para-criar-nova-empresa\/#primaryimage\"},\"image\":{\"@id\":\"https:\/\/portaltela.pt\/noticias\/2026\/03\/10\/casal-fundador-da-biontech-demite-se-para-criar-nova-empresa\/#primaryimage\"},\"thumbnailUrl\":\"https:\/\/portaltela.pt\/s.01k8rhncp4jt1\/2026\/03\/2073060.jpg\",\"datePublished\":\"2026-03-10T16:14:00+00:00\",\"author\":{\"@id\":\"https:\/\/portaltela.pt\/#\/schema\/person\/c4278d4a6028830caff9ee44b42d32ed\"},\"breadcrumb\":{\"@id\":\"https:\/\/portaltela.pt\/noticias\/2026\/03\/10\/casal-fundador-da-biontech-demite-se-para-criar-nova-empresa\/#breadcrumb\"},\"inLanguage\":\"pt-PT\",\"potentialAction\":[{\"@type\":\"ReadAction\",\"target\":[\"https:\/\/portaltela.pt\/noticias\/2026\/03\/10\/casal-fundador-da-biontech-demite-se-para-criar-nova-empresa\/\"]}]},{\"@type\":\"ImageObject\",\"inLanguage\":\"pt-PT\",\"@id\":\"https:\/\/portaltela.pt\/noticias\/2026\/03\/10\/casal-fundador-da-biontech-demite-se-para-criar-nova-empresa\/#primaryimage\",\"url\":\"https:\/\/portaltela.pt\/s.01k8rhncp4jt1\/2026\/03\/2073060.jpg\",\"contentUrl\":\"https:\/\/portaltela.pt\/s.01k8rhncp4jt1\/2026\/03\/2073060.jpg\",\"width\":796,\"height\":448,\"caption\":\"O casal por detr\u00e1s do fabrico da vacina vendida abrir\u00e1 ainda este ano uma nova empresa\"},{\"@type\":\"BreadcrumbList\",\"@id\":\"https:\/\/portaltela.pt\/noticias\/2026\/03\/10\/casal-fundador-da-biontech-demite-se-para-criar-nova-empresa\/#breadcrumb\",\"itemListElement\":[{\"@type\":\"ListItem\",\"position\":1,\"name\":\"In\u00edcio\",\"item\":\"https:\/\/portaltela.pt\/\"},{\"@type\":\"ListItem\",\"position\":2,\"name\":\"Casal fundador da BioNTech demite-se para criar nova empresa\"}]},{\"@type\":\"WebSite\",\"@id\":\"https:\/\/portaltela.pt\/#website\",\"url\":\"https:\/\/portaltela.pt\/\",\"name\":\"Portal Tela Portugal\",\"description\":\"\",\"potentialAction\":[{\"@type\":\"SearchAction\",\"target\":{\"@type\":\"EntryPoint\",\"urlTemplate\":\"https:\/\/portaltela.pt\/?s={search_term_string}\"},\"query-input\":{\"@type\":\"PropertyValueSpecification\",\"valueRequired\":true,\"valueName\":\"search_term_string\"}}],\"inLanguage\":\"pt-PT\"},{\"@type\":\"Person\",\"@id\":\"https:\/\/portaltela.pt\/#\/schema\/person\/c4278d4a6028830caff9ee44b42d32ed\",\"name\":\"Telinha\",\"image\":{\"@type\":\"ImageObject\",\"inLanguage\":\"pt-PT\",\"@id\":\"https:\/\/portaltela.pt\/s.01k8rhncp4jt1\/2025\/11\/talking-bot-125x125.png\",\"url\":\"https:\/\/portaltela.pt\/s.01k8rhncp4jt1\/2025\/11\/talking-bot-125x125.png\",\"contentUrl\":\"https:\/\/portaltela.pt\/s.01k8rhncp4jt1\/2025\/11\/talking-bot-125x125.png\",\"caption\":\"Telinha\"},\"sameAs\":[\"https:\/\/portaltela.pt\/\"],\"url\":\"https:\/\/portaltela.pt\/por\/367410592786\/\"}]}<\/script>\n<!-- \/ Yoast SEO plugin. -->","yoast_head_json":{"title":"Casal fundador da BioNTech demite-se para criar nova empresa - Portal Tela Portugal","robots":{"index":"index","follow":"follow","max-snippet":"max-snippet:-1","max-image-preview":"max-image-preview:large","max-video-preview":"max-video-preview:-1"},"og_locale":"pt_PT","og_type":"article","og_title":"Casal fundador da BioNTech demite-se para criar nova empresa - Portal Tela Portugal","og_description":"Ugur Sahin e Oezlem Tuereci v\u00e3o deixar a BioNTech at\u00e9 ao final de 2026 para criar uma nova empresa dedicada a medicamentos de pr\u00f3xima gera\u00e7\u00e3o baseados em ARN mensageiro. O processo de transi\u00e7\u00e3o j\u00e1 come\u00e7ou, com a BioNTech a procurar sucessores; o casal afirmou estar pronto para voltar a ser pioneiros. As a\u00e7\u00f5es da BioNTech ca\u00edram 17,4% at\u00e9 meio-dia, marcando o menor valor desde agosto de 2024. A nova empresa ter\u00e1 recursos, opera\u00e7\u00f5es e financiamento pr\u00f3prios, e a BioNTech poder\u00e1 manter determinados direitos sobre ARN mensageiro, mediante participa\u00e7\u00e3o minorit\u00e1ria e pagamentos dependentes de resultados. A BioNTech assegura que a linha de desenvolvimento atual, incluindo terapias contra o cancro e a vacina contra a covid-19, n\u00e3o ser\u00e1 afetada pela sa\u00edda dos fundadores.","og_url":"https:\/\/portaltela.pt\/noticias\/2026\/03\/10\/casal-fundador-da-biontech-demite-se-para-criar-nova-empresa\/","og_site_name":"Portal Tela Portugal","article_published_time":"2026-03-10T16:14:00+00:00","author":"Telinha","twitter_card":"summary_large_image","twitter_misc":{"Escrito por":"Telinha","Tempo estimado de leitura":"2 minutos"},"schema":{"@context":"https:\/\/schema.org","@graph":[{"@type":"Article","@id":"https:\/\/portaltela.pt\/noticias\/2026\/03\/10\/casal-fundador-da-biontech-demite-se-para-criar-nova-empresa\/#article","isPartOf":{"@id":"https:\/\/portaltela.pt\/noticias\/2026\/03\/10\/casal-fundador-da-biontech-demite-se-para-criar-nova-empresa\/"},"author":{"name":"Telinha","@id":"https:\/\/portaltela.pt\/#\/schema\/person\/c4278d4a6028830caff9ee44b42d32ed"},"headline":"Casal fundador da BioNTech demite-se para criar nova empresa","datePublished":"2026-03-10T16:14:00+00:00","mainEntityOfPage":{"@id":"https:\/\/portaltela.pt\/noticias\/2026\/03\/10\/casal-fundador-da-biontech-demite-se-para-criar-nova-empresa\/"},"wordCount":327,"image":{"@id":"https:\/\/portaltela.pt\/noticias\/2026\/03\/10\/casal-fundador-da-biontech-demite-se-para-criar-nova-empresa\/#primaryimage"},"thumbnailUrl":"https:\/\/portaltela.pt\/s.01k8rhncp4jt1\/2026\/03\/2073060.jpg","keywords":["biotecnologia","ci\u00eancia","empresas","inova\u00e7\u00e3o","sa\u00fade","tecnologia"],"articleSection":["Neg\u00f3cios","Not\u00edcias"],"inLanguage":"pt-PT"},{"@type":"WebPage","@id":"https:\/\/portaltela.pt\/noticias\/2026\/03\/10\/casal-fundador-da-biontech-demite-se-para-criar-nova-empresa\/","url":"https:\/\/portaltela.pt\/noticias\/2026\/03\/10\/casal-fundador-da-biontech-demite-se-para-criar-nova-empresa\/","name":"Casal fundador da BioNTech demite-se para criar nova empresa - Portal Tela Portugal","isPartOf":{"@id":"https:\/\/portaltela.pt\/#website"},"primaryImageOfPage":{"@id":"https:\/\/portaltela.pt\/noticias\/2026\/03\/10\/casal-fundador-da-biontech-demite-se-para-criar-nova-empresa\/#primaryimage"},"image":{"@id":"https:\/\/portaltela.pt\/noticias\/2026\/03\/10\/casal-fundador-da-biontech-demite-se-para-criar-nova-empresa\/#primaryimage"},"thumbnailUrl":"https:\/\/portaltela.pt\/s.01k8rhncp4jt1\/2026\/03\/2073060.jpg","datePublished":"2026-03-10T16:14:00+00:00","author":{"@id":"https:\/\/portaltela.pt\/#\/schema\/person\/c4278d4a6028830caff9ee44b42d32ed"},"breadcrumb":{"@id":"https:\/\/portaltela.pt\/noticias\/2026\/03\/10\/casal-fundador-da-biontech-demite-se-para-criar-nova-empresa\/#breadcrumb"},"inLanguage":"pt-PT","potentialAction":[{"@type":"ReadAction","target":["https:\/\/portaltela.pt\/noticias\/2026\/03\/10\/casal-fundador-da-biontech-demite-se-para-criar-nova-empresa\/"]}]},{"@type":"ImageObject","inLanguage":"pt-PT","@id":"https:\/\/portaltela.pt\/noticias\/2026\/03\/10\/casal-fundador-da-biontech-demite-se-para-criar-nova-empresa\/#primaryimage","url":"https:\/\/portaltela.pt\/s.01k8rhncp4jt1\/2026\/03\/2073060.jpg","contentUrl":"https:\/\/portaltela.pt\/s.01k8rhncp4jt1\/2026\/03\/2073060.jpg","width":796,"height":448,"caption":"O casal por detr\u00e1s do fabrico da vacina vendida abrir\u00e1 ainda este ano uma nova empresa"},{"@type":"BreadcrumbList","@id":"https:\/\/portaltela.pt\/noticias\/2026\/03\/10\/casal-fundador-da-biontech-demite-se-para-criar-nova-empresa\/#breadcrumb","itemListElement":[{"@type":"ListItem","position":1,"name":"In\u00edcio","item":"https:\/\/portaltela.pt\/"},{"@type":"ListItem","position":2,"name":"Casal fundador da BioNTech demite-se para criar nova empresa"}]},{"@type":"WebSite","@id":"https:\/\/portaltela.pt\/#website","url":"https:\/\/portaltela.pt\/","name":"Portal Tela Portugal","description":"","potentialAction":[{"@type":"SearchAction","target":{"@type":"EntryPoint","urlTemplate":"https:\/\/portaltela.pt\/?s={search_term_string}"},"query-input":{"@type":"PropertyValueSpecification","valueRequired":true,"valueName":"search_term_string"}}],"inLanguage":"pt-PT"},{"@type":"Person","@id":"https:\/\/portaltela.pt\/#\/schema\/person\/c4278d4a6028830caff9ee44b42d32ed","name":"Telinha","image":{"@type":"ImageObject","inLanguage":"pt-PT","@id":"https:\/\/portaltela.pt\/s.01k8rhncp4jt1\/2025\/11\/talking-bot-125x125.png","url":"https:\/\/portaltela.pt\/s.01k8rhncp4jt1\/2025\/11\/talking-bot-125x125.png","contentUrl":"https:\/\/portaltela.pt\/s.01k8rhncp4jt1\/2025\/11\/talking-bot-125x125.png","caption":"Telinha"},"sameAs":["https:\/\/portaltela.pt\/"],"url":"https:\/\/portaltela.pt\/por\/367410592786\/"}]}},"_links":{"self":[{"href":"https:\/\/portaltela.pt\/api\/wp\/v2\/posts\/404875","targetHints":{"allow":["GET"]}}],"collection":[{"href":"https:\/\/portaltela.pt\/api\/wp\/v2\/posts"}],"about":[{"href":"https:\/\/portaltela.pt\/api\/wp\/v2\/types\/post"}],"author":[{"embeddable":true,"href":"https:\/\/portaltela.pt\/api\/wp\/v2\/users\/2"}],"replies":[{"embeddable":true,"href":"https:\/\/portaltela.pt\/api\/wp\/v2\/comments?post=404875"}],"version-history":[{"count":0,"href":"https:\/\/portaltela.pt\/api\/wp\/v2\/posts\/404875\/revisions"}],"wp:featuredmedia":[{"embeddable":true,"href":"https:\/\/portaltela.pt\/api\/wp\/v2\/media\/404883"}],"wp:attachment":[{"href":"https:\/\/portaltela.pt\/api\/wp\/v2\/media?parent=404875"}],"wp:term":[{"taxonomy":"category","embeddable":true,"href":"https:\/\/portaltela.pt\/api\/wp\/v2\/categories?post=404875"},{"taxonomy":"post_tag","embeddable":true,"href":"https:\/\/portaltela.pt\/api\/wp\/v2\/tags?post=404875"}],"curies":[{"name":"wp","href":"https:\/\/api.w.org\/{rel}","templated":true}]}}