{"id":404865,"date":"2026-03-10T13:12:00","date_gmt":"2026-03-10T16:12:00","guid":{"rendered":"https:\/\/portaltela.pt\/noticias\/2026\/03\/10\/alunos-que-nao-sao-dele-sao-considerados-os-melhores-do-mundo\/"},"modified":"2026-03-10T13:12:00","modified_gmt":"2026-03-10T16:12:00","slug":"alunos-que-nao-sao-dele-sao-considerados-os-melhores-do-mundo","status":"publish","type":"post","link":"https:\/\/portaltela.pt\/noticias\/2026\/03\/10\/alunos-que-nao-sao-dele-sao-considerados-os-melhores-do-mundo\/","title":{"rendered":"Alunos, que n\u00e3o s\u00e3o dele, s\u00e3o considerados os melhores do mundo"},"content":{"rendered":"<p>Em um texto de natureza educativa, uma professora afirma que os seus alunos n\u00e3o lhe pertencem, mas que lhe encantam pelo crescimento interior que mostram ao longo do tempo.<\/p>\n<p>Ela descreve um carinho despudorado e um orgulho de testemunhar pequenas vit\u00f3rias, como respostas certas, supera\u00e7\u00f5es de medos e passos que parecem grandes para quem est\u00e1 nos primeiros anos de ensino.<\/p>\n<p>A autora ressalva que recebe todos os anos novos rostos, cada vez mais jovens, e que, embora n\u00e3o sejam seus, passam a ser os seus alunos, pelo que se sente impelida a oferecer tudo o que tem, bom e mau.<\/p>\n<p>Segundo o relato, os alunos reconhecem-na como professora e esperam que lhes seja dada orienta\u00e7\u00e3o completa, acompanhando-os no desenvolvimento e nas dificuldades que surgem ao longo do caminho.<\/p>\n<p>No encerramento, afirma que, mesmo que os alunos n\u00e3o sejam seus, s\u00e3o os melhores do mundo, comparando-os a crian\u00e7as que crescem e aprendem sob a sua observa\u00e7\u00e3o.<\/p>\n<p>A mensagem mant\u00e9m o foco na experi\u00eancia de quem ensina, sem refer\u00eancias a outros docentes ou a contextos externos, e repete a ideia central: o valor dos alunos \u00e9 \u00fanico e pessoal.<\/p>\n","protected":false},"excerpt":{"rendered":"<ul>\n<li>A narradora afirma que os seus alunos n\u00e3o s\u00e3o dela, mas mostra um carinho, orgulho e prote\u00e7\u00e3o por eles.<\/li>\n<li>Mesmo reconhecendo que os alunos s\u00e3o de outros professores, ela sente que acompanha o seu crescimento e celebra pequenas vit\u00f3rias.<\/li>\n<li>Considera que cada triunfo \u00e9 deles, mesmo que possa haver um toque seu, \u201cum por cento\u201d.<\/li>\n<li>Refere que recebe todos os anos novos rostos, cada vez mais jovens e distantes da idade de quem os recebe.<\/li>\n<li>Conclui dizendo que, apesar de n\u00e3o serem dela, os seus alunos s\u00e3o os melhores do mundo, como se fossem filhos.<\/li>\n<\/ul>\n","protected":false},"author":2,"featured_media":404872,"comment_status":"closed","ping_status":"closed","sticky":false,"template":"","format":"standard","meta":{"footnotes":""},"categories":[1],"tags":[100,163,2443,92,101,97],"class_list":["post-404865","post","type-post","status-publish","format-standard","has-post-thumbnail","hentry","category-noticias","tag-alunos","tag-educacao","tag-educacao-publica","tag-ensino","tag-escolas","tag-professores"],"yoast_head":"<!-- This site is optimized with the Yoast SEO plugin v27.2 - https:\/\/yoast.com\/product\/yoast-seo-wordpress\/ -->\n<title>Alunos, que n\u00e3o s\u00e3o dele, s\u00e3o considerados os melhores do mundo - Portal Tela Portugal<\/title>\n<meta name=\"robots\" content=\"index, follow, max-snippet:-1, max-image-preview:large, max-video-preview:-1\" \/>\n<meta property=\"og:locale\" content=\"pt_PT\" \/>\n<meta property=\"og:type\" content=\"article\" \/>\n<meta property=\"og:title\" content=\"Alunos, que n\u00e3o s\u00e3o dele, s\u00e3o considerados os melhores do mundo - Portal Tela Portugal\" \/>\n<meta property=\"og:description\" content=\"A narradora afirma que os seus alunos n\u00e3o s\u00e3o dela, mas mostra um carinho, orgulho e prote\u00e7\u00e3o por eles. Mesmo reconhecendo que os alunos s\u00e3o de outros professores, ela sente que acompanha o seu crescimento e celebra pequenas vit\u00f3rias. Considera que cada triunfo \u00e9 deles, mesmo que possa haver um toque seu, \u201cum por cento\u201d. Refere que recebe todos os anos novos rostos, cada vez mais jovens e distantes da idade de quem os recebe. Conclui dizendo que, apesar de n\u00e3o serem dela, os seus alunos s\u00e3o os melhores do mundo, como se fossem filhos.\" \/>\n<meta property=\"og:url\" content=\"https:\/\/portaltela.pt\/noticias\/2026\/03\/10\/alunos-que-nao-sao-dele-sao-considerados-os-melhores-do-mundo\/\" \/>\n<meta property=\"og:site_name\" content=\"Portal Tela Portugal\" \/>\n<meta property=\"article:published_time\" content=\"2026-03-10T16:12:00+00:00\" \/>\n<meta name=\"author\" content=\"Telinha\" \/>\n<meta name=\"twitter:card\" content=\"summary_large_image\" \/>\n<meta name=\"twitter:label1\" content=\"Escrito por\" \/>\n\t<meta name=\"twitter:data1\" content=\"Telinha\" \/>\n\t<meta name=\"twitter:label2\" content=\"Tempo estimado de leitura\" \/>\n\t<meta name=\"twitter:data2\" content=\"1 minuto\" \/>\n<script type=\"application\/ld+json\" class=\"yoast-schema-graph\">{\"@context\":\"https:\/\/schema.org\",\"@graph\":[{\"@type\":\"Article\",\"@id\":\"https:\/\/portaltela.pt\/noticias\/2026\/03\/10\/alunos-que-nao-sao-dele-sao-considerados-os-melhores-do-mundo\/#article\",\"isPartOf\":{\"@id\":\"https:\/\/portaltela.pt\/noticias\/2026\/03\/10\/alunos-que-nao-sao-dele-sao-considerados-os-melhores-do-mundo\/\"},\"author\":{\"name\":\"Telinha\",\"@id\":\"https:\/\/portaltela.pt\/#\/schema\/person\/c4278d4a6028830caff9ee44b42d32ed\"},\"headline\":\"Alunos, que n\u00e3o s\u00e3o dele, s\u00e3o considerados os melhores do mundo\",\"datePublished\":\"2026-03-10T16:12:00+00:00\",\"mainEntityOfPage\":{\"@id\":\"https:\/\/portaltela.pt\/noticias\/2026\/03\/10\/alunos-que-nao-sao-dele-sao-considerados-os-melhores-do-mundo\/\"},\"wordCount\":212,\"image\":{\"@id\":\"https:\/\/portaltela.pt\/noticias\/2026\/03\/10\/alunos-que-nao-sao-dele-sao-considerados-os-melhores-do-mundo\/#primaryimage\"},\"thumbnailUrl\":\"https:\/\/portaltela.pt\/s.01k8rhncp4jt1\/2026\/03\/2073077.jpg\",\"keywords\":[\"alunos\",\"educa\u00e7\u00e3o\",\"educa\u00e7\u00e3o p\u00fablica\",\"ensino\",\"escolas\",\"professores\"],\"articleSection\":[\"Not\u00edcias\"],\"inLanguage\":\"pt-PT\"},{\"@type\":\"WebPage\",\"@id\":\"https:\/\/portaltela.pt\/noticias\/2026\/03\/10\/alunos-que-nao-sao-dele-sao-considerados-os-melhores-do-mundo\/\",\"url\":\"https:\/\/portaltela.pt\/noticias\/2026\/03\/10\/alunos-que-nao-sao-dele-sao-considerados-os-melhores-do-mundo\/\",\"name\":\"Alunos, que n\u00e3o s\u00e3o dele, s\u00e3o considerados os melhores do mundo - Portal Tela Portugal\",\"isPartOf\":{\"@id\":\"https:\/\/portaltela.pt\/#website\"},\"primaryImageOfPage\":{\"@id\":\"https:\/\/portaltela.pt\/noticias\/2026\/03\/10\/alunos-que-nao-sao-dele-sao-considerados-os-melhores-do-mundo\/#primaryimage\"},\"image\":{\"@id\":\"https:\/\/portaltela.pt\/noticias\/2026\/03\/10\/alunos-que-nao-sao-dele-sao-considerados-os-melhores-do-mundo\/#primaryimage\"},\"thumbnailUrl\":\"https:\/\/portaltela.pt\/s.01k8rhncp4jt1\/2026\/03\/2073077.jpg\",\"datePublished\":\"2026-03-10T16:12:00+00:00\",\"author\":{\"@id\":\"https:\/\/portaltela.pt\/#\/schema\/person\/c4278d4a6028830caff9ee44b42d32ed\"},\"breadcrumb\":{\"@id\":\"https:\/\/portaltela.pt\/noticias\/2026\/03\/10\/alunos-que-nao-sao-dele-sao-considerados-os-melhores-do-mundo\/#breadcrumb\"},\"inLanguage\":\"pt-PT\",\"potentialAction\":[{\"@type\":\"ReadAction\",\"target\":[\"https:\/\/portaltela.pt\/noticias\/2026\/03\/10\/alunos-que-nao-sao-dele-sao-considerados-os-melhores-do-mundo\/\"]}]},{\"@type\":\"ImageObject\",\"inLanguage\":\"pt-PT\",\"@id\":\"https:\/\/portaltela.pt\/noticias\/2026\/03\/10\/alunos-que-nao-sao-dele-sao-considerados-os-melhores-do-mundo\/#primaryimage\",\"url\":\"https:\/\/portaltela.pt\/s.01k8rhncp4jt1\/2026\/03\/2073077.jpg\",\"contentUrl\":\"https:\/\/portaltela.pt\/s.01k8rhncp4jt1\/2026\/03\/2073077.jpg\",\"width\":796,\"height\":448,\"caption\":\"Photo\"},{\"@type\":\"BreadcrumbList\",\"@id\":\"https:\/\/portaltela.pt\/noticias\/2026\/03\/10\/alunos-que-nao-sao-dele-sao-considerados-os-melhores-do-mundo\/#breadcrumb\",\"itemListElement\":[{\"@type\":\"ListItem\",\"position\":1,\"name\":\"In\u00edcio\",\"item\":\"https:\/\/portaltela.pt\/\"},{\"@type\":\"ListItem\",\"position\":2,\"name\":\"Alunos, que n\u00e3o s\u00e3o dele, s\u00e3o considerados os melhores do mundo\"}]},{\"@type\":\"WebSite\",\"@id\":\"https:\/\/portaltela.pt\/#website\",\"url\":\"https:\/\/portaltela.pt\/\",\"name\":\"Portal Tela Portugal\",\"description\":\"\",\"potentialAction\":[{\"@type\":\"SearchAction\",\"target\":{\"@type\":\"EntryPoint\",\"urlTemplate\":\"https:\/\/portaltela.pt\/?s={search_term_string}\"},\"query-input\":{\"@type\":\"PropertyValueSpecification\",\"valueRequired\":true,\"valueName\":\"search_term_string\"}}],\"inLanguage\":\"pt-PT\"},{\"@type\":\"Person\",\"@id\":\"https:\/\/portaltela.pt\/#\/schema\/person\/c4278d4a6028830caff9ee44b42d32ed\",\"name\":\"Telinha\",\"image\":{\"@type\":\"ImageObject\",\"inLanguage\":\"pt-PT\",\"@id\":\"https:\/\/portaltela.pt\/s.01k8rhncp4jt1\/2025\/11\/talking-bot-125x125.png\",\"url\":\"https:\/\/portaltela.pt\/s.01k8rhncp4jt1\/2025\/11\/talking-bot-125x125.png\",\"contentUrl\":\"https:\/\/portaltela.pt\/s.01k8rhncp4jt1\/2025\/11\/talking-bot-125x125.png\",\"caption\":\"Telinha\"},\"sameAs\":[\"https:\/\/portaltela.pt\/\"],\"url\":\"https:\/\/portaltela.pt\/por\/367410592786\/\"}]}<\/script>\n<!-- \/ Yoast SEO plugin. -->","yoast_head_json":{"title":"Alunos, que n\u00e3o s\u00e3o dele, s\u00e3o considerados os melhores do mundo - Portal Tela Portugal","robots":{"index":"index","follow":"follow","max-snippet":"max-snippet:-1","max-image-preview":"max-image-preview:large","max-video-preview":"max-video-preview:-1"},"og_locale":"pt_PT","og_type":"article","og_title":"Alunos, que n\u00e3o s\u00e3o dele, s\u00e3o considerados os melhores do mundo - Portal Tela Portugal","og_description":"A narradora afirma que os seus alunos n\u00e3o s\u00e3o dela, mas mostra um carinho, orgulho e prote\u00e7\u00e3o por eles. Mesmo reconhecendo que os alunos s\u00e3o de outros professores, ela sente que acompanha o seu crescimento e celebra pequenas vit\u00f3rias. Considera que cada triunfo \u00e9 deles, mesmo que possa haver um toque seu, \u201cum por cento\u201d. Refere que recebe todos os anos novos rostos, cada vez mais jovens e distantes da idade de quem os recebe. Conclui dizendo que, apesar de n\u00e3o serem dela, os seus alunos s\u00e3o os melhores do mundo, como se fossem filhos.","og_url":"https:\/\/portaltela.pt\/noticias\/2026\/03\/10\/alunos-que-nao-sao-dele-sao-considerados-os-melhores-do-mundo\/","og_site_name":"Portal Tela Portugal","article_published_time":"2026-03-10T16:12:00+00:00","author":"Telinha","twitter_card":"summary_large_image","twitter_misc":{"Escrito por":"Telinha","Tempo estimado de leitura":"1 minuto"},"schema":{"@context":"https:\/\/schema.org","@graph":[{"@type":"Article","@id":"https:\/\/portaltela.pt\/noticias\/2026\/03\/10\/alunos-que-nao-sao-dele-sao-considerados-os-melhores-do-mundo\/#article","isPartOf":{"@id":"https:\/\/portaltela.pt\/noticias\/2026\/03\/10\/alunos-que-nao-sao-dele-sao-considerados-os-melhores-do-mundo\/"},"author":{"name":"Telinha","@id":"https:\/\/portaltela.pt\/#\/schema\/person\/c4278d4a6028830caff9ee44b42d32ed"},"headline":"Alunos, que n\u00e3o s\u00e3o dele, s\u00e3o considerados os melhores do mundo","datePublished":"2026-03-10T16:12:00+00:00","mainEntityOfPage":{"@id":"https:\/\/portaltela.pt\/noticias\/2026\/03\/10\/alunos-que-nao-sao-dele-sao-considerados-os-melhores-do-mundo\/"},"wordCount":212,"image":{"@id":"https:\/\/portaltela.pt\/noticias\/2026\/03\/10\/alunos-que-nao-sao-dele-sao-considerados-os-melhores-do-mundo\/#primaryimage"},"thumbnailUrl":"https:\/\/portaltela.pt\/s.01k8rhncp4jt1\/2026\/03\/2073077.jpg","keywords":["alunos","educa\u00e7\u00e3o","educa\u00e7\u00e3o p\u00fablica","ensino","escolas","professores"],"articleSection":["Not\u00edcias"],"inLanguage":"pt-PT"},{"@type":"WebPage","@id":"https:\/\/portaltela.pt\/noticias\/2026\/03\/10\/alunos-que-nao-sao-dele-sao-considerados-os-melhores-do-mundo\/","url":"https:\/\/portaltela.pt\/noticias\/2026\/03\/10\/alunos-que-nao-sao-dele-sao-considerados-os-melhores-do-mundo\/","name":"Alunos, que n\u00e3o s\u00e3o dele, s\u00e3o considerados os melhores do mundo - Portal Tela Portugal","isPartOf":{"@id":"https:\/\/portaltela.pt\/#website"},"primaryImageOfPage":{"@id":"https:\/\/portaltela.pt\/noticias\/2026\/03\/10\/alunos-que-nao-sao-dele-sao-considerados-os-melhores-do-mundo\/#primaryimage"},"image":{"@id":"https:\/\/portaltela.pt\/noticias\/2026\/03\/10\/alunos-que-nao-sao-dele-sao-considerados-os-melhores-do-mundo\/#primaryimage"},"thumbnailUrl":"https:\/\/portaltela.pt\/s.01k8rhncp4jt1\/2026\/03\/2073077.jpg","datePublished":"2026-03-10T16:12:00+00:00","author":{"@id":"https:\/\/portaltela.pt\/#\/schema\/person\/c4278d4a6028830caff9ee44b42d32ed"},"breadcrumb":{"@id":"https:\/\/portaltela.pt\/noticias\/2026\/03\/10\/alunos-que-nao-sao-dele-sao-considerados-os-melhores-do-mundo\/#breadcrumb"},"inLanguage":"pt-PT","potentialAction":[{"@type":"ReadAction","target":["https:\/\/portaltela.pt\/noticias\/2026\/03\/10\/alunos-que-nao-sao-dele-sao-considerados-os-melhores-do-mundo\/"]}]},{"@type":"ImageObject","inLanguage":"pt-PT","@id":"https:\/\/portaltela.pt\/noticias\/2026\/03\/10\/alunos-que-nao-sao-dele-sao-considerados-os-melhores-do-mundo\/#primaryimage","url":"https:\/\/portaltela.pt\/s.01k8rhncp4jt1\/2026\/03\/2073077.jpg","contentUrl":"https:\/\/portaltela.pt\/s.01k8rhncp4jt1\/2026\/03\/2073077.jpg","width":796,"height":448,"caption":"Photo"},{"@type":"BreadcrumbList","@id":"https:\/\/portaltela.pt\/noticias\/2026\/03\/10\/alunos-que-nao-sao-dele-sao-considerados-os-melhores-do-mundo\/#breadcrumb","itemListElement":[{"@type":"ListItem","position":1,"name":"In\u00edcio","item":"https:\/\/portaltela.pt\/"},{"@type":"ListItem","position":2,"name":"Alunos, que n\u00e3o s\u00e3o dele, s\u00e3o considerados os melhores do mundo"}]},{"@type":"WebSite","@id":"https:\/\/portaltela.pt\/#website","url":"https:\/\/portaltela.pt\/","name":"Portal Tela Portugal","description":"","potentialAction":[{"@type":"SearchAction","target":{"@type":"EntryPoint","urlTemplate":"https:\/\/portaltela.pt\/?s={search_term_string}"},"query-input":{"@type":"PropertyValueSpecification","valueRequired":true,"valueName":"search_term_string"}}],"inLanguage":"pt-PT"},{"@type":"Person","@id":"https:\/\/portaltela.pt\/#\/schema\/person\/c4278d4a6028830caff9ee44b42d32ed","name":"Telinha","image":{"@type":"ImageObject","inLanguage":"pt-PT","@id":"https:\/\/portaltela.pt\/s.01k8rhncp4jt1\/2025\/11\/talking-bot-125x125.png","url":"https:\/\/portaltela.pt\/s.01k8rhncp4jt1\/2025\/11\/talking-bot-125x125.png","contentUrl":"https:\/\/portaltela.pt\/s.01k8rhncp4jt1\/2025\/11\/talking-bot-125x125.png","caption":"Telinha"},"sameAs":["https:\/\/portaltela.pt\/"],"url":"https:\/\/portaltela.pt\/por\/367410592786\/"}]}},"_links":{"self":[{"href":"https:\/\/portaltela.pt\/api\/wp\/v2\/posts\/404865","targetHints":{"allow":["GET"]}}],"collection":[{"href":"https:\/\/portaltela.pt\/api\/wp\/v2\/posts"}],"about":[{"href":"https:\/\/portaltela.pt\/api\/wp\/v2\/types\/post"}],"author":[{"embeddable":true,"href":"https:\/\/portaltela.pt\/api\/wp\/v2\/users\/2"}],"replies":[{"embeddable":true,"href":"https:\/\/portaltela.pt\/api\/wp\/v2\/comments?post=404865"}],"version-history":[{"count":0,"href":"https:\/\/portaltela.pt\/api\/wp\/v2\/posts\/404865\/revisions"}],"wp:featuredmedia":[{"embeddable":true,"href":"https:\/\/portaltela.pt\/api\/wp\/v2\/media\/404872"}],"wp:attachment":[{"href":"https:\/\/portaltela.pt\/api\/wp\/v2\/media?parent=404865"}],"wp:term":[{"taxonomy":"category","embeddable":true,"href":"https:\/\/portaltela.pt\/api\/wp\/v2\/categories?post=404865"},{"taxonomy":"post_tag","embeddable":true,"href":"https:\/\/portaltela.pt\/api\/wp\/v2\/tags?post=404865"}],"curies":[{"name":"wp","href":"https:\/\/api.w.org\/{rel}","templated":true}]}}