{"id":404863,"date":"2026-03-10T13:59:00","date_gmt":"2026-03-10T16:59:00","guid":{"rendered":"https:\/\/portaltela.pt\/noticias\/2026\/03\/10\/igreja-define-montantes-a-pagar-as-vitimas-de-abusos-sexuais\/"},"modified":"2026-03-10T13:59:00","modified_gmt":"2026-03-10T16:59:00","slug":"igreja-define-montantes-a-pagar-as-vitimas-de-abusos-sexuais","status":"publish","type":"post","link":"https:\/\/portaltela.pt\/sociedade\/2026\/03\/10\/igreja-define-montantes-a-pagar-as-vitimas-de-abusos-sexuais\/","title":{"rendered":"Igreja define montantes a pagar \u00e0s v\u00edtimas de abusos sexuais"},"content":{"rendered":"<p>Os bispos portugueses definiram os montantes a atribuir aos pedidos de indemniza\u00e7\u00e3o apresentados por v\u00edtimas de abusos sexuais no seio da Igreja Cat\u00f3lica em Portugal. A decis\u00e3o foi comunicada pelo Conselho Permanente da Confer\u00eancia Episcopal Portuguesa (CEP) numa nota emitida esta tarde.<\/p>\n<p>As v\u00edtimas que apresentaram pedidos receber\u00e3o, em breve, a notifica\u00e7\u00e3o devidamente fundamentada com a decis\u00e3o. A CEP adianta que n\u00e3o avan\u00e7ar\u00e1 pormenores sobre os montantes, afirmando apenas que as quantias se basearam nos pareceres da Comiss\u00e3o de Fixa\u00e7\u00e3o de Compensa\u00e7\u00e3o.<\/p>\n<p>O processo manter-se-\u00e1 reservado, assegurando a privacidade e a prote\u00e7\u00e3o de dados de todos os envolvidos. A nota sublinha o compromisso da Igreja com a repara\u00e7\u00e3o e o acolhimento de novas v\u00edtimas que surjam, mesmo ap\u00f3s o encerramento do prazo de apresenta\u00e7\u00e3o.<\/p>\n<h3>Contexto<\/h3>\n<p>Na segunda metade de janeiro, o balan\u00e7o apontava 95 pedidos de indemniza\u00e7\u00e3o, dos quais 84 j\u00e1 tinham sido considerados efectivos e estavam a ser analisados pela Comiss\u00e3o de Fixa\u00e7\u00e3o da Compensa\u00e7\u00e3o. A maior parte dos pedidos foi apresentada por homens, com idade m\u00e9dia de cerca de 55 anos.<\/p>\n<p>O montante pago ser\u00e1 disponibilizado pela CEP, que representa os bispos portugueses, sendo 50% do total, enquanto a outra metade ficar\u00e1 repartida entre as dioceses e os institutos de vida consagrada.<\/p>\n<p>O relat\u00f3rio independente de 2023, liderado pelo pedopsiquiatra Pedro Stretch, estimou que pelo menos 4815 pessoas teriam sido v\u00edtimas de abuso no espa\u00e7o eclesial nos 70 anos anteriores, com a maioria dos abusos cometidos por padres e ocorridos principalmente em semin\u00e1rios.<\/p>\n","protected":false},"excerpt":{"rendered":"<ul>\n<li>As v\u00edtimas que apresentaram pedido receber\u00e3o, em breve, a notifica\u00e7\u00e3o devidamente fundamentada com a decis\u00e3o, segundo a CEP.<\/li>\n<li>Os montantes foram definidos com base nos pareceres da Comiss\u00e3o de Fixa\u00e7\u00e3o de Compensa\u00e7\u00e3o; o processo continuar\u00e1 com reserva e confidencialidade.<\/li>\n<li>O \u00faltimo balan\u00e7o, em meados de janeiro, indicava 95 pedidos de indemniza\u00e7\u00e3o, dos quais 84 j\u00e1 tinham sido considerados efectivos para an\u00e1lise; a maioria foi apresentada por homens, com idade m\u00e9dia de 55 anos.<\/li>\n<li>O dinheiro ser\u00e1 distribu\u00eddo assim: 50 por cento pela Confer\u00eancia Episcopal Portuguesa e a restante metade repartida entre as dioceses e os institutos de vida consagrada.<\/li>\n<li>Este desfecho ocorre ap\u00f3s o relat\u00f3rio de 2023 da comiss\u00e3o independente, que estimou milhares de v\u00edtimas nos 70 anos anteriores, com a maioria dos casos alegadamente envolvendo padres em semin\u00e1rios.<\/li>\n<\/ul>\n","protected":false},"author":2,"featured_media":404868,"comment_status":"closed","ping_status":"closed","sticky":false,"template":"","format":"standard","meta":{"footnotes":""},"categories":[6745,6871],"tags":[6090,817,5866,2633,104],"class_list":["post-404863","post","type-post","status-publish","format-standard","has-post-thumbnail","hentry","category-saude","category-sociedade","tag-a-igreja","tag-abuso-de-menor-dependente-ou-em-situacao-vulneravel","tag-abusos","tag-direitos-humanos","tag-religiao"],"yoast_head":"<!-- This site is optimized with the Yoast SEO plugin v27.2 - https:\/\/yoast.com\/product\/yoast-seo-wordpress\/ -->\n<title>Igreja define montantes a pagar \u00e0s v\u00edtimas de abusos sexuais - Portal Tela Portugal<\/title>\n<meta name=\"robots\" content=\"index, follow, max-snippet:-1, max-image-preview:large, max-video-preview:-1\" \/>\n<meta property=\"og:locale\" content=\"pt_PT\" \/>\n<meta property=\"og:type\" content=\"article\" \/>\n<meta property=\"og:title\" content=\"Igreja define montantes a pagar \u00e0s v\u00edtimas de abusos sexuais - Portal Tela Portugal\" \/>\n<meta property=\"og:description\" content=\"As v\u00edtimas que apresentaram pedido receber\u00e3o, em breve, a notifica\u00e7\u00e3o devidamente fundamentada com a decis\u00e3o, segundo a CEP. Os montantes foram definidos com base nos pareceres da Comiss\u00e3o de Fixa\u00e7\u00e3o de Compensa\u00e7\u00e3o; o processo continuar\u00e1 com reserva e confidencialidade. O \u00faltimo balan\u00e7o, em meados de janeiro, indicava 95 pedidos de indemniza\u00e7\u00e3o, dos quais 84 j\u00e1 tinham sido considerados efectivos para an\u00e1lise; a maioria foi apresentada por homens, com idade m\u00e9dia de 55 anos. O dinheiro ser\u00e1 distribu\u00eddo assim: 50 por cento pela Confer\u00eancia Episcopal Portuguesa e a restante metade repartida entre as dioceses e os institutos de vida consagrada. Este desfecho ocorre ap\u00f3s o relat\u00f3rio de 2023 da comiss\u00e3o independente, que estimou milhares de v\u00edtimas nos 70 anos anteriores, com a maioria dos casos alegadamente envolvendo padres em semin\u00e1rios.\" \/>\n<meta property=\"og:url\" content=\"https:\/\/portaltela.pt\/noticias\/2026\/03\/10\/igreja-define-montantes-a-pagar-as-vitimas-de-abusos-sexuais\/\" \/>\n<meta property=\"og:site_name\" content=\"Portal Tela Portugal\" \/>\n<meta property=\"article:published_time\" content=\"2026-03-10T16:59:00+00:00\" \/>\n<meta name=\"author\" content=\"Telinha\" \/>\n<meta name=\"twitter:card\" content=\"summary_large_image\" \/>\n<meta name=\"twitter:label1\" content=\"Escrito por\" \/>\n\t<meta name=\"twitter:data1\" content=\"Telinha\" \/>\n\t<meta name=\"twitter:label2\" content=\"Tempo estimado de leitura\" \/>\n\t<meta name=\"twitter:data2\" content=\"1 minuto\" \/>\n<script type=\"application\/ld+json\" class=\"yoast-schema-graph\">{\"@context\":\"https:\/\/schema.org\",\"@graph\":[{\"@type\":\"Article\",\"@id\":\"https:\/\/portaltela.pt\/noticias\/2026\/03\/10\/igreja-define-montantes-a-pagar-as-vitimas-de-abusos-sexuais\/#article\",\"isPartOf\":{\"@id\":\"https:\/\/portaltela.pt\/noticias\/2026\/03\/10\/igreja-define-montantes-a-pagar-as-vitimas-de-abusos-sexuais\/\"},\"author\":{\"name\":\"Telinha\",\"@id\":\"https:\/\/portaltela.pt\/#\/schema\/person\/c4278d4a6028830caff9ee44b42d32ed\"},\"headline\":\"Igreja define montantes a pagar \u00e0s v\u00edtimas de abusos sexuais\",\"datePublished\":\"2026-03-10T16:59:00+00:00\",\"mainEntityOfPage\":{\"@id\":\"https:\/\/portaltela.pt\/noticias\/2026\/03\/10\/igreja-define-montantes-a-pagar-as-vitimas-de-abusos-sexuais\/\"},\"wordCount\":278,\"image\":{\"@id\":\"https:\/\/portaltela.pt\/noticias\/2026\/03\/10\/igreja-define-montantes-a-pagar-as-vitimas-de-abusos-sexuais\/#primaryimage\"},\"thumbnailUrl\":\"https:\/\/portaltela.pt\/s.01k8rhncp4jt1\/2026\/03\/2073095.jpg\",\"keywords\":[\"a igreja\",\"abuso de menor dependente ou em situa\u00e7\u00e3o vulner\u00e1vel\",\"abusos\",\"direitos humanos\",\"religi\u00e3o\"],\"articleSection\":[\"Sa\u00fade\",\"Sociedade\"],\"inLanguage\":\"pt-PT\"},{\"@type\":\"WebPage\",\"@id\":\"https:\/\/portaltela.pt\/noticias\/2026\/03\/10\/igreja-define-montantes-a-pagar-as-vitimas-de-abusos-sexuais\/\",\"url\":\"https:\/\/portaltela.pt\/noticias\/2026\/03\/10\/igreja-define-montantes-a-pagar-as-vitimas-de-abusos-sexuais\/\",\"name\":\"Igreja define montantes a pagar \u00e0s v\u00edtimas de abusos sexuais - Portal Tela Portugal\",\"isPartOf\":{\"@id\":\"https:\/\/portaltela.pt\/#website\"},\"primaryImageOfPage\":{\"@id\":\"https:\/\/portaltela.pt\/noticias\/2026\/03\/10\/igreja-define-montantes-a-pagar-as-vitimas-de-abusos-sexuais\/#primaryimage\"},\"image\":{\"@id\":\"https:\/\/portaltela.pt\/noticias\/2026\/03\/10\/igreja-define-montantes-a-pagar-as-vitimas-de-abusos-sexuais\/#primaryimage\"},\"thumbnailUrl\":\"https:\/\/portaltela.pt\/s.01k8rhncp4jt1\/2026\/03\/2073095.jpg\",\"datePublished\":\"2026-03-10T16:59:00+00:00\",\"author\":{\"@id\":\"https:\/\/portaltela.pt\/#\/schema\/person\/c4278d4a6028830caff9ee44b42d32ed\"},\"breadcrumb\":{\"@id\":\"https:\/\/portaltela.pt\/noticias\/2026\/03\/10\/igreja-define-montantes-a-pagar-as-vitimas-de-abusos-sexuais\/#breadcrumb\"},\"inLanguage\":\"pt-PT\",\"potentialAction\":[{\"@type\":\"ReadAction\",\"target\":[\"https:\/\/portaltela.pt\/noticias\/2026\/03\/10\/igreja-define-montantes-a-pagar-as-vitimas-de-abusos-sexuais\/\"]}]},{\"@type\":\"ImageObject\",\"inLanguage\":\"pt-PT\",\"@id\":\"https:\/\/portaltela.pt\/noticias\/2026\/03\/10\/igreja-define-montantes-a-pagar-as-vitimas-de-abusos-sexuais\/#primaryimage\",\"url\":\"https:\/\/portaltela.pt\/s.01k8rhncp4jt1\/2026\/03\/2073095.jpg\",\"contentUrl\":\"https:\/\/portaltela.pt\/s.01k8rhncp4jt1\/2026\/03\/2073095.jpg\",\"width\":796,\"height\":448,\"caption\":\"Presidente da Confer\u00eancia Episcopal Portuguesa, D. Jos\u00e9 Ornelas, cumprimenta Pedro Strecht, coordenador da comiss\u00e3o independente que fez o levantamento dos abusos sexuais na Igreja em Portugal\"},{\"@type\":\"BreadcrumbList\",\"@id\":\"https:\/\/portaltela.pt\/noticias\/2026\/03\/10\/igreja-define-montantes-a-pagar-as-vitimas-de-abusos-sexuais\/#breadcrumb\",\"itemListElement\":[{\"@type\":\"ListItem\",\"position\":1,\"name\":\"In\u00edcio\",\"item\":\"https:\/\/portaltela.pt\/\"},{\"@type\":\"ListItem\",\"position\":2,\"name\":\"Igreja define montantes a pagar \u00e0s v\u00edtimas de abusos sexuais\"}]},{\"@type\":\"WebSite\",\"@id\":\"https:\/\/portaltela.pt\/#website\",\"url\":\"https:\/\/portaltela.pt\/\",\"name\":\"Portal Tela Portugal\",\"description\":\"\",\"potentialAction\":[{\"@type\":\"SearchAction\",\"target\":{\"@type\":\"EntryPoint\",\"urlTemplate\":\"https:\/\/portaltela.pt\/?s={search_term_string}\"},\"query-input\":{\"@type\":\"PropertyValueSpecification\",\"valueRequired\":true,\"valueName\":\"search_term_string\"}}],\"inLanguage\":\"pt-PT\"},{\"@type\":\"Person\",\"@id\":\"https:\/\/portaltela.pt\/#\/schema\/person\/c4278d4a6028830caff9ee44b42d32ed\",\"name\":\"Telinha\",\"image\":{\"@type\":\"ImageObject\",\"inLanguage\":\"pt-PT\",\"@id\":\"https:\/\/portaltela.pt\/s.01k8rhncp4jt1\/2025\/11\/talking-bot-125x125.png\",\"url\":\"https:\/\/portaltela.pt\/s.01k8rhncp4jt1\/2025\/11\/talking-bot-125x125.png\",\"contentUrl\":\"https:\/\/portaltela.pt\/s.01k8rhncp4jt1\/2025\/11\/talking-bot-125x125.png\",\"caption\":\"Telinha\"},\"sameAs\":[\"https:\/\/portaltela.pt\/\"],\"url\":\"https:\/\/portaltela.pt\/por\/367410592786\/\"}]}<\/script>\n<!-- \/ Yoast SEO plugin. -->","yoast_head_json":{"title":"Igreja define montantes a pagar \u00e0s v\u00edtimas de abusos sexuais - Portal Tela Portugal","robots":{"index":"index","follow":"follow","max-snippet":"max-snippet:-1","max-image-preview":"max-image-preview:large","max-video-preview":"max-video-preview:-1"},"og_locale":"pt_PT","og_type":"article","og_title":"Igreja define montantes a pagar \u00e0s v\u00edtimas de abusos sexuais - Portal Tela Portugal","og_description":"As v\u00edtimas que apresentaram pedido receber\u00e3o, em breve, a notifica\u00e7\u00e3o devidamente fundamentada com a decis\u00e3o, segundo a CEP. Os montantes foram definidos com base nos pareceres da Comiss\u00e3o de Fixa\u00e7\u00e3o de Compensa\u00e7\u00e3o; o processo continuar\u00e1 com reserva e confidencialidade. O \u00faltimo balan\u00e7o, em meados de janeiro, indicava 95 pedidos de indemniza\u00e7\u00e3o, dos quais 84 j\u00e1 tinham sido considerados efectivos para an\u00e1lise; a maioria foi apresentada por homens, com idade m\u00e9dia de 55 anos. O dinheiro ser\u00e1 distribu\u00eddo assim: 50 por cento pela Confer\u00eancia Episcopal Portuguesa e a restante metade repartida entre as dioceses e os institutos de vida consagrada. Este desfecho ocorre ap\u00f3s o relat\u00f3rio de 2023 da comiss\u00e3o independente, que estimou milhares de v\u00edtimas nos 70 anos anteriores, com a maioria dos casos alegadamente envolvendo padres em semin\u00e1rios.","og_url":"https:\/\/portaltela.pt\/noticias\/2026\/03\/10\/igreja-define-montantes-a-pagar-as-vitimas-de-abusos-sexuais\/","og_site_name":"Portal Tela Portugal","article_published_time":"2026-03-10T16:59:00+00:00","author":"Telinha","twitter_card":"summary_large_image","twitter_misc":{"Escrito por":"Telinha","Tempo estimado de leitura":"1 minuto"},"schema":{"@context":"https:\/\/schema.org","@graph":[{"@type":"Article","@id":"https:\/\/portaltela.pt\/noticias\/2026\/03\/10\/igreja-define-montantes-a-pagar-as-vitimas-de-abusos-sexuais\/#article","isPartOf":{"@id":"https:\/\/portaltela.pt\/noticias\/2026\/03\/10\/igreja-define-montantes-a-pagar-as-vitimas-de-abusos-sexuais\/"},"author":{"name":"Telinha","@id":"https:\/\/portaltela.pt\/#\/schema\/person\/c4278d4a6028830caff9ee44b42d32ed"},"headline":"Igreja define montantes a pagar \u00e0s v\u00edtimas de abusos sexuais","datePublished":"2026-03-10T16:59:00+00:00","mainEntityOfPage":{"@id":"https:\/\/portaltela.pt\/noticias\/2026\/03\/10\/igreja-define-montantes-a-pagar-as-vitimas-de-abusos-sexuais\/"},"wordCount":278,"image":{"@id":"https:\/\/portaltela.pt\/noticias\/2026\/03\/10\/igreja-define-montantes-a-pagar-as-vitimas-de-abusos-sexuais\/#primaryimage"},"thumbnailUrl":"https:\/\/portaltela.pt\/s.01k8rhncp4jt1\/2026\/03\/2073095.jpg","keywords":["a igreja","abuso de menor dependente ou em situa\u00e7\u00e3o vulner\u00e1vel","abusos","direitos humanos","religi\u00e3o"],"articleSection":["Sa\u00fade","Sociedade"],"inLanguage":"pt-PT"},{"@type":"WebPage","@id":"https:\/\/portaltela.pt\/noticias\/2026\/03\/10\/igreja-define-montantes-a-pagar-as-vitimas-de-abusos-sexuais\/","url":"https:\/\/portaltela.pt\/noticias\/2026\/03\/10\/igreja-define-montantes-a-pagar-as-vitimas-de-abusos-sexuais\/","name":"Igreja define montantes a pagar \u00e0s v\u00edtimas de abusos sexuais - Portal Tela Portugal","isPartOf":{"@id":"https:\/\/portaltela.pt\/#website"},"primaryImageOfPage":{"@id":"https:\/\/portaltela.pt\/noticias\/2026\/03\/10\/igreja-define-montantes-a-pagar-as-vitimas-de-abusos-sexuais\/#primaryimage"},"image":{"@id":"https:\/\/portaltela.pt\/noticias\/2026\/03\/10\/igreja-define-montantes-a-pagar-as-vitimas-de-abusos-sexuais\/#primaryimage"},"thumbnailUrl":"https:\/\/portaltela.pt\/s.01k8rhncp4jt1\/2026\/03\/2073095.jpg","datePublished":"2026-03-10T16:59:00+00:00","author":{"@id":"https:\/\/portaltela.pt\/#\/schema\/person\/c4278d4a6028830caff9ee44b42d32ed"},"breadcrumb":{"@id":"https:\/\/portaltela.pt\/noticias\/2026\/03\/10\/igreja-define-montantes-a-pagar-as-vitimas-de-abusos-sexuais\/#breadcrumb"},"inLanguage":"pt-PT","potentialAction":[{"@type":"ReadAction","target":["https:\/\/portaltela.pt\/noticias\/2026\/03\/10\/igreja-define-montantes-a-pagar-as-vitimas-de-abusos-sexuais\/"]}]},{"@type":"ImageObject","inLanguage":"pt-PT","@id":"https:\/\/portaltela.pt\/noticias\/2026\/03\/10\/igreja-define-montantes-a-pagar-as-vitimas-de-abusos-sexuais\/#primaryimage","url":"https:\/\/portaltela.pt\/s.01k8rhncp4jt1\/2026\/03\/2073095.jpg","contentUrl":"https:\/\/portaltela.pt\/s.01k8rhncp4jt1\/2026\/03\/2073095.jpg","width":796,"height":448,"caption":"Presidente da Confer\u00eancia Episcopal Portuguesa, D. Jos\u00e9 Ornelas, cumprimenta Pedro Strecht, coordenador da comiss\u00e3o independente que fez o levantamento dos abusos sexuais na Igreja em Portugal"},{"@type":"BreadcrumbList","@id":"https:\/\/portaltela.pt\/noticias\/2026\/03\/10\/igreja-define-montantes-a-pagar-as-vitimas-de-abusos-sexuais\/#breadcrumb","itemListElement":[{"@type":"ListItem","position":1,"name":"In\u00edcio","item":"https:\/\/portaltela.pt\/"},{"@type":"ListItem","position":2,"name":"Igreja define montantes a pagar \u00e0s v\u00edtimas de abusos sexuais"}]},{"@type":"WebSite","@id":"https:\/\/portaltela.pt\/#website","url":"https:\/\/portaltela.pt\/","name":"Portal Tela Portugal","description":"","potentialAction":[{"@type":"SearchAction","target":{"@type":"EntryPoint","urlTemplate":"https:\/\/portaltela.pt\/?s={search_term_string}"},"query-input":{"@type":"PropertyValueSpecification","valueRequired":true,"valueName":"search_term_string"}}],"inLanguage":"pt-PT"},{"@type":"Person","@id":"https:\/\/portaltela.pt\/#\/schema\/person\/c4278d4a6028830caff9ee44b42d32ed","name":"Telinha","image":{"@type":"ImageObject","inLanguage":"pt-PT","@id":"https:\/\/portaltela.pt\/s.01k8rhncp4jt1\/2025\/11\/talking-bot-125x125.png","url":"https:\/\/portaltela.pt\/s.01k8rhncp4jt1\/2025\/11\/talking-bot-125x125.png","contentUrl":"https:\/\/portaltela.pt\/s.01k8rhncp4jt1\/2025\/11\/talking-bot-125x125.png","caption":"Telinha"},"sameAs":["https:\/\/portaltela.pt\/"],"url":"https:\/\/portaltela.pt\/por\/367410592786\/"}]}},"_links":{"self":[{"href":"https:\/\/portaltela.pt\/api\/wp\/v2\/posts\/404863","targetHints":{"allow":["GET"]}}],"collection":[{"href":"https:\/\/portaltela.pt\/api\/wp\/v2\/posts"}],"about":[{"href":"https:\/\/portaltela.pt\/api\/wp\/v2\/types\/post"}],"author":[{"embeddable":true,"href":"https:\/\/portaltela.pt\/api\/wp\/v2\/users\/2"}],"replies":[{"embeddable":true,"href":"https:\/\/portaltela.pt\/api\/wp\/v2\/comments?post=404863"}],"version-history":[{"count":0,"href":"https:\/\/portaltela.pt\/api\/wp\/v2\/posts\/404863\/revisions"}],"wp:featuredmedia":[{"embeddable":true,"href":"https:\/\/portaltela.pt\/api\/wp\/v2\/media\/404868"}],"wp:attachment":[{"href":"https:\/\/portaltela.pt\/api\/wp\/v2\/media?parent=404863"}],"wp:term":[{"taxonomy":"category","embeddable":true,"href":"https:\/\/portaltela.pt\/api\/wp\/v2\/categories?post=404863"},{"taxonomy":"post_tag","embeddable":true,"href":"https:\/\/portaltela.pt\/api\/wp\/v2\/tags?post=404863"}],"curies":[{"name":"wp","href":"https:\/\/api.w.org\/{rel}","templated":true}]}}