{"id":404859,"date":"2026-03-10T13:20:00","date_gmt":"2026-03-10T16:20:00","guid":{"rendered":"https:\/\/portaltela.pt\/noticias\/2026\/03\/10\/acionistas-da-impresa-aprovam-entrada-de-tres-membros-da-mfe\/"},"modified":"2026-03-10T13:20:00","modified_gmt":"2026-03-10T16:20:00","slug":"acionistas-da-impresa-aprovam-entrada-de-tres-membros-da-mfe","status":"publish","type":"post","link":"https:\/\/portaltela.pt\/noticias\/economia\/2026\/03\/10\/acionistas-da-impresa-aprovam-entrada-de-tres-membros-da-mfe\/","title":{"rendered":"Acionistas da Impresa aprovam entrada de tr\u00eas membros da MFE"},"content":{"rendered":"<p>Os acionistas da Impresa aprovaram nesta ter\u00e7a-feira todos os pontos da ordem de trabalhos. Entre eles esteve o alargamento do Conselho de Administra\u00e7\u00e3o para nove membros e a entrada de Michele Giraudo, Massimiliano Ventimiglia e Massimo Mussolino, para o quadri\u00e9nio 2023\/2026. A empresa comunicou \u00e0 CMVM a mudan\u00e7a.<\/p>\n<p>O in\u00edcio de fun\u00e7\u00f5es dos novos vogais s\u00f3 ocorrer\u00e1 ap\u00f3s a aquisi\u00e7\u00e3o pela MFE &#8211; MediaForEurope, N.V. de 82.500.000 a\u00e7\u00f5es representativas do capital social da Impresa. A Impresa adiantou que a entrada no \u00f3rg\u00e3o s\u00f3 se efetivar\u00e1 ap\u00f3s essa opera\u00e7\u00e3o.<\/p>\n<h3>Entrada de novos vogais do Conselho de Administra\u00e7\u00e3o<\/h3>\n<p>A nomea\u00e7\u00e3o acontece no \u00e2mbito do acordo com o grupo italiano MFE, com a expectativa de refor\u00e7ar o capital humano do Conselho. A medida est\u00e1 sujeita \u00e0 noniza\u00e7\u00e3o da condi\u00e7\u00e3o de acionista pela MFE, que passar\u00e1 a deter a maioria qualificada.<\/p>\n<h3>Dispensa de OPA pela CMVM<\/h3>\n<p>A CMVM informou nesta manh\u00e3 que dispensou o grupo italiano de lan\u00e7ar uma oferta p\u00fablica de aquisi\u00e7\u00e3o sobre a Impresa. O registo decorre na sequ\u00eancia do acordo anunciado em novembro e do controlo atual da MFE, ligada \u00e0 fam\u00edlia Berlusconi.<\/p>\n","protected":false},"excerpt":{"rendered":"<ul>\n<li>Os accionistas da Impresa aprovaram a altera\u00e7\u00e3o da composi\u00e7\u00e3o do Conselho de Administra\u00e7\u00e3o, que passa a ter nove membros.<\/li>\n<li>Foram eleitos Michele Giraudo, Massimiliano Ventimiglia e Massimo Mussolino como vogais para o quadri\u00e9nio 2023\/2026.<\/li>\n<li>O in\u00edcio de fun\u00e7\u00f5es dos novos vogais depende da MFE &#8211; MediaForEurope, N.V. tornar-se titular de 82.500.000,00 a\u00e7\u00f5es da Impresa.<\/li>\n<li>A Impresa comunicou a decis\u00e3o \u00e0 CMVM.<\/li>\n<li>A CMVM anunciou a dispensa da MFE de lan\u00e7ar uma oferta p\u00fablica de aquisi\u00e7\u00e3o (OPA) sobre a Impresa, na sequ\u00eancia de acordo de Novembro.<\/li>\n<\/ul>\n","protected":false},"author":2,"featured_media":404860,"comment_status":"closed","ping_status":"closed","sticky":false,"template":"","format":"standard","meta":{"footnotes":""},"categories":[2,1],"tags":[6179,552,28,2697,2415,1857],"class_list":["post-404859","post","type-post","status-publish","format-standard","has-post-thumbnail","hentry","category-economia","category-noticias","tag-cmvm","tag-conselho-de-administracao","tag-economia","tag-empresas","tag-gestao","tag-italia"],"yoast_head":"<!-- This site is optimized with the Yoast SEO plugin v27.2 - https:\/\/yoast.com\/product\/yoast-seo-wordpress\/ -->\n<title>Acionistas da Impresa aprovam entrada de tr\u00eas membros da MFE - Portal Tela Portugal<\/title>\n<meta name=\"robots\" content=\"index, follow, max-snippet:-1, max-image-preview:large, max-video-preview:-1\" \/>\n<meta property=\"og:locale\" content=\"pt_PT\" \/>\n<meta property=\"og:type\" content=\"article\" \/>\n<meta property=\"og:title\" content=\"Acionistas da Impresa aprovam entrada de tr\u00eas membros da MFE - Portal Tela Portugal\" \/>\n<meta property=\"og:description\" content=\"Os accionistas da Impresa aprovaram a altera\u00e7\u00e3o da composi\u00e7\u00e3o do Conselho de Administra\u00e7\u00e3o, que passa a ter nove membros. Foram eleitos Michele Giraudo, Massimiliano Ventimiglia e Massimo Mussolino como vogais para o quadri\u00e9nio 2023\/2026. O in\u00edcio de fun\u00e7\u00f5es dos novos vogais depende da MFE - MediaForEurope, N.V. tornar-se titular de 82.500.000,00 a\u00e7\u00f5es da Impresa. A Impresa comunicou a decis\u00e3o \u00e0 CMVM. A CMVM anunciou a dispensa da MFE de lan\u00e7ar uma oferta p\u00fablica de aquisi\u00e7\u00e3o (OPA) sobre a Impresa, na sequ\u00eancia de acordo de Novembro.\" \/>\n<meta property=\"og:url\" content=\"https:\/\/portaltela.pt\/noticias\/2026\/03\/10\/acionistas-da-impresa-aprovam-entrada-de-tres-membros-da-mfe\/\" \/>\n<meta property=\"og:site_name\" content=\"Portal Tela Portugal\" \/>\n<meta property=\"article:published_time\" content=\"2026-03-10T16:20:00+00:00\" \/>\n<meta name=\"author\" content=\"Telinha\" \/>\n<meta name=\"twitter:card\" content=\"summary_large_image\" \/>\n<meta name=\"twitter:label1\" content=\"Escrito por\" \/>\n\t<meta name=\"twitter:data1\" content=\"Telinha\" \/>\n\t<meta name=\"twitter:label2\" content=\"Tempo estimado de leitura\" \/>\n\t<meta name=\"twitter:data2\" content=\"1 minuto\" \/>\n<script type=\"application\/ld+json\" class=\"yoast-schema-graph\">{\"@context\":\"https:\/\/schema.org\",\"@graph\":[{\"@type\":\"Article\",\"@id\":\"https:\/\/portaltela.pt\/noticias\/2026\/03\/10\/acionistas-da-impresa-aprovam-entrada-de-tres-membros-da-mfe\/#article\",\"isPartOf\":{\"@id\":\"https:\/\/portaltela.pt\/noticias\/2026\/03\/10\/acionistas-da-impresa-aprovam-entrada-de-tres-membros-da-mfe\/\"},\"author\":{\"name\":\"Telinha\",\"@id\":\"https:\/\/portaltela.pt\/#\/schema\/person\/c4278d4a6028830caff9ee44b42d32ed\"},\"headline\":\"Acionistas da Impresa aprovam entrada de tr\u00eas membros da MFE\",\"datePublished\":\"2026-03-10T16:20:00+00:00\",\"mainEntityOfPage\":{\"@id\":\"https:\/\/portaltela.pt\/noticias\/2026\/03\/10\/acionistas-da-impresa-aprovam-entrada-de-tres-membros-da-mfe\/\"},\"wordCount\":211,\"image\":{\"@id\":\"https:\/\/portaltela.pt\/noticias\/2026\/03\/10\/acionistas-da-impresa-aprovam-entrada-de-tres-membros-da-mfe\/#primaryimage\"},\"thumbnailUrl\":\"https:\/\/portaltela.pt\/s.01k8rhncp4jt1\/2026\/03\/2073084.jpg\",\"keywords\":[\"CMVM\",\"Conselho de Administra\u00e7\u00e3o\",\"economia\",\"empresas\",\"gest\u00e3o\",\"It\u00e1lia\"],\"articleSection\":[\"Economia\",\"Not\u00edcias\"],\"inLanguage\":\"pt-PT\"},{\"@type\":\"WebPage\",\"@id\":\"https:\/\/portaltela.pt\/noticias\/2026\/03\/10\/acionistas-da-impresa-aprovam-entrada-de-tres-membros-da-mfe\/\",\"url\":\"https:\/\/portaltela.pt\/noticias\/2026\/03\/10\/acionistas-da-impresa-aprovam-entrada-de-tres-membros-da-mfe\/\",\"name\":\"Acionistas da Impresa aprovam entrada de tr\u00eas membros da MFE - Portal Tela Portugal\",\"isPartOf\":{\"@id\":\"https:\/\/portaltela.pt\/#website\"},\"primaryImageOfPage\":{\"@id\":\"https:\/\/portaltela.pt\/noticias\/2026\/03\/10\/acionistas-da-impresa-aprovam-entrada-de-tres-membros-da-mfe\/#primaryimage\"},\"image\":{\"@id\":\"https:\/\/portaltela.pt\/noticias\/2026\/03\/10\/acionistas-da-impresa-aprovam-entrada-de-tres-membros-da-mfe\/#primaryimage\"},\"thumbnailUrl\":\"https:\/\/portaltela.pt\/s.01k8rhncp4jt1\/2026\/03\/2073084.jpg\",\"datePublished\":\"2026-03-10T16:20:00+00:00\",\"author\":{\"@id\":\"https:\/\/portaltela.pt\/#\/schema\/person\/c4278d4a6028830caff9ee44b42d32ed\"},\"breadcrumb\":{\"@id\":\"https:\/\/portaltela.pt\/noticias\/2026\/03\/10\/acionistas-da-impresa-aprovam-entrada-de-tres-membros-da-mfe\/#breadcrumb\"},\"inLanguage\":\"pt-PT\",\"potentialAction\":[{\"@type\":\"ReadAction\",\"target\":[\"https:\/\/portaltela.pt\/noticias\/2026\/03\/10\/acionistas-da-impresa-aprovam-entrada-de-tres-membros-da-mfe\/\"]}]},{\"@type\":\"ImageObject\",\"inLanguage\":\"pt-PT\",\"@id\":\"https:\/\/portaltela.pt\/noticias\/2026\/03\/10\/acionistas-da-impresa-aprovam-entrada-de-tres-membros-da-mfe\/#primaryimage\",\"url\":\"https:\/\/portaltela.pt\/s.01k8rhncp4jt1\/2026\/03\/2073084.jpg\",\"contentUrl\":\"https:\/\/portaltela.pt\/s.01k8rhncp4jt1\/2026\/03\/2073084.jpg\",\"width\":796,\"height\":448,\"caption\":\"Francisco Pedro Balsem\u00e3o\"},{\"@type\":\"BreadcrumbList\",\"@id\":\"https:\/\/portaltela.pt\/noticias\/2026\/03\/10\/acionistas-da-impresa-aprovam-entrada-de-tres-membros-da-mfe\/#breadcrumb\",\"itemListElement\":[{\"@type\":\"ListItem\",\"position\":1,\"name\":\"In\u00edcio\",\"item\":\"https:\/\/portaltela.pt\/\"},{\"@type\":\"ListItem\",\"position\":2,\"name\":\"Acionistas da Impresa aprovam entrada de tr\u00eas membros da MFE\"}]},{\"@type\":\"WebSite\",\"@id\":\"https:\/\/portaltela.pt\/#website\",\"url\":\"https:\/\/portaltela.pt\/\",\"name\":\"Portal Tela Portugal\",\"description\":\"\",\"potentialAction\":[{\"@type\":\"SearchAction\",\"target\":{\"@type\":\"EntryPoint\",\"urlTemplate\":\"https:\/\/portaltela.pt\/?s={search_term_string}\"},\"query-input\":{\"@type\":\"PropertyValueSpecification\",\"valueRequired\":true,\"valueName\":\"search_term_string\"}}],\"inLanguage\":\"pt-PT\"},{\"@type\":\"Person\",\"@id\":\"https:\/\/portaltela.pt\/#\/schema\/person\/c4278d4a6028830caff9ee44b42d32ed\",\"name\":\"Telinha\",\"image\":{\"@type\":\"ImageObject\",\"inLanguage\":\"pt-PT\",\"@id\":\"https:\/\/portaltela.pt\/s.01k8rhncp4jt1\/2025\/11\/talking-bot-125x125.png\",\"url\":\"https:\/\/portaltela.pt\/s.01k8rhncp4jt1\/2025\/11\/talking-bot-125x125.png\",\"contentUrl\":\"https:\/\/portaltela.pt\/s.01k8rhncp4jt1\/2025\/11\/talking-bot-125x125.png\",\"caption\":\"Telinha\"},\"sameAs\":[\"https:\/\/portaltela.pt\/\"],\"url\":\"https:\/\/portaltela.pt\/por\/367410592786\/\"}]}<\/script>\n<!-- \/ Yoast SEO plugin. -->","yoast_head_json":{"title":"Acionistas da Impresa aprovam entrada de tr\u00eas membros da MFE - Portal Tela Portugal","robots":{"index":"index","follow":"follow","max-snippet":"max-snippet:-1","max-image-preview":"max-image-preview:large","max-video-preview":"max-video-preview:-1"},"og_locale":"pt_PT","og_type":"article","og_title":"Acionistas da Impresa aprovam entrada de tr\u00eas membros da MFE - Portal Tela Portugal","og_description":"Os accionistas da Impresa aprovaram a altera\u00e7\u00e3o da composi\u00e7\u00e3o do Conselho de Administra\u00e7\u00e3o, que passa a ter nove membros. Foram eleitos Michele Giraudo, Massimiliano Ventimiglia e Massimo Mussolino como vogais para o quadri\u00e9nio 2023\/2026. O in\u00edcio de fun\u00e7\u00f5es dos novos vogais depende da MFE - MediaForEurope, N.V. tornar-se titular de 82.500.000,00 a\u00e7\u00f5es da Impresa. A Impresa comunicou a decis\u00e3o \u00e0 CMVM. A CMVM anunciou a dispensa da MFE de lan\u00e7ar uma oferta p\u00fablica de aquisi\u00e7\u00e3o (OPA) sobre a Impresa, na sequ\u00eancia de acordo de Novembro.","og_url":"https:\/\/portaltela.pt\/noticias\/2026\/03\/10\/acionistas-da-impresa-aprovam-entrada-de-tres-membros-da-mfe\/","og_site_name":"Portal Tela Portugal","article_published_time":"2026-03-10T16:20:00+00:00","author":"Telinha","twitter_card":"summary_large_image","twitter_misc":{"Escrito por":"Telinha","Tempo estimado de leitura":"1 minuto"},"schema":{"@context":"https:\/\/schema.org","@graph":[{"@type":"Article","@id":"https:\/\/portaltela.pt\/noticias\/2026\/03\/10\/acionistas-da-impresa-aprovam-entrada-de-tres-membros-da-mfe\/#article","isPartOf":{"@id":"https:\/\/portaltela.pt\/noticias\/2026\/03\/10\/acionistas-da-impresa-aprovam-entrada-de-tres-membros-da-mfe\/"},"author":{"name":"Telinha","@id":"https:\/\/portaltela.pt\/#\/schema\/person\/c4278d4a6028830caff9ee44b42d32ed"},"headline":"Acionistas da Impresa aprovam entrada de tr\u00eas membros da MFE","datePublished":"2026-03-10T16:20:00+00:00","mainEntityOfPage":{"@id":"https:\/\/portaltela.pt\/noticias\/2026\/03\/10\/acionistas-da-impresa-aprovam-entrada-de-tres-membros-da-mfe\/"},"wordCount":211,"image":{"@id":"https:\/\/portaltela.pt\/noticias\/2026\/03\/10\/acionistas-da-impresa-aprovam-entrada-de-tres-membros-da-mfe\/#primaryimage"},"thumbnailUrl":"https:\/\/portaltela.pt\/s.01k8rhncp4jt1\/2026\/03\/2073084.jpg","keywords":["CMVM","Conselho de Administra\u00e7\u00e3o","economia","empresas","gest\u00e3o","It\u00e1lia"],"articleSection":["Economia","Not\u00edcias"],"inLanguage":"pt-PT"},{"@type":"WebPage","@id":"https:\/\/portaltela.pt\/noticias\/2026\/03\/10\/acionistas-da-impresa-aprovam-entrada-de-tres-membros-da-mfe\/","url":"https:\/\/portaltela.pt\/noticias\/2026\/03\/10\/acionistas-da-impresa-aprovam-entrada-de-tres-membros-da-mfe\/","name":"Acionistas da Impresa aprovam entrada de tr\u00eas membros da MFE - Portal Tela Portugal","isPartOf":{"@id":"https:\/\/portaltela.pt\/#website"},"primaryImageOfPage":{"@id":"https:\/\/portaltela.pt\/noticias\/2026\/03\/10\/acionistas-da-impresa-aprovam-entrada-de-tres-membros-da-mfe\/#primaryimage"},"image":{"@id":"https:\/\/portaltela.pt\/noticias\/2026\/03\/10\/acionistas-da-impresa-aprovam-entrada-de-tres-membros-da-mfe\/#primaryimage"},"thumbnailUrl":"https:\/\/portaltela.pt\/s.01k8rhncp4jt1\/2026\/03\/2073084.jpg","datePublished":"2026-03-10T16:20:00+00:00","author":{"@id":"https:\/\/portaltela.pt\/#\/schema\/person\/c4278d4a6028830caff9ee44b42d32ed"},"breadcrumb":{"@id":"https:\/\/portaltela.pt\/noticias\/2026\/03\/10\/acionistas-da-impresa-aprovam-entrada-de-tres-membros-da-mfe\/#breadcrumb"},"inLanguage":"pt-PT","potentialAction":[{"@type":"ReadAction","target":["https:\/\/portaltela.pt\/noticias\/2026\/03\/10\/acionistas-da-impresa-aprovam-entrada-de-tres-membros-da-mfe\/"]}]},{"@type":"ImageObject","inLanguage":"pt-PT","@id":"https:\/\/portaltela.pt\/noticias\/2026\/03\/10\/acionistas-da-impresa-aprovam-entrada-de-tres-membros-da-mfe\/#primaryimage","url":"https:\/\/portaltela.pt\/s.01k8rhncp4jt1\/2026\/03\/2073084.jpg","contentUrl":"https:\/\/portaltela.pt\/s.01k8rhncp4jt1\/2026\/03\/2073084.jpg","width":796,"height":448,"caption":"Francisco Pedro Balsem\u00e3o"},{"@type":"BreadcrumbList","@id":"https:\/\/portaltela.pt\/noticias\/2026\/03\/10\/acionistas-da-impresa-aprovam-entrada-de-tres-membros-da-mfe\/#breadcrumb","itemListElement":[{"@type":"ListItem","position":1,"name":"In\u00edcio","item":"https:\/\/portaltela.pt\/"},{"@type":"ListItem","position":2,"name":"Acionistas da Impresa aprovam entrada de tr\u00eas membros da MFE"}]},{"@type":"WebSite","@id":"https:\/\/portaltela.pt\/#website","url":"https:\/\/portaltela.pt\/","name":"Portal Tela Portugal","description":"","potentialAction":[{"@type":"SearchAction","target":{"@type":"EntryPoint","urlTemplate":"https:\/\/portaltela.pt\/?s={search_term_string}"},"query-input":{"@type":"PropertyValueSpecification","valueRequired":true,"valueName":"search_term_string"}}],"inLanguage":"pt-PT"},{"@type":"Person","@id":"https:\/\/portaltela.pt\/#\/schema\/person\/c4278d4a6028830caff9ee44b42d32ed","name":"Telinha","image":{"@type":"ImageObject","inLanguage":"pt-PT","@id":"https:\/\/portaltela.pt\/s.01k8rhncp4jt1\/2025\/11\/talking-bot-125x125.png","url":"https:\/\/portaltela.pt\/s.01k8rhncp4jt1\/2025\/11\/talking-bot-125x125.png","contentUrl":"https:\/\/portaltela.pt\/s.01k8rhncp4jt1\/2025\/11\/talking-bot-125x125.png","caption":"Telinha"},"sameAs":["https:\/\/portaltela.pt\/"],"url":"https:\/\/portaltela.pt\/por\/367410592786\/"}]}},"_links":{"self":[{"href":"https:\/\/portaltela.pt\/api\/wp\/v2\/posts\/404859","targetHints":{"allow":["GET"]}}],"collection":[{"href":"https:\/\/portaltela.pt\/api\/wp\/v2\/posts"}],"about":[{"href":"https:\/\/portaltela.pt\/api\/wp\/v2\/types\/post"}],"author":[{"embeddable":true,"href":"https:\/\/portaltela.pt\/api\/wp\/v2\/users\/2"}],"replies":[{"embeddable":true,"href":"https:\/\/portaltela.pt\/api\/wp\/v2\/comments?post=404859"}],"version-history":[{"count":0,"href":"https:\/\/portaltela.pt\/api\/wp\/v2\/posts\/404859\/revisions"}],"wp:featuredmedia":[{"embeddable":true,"href":"https:\/\/portaltela.pt\/api\/wp\/v2\/media\/404860"}],"wp:attachment":[{"href":"https:\/\/portaltela.pt\/api\/wp\/v2\/media?parent=404859"}],"wp:term":[{"taxonomy":"category","embeddable":true,"href":"https:\/\/portaltela.pt\/api\/wp\/v2\/categories?post=404859"},{"taxonomy":"post_tag","embeddable":true,"href":"https:\/\/portaltela.pt\/api\/wp\/v2\/tags?post=404859"}],"curies":[{"name":"wp","href":"https:\/\/api.w.org\/{rel}","templated":true}]}}