{"id":404853,"date":"2026-03-10T13:50:00","date_gmt":"2026-03-10T16:50:00","guid":{"rendered":"https:\/\/portaltela.pt\/noticias\/2026\/03\/10\/miguel-alves-interrogado-pelo-tc-sobre-centro-de-exposicoes-em-caminha\/"},"modified":"2026-03-10T13:50:00","modified_gmt":"2026-03-10T16:50:00","slug":"miguel-alves-interrogado-pelo-tc-sobre-centro-de-exposicoes-em-caminha","status":"publish","type":"post","link":"https:\/\/portaltela.pt\/noticias\/2026\/03\/10\/miguel-alves-interrogado-pelo-tc-sobre-centro-de-exposicoes-em-caminha\/","title":{"rendered":"Miguel Alves interrogado pelo TC sobre centro de exposi\u00e7\u00f5es em Caminha"},"content":{"rendered":"<p>O Tribunal de Contas (TdC) vai julgar o ex-presidente da C\u00e2mara de Caminha, Miguel Alves, por um pagamento de 369 mil euros relacionado com um contrato-promessa para a constru\u00e7\u00e3o do Centro de Exposi\u00e7\u00f5es Transfronteiri\u00e7o (CET) no concelho de Caminha. A opera\u00e7\u00e3o envolve o munic\u00edpio de Caminha, na regi\u00e3o de Alto Minho.<\/p>\n<p>A auditoria do TdC, conclu\u00edda em 2024, detetou ilegalidades no processo. Observou aus\u00eancia de procedimento pr\u00e9-contratual e viola\u00e7\u00e3o de princ\u00edpios legais na gest\u00e3o de contratos p\u00fablicos e de bens im\u00f3veis por entidades p\u00fablicas, bem como falta de fiscaliza\u00e7\u00e3o pr\u00e9via do Tribunal de Contas.<\/p>\n<p>O contrato, assinado em outubro de 2020, previa renda mensal de 25 mil euros, atualiz\u00e1vel anualmente, e pagamento antecipado do \u00faltimo ano de rendas. Em mar\u00e7o de 2021, o ent\u00e3o presidente autorizou um adiantamento de 300 mil euros, correspondente a 12 meses de renda, acrescidos de IVA de 69 mil euros, pago em 15 de junho de 2021, sem contrapartida.<\/p>\n<p>Segundo a auditoria, a atua\u00e7\u00e3o permitiu ao munic\u00edpio aceder a recursos vedados pela lei, sem capacidade financeira para a constru\u00e7\u00e3o do CET. A leitura do TdC aponta para a tentativa de transferir a obra a um investidor privado, com o objetivo de, ap\u00f3s 25 anos de arrendamento, exercer a op\u00e7\u00e3o de compra.<\/p>\n","protected":false},"excerpt":{"rendered":"<ul>\n<li>O Tribunal de Contas vai julgar o ex-presidente da C\u00e2mara de Caminha, Miguel Alves, por um pagamento de 369 mil euros relacionado com um contrato-promessa para o Centro de Exposi\u00e7\u00f5es Transfronteiri\u00e7o (CET).<\/li>\n<li>Em 2024, o TdC identificou ilegalidades no processo, incluindo aus\u00eancia de procedimento pr\u00e9-contratual e viola\u00e7\u00e3o de princ\u00edpios da gest\u00e3o de contratos p\u00fablicos e bens im\u00f3veis.<\/li>\n<li>O contrato, assinado em outubro de 2020, previa uma renda mensal de 25 mil euros e pagamento antecipado do \u00faltimo ano de rendas.<\/li>\n<li>Em mar\u00e7o de 2021, o ent\u00e3o presidente autorizou o pagamento de 300 mil euros, a t\u00edtulo de antecipa\u00e7\u00e3o de 12 meses de renda, acrescidos de IVA de 69 mil euros, efetuado a 15 de junho de 2021 sem contrapartida.<\/li>\n<li>A auditoria concluiu que a atua\u00e7\u00e3o permitiu ao munic\u00edpio aceder a fundos de forma vedada, sugerindo uma fraude \u00e0 lei para viabilizar o projeto, com o CET a ser, a longo prazo, adquirido mediante op\u00e7\u00e3o de compra ap\u00f3s 25 anos.<\/li>\n<\/ul>\n","protected":false},"author":2,"featured_media":404854,"comment_status":"closed","ping_status":"closed","sticky":false,"template":"","format":"standard","meta":{"footnotes":""},"categories":[1],"tags":[1525,5822,83,5334,2832,6208],"class_list":["post-404853","post","type-post","status-publish","format-standard","has-post-thumbnail","hentry","category-noticias","tag-caminha","tag-contratos-publicos","tag-corrupcao","tag-gestao-publica","tag-politica","tag-tribunais"],"yoast_head":"<!-- This site is optimized with the Yoast SEO plugin v27.2 - https:\/\/yoast.com\/product\/yoast-seo-wordpress\/ -->\n<title>Miguel Alves interrogado pelo TC sobre centro de exposi\u00e7\u00f5es em Caminha - Portal Tela Portugal<\/title>\n<meta name=\"robots\" content=\"index, follow, max-snippet:-1, max-image-preview:large, max-video-preview:-1\" \/>\n<meta property=\"og:locale\" content=\"pt_PT\" \/>\n<meta property=\"og:type\" content=\"article\" \/>\n<meta property=\"og:title\" content=\"Miguel Alves interrogado pelo TC sobre centro de exposi\u00e7\u00f5es em Caminha - Portal Tela Portugal\" \/>\n<meta property=\"og:description\" content=\"O Tribunal de Contas vai julgar o ex-presidente da C\u00e2mara de Caminha, Miguel Alves, por um pagamento de 369 mil euros relacionado com um contrato-promessa para o Centro de Exposi\u00e7\u00f5es Transfronteiri\u00e7o (CET). Em 2024, o TdC identificou ilegalidades no processo, incluindo aus\u00eancia de procedimento pr\u00e9-contratual e viola\u00e7\u00e3o de princ\u00edpios da gest\u00e3o de contratos p\u00fablicos e bens im\u00f3veis. O contrato, assinado em outubro de 2020, previa uma renda mensal de 25 mil euros e pagamento antecipado do \u00faltimo ano de rendas. Em mar\u00e7o de 2021, o ent\u00e3o presidente autorizou o pagamento de 300 mil euros, a t\u00edtulo de antecipa\u00e7\u00e3o de 12 meses de renda, acrescidos de IVA de 69 mil euros, efetuado a 15 de junho de 2021 sem contrapartida. A auditoria concluiu que a atua\u00e7\u00e3o permitiu ao munic\u00edpio aceder a fundos de forma vedada, sugerindo uma fraude \u00e0 lei para viabilizar o projeto, com o CET a ser, a longo prazo, adquirido mediante op\u00e7\u00e3o de compra ap\u00f3s 25 anos.\" \/>\n<meta property=\"og:url\" content=\"https:\/\/portaltela.pt\/noticias\/2026\/03\/10\/miguel-alves-interrogado-pelo-tc-sobre-centro-de-exposicoes-em-caminha\/\" \/>\n<meta property=\"og:site_name\" content=\"Portal Tela Portugal\" \/>\n<meta property=\"article:published_time\" content=\"2026-03-10T16:50:00+00:00\" \/>\n<meta name=\"author\" content=\"Telinha\" \/>\n<meta name=\"twitter:card\" content=\"summary_large_image\" \/>\n<meta name=\"twitter:label1\" content=\"Escrito por\" \/>\n\t<meta name=\"twitter:data1\" content=\"Telinha\" \/>\n\t<meta name=\"twitter:label2\" content=\"Tempo estimado de leitura\" \/>\n\t<meta name=\"twitter:data2\" content=\"1 minuto\" \/>\n<script type=\"application\/ld+json\" class=\"yoast-schema-graph\">{\"@context\":\"https:\/\/schema.org\",\"@graph\":[{\"@type\":\"Article\",\"@id\":\"https:\/\/portaltela.pt\/noticias\/2026\/03\/10\/miguel-alves-interrogado-pelo-tc-sobre-centro-de-exposicoes-em-caminha\/#article\",\"isPartOf\":{\"@id\":\"https:\/\/portaltela.pt\/noticias\/2026\/03\/10\/miguel-alves-interrogado-pelo-tc-sobre-centro-de-exposicoes-em-caminha\/\"},\"author\":{\"name\":\"Telinha\",\"@id\":\"https:\/\/portaltela.pt\/#\/schema\/person\/c4278d4a6028830caff9ee44b42d32ed\"},\"headline\":\"Miguel Alves interrogado pelo TC sobre centro de exposi\u00e7\u00f5es em Caminha\",\"datePublished\":\"2026-03-10T16:50:00+00:00\",\"mainEntityOfPage\":{\"@id\":\"https:\/\/portaltela.pt\/noticias\/2026\/03\/10\/miguel-alves-interrogado-pelo-tc-sobre-centro-de-exposicoes-em-caminha\/\"},\"wordCount\":233,\"image\":{\"@id\":\"https:\/\/portaltela.pt\/noticias\/2026\/03\/10\/miguel-alves-interrogado-pelo-tc-sobre-centro-de-exposicoes-em-caminha\/#primaryimage\"},\"thumbnailUrl\":\"https:\/\/portaltela.pt\/s.01k8rhncp4jt1\/2026\/03\/image-648.jpg\",\"keywords\":[\"Caminha\",\"contratos p\u00fablicos\",\"corrup\u00e7\u00e3o\",\"gest\u00e3o p\u00fablica\",\"pol\u00edtica\",\"Tribunais\"],\"articleSection\":[\"Not\u00edcias\"],\"inLanguage\":\"pt-PT\"},{\"@type\":\"WebPage\",\"@id\":\"https:\/\/portaltela.pt\/noticias\/2026\/03\/10\/miguel-alves-interrogado-pelo-tc-sobre-centro-de-exposicoes-em-caminha\/\",\"url\":\"https:\/\/portaltela.pt\/noticias\/2026\/03\/10\/miguel-alves-interrogado-pelo-tc-sobre-centro-de-exposicoes-em-caminha\/\",\"name\":\"Miguel Alves interrogado pelo TC sobre centro de exposi\u00e7\u00f5es em Caminha - Portal Tela Portugal\",\"isPartOf\":{\"@id\":\"https:\/\/portaltela.pt\/#website\"},\"primaryImageOfPage\":{\"@id\":\"https:\/\/portaltela.pt\/noticias\/2026\/03\/10\/miguel-alves-interrogado-pelo-tc-sobre-centro-de-exposicoes-em-caminha\/#primaryimage\"},\"image\":{\"@id\":\"https:\/\/portaltela.pt\/noticias\/2026\/03\/10\/miguel-alves-interrogado-pelo-tc-sobre-centro-de-exposicoes-em-caminha\/#primaryimage\"},\"thumbnailUrl\":\"https:\/\/portaltela.pt\/s.01k8rhncp4jt1\/2026\/03\/image-648.jpg\",\"datePublished\":\"2026-03-10T16:50:00+00:00\",\"author\":{\"@id\":\"https:\/\/portaltela.pt\/#\/schema\/person\/c4278d4a6028830caff9ee44b42d32ed\"},\"breadcrumb\":{\"@id\":\"https:\/\/portaltela.pt\/noticias\/2026\/03\/10\/miguel-alves-interrogado-pelo-tc-sobre-centro-de-exposicoes-em-caminha\/#breadcrumb\"},\"inLanguage\":\"pt-PT\",\"potentialAction\":[{\"@type\":\"ReadAction\",\"target\":[\"https:\/\/portaltela.pt\/noticias\/2026\/03\/10\/miguel-alves-interrogado-pelo-tc-sobre-centro-de-exposicoes-em-caminha\/\"]}]},{\"@type\":\"ImageObject\",\"inLanguage\":\"pt-PT\",\"@id\":\"https:\/\/portaltela.pt\/noticias\/2026\/03\/10\/miguel-alves-interrogado-pelo-tc-sobre-centro-de-exposicoes-em-caminha\/#primaryimage\",\"url\":\"https:\/\/portaltela.pt\/s.01k8rhncp4jt1\/2026\/03\/image-648.jpg\",\"contentUrl\":\"https:\/\/portaltela.pt\/s.01k8rhncp4jt1\/2026\/03\/image-648.jpg\",\"width\":796,\"height\":448,\"caption\":\"Miguel Alves, ex-presidente da C\u00e2mara de Caminha\"},{\"@type\":\"BreadcrumbList\",\"@id\":\"https:\/\/portaltela.pt\/noticias\/2026\/03\/10\/miguel-alves-interrogado-pelo-tc-sobre-centro-de-exposicoes-em-caminha\/#breadcrumb\",\"itemListElement\":[{\"@type\":\"ListItem\",\"position\":1,\"name\":\"In\u00edcio\",\"item\":\"https:\/\/portaltela.pt\/\"},{\"@type\":\"ListItem\",\"position\":2,\"name\":\"Miguel Alves interrogado pelo TC sobre centro de exposi\u00e7\u00f5es em Caminha\"}]},{\"@type\":\"WebSite\",\"@id\":\"https:\/\/portaltela.pt\/#website\",\"url\":\"https:\/\/portaltela.pt\/\",\"name\":\"Portal Tela Portugal\",\"description\":\"\",\"potentialAction\":[{\"@type\":\"SearchAction\",\"target\":{\"@type\":\"EntryPoint\",\"urlTemplate\":\"https:\/\/portaltela.pt\/?s={search_term_string}\"},\"query-input\":{\"@type\":\"PropertyValueSpecification\",\"valueRequired\":true,\"valueName\":\"search_term_string\"}}],\"inLanguage\":\"pt-PT\"},{\"@type\":\"Person\",\"@id\":\"https:\/\/portaltela.pt\/#\/schema\/person\/c4278d4a6028830caff9ee44b42d32ed\",\"name\":\"Telinha\",\"image\":{\"@type\":\"ImageObject\",\"inLanguage\":\"pt-PT\",\"@id\":\"https:\/\/portaltela.pt\/s.01k8rhncp4jt1\/2025\/11\/talking-bot-125x125.png\",\"url\":\"https:\/\/portaltela.pt\/s.01k8rhncp4jt1\/2025\/11\/talking-bot-125x125.png\",\"contentUrl\":\"https:\/\/portaltela.pt\/s.01k8rhncp4jt1\/2025\/11\/talking-bot-125x125.png\",\"caption\":\"Telinha\"},\"sameAs\":[\"https:\/\/portaltela.pt\/\"],\"url\":\"https:\/\/portaltela.pt\/por\/367410592786\/\"}]}<\/script>\n<!-- \/ Yoast SEO plugin. -->","yoast_head_json":{"title":"Miguel Alves interrogado pelo TC sobre centro de exposi\u00e7\u00f5es em Caminha - Portal Tela Portugal","robots":{"index":"index","follow":"follow","max-snippet":"max-snippet:-1","max-image-preview":"max-image-preview:large","max-video-preview":"max-video-preview:-1"},"og_locale":"pt_PT","og_type":"article","og_title":"Miguel Alves interrogado pelo TC sobre centro de exposi\u00e7\u00f5es em Caminha - Portal Tela Portugal","og_description":"O Tribunal de Contas vai julgar o ex-presidente da C\u00e2mara de Caminha, Miguel Alves, por um pagamento de 369 mil euros relacionado com um contrato-promessa para o Centro de Exposi\u00e7\u00f5es Transfronteiri\u00e7o (CET). Em 2024, o TdC identificou ilegalidades no processo, incluindo aus\u00eancia de procedimento pr\u00e9-contratual e viola\u00e7\u00e3o de princ\u00edpios da gest\u00e3o de contratos p\u00fablicos e bens im\u00f3veis. O contrato, assinado em outubro de 2020, previa uma renda mensal de 25 mil euros e pagamento antecipado do \u00faltimo ano de rendas. Em mar\u00e7o de 2021, o ent\u00e3o presidente autorizou o pagamento de 300 mil euros, a t\u00edtulo de antecipa\u00e7\u00e3o de 12 meses de renda, acrescidos de IVA de 69 mil euros, efetuado a 15 de junho de 2021 sem contrapartida. A auditoria concluiu que a atua\u00e7\u00e3o permitiu ao munic\u00edpio aceder a fundos de forma vedada, sugerindo uma fraude \u00e0 lei para viabilizar o projeto, com o CET a ser, a longo prazo, adquirido mediante op\u00e7\u00e3o de compra ap\u00f3s 25 anos.","og_url":"https:\/\/portaltela.pt\/noticias\/2026\/03\/10\/miguel-alves-interrogado-pelo-tc-sobre-centro-de-exposicoes-em-caminha\/","og_site_name":"Portal Tela Portugal","article_published_time":"2026-03-10T16:50:00+00:00","author":"Telinha","twitter_card":"summary_large_image","twitter_misc":{"Escrito por":"Telinha","Tempo estimado de leitura":"1 minuto"},"schema":{"@context":"https:\/\/schema.org","@graph":[{"@type":"Article","@id":"https:\/\/portaltela.pt\/noticias\/2026\/03\/10\/miguel-alves-interrogado-pelo-tc-sobre-centro-de-exposicoes-em-caminha\/#article","isPartOf":{"@id":"https:\/\/portaltela.pt\/noticias\/2026\/03\/10\/miguel-alves-interrogado-pelo-tc-sobre-centro-de-exposicoes-em-caminha\/"},"author":{"name":"Telinha","@id":"https:\/\/portaltela.pt\/#\/schema\/person\/c4278d4a6028830caff9ee44b42d32ed"},"headline":"Miguel Alves interrogado pelo TC sobre centro de exposi\u00e7\u00f5es em Caminha","datePublished":"2026-03-10T16:50:00+00:00","mainEntityOfPage":{"@id":"https:\/\/portaltela.pt\/noticias\/2026\/03\/10\/miguel-alves-interrogado-pelo-tc-sobre-centro-de-exposicoes-em-caminha\/"},"wordCount":233,"image":{"@id":"https:\/\/portaltela.pt\/noticias\/2026\/03\/10\/miguel-alves-interrogado-pelo-tc-sobre-centro-de-exposicoes-em-caminha\/#primaryimage"},"thumbnailUrl":"https:\/\/portaltela.pt\/s.01k8rhncp4jt1\/2026\/03\/image-648.jpg","keywords":["Caminha","contratos p\u00fablicos","corrup\u00e7\u00e3o","gest\u00e3o p\u00fablica","pol\u00edtica","Tribunais"],"articleSection":["Not\u00edcias"],"inLanguage":"pt-PT"},{"@type":"WebPage","@id":"https:\/\/portaltela.pt\/noticias\/2026\/03\/10\/miguel-alves-interrogado-pelo-tc-sobre-centro-de-exposicoes-em-caminha\/","url":"https:\/\/portaltela.pt\/noticias\/2026\/03\/10\/miguel-alves-interrogado-pelo-tc-sobre-centro-de-exposicoes-em-caminha\/","name":"Miguel Alves interrogado pelo TC sobre centro de exposi\u00e7\u00f5es em Caminha - Portal Tela Portugal","isPartOf":{"@id":"https:\/\/portaltela.pt\/#website"},"primaryImageOfPage":{"@id":"https:\/\/portaltela.pt\/noticias\/2026\/03\/10\/miguel-alves-interrogado-pelo-tc-sobre-centro-de-exposicoes-em-caminha\/#primaryimage"},"image":{"@id":"https:\/\/portaltela.pt\/noticias\/2026\/03\/10\/miguel-alves-interrogado-pelo-tc-sobre-centro-de-exposicoes-em-caminha\/#primaryimage"},"thumbnailUrl":"https:\/\/portaltela.pt\/s.01k8rhncp4jt1\/2026\/03\/image-648.jpg","datePublished":"2026-03-10T16:50:00+00:00","author":{"@id":"https:\/\/portaltela.pt\/#\/schema\/person\/c4278d4a6028830caff9ee44b42d32ed"},"breadcrumb":{"@id":"https:\/\/portaltela.pt\/noticias\/2026\/03\/10\/miguel-alves-interrogado-pelo-tc-sobre-centro-de-exposicoes-em-caminha\/#breadcrumb"},"inLanguage":"pt-PT","potentialAction":[{"@type":"ReadAction","target":["https:\/\/portaltela.pt\/noticias\/2026\/03\/10\/miguel-alves-interrogado-pelo-tc-sobre-centro-de-exposicoes-em-caminha\/"]}]},{"@type":"ImageObject","inLanguage":"pt-PT","@id":"https:\/\/portaltela.pt\/noticias\/2026\/03\/10\/miguel-alves-interrogado-pelo-tc-sobre-centro-de-exposicoes-em-caminha\/#primaryimage","url":"https:\/\/portaltela.pt\/s.01k8rhncp4jt1\/2026\/03\/image-648.jpg","contentUrl":"https:\/\/portaltela.pt\/s.01k8rhncp4jt1\/2026\/03\/image-648.jpg","width":796,"height":448,"caption":"Miguel Alves, ex-presidente da C\u00e2mara de Caminha"},{"@type":"BreadcrumbList","@id":"https:\/\/portaltela.pt\/noticias\/2026\/03\/10\/miguel-alves-interrogado-pelo-tc-sobre-centro-de-exposicoes-em-caminha\/#breadcrumb","itemListElement":[{"@type":"ListItem","position":1,"name":"In\u00edcio","item":"https:\/\/portaltela.pt\/"},{"@type":"ListItem","position":2,"name":"Miguel Alves interrogado pelo TC sobre centro de exposi\u00e7\u00f5es em Caminha"}]},{"@type":"WebSite","@id":"https:\/\/portaltela.pt\/#website","url":"https:\/\/portaltela.pt\/","name":"Portal Tela Portugal","description":"","potentialAction":[{"@type":"SearchAction","target":{"@type":"EntryPoint","urlTemplate":"https:\/\/portaltela.pt\/?s={search_term_string}"},"query-input":{"@type":"PropertyValueSpecification","valueRequired":true,"valueName":"search_term_string"}}],"inLanguage":"pt-PT"},{"@type":"Person","@id":"https:\/\/portaltela.pt\/#\/schema\/person\/c4278d4a6028830caff9ee44b42d32ed","name":"Telinha","image":{"@type":"ImageObject","inLanguage":"pt-PT","@id":"https:\/\/portaltela.pt\/s.01k8rhncp4jt1\/2025\/11\/talking-bot-125x125.png","url":"https:\/\/portaltela.pt\/s.01k8rhncp4jt1\/2025\/11\/talking-bot-125x125.png","contentUrl":"https:\/\/portaltela.pt\/s.01k8rhncp4jt1\/2025\/11\/talking-bot-125x125.png","caption":"Telinha"},"sameAs":["https:\/\/portaltela.pt\/"],"url":"https:\/\/portaltela.pt\/por\/367410592786\/"}]}},"_links":{"self":[{"href":"https:\/\/portaltela.pt\/api\/wp\/v2\/posts\/404853","targetHints":{"allow":["GET"]}}],"collection":[{"href":"https:\/\/portaltela.pt\/api\/wp\/v2\/posts"}],"about":[{"href":"https:\/\/portaltela.pt\/api\/wp\/v2\/types\/post"}],"author":[{"embeddable":true,"href":"https:\/\/portaltela.pt\/api\/wp\/v2\/users\/2"}],"replies":[{"embeddable":true,"href":"https:\/\/portaltela.pt\/api\/wp\/v2\/comments?post=404853"}],"version-history":[{"count":0,"href":"https:\/\/portaltela.pt\/api\/wp\/v2\/posts\/404853\/revisions"}],"wp:featuredmedia":[{"embeddable":true,"href":"https:\/\/portaltela.pt\/api\/wp\/v2\/media\/404854"}],"wp:attachment":[{"href":"https:\/\/portaltela.pt\/api\/wp\/v2\/media?parent=404853"}],"wp:term":[{"taxonomy":"category","embeddable":true,"href":"https:\/\/portaltela.pt\/api\/wp\/v2\/categories?post=404853"},{"taxonomy":"post_tag","embeddable":true,"href":"https:\/\/portaltela.pt\/api\/wp\/v2\/tags?post=404853"}],"curies":[{"name":"wp","href":"https:\/\/api.w.org\/{rel}","templated":true}]}}