{"id":404845,"date":"2026-03-10T12:31:00","date_gmt":"2026-03-10T15:31:00","guid":{"rendered":"https:\/\/portaltela.pt\/noticias\/2026\/03\/10\/parlamento-europeu-aprova-nomeacao-de-boris-vujcic-como-vice-presidente-do-bce\/"},"modified":"2026-03-10T12:31:00","modified_gmt":"2026-03-10T15:31:00","slug":"parlamento-europeu-aprova-nomeacao-de-boris-vujcic-como-vice-presidente-do-bce","status":"publish","type":"post","link":"https:\/\/portaltela.pt\/noticias\/economia\/2026\/03\/10\/parlamento-europeu-aprova-nomeacao-de-boris-vujcic-como-vice-presidente-do-bce\/","title":{"rendered":"Parlamento Europeu aprova nomea\u00e7\u00e3o de Boris Vuj\u010di\u0107 como vice-presidente do BCE"},"content":{"rendered":"<p>O Parlamento Europeu aprovou hoje a nomea\u00e7\u00e3o de Boris Vuj\u010di\u0107 para o cargo de vice-presidente do Banco Central Europeu (BCE). A decis\u00e3o ocorreu durante a sess\u00e3o plen\u00e1ria, em Estrasburgo, como parte do processo de nomea\u00e7\u00e3o que acompanha o BCE. O objetivo \u00e9 fortalecer a lideran\u00e7a da institui\u00e7\u00e3o na condu\u00e7\u00e3o da pol\u00edtica monet\u00e1ria da Uni\u00e3o.<\/p>\n<p>Vuj\u010di\u0107 \u00e9, \u00e0 data, governador do banco central da Cro\u00e1cia, cargo que o tornou conhecido no panorama financeiro europeu. A nomea\u00e7\u00e3o foi apresentada no \u00e2mbito do procedimento comum entre as institui\u00e7\u00f5es da UE, seguindo os tr\u00e2mites previstos para cargos de alto grau dentro do BCE.<\/p>\n<p>A nomea\u00e7\u00e3o est\u00e1 sujeita a procedimentos adicionais e \u00e0 confirma\u00e7\u00e3o final pelos \u00f3rg\u00e3os competentes da UE. O BCE permanece com a fun\u00e7\u00e3o de assegurar a estabilidade de pre\u00e7os e o funcionamento harmonizado do euro, com o novo vice-presidente a desempenhar fun\u00e7\u00f5es estrat\u00e9gicas ao lado do presidente.<\/p>\n","protected":false},"excerpt":{"rendered":"<ul>\n<li>O parlamento europeu aprovou a nomea\u00e7\u00e3o de Boris Vuj\u010di\u0107 para vice-presidente do Banco Central Europeu (BCE).<\/li>\n<li>O conte\u00fado completo da not\u00edcia est\u00e1 dispon\u00edvel apenas para subscritores. Entre para ver mais detalhes.<\/li>\n<\/ul>\n","protected":false},"author":2,"featured_media":404850,"comment_status":"closed","ping_status":"closed","sticky":false,"template":"","format":"standard","meta":{"footnotes":""},"categories":[2,6850],"tags":[6115,5397,1157,2487,5511,2055],"class_list":["post-404845","post","type-post","status-publish","format-standard","has-post-thumbnail","hentry","category-economia","category-financas","tag-_economia","tag-banco-central-europeu","tag-estrasburgo","tag-europa","tag-politica-monetaria","tag-uniao-europeia"],"yoast_head":"<!-- This site is optimized with the Yoast SEO plugin v27.2 - https:\/\/yoast.com\/product\/yoast-seo-wordpress\/ -->\n<title>Parlamento Europeu aprova nomea\u00e7\u00e3o de Boris Vuj\u010di\u0107 como vice-presidente do BCE - Portal Tela Portugal<\/title>\n<meta name=\"robots\" content=\"index, follow, max-snippet:-1, max-image-preview:large, max-video-preview:-1\" \/>\n<meta property=\"og:locale\" content=\"pt_PT\" \/>\n<meta property=\"og:type\" content=\"article\" \/>\n<meta property=\"og:title\" content=\"Parlamento Europeu aprova nomea\u00e7\u00e3o de Boris Vuj\u010di\u0107 como vice-presidente do BCE - Portal Tela Portugal\" \/>\n<meta property=\"og:description\" content=\"O parlamento europeu aprovou a nomea\u00e7\u00e3o de Boris Vuj\u010di\u0107 para vice-presidente do Banco Central Europeu (BCE). O conte\u00fado completo da not\u00edcia est\u00e1 dispon\u00edvel apenas para subscritores. Entre para ver mais detalhes.\" \/>\n<meta property=\"og:url\" content=\"https:\/\/portaltela.pt\/noticias\/2026\/03\/10\/parlamento-europeu-aprova-nomeacao-de-boris-vujcic-como-vice-presidente-do-bce\/\" \/>\n<meta property=\"og:site_name\" content=\"Portal Tela Portugal\" \/>\n<meta property=\"article:published_time\" content=\"2026-03-10T15:31:00+00:00\" \/>\n<meta name=\"author\" content=\"Telinha\" \/>\n<meta name=\"twitter:card\" content=\"summary_large_image\" \/>\n<meta name=\"twitter:label1\" content=\"Escrito por\" \/>\n\t<meta name=\"twitter:data1\" content=\"Telinha\" \/>\n\t<meta name=\"twitter:label2\" content=\"Tempo estimado de leitura\" \/>\n\t<meta name=\"twitter:data2\" content=\"1 minuto\" \/>\n<script type=\"application\/ld+json\" class=\"yoast-schema-graph\">{\"@context\":\"https:\/\/schema.org\",\"@graph\":[{\"@type\":\"Article\",\"@id\":\"https:\/\/portaltela.pt\/noticias\/2026\/03\/10\/parlamento-europeu-aprova-nomeacao-de-boris-vujcic-como-vice-presidente-do-bce\/#article\",\"isPartOf\":{\"@id\":\"https:\/\/portaltela.pt\/noticias\/2026\/03\/10\/parlamento-europeu-aprova-nomeacao-de-boris-vujcic-como-vice-presidente-do-bce\/\"},\"author\":{\"name\":\"Telinha\",\"@id\":\"https:\/\/portaltela.pt\/#\/schema\/person\/c4278d4a6028830caff9ee44b42d32ed\"},\"headline\":\"Parlamento Europeu aprova nomea\u00e7\u00e3o de Boris Vuj\u010di\u0107 como vice-presidente do BCE\",\"datePublished\":\"2026-03-10T15:31:00+00:00\",\"mainEntityOfPage\":{\"@id\":\"https:\/\/portaltela.pt\/noticias\/2026\/03\/10\/parlamento-europeu-aprova-nomeacao-de-boris-vujcic-como-vice-presidente-do-bce\/\"},\"wordCount\":178,\"image\":{\"@id\":\"https:\/\/portaltela.pt\/noticias\/2026\/03\/10\/parlamento-europeu-aprova-nomeacao-de-boris-vujcic-como-vice-presidente-do-bce\/#primaryimage\"},\"thumbnailUrl\":\"https:\/\/portaltela.pt\/s.01k8rhncp4jt1\/2026\/03\/CACHE_780X1200_ANALOG_WATERMARKED_42220895_447261317744909.jpg\",\"keywords\":[\"_economia\",\"Banco Central Europeu\",\"Estrasburgo\",\"Europa\",\"pol\u00edtica monet\u00e1ria\",\"Uni\u00e3o Europeia\"],\"articleSection\":[\"Economia\",\"Finan\u00e7as\"],\"inLanguage\":\"pt-PT\"},{\"@type\":\"WebPage\",\"@id\":\"https:\/\/portaltela.pt\/noticias\/2026\/03\/10\/parlamento-europeu-aprova-nomeacao-de-boris-vujcic-como-vice-presidente-do-bce\/\",\"url\":\"https:\/\/portaltela.pt\/noticias\/2026\/03\/10\/parlamento-europeu-aprova-nomeacao-de-boris-vujcic-como-vice-presidente-do-bce\/\",\"name\":\"Parlamento Europeu aprova nomea\u00e7\u00e3o de Boris Vuj\u010di\u0107 como vice-presidente do BCE - Portal Tela Portugal\",\"isPartOf\":{\"@id\":\"https:\/\/portaltela.pt\/#website\"},\"primaryImageOfPage\":{\"@id\":\"https:\/\/portaltela.pt\/noticias\/2026\/03\/10\/parlamento-europeu-aprova-nomeacao-de-boris-vujcic-como-vice-presidente-do-bce\/#primaryimage\"},\"image\":{\"@id\":\"https:\/\/portaltela.pt\/noticias\/2026\/03\/10\/parlamento-europeu-aprova-nomeacao-de-boris-vujcic-como-vice-presidente-do-bce\/#primaryimage\"},\"thumbnailUrl\":\"https:\/\/portaltela.pt\/s.01k8rhncp4jt1\/2026\/03\/CACHE_780X1200_ANALOG_WATERMARKED_42220895_447261317744909.jpg\",\"datePublished\":\"2026-03-10T15:31:00+00:00\",\"author\":{\"@id\":\"https:\/\/portaltela.pt\/#\/schema\/person\/c4278d4a6028830caff9ee44b42d32ed\"},\"breadcrumb\":{\"@id\":\"https:\/\/portaltela.pt\/noticias\/2026\/03\/10\/parlamento-europeu-aprova-nomeacao-de-boris-vujcic-como-vice-presidente-do-bce\/#breadcrumb\"},\"inLanguage\":\"pt-PT\",\"potentialAction\":[{\"@type\":\"ReadAction\",\"target\":[\"https:\/\/portaltela.pt\/noticias\/2026\/03\/10\/parlamento-europeu-aprova-nomeacao-de-boris-vujcic-como-vice-presidente-do-bce\/\"]}]},{\"@type\":\"ImageObject\",\"inLanguage\":\"pt-PT\",\"@id\":\"https:\/\/portaltela.pt\/noticias\/2026\/03\/10\/parlamento-europeu-aprova-nomeacao-de-boris-vujcic-como-vice-presidente-do-bce\/#primaryimage\",\"url\":\"https:\/\/portaltela.pt\/s.01k8rhncp4jt1\/2026\/03\/CACHE_780X1200_ANALOG_WATERMARKED_42220895_447261317744909.jpg\",\"contentUrl\":\"https:\/\/portaltela.pt\/s.01k8rhncp4jt1\/2026\/03\/CACHE_780X1200_ANALOG_WATERMARKED_42220895_447261317744909.jpg\",\"width\":796,\"height\":448,\"caption\":\"Photo\"},{\"@type\":\"BreadcrumbList\",\"@id\":\"https:\/\/portaltela.pt\/noticias\/2026\/03\/10\/parlamento-europeu-aprova-nomeacao-de-boris-vujcic-como-vice-presidente-do-bce\/#breadcrumb\",\"itemListElement\":[{\"@type\":\"ListItem\",\"position\":1,\"name\":\"In\u00edcio\",\"item\":\"https:\/\/portaltela.pt\/\"},{\"@type\":\"ListItem\",\"position\":2,\"name\":\"Parlamento Europeu aprova nomea\u00e7\u00e3o de Boris Vuj\u010di\u0107 como vice-presidente do BCE\"}]},{\"@type\":\"WebSite\",\"@id\":\"https:\/\/portaltela.pt\/#website\",\"url\":\"https:\/\/portaltela.pt\/\",\"name\":\"Portal Tela Portugal\",\"description\":\"\",\"potentialAction\":[{\"@type\":\"SearchAction\",\"target\":{\"@type\":\"EntryPoint\",\"urlTemplate\":\"https:\/\/portaltela.pt\/?s={search_term_string}\"},\"query-input\":{\"@type\":\"PropertyValueSpecification\",\"valueRequired\":true,\"valueName\":\"search_term_string\"}}],\"inLanguage\":\"pt-PT\"},{\"@type\":\"Person\",\"@id\":\"https:\/\/portaltela.pt\/#\/schema\/person\/c4278d4a6028830caff9ee44b42d32ed\",\"name\":\"Telinha\",\"image\":{\"@type\":\"ImageObject\",\"inLanguage\":\"pt-PT\",\"@id\":\"https:\/\/portaltela.pt\/s.01k8rhncp4jt1\/2025\/11\/talking-bot-125x125.png\",\"url\":\"https:\/\/portaltela.pt\/s.01k8rhncp4jt1\/2025\/11\/talking-bot-125x125.png\",\"contentUrl\":\"https:\/\/portaltela.pt\/s.01k8rhncp4jt1\/2025\/11\/talking-bot-125x125.png\",\"caption\":\"Telinha\"},\"sameAs\":[\"https:\/\/portaltela.pt\/\"],\"url\":\"https:\/\/portaltela.pt\/por\/367410592786\/\"}]}<\/script>\n<!-- \/ Yoast SEO plugin. -->","yoast_head_json":{"title":"Parlamento Europeu aprova nomea\u00e7\u00e3o de Boris Vuj\u010di\u0107 como vice-presidente do BCE - Portal Tela Portugal","robots":{"index":"index","follow":"follow","max-snippet":"max-snippet:-1","max-image-preview":"max-image-preview:large","max-video-preview":"max-video-preview:-1"},"og_locale":"pt_PT","og_type":"article","og_title":"Parlamento Europeu aprova nomea\u00e7\u00e3o de Boris Vuj\u010di\u0107 como vice-presidente do BCE - Portal Tela Portugal","og_description":"O parlamento europeu aprovou a nomea\u00e7\u00e3o de Boris Vuj\u010di\u0107 para vice-presidente do Banco Central Europeu (BCE). O conte\u00fado completo da not\u00edcia est\u00e1 dispon\u00edvel apenas para subscritores. Entre para ver mais detalhes.","og_url":"https:\/\/portaltela.pt\/noticias\/2026\/03\/10\/parlamento-europeu-aprova-nomeacao-de-boris-vujcic-como-vice-presidente-do-bce\/","og_site_name":"Portal Tela Portugal","article_published_time":"2026-03-10T15:31:00+00:00","author":"Telinha","twitter_card":"summary_large_image","twitter_misc":{"Escrito por":"Telinha","Tempo estimado de leitura":"1 minuto"},"schema":{"@context":"https:\/\/schema.org","@graph":[{"@type":"Article","@id":"https:\/\/portaltela.pt\/noticias\/2026\/03\/10\/parlamento-europeu-aprova-nomeacao-de-boris-vujcic-como-vice-presidente-do-bce\/#article","isPartOf":{"@id":"https:\/\/portaltela.pt\/noticias\/2026\/03\/10\/parlamento-europeu-aprova-nomeacao-de-boris-vujcic-como-vice-presidente-do-bce\/"},"author":{"name":"Telinha","@id":"https:\/\/portaltela.pt\/#\/schema\/person\/c4278d4a6028830caff9ee44b42d32ed"},"headline":"Parlamento Europeu aprova nomea\u00e7\u00e3o de Boris Vuj\u010di\u0107 como vice-presidente do BCE","datePublished":"2026-03-10T15:31:00+00:00","mainEntityOfPage":{"@id":"https:\/\/portaltela.pt\/noticias\/2026\/03\/10\/parlamento-europeu-aprova-nomeacao-de-boris-vujcic-como-vice-presidente-do-bce\/"},"wordCount":178,"image":{"@id":"https:\/\/portaltela.pt\/noticias\/2026\/03\/10\/parlamento-europeu-aprova-nomeacao-de-boris-vujcic-como-vice-presidente-do-bce\/#primaryimage"},"thumbnailUrl":"https:\/\/portaltela.pt\/s.01k8rhncp4jt1\/2026\/03\/CACHE_780X1200_ANALOG_WATERMARKED_42220895_447261317744909.jpg","keywords":["_economia","Banco Central Europeu","Estrasburgo","Europa","pol\u00edtica monet\u00e1ria","Uni\u00e3o Europeia"],"articleSection":["Economia","Finan\u00e7as"],"inLanguage":"pt-PT"},{"@type":"WebPage","@id":"https:\/\/portaltela.pt\/noticias\/2026\/03\/10\/parlamento-europeu-aprova-nomeacao-de-boris-vujcic-como-vice-presidente-do-bce\/","url":"https:\/\/portaltela.pt\/noticias\/2026\/03\/10\/parlamento-europeu-aprova-nomeacao-de-boris-vujcic-como-vice-presidente-do-bce\/","name":"Parlamento Europeu aprova nomea\u00e7\u00e3o de Boris Vuj\u010di\u0107 como vice-presidente do BCE - Portal Tela Portugal","isPartOf":{"@id":"https:\/\/portaltela.pt\/#website"},"primaryImageOfPage":{"@id":"https:\/\/portaltela.pt\/noticias\/2026\/03\/10\/parlamento-europeu-aprova-nomeacao-de-boris-vujcic-como-vice-presidente-do-bce\/#primaryimage"},"image":{"@id":"https:\/\/portaltela.pt\/noticias\/2026\/03\/10\/parlamento-europeu-aprova-nomeacao-de-boris-vujcic-como-vice-presidente-do-bce\/#primaryimage"},"thumbnailUrl":"https:\/\/portaltela.pt\/s.01k8rhncp4jt1\/2026\/03\/CACHE_780X1200_ANALOG_WATERMARKED_42220895_447261317744909.jpg","datePublished":"2026-03-10T15:31:00+00:00","author":{"@id":"https:\/\/portaltela.pt\/#\/schema\/person\/c4278d4a6028830caff9ee44b42d32ed"},"breadcrumb":{"@id":"https:\/\/portaltela.pt\/noticias\/2026\/03\/10\/parlamento-europeu-aprova-nomeacao-de-boris-vujcic-como-vice-presidente-do-bce\/#breadcrumb"},"inLanguage":"pt-PT","potentialAction":[{"@type":"ReadAction","target":["https:\/\/portaltela.pt\/noticias\/2026\/03\/10\/parlamento-europeu-aprova-nomeacao-de-boris-vujcic-como-vice-presidente-do-bce\/"]}]},{"@type":"ImageObject","inLanguage":"pt-PT","@id":"https:\/\/portaltela.pt\/noticias\/2026\/03\/10\/parlamento-europeu-aprova-nomeacao-de-boris-vujcic-como-vice-presidente-do-bce\/#primaryimage","url":"https:\/\/portaltela.pt\/s.01k8rhncp4jt1\/2026\/03\/CACHE_780X1200_ANALOG_WATERMARKED_42220895_447261317744909.jpg","contentUrl":"https:\/\/portaltela.pt\/s.01k8rhncp4jt1\/2026\/03\/CACHE_780X1200_ANALOG_WATERMARKED_42220895_447261317744909.jpg","width":796,"height":448,"caption":"Photo"},{"@type":"BreadcrumbList","@id":"https:\/\/portaltela.pt\/noticias\/2026\/03\/10\/parlamento-europeu-aprova-nomeacao-de-boris-vujcic-como-vice-presidente-do-bce\/#breadcrumb","itemListElement":[{"@type":"ListItem","position":1,"name":"In\u00edcio","item":"https:\/\/portaltela.pt\/"},{"@type":"ListItem","position":2,"name":"Parlamento Europeu aprova nomea\u00e7\u00e3o de Boris Vuj\u010di\u0107 como vice-presidente do BCE"}]},{"@type":"WebSite","@id":"https:\/\/portaltela.pt\/#website","url":"https:\/\/portaltela.pt\/","name":"Portal Tela Portugal","description":"","potentialAction":[{"@type":"SearchAction","target":{"@type":"EntryPoint","urlTemplate":"https:\/\/portaltela.pt\/?s={search_term_string}"},"query-input":{"@type":"PropertyValueSpecification","valueRequired":true,"valueName":"search_term_string"}}],"inLanguage":"pt-PT"},{"@type":"Person","@id":"https:\/\/portaltela.pt\/#\/schema\/person\/c4278d4a6028830caff9ee44b42d32ed","name":"Telinha","image":{"@type":"ImageObject","inLanguage":"pt-PT","@id":"https:\/\/portaltela.pt\/s.01k8rhncp4jt1\/2025\/11\/talking-bot-125x125.png","url":"https:\/\/portaltela.pt\/s.01k8rhncp4jt1\/2025\/11\/talking-bot-125x125.png","contentUrl":"https:\/\/portaltela.pt\/s.01k8rhncp4jt1\/2025\/11\/talking-bot-125x125.png","caption":"Telinha"},"sameAs":["https:\/\/portaltela.pt\/"],"url":"https:\/\/portaltela.pt\/por\/367410592786\/"}]}},"_links":{"self":[{"href":"https:\/\/portaltela.pt\/api\/wp\/v2\/posts\/404845","targetHints":{"allow":["GET"]}}],"collection":[{"href":"https:\/\/portaltela.pt\/api\/wp\/v2\/posts"}],"about":[{"href":"https:\/\/portaltela.pt\/api\/wp\/v2\/types\/post"}],"author":[{"embeddable":true,"href":"https:\/\/portaltela.pt\/api\/wp\/v2\/users\/2"}],"replies":[{"embeddable":true,"href":"https:\/\/portaltela.pt\/api\/wp\/v2\/comments?post=404845"}],"version-history":[{"count":0,"href":"https:\/\/portaltela.pt\/api\/wp\/v2\/posts\/404845\/revisions"}],"wp:featuredmedia":[{"embeddable":true,"href":"https:\/\/portaltela.pt\/api\/wp\/v2\/media\/404850"}],"wp:attachment":[{"href":"https:\/\/portaltela.pt\/api\/wp\/v2\/media?parent=404845"}],"wp:term":[{"taxonomy":"category","embeddable":true,"href":"https:\/\/portaltela.pt\/api\/wp\/v2\/categories?post=404845"},{"taxonomy":"post_tag","embeddable":true,"href":"https:\/\/portaltela.pt\/api\/wp\/v2\/tags?post=404845"}],"curies":[{"name":"wp","href":"https:\/\/api.w.org\/{rel}","templated":true}]}}