{"id":404841,"date":"2026-03-10T13:47:00","date_gmt":"2026-03-10T16:47:00","guid":{"rendered":"https:\/\/portaltela.pt\/noticias\/2026\/03\/10\/governo-angolano-preocupado-com-impacto-da-seca-na-producao-agricola\/"},"modified":"2026-03-10T13:47:00","modified_gmt":"2026-03-10T16:47:00","slug":"governo-angolano-preocupado-com-impacto-da-seca-na-producao-agricola","status":"publish","type":"post","link":"https:\/\/portaltela.pt\/noticias\/2026\/03\/10\/governo-angolano-preocupado-com-impacto-da-seca-na-producao-agricola\/","title":{"rendered":"Governo angolano preocupado com impacto da seca na produ\u00e7\u00e3o agr\u00edcola"},"content":{"rendered":"<p>O Governo angolano declarou preocupa\u00e7\u00e3o com o impacto da escassez de chuva na produ\u00e7\u00e3o agr\u00edcola. A sinaliza\u00e7\u00e3o surge ap\u00f3s avalia\u00e7\u00f5es clim\u00e1ticas recentes e proje\u00e7\u00f5es para v\u00e1rias regi\u00f5es do pa\u00eds.<\/p>\n<p>Autoridades do Minist\u00e9rio da Agricultura acompanham o desenvolvimento com \u00f3rg\u00e3os de coordena\u00e7\u00e3o regional e entidades de apoio ao setor, buscando medidas de mitiga\u00e7\u00e3o.<\/p>\n<p>A comunica\u00e7\u00e3o oficial n\u00e3o detalha a\u00e7\u00f5es espec\u00edficas nem prazos, limitando-se a indicar avalia\u00e7\u00e3o de riscos para a produ\u00e7\u00e3o agr\u00edcola.<\/p>\n","protected":false},"excerpt":{"rendered":"<ul>\n<li>O governo angolano est\u00e1 preocupado com o efeito da escassez de chuva na produ\u00e7\u00e3o agr\u00edcola.<\/li>\n<li>A escassez de precipita\u00e7\u00e3o pode comprometer as safras e o rendimento dos agricultores.<\/li>\n<li>Autoridades destacam a necessidade de monitoriza\u00e7\u00e3o e de medidas para mitigar o impacto.<\/li>\n<li>O conte\u00fado completo est\u00e1 dispon\u00edvel apenas para subscritores.<\/li>\n<li>N\u00e3o h\u00e1, neste momento, divulga\u00e7\u00e3o de informa\u00e7\u00f5es adicionais p\u00fablicas sobre o tema.<\/li>\n<\/ul>\n","protected":false},"author":2,"featured_media":404847,"comment_status":"closed","ping_status":"closed","sticky":false,"template":"","format":"standard","meta":{"footnotes":""},"categories":[6725,1],"tags":[4914,5227,4837,6813,28,2867],"class_list":["post-404841","post","type-post","status-publish","format-standard","has-post-thumbnail","hentry","category-meio-ambiente","category-noticias","tag-a-agricultura","tag-africa","tag-angola","tag-desenvolvimento-rural","tag-economia","tag-seguranca-alimentar"],"yoast_head":"<!-- This site is optimized with the Yoast SEO plugin v27.2 - https:\/\/yoast.com\/product\/yoast-seo-wordpress\/ -->\n<title>Governo angolano preocupado com impacto da seca na produ\u00e7\u00e3o agr\u00edcola - Portal Tela Portugal<\/title>\n<meta name=\"robots\" content=\"index, follow, max-snippet:-1, max-image-preview:large, max-video-preview:-1\" \/>\n<meta property=\"og:locale\" content=\"pt_PT\" \/>\n<meta property=\"og:type\" content=\"article\" \/>\n<meta property=\"og:title\" content=\"Governo angolano preocupado com impacto da seca na produ\u00e7\u00e3o agr\u00edcola - Portal Tela Portugal\" \/>\n<meta property=\"og:description\" content=\"O governo angolano est\u00e1 preocupado com o efeito da escassez de chuva na produ\u00e7\u00e3o agr\u00edcola. A escassez de precipita\u00e7\u00e3o pode comprometer as safras e o rendimento dos agricultores. Autoridades destacam a necessidade de monitoriza\u00e7\u00e3o e de medidas para mitigar o impacto. O conte\u00fado completo est\u00e1 dispon\u00edvel apenas para subscritores. N\u00e3o h\u00e1, neste momento, divulga\u00e7\u00e3o de informa\u00e7\u00f5es adicionais p\u00fablicas sobre o tema.\" \/>\n<meta property=\"og:url\" content=\"https:\/\/portaltela.pt\/noticias\/2026\/03\/10\/governo-angolano-preocupado-com-impacto-da-seca-na-producao-agricola\/\" \/>\n<meta property=\"og:site_name\" content=\"Portal Tela Portugal\" \/>\n<meta property=\"article:published_time\" content=\"2026-03-10T16:47:00+00:00\" \/>\n<meta name=\"author\" content=\"Telinha\" \/>\n<meta name=\"twitter:card\" content=\"summary_large_image\" \/>\n<meta name=\"twitter:label1\" content=\"Escrito por\" \/>\n\t<meta name=\"twitter:data1\" content=\"Telinha\" \/>\n<script type=\"application\/ld+json\" class=\"yoast-schema-graph\">{\"@context\":\"https:\/\/schema.org\",\"@graph\":[{\"@type\":\"Article\",\"@id\":\"https:\/\/portaltela.pt\/noticias\/2026\/03\/10\/governo-angolano-preocupado-com-impacto-da-seca-na-producao-agricola\/#article\",\"isPartOf\":{\"@id\":\"https:\/\/portaltela.pt\/noticias\/2026\/03\/10\/governo-angolano-preocupado-com-impacto-da-seca-na-producao-agricola\/\"},\"author\":{\"name\":\"Telinha\",\"@id\":\"https:\/\/portaltela.pt\/#\/schema\/person\/c4278d4a6028830caff9ee44b42d32ed\"},\"headline\":\"Governo angolano preocupado com impacto da seca na produ\u00e7\u00e3o agr\u00edcola\",\"datePublished\":\"2026-03-10T16:47:00+00:00\",\"mainEntityOfPage\":{\"@id\":\"https:\/\/portaltela.pt\/noticias\/2026\/03\/10\/governo-angolano-preocupado-com-impacto-da-seca-na-producao-agricola\/\"},\"wordCount\":105,\"image\":{\"@id\":\"https:\/\/portaltela.pt\/noticias\/2026\/03\/10\/governo-angolano-preocupado-com-impacto-da-seca-na-producao-agricola\/#primaryimage\"},\"thumbnailUrl\":\"https:\/\/portaltela.pt\/s.01k8rhncp4jt1\/2026\/03\/CACHE_780X1200_ANALOG_WATERMARKED_10403269_1155956_23042019043343.jpg\",\"keywords\":[\"A agricultura\",\"\u00c1frica\",\"Angola\",\"desenvolvimento rural\",\"economia\",\"Seguran\u00e7a Alimentar\"],\"articleSection\":[\"Meio Ambiente\",\"Not\u00edcias\"],\"inLanguage\":\"pt-PT\"},{\"@type\":\"WebPage\",\"@id\":\"https:\/\/portaltela.pt\/noticias\/2026\/03\/10\/governo-angolano-preocupado-com-impacto-da-seca-na-producao-agricola\/\",\"url\":\"https:\/\/portaltela.pt\/noticias\/2026\/03\/10\/governo-angolano-preocupado-com-impacto-da-seca-na-producao-agricola\/\",\"name\":\"Governo angolano preocupado com impacto da seca na produ\u00e7\u00e3o agr\u00edcola - Portal Tela Portugal\",\"isPartOf\":{\"@id\":\"https:\/\/portaltela.pt\/#website\"},\"primaryImageOfPage\":{\"@id\":\"https:\/\/portaltela.pt\/noticias\/2026\/03\/10\/governo-angolano-preocupado-com-impacto-da-seca-na-producao-agricola\/#primaryimage\"},\"image\":{\"@id\":\"https:\/\/portaltela.pt\/noticias\/2026\/03\/10\/governo-angolano-preocupado-com-impacto-da-seca-na-producao-agricola\/#primaryimage\"},\"thumbnailUrl\":\"https:\/\/portaltela.pt\/s.01k8rhncp4jt1\/2026\/03\/CACHE_780X1200_ANALOG_WATERMARKED_10403269_1155956_23042019043343.jpg\",\"datePublished\":\"2026-03-10T16:47:00+00:00\",\"author\":{\"@id\":\"https:\/\/portaltela.pt\/#\/schema\/person\/c4278d4a6028830caff9ee44b42d32ed\"},\"breadcrumb\":{\"@id\":\"https:\/\/portaltela.pt\/noticias\/2026\/03\/10\/governo-angolano-preocupado-com-impacto-da-seca-na-producao-agricola\/#breadcrumb\"},\"inLanguage\":\"pt-PT\",\"potentialAction\":[{\"@type\":\"ReadAction\",\"target\":[\"https:\/\/portaltela.pt\/noticias\/2026\/03\/10\/governo-angolano-preocupado-com-impacto-da-seca-na-producao-agricola\/\"]}]},{\"@type\":\"ImageObject\",\"inLanguage\":\"pt-PT\",\"@id\":\"https:\/\/portaltela.pt\/noticias\/2026\/03\/10\/governo-angolano-preocupado-com-impacto-da-seca-na-producao-agricola\/#primaryimage\",\"url\":\"https:\/\/portaltela.pt\/s.01k8rhncp4jt1\/2026\/03\/CACHE_780X1200_ANALOG_WATERMARKED_10403269_1155956_23042019043343.jpg\",\"contentUrl\":\"https:\/\/portaltela.pt\/s.01k8rhncp4jt1\/2026\/03\/CACHE_780X1200_ANALOG_WATERMARKED_10403269_1155956_23042019043343.jpg\",\"width\":796,\"height\":448,\"caption\":\"Governo angolano preocupado com efeito da escassez de chuva na produ\u00e7\u00e3o agr\u00edcola\"},{\"@type\":\"BreadcrumbList\",\"@id\":\"https:\/\/portaltela.pt\/noticias\/2026\/03\/10\/governo-angolano-preocupado-com-impacto-da-seca-na-producao-agricola\/#breadcrumb\",\"itemListElement\":[{\"@type\":\"ListItem\",\"position\":1,\"name\":\"In\u00edcio\",\"item\":\"https:\/\/portaltela.pt\/\"},{\"@type\":\"ListItem\",\"position\":2,\"name\":\"Governo angolano preocupado com impacto da seca na produ\u00e7\u00e3o agr\u00edcola\"}]},{\"@type\":\"WebSite\",\"@id\":\"https:\/\/portaltela.pt\/#website\",\"url\":\"https:\/\/portaltela.pt\/\",\"name\":\"Portal Tela Portugal\",\"description\":\"\",\"potentialAction\":[{\"@type\":\"SearchAction\",\"target\":{\"@type\":\"EntryPoint\",\"urlTemplate\":\"https:\/\/portaltela.pt\/?s={search_term_string}\"},\"query-input\":{\"@type\":\"PropertyValueSpecification\",\"valueRequired\":true,\"valueName\":\"search_term_string\"}}],\"inLanguage\":\"pt-PT\"},{\"@type\":\"Person\",\"@id\":\"https:\/\/portaltela.pt\/#\/schema\/person\/c4278d4a6028830caff9ee44b42d32ed\",\"name\":\"Telinha\",\"image\":{\"@type\":\"ImageObject\",\"inLanguage\":\"pt-PT\",\"@id\":\"https:\/\/portaltela.pt\/s.01k8rhncp4jt1\/2025\/11\/talking-bot-125x125.png\",\"url\":\"https:\/\/portaltela.pt\/s.01k8rhncp4jt1\/2025\/11\/talking-bot-125x125.png\",\"contentUrl\":\"https:\/\/portaltela.pt\/s.01k8rhncp4jt1\/2025\/11\/talking-bot-125x125.png\",\"caption\":\"Telinha\"},\"sameAs\":[\"https:\/\/portaltela.pt\/\"],\"url\":\"https:\/\/portaltela.pt\/por\/367410592786\/\"}]}<\/script>\n<!-- \/ Yoast SEO plugin. -->","yoast_head_json":{"title":"Governo angolano preocupado com impacto da seca na produ\u00e7\u00e3o agr\u00edcola - Portal Tela Portugal","robots":{"index":"index","follow":"follow","max-snippet":"max-snippet:-1","max-image-preview":"max-image-preview:large","max-video-preview":"max-video-preview:-1"},"og_locale":"pt_PT","og_type":"article","og_title":"Governo angolano preocupado com impacto da seca na produ\u00e7\u00e3o agr\u00edcola - Portal Tela Portugal","og_description":"O governo angolano est\u00e1 preocupado com o efeito da escassez de chuva na produ\u00e7\u00e3o agr\u00edcola. A escassez de precipita\u00e7\u00e3o pode comprometer as safras e o rendimento dos agricultores. Autoridades destacam a necessidade de monitoriza\u00e7\u00e3o e de medidas para mitigar o impacto. O conte\u00fado completo est\u00e1 dispon\u00edvel apenas para subscritores. N\u00e3o h\u00e1, neste momento, divulga\u00e7\u00e3o de informa\u00e7\u00f5es adicionais p\u00fablicas sobre o tema.","og_url":"https:\/\/portaltela.pt\/noticias\/2026\/03\/10\/governo-angolano-preocupado-com-impacto-da-seca-na-producao-agricola\/","og_site_name":"Portal Tela Portugal","article_published_time":"2026-03-10T16:47:00+00:00","author":"Telinha","twitter_card":"summary_large_image","twitter_misc":{"Escrito por":"Telinha"},"schema":{"@context":"https:\/\/schema.org","@graph":[{"@type":"Article","@id":"https:\/\/portaltela.pt\/noticias\/2026\/03\/10\/governo-angolano-preocupado-com-impacto-da-seca-na-producao-agricola\/#article","isPartOf":{"@id":"https:\/\/portaltela.pt\/noticias\/2026\/03\/10\/governo-angolano-preocupado-com-impacto-da-seca-na-producao-agricola\/"},"author":{"name":"Telinha","@id":"https:\/\/portaltela.pt\/#\/schema\/person\/c4278d4a6028830caff9ee44b42d32ed"},"headline":"Governo angolano preocupado com impacto da seca na produ\u00e7\u00e3o agr\u00edcola","datePublished":"2026-03-10T16:47:00+00:00","mainEntityOfPage":{"@id":"https:\/\/portaltela.pt\/noticias\/2026\/03\/10\/governo-angolano-preocupado-com-impacto-da-seca-na-producao-agricola\/"},"wordCount":105,"image":{"@id":"https:\/\/portaltela.pt\/noticias\/2026\/03\/10\/governo-angolano-preocupado-com-impacto-da-seca-na-producao-agricola\/#primaryimage"},"thumbnailUrl":"https:\/\/portaltela.pt\/s.01k8rhncp4jt1\/2026\/03\/CACHE_780X1200_ANALOG_WATERMARKED_10403269_1155956_23042019043343.jpg","keywords":["A agricultura","\u00c1frica","Angola","desenvolvimento rural","economia","Seguran\u00e7a Alimentar"],"articleSection":["Meio Ambiente","Not\u00edcias"],"inLanguage":"pt-PT"},{"@type":"WebPage","@id":"https:\/\/portaltela.pt\/noticias\/2026\/03\/10\/governo-angolano-preocupado-com-impacto-da-seca-na-producao-agricola\/","url":"https:\/\/portaltela.pt\/noticias\/2026\/03\/10\/governo-angolano-preocupado-com-impacto-da-seca-na-producao-agricola\/","name":"Governo angolano preocupado com impacto da seca na produ\u00e7\u00e3o agr\u00edcola - Portal Tela Portugal","isPartOf":{"@id":"https:\/\/portaltela.pt\/#website"},"primaryImageOfPage":{"@id":"https:\/\/portaltela.pt\/noticias\/2026\/03\/10\/governo-angolano-preocupado-com-impacto-da-seca-na-producao-agricola\/#primaryimage"},"image":{"@id":"https:\/\/portaltela.pt\/noticias\/2026\/03\/10\/governo-angolano-preocupado-com-impacto-da-seca-na-producao-agricola\/#primaryimage"},"thumbnailUrl":"https:\/\/portaltela.pt\/s.01k8rhncp4jt1\/2026\/03\/CACHE_780X1200_ANALOG_WATERMARKED_10403269_1155956_23042019043343.jpg","datePublished":"2026-03-10T16:47:00+00:00","author":{"@id":"https:\/\/portaltela.pt\/#\/schema\/person\/c4278d4a6028830caff9ee44b42d32ed"},"breadcrumb":{"@id":"https:\/\/portaltela.pt\/noticias\/2026\/03\/10\/governo-angolano-preocupado-com-impacto-da-seca-na-producao-agricola\/#breadcrumb"},"inLanguage":"pt-PT","potentialAction":[{"@type":"ReadAction","target":["https:\/\/portaltela.pt\/noticias\/2026\/03\/10\/governo-angolano-preocupado-com-impacto-da-seca-na-producao-agricola\/"]}]},{"@type":"ImageObject","inLanguage":"pt-PT","@id":"https:\/\/portaltela.pt\/noticias\/2026\/03\/10\/governo-angolano-preocupado-com-impacto-da-seca-na-producao-agricola\/#primaryimage","url":"https:\/\/portaltela.pt\/s.01k8rhncp4jt1\/2026\/03\/CACHE_780X1200_ANALOG_WATERMARKED_10403269_1155956_23042019043343.jpg","contentUrl":"https:\/\/portaltela.pt\/s.01k8rhncp4jt1\/2026\/03\/CACHE_780X1200_ANALOG_WATERMARKED_10403269_1155956_23042019043343.jpg","width":796,"height":448,"caption":"Governo angolano preocupado com efeito da escassez de chuva na produ\u00e7\u00e3o agr\u00edcola"},{"@type":"BreadcrumbList","@id":"https:\/\/portaltela.pt\/noticias\/2026\/03\/10\/governo-angolano-preocupado-com-impacto-da-seca-na-producao-agricola\/#breadcrumb","itemListElement":[{"@type":"ListItem","position":1,"name":"In\u00edcio","item":"https:\/\/portaltela.pt\/"},{"@type":"ListItem","position":2,"name":"Governo angolano preocupado com impacto da seca na produ\u00e7\u00e3o agr\u00edcola"}]},{"@type":"WebSite","@id":"https:\/\/portaltela.pt\/#website","url":"https:\/\/portaltela.pt\/","name":"Portal Tela Portugal","description":"","potentialAction":[{"@type":"SearchAction","target":{"@type":"EntryPoint","urlTemplate":"https:\/\/portaltela.pt\/?s={search_term_string}"},"query-input":{"@type":"PropertyValueSpecification","valueRequired":true,"valueName":"search_term_string"}}],"inLanguage":"pt-PT"},{"@type":"Person","@id":"https:\/\/portaltela.pt\/#\/schema\/person\/c4278d4a6028830caff9ee44b42d32ed","name":"Telinha","image":{"@type":"ImageObject","inLanguage":"pt-PT","@id":"https:\/\/portaltela.pt\/s.01k8rhncp4jt1\/2025\/11\/talking-bot-125x125.png","url":"https:\/\/portaltela.pt\/s.01k8rhncp4jt1\/2025\/11\/talking-bot-125x125.png","contentUrl":"https:\/\/portaltela.pt\/s.01k8rhncp4jt1\/2025\/11\/talking-bot-125x125.png","caption":"Telinha"},"sameAs":["https:\/\/portaltela.pt\/"],"url":"https:\/\/portaltela.pt\/por\/367410592786\/"}]}},"_links":{"self":[{"href":"https:\/\/portaltela.pt\/api\/wp\/v2\/posts\/404841","targetHints":{"allow":["GET"]}}],"collection":[{"href":"https:\/\/portaltela.pt\/api\/wp\/v2\/posts"}],"about":[{"href":"https:\/\/portaltela.pt\/api\/wp\/v2\/types\/post"}],"author":[{"embeddable":true,"href":"https:\/\/portaltela.pt\/api\/wp\/v2\/users\/2"}],"replies":[{"embeddable":true,"href":"https:\/\/portaltela.pt\/api\/wp\/v2\/comments?post=404841"}],"version-history":[{"count":0,"href":"https:\/\/portaltela.pt\/api\/wp\/v2\/posts\/404841\/revisions"}],"wp:featuredmedia":[{"embeddable":true,"href":"https:\/\/portaltela.pt\/api\/wp\/v2\/media\/404847"}],"wp:attachment":[{"href":"https:\/\/portaltela.pt\/api\/wp\/v2\/media?parent=404841"}],"wp:term":[{"taxonomy":"category","embeddable":true,"href":"https:\/\/portaltela.pt\/api\/wp\/v2\/categories?post=404841"},{"taxonomy":"post_tag","embeddable":true,"href":"https:\/\/portaltela.pt\/api\/wp\/v2\/tags?post=404841"}],"curies":[{"name":"wp","href":"https:\/\/api.w.org\/{rel}","templated":true}]}}