{"id":404831,"date":"2026-03-10T13:45:13","date_gmt":"2026-03-10T16:45:13","guid":{"rendered":"https:\/\/portaltela.pt\/noticias\/2026\/03\/10\/porta-voz-de-portugueses-retidos-na-tailandia-apela-a-evacuacao-de-cidadaos\/"},"modified":"2026-03-10T13:45:13","modified_gmt":"2026-03-10T16:45:13","slug":"porta-voz-de-portugueses-retidos-na-tailandia-apela-a-evacuacao-de-cidadaos","status":"publish","type":"post","link":"https:\/\/portaltela.pt\/noticias\/2026\/03\/10\/porta-voz-de-portugueses-retidos-na-tailandia-apela-a-evacuacao-de-cidadaos\/","title":{"rendered":"Porta-voz de portugueses retidos na Tail\u00e2ndia apela \u00e0 evacua\u00e7\u00e3o de cidad\u00e3os"},"content":{"rendered":"<p>No Banguecoque, Tail\u00e2ndia, cidad\u00e3os portugueses mant\u00eam-se detidos e aguardam uma defini\u00e7\u00e3o para regressarem a Portugal. A situa\u00e7\u00e3o fica a contas com a aus\u00eancia de resposta oficial sobre a sua repatria\u00e7\u00e3o.<\/p>\n<p>Representante do grupo de portugueses afetados disse que ainda n\u00e3o foi recebida qualquer indica\u00e7\u00e3o de Portugal sobre os passos a seguir. O porta-voz refor\u00e7ou o apelo a uma interven\u00e7\u00e3o r\u00e1pida das autoridades portuguesas.<\/p>\n<p>Os cidad\u00e3os permanecem no pa\u00eds asi\u00e1tico enquanto as partes envolvidas n\u00e3o confirmam procedimentos ou prazos para o regresso. A situa\u00e7\u00e3o \u00e9 acompanhada de perto por familiares e pela comunidade portuguesa no estrangeiro, que aguardam solu\u00e7\u00f5es.<\/p>\n","protected":false},"excerpt":{"rendered":"<ul>\n<li>Portugueses presos em Banguecoque, Tail\u00e2ndia, aguardam ainda resposta para regressarem a Portugal.<\/li>\n<li>O porta-voz dos emigrantes apelou a que sejam retirados do pa\u00eds o mais breve poss\u00edvel.<\/li>\n<li>A comunica\u00e7\u00e3o original indica que aguardam uma resposta de Portugal.<\/li>\n<li>N\u00e3o h\u00e1 indica\u00e7\u00e3o de n\u00fameros ou de avan\u00e7os concretos sobre a opera\u00e7\u00e3o de regresso.<\/li>\n<li>A informa\u00e7\u00e3o foi publicada no dia 10 de mar\u00e7o de 2026 \u00e0s 16:45.<\/li>\n<\/ul>\n","protected":false},"author":2,"featured_media":404833,"comment_status":"closed","ping_status":"closed","sticky":false,"template":"","format":"standard","meta":{"footnotes":""},"categories":[6912,1],"tags":[5548,6669,2938,40,1014,6314],"class_list":["post-404831","post","type-post","status-publish","format-standard","has-post-thumbnail","hentry","category-internacionais","category-noticias","tag-comunidades-internacionais","tag-emigracao-internacional","tag-evacuacao","tag-pessoas","tag-portugal","tag-tailandia"],"yoast_head":"<!-- This site is optimized with the Yoast SEO plugin v27.2 - https:\/\/yoast.com\/product\/yoast-seo-wordpress\/ -->\n<title>Porta-voz de portugueses retidos na Tail\u00e2ndia apela \u00e0 evacua\u00e7\u00e3o de cidad\u00e3os - Portal Tela Portugal<\/title>\n<meta name=\"robots\" content=\"index, follow, max-snippet:-1, max-image-preview:large, max-video-preview:-1\" \/>\n<meta property=\"og:locale\" content=\"pt_PT\" \/>\n<meta property=\"og:type\" content=\"article\" \/>\n<meta property=\"og:title\" content=\"Porta-voz de portugueses retidos na Tail\u00e2ndia apela \u00e0 evacua\u00e7\u00e3o de cidad\u00e3os - Portal Tela Portugal\" \/>\n<meta property=\"og:description\" content=\"Portugueses presos em Banguecoque, Tail\u00e2ndia, aguardam ainda resposta para regressarem a Portugal. O porta-voz dos emigrantes apelou a que sejam retirados do pa\u00eds o mais breve poss\u00edvel. A comunica\u00e7\u00e3o original indica que aguardam uma resposta de Portugal. N\u00e3o h\u00e1 indica\u00e7\u00e3o de n\u00fameros ou de avan\u00e7os concretos sobre a opera\u00e7\u00e3o de regresso. A informa\u00e7\u00e3o foi publicada no dia 10 de mar\u00e7o de 2026 \u00e0s 16:45.\" \/>\n<meta property=\"og:url\" content=\"https:\/\/portaltela.pt\/noticias\/2026\/03\/10\/porta-voz-de-portugueses-retidos-na-tailandia-apela-a-evacuacao-de-cidadaos\/\" \/>\n<meta property=\"og:site_name\" content=\"Portal Tela Portugal\" \/>\n<meta property=\"article:published_time\" content=\"2026-03-10T16:45:13+00:00\" \/>\n<meta name=\"author\" content=\"Telinha\" \/>\n<meta name=\"twitter:card\" content=\"summary_large_image\" \/>\n<meta name=\"twitter:label1\" content=\"Escrito por\" \/>\n\t<meta name=\"twitter:data1\" content=\"Telinha\" \/>\n\t<meta name=\"twitter:label2\" content=\"Tempo estimado de leitura\" \/>\n\t<meta name=\"twitter:data2\" content=\"1 minuto\" \/>\n<script type=\"application\/ld+json\" class=\"yoast-schema-graph\">{\"@context\":\"https:\/\/schema.org\",\"@graph\":[{\"@type\":\"Article\",\"@id\":\"https:\/\/portaltela.pt\/noticias\/2026\/03\/10\/porta-voz-de-portugueses-retidos-na-tailandia-apela-a-evacuacao-de-cidadaos\/#article\",\"isPartOf\":{\"@id\":\"https:\/\/portaltela.pt\/noticias\/2026\/03\/10\/porta-voz-de-portugueses-retidos-na-tailandia-apela-a-evacuacao-de-cidadaos\/\"},\"author\":{\"name\":\"Telinha\",\"@id\":\"https:\/\/portaltela.pt\/#\/schema\/person\/c4278d4a6028830caff9ee44b42d32ed\"},\"headline\":\"Porta-voz de portugueses retidos na Tail\u00e2ndia apela \u00e0 evacua\u00e7\u00e3o de cidad\u00e3os\",\"datePublished\":\"2026-03-10T16:45:13+00:00\",\"mainEntityOfPage\":{\"@id\":\"https:\/\/portaltela.pt\/noticias\/2026\/03\/10\/porta-voz-de-portugueses-retidos-na-tailandia-apela-a-evacuacao-de-cidadaos\/\"},\"wordCount\":128,\"image\":{\"@id\":\"https:\/\/portaltela.pt\/noticias\/2026\/03\/10\/porta-voz-de-portugueses-retidos-na-tailandia-apela-a-evacuacao-de-cidadaos\/#primaryimage\"},\"thumbnailUrl\":\"https:\/\/portaltela.pt\/s.01k8rhncp4jt1\/2026\/03\/img_1280x722uu2026-03-10-13-09-00-2271539.jpg\",\"keywords\":[\"comunidades internacionais\",\"emigra\u00e7\u00e3o internacional\",\"evacua\u00e7\u00e3o\",\"pessoas\",\"Portugal\",\"Tail\u00e2ndia\"],\"articleSection\":[\"Internacionais\",\"Not\u00edcias\"],\"inLanguage\":\"pt-PT\"},{\"@type\":\"WebPage\",\"@id\":\"https:\/\/portaltela.pt\/noticias\/2026\/03\/10\/porta-voz-de-portugueses-retidos-na-tailandia-apela-a-evacuacao-de-cidadaos\/\",\"url\":\"https:\/\/portaltela.pt\/noticias\/2026\/03\/10\/porta-voz-de-portugueses-retidos-na-tailandia-apela-a-evacuacao-de-cidadaos\/\",\"name\":\"Porta-voz de portugueses retidos na Tail\u00e2ndia apela \u00e0 evacua\u00e7\u00e3o de cidad\u00e3os - Portal Tela Portugal\",\"isPartOf\":{\"@id\":\"https:\/\/portaltela.pt\/#website\"},\"primaryImageOfPage\":{\"@id\":\"https:\/\/portaltela.pt\/noticias\/2026\/03\/10\/porta-voz-de-portugueses-retidos-na-tailandia-apela-a-evacuacao-de-cidadaos\/#primaryimage\"},\"image\":{\"@id\":\"https:\/\/portaltela.pt\/noticias\/2026\/03\/10\/porta-voz-de-portugueses-retidos-na-tailandia-apela-a-evacuacao-de-cidadaos\/#primaryimage\"},\"thumbnailUrl\":\"https:\/\/portaltela.pt\/s.01k8rhncp4jt1\/2026\/03\/img_1280x722uu2026-03-10-13-09-00-2271539.jpg\",\"datePublished\":\"2026-03-10T16:45:13+00:00\",\"author\":{\"@id\":\"https:\/\/portaltela.pt\/#\/schema\/person\/c4278d4a6028830caff9ee44b42d32ed\"},\"breadcrumb\":{\"@id\":\"https:\/\/portaltela.pt\/noticias\/2026\/03\/10\/porta-voz-de-portugueses-retidos-na-tailandia-apela-a-evacuacao-de-cidadaos\/#breadcrumb\"},\"inLanguage\":\"pt-PT\",\"potentialAction\":[{\"@type\":\"ReadAction\",\"target\":[\"https:\/\/portaltela.pt\/noticias\/2026\/03\/10\/porta-voz-de-portugueses-retidos-na-tailandia-apela-a-evacuacao-de-cidadaos\/\"]}]},{\"@type\":\"ImageObject\",\"inLanguage\":\"pt-PT\",\"@id\":\"https:\/\/portaltela.pt\/noticias\/2026\/03\/10\/porta-voz-de-portugueses-retidos-na-tailandia-apela-a-evacuacao-de-cidadaos\/#primaryimage\",\"url\":\"https:\/\/portaltela.pt\/s.01k8rhncp4jt1\/2026\/03\/img_1280x722uu2026-03-10-13-09-00-2271539.jpg\",\"contentUrl\":\"https:\/\/portaltela.pt\/s.01k8rhncp4jt1\/2026\/03\/img_1280x722uu2026-03-10-13-09-00-2271539.jpg\",\"width\":796,\"height\":448,\"caption\":\"Photo\"},{\"@type\":\"BreadcrumbList\",\"@id\":\"https:\/\/portaltela.pt\/noticias\/2026\/03\/10\/porta-voz-de-portugueses-retidos-na-tailandia-apela-a-evacuacao-de-cidadaos\/#breadcrumb\",\"itemListElement\":[{\"@type\":\"ListItem\",\"position\":1,\"name\":\"In\u00edcio\",\"item\":\"https:\/\/portaltela.pt\/\"},{\"@type\":\"ListItem\",\"position\":2,\"name\":\"Porta-voz de portugueses retidos na Tail\u00e2ndia apela \u00e0 evacua\u00e7\u00e3o de cidad\u00e3os\"}]},{\"@type\":\"WebSite\",\"@id\":\"https:\/\/portaltela.pt\/#website\",\"url\":\"https:\/\/portaltela.pt\/\",\"name\":\"Portal Tela Portugal\",\"description\":\"\",\"potentialAction\":[{\"@type\":\"SearchAction\",\"target\":{\"@type\":\"EntryPoint\",\"urlTemplate\":\"https:\/\/portaltela.pt\/?s={search_term_string}\"},\"query-input\":{\"@type\":\"PropertyValueSpecification\",\"valueRequired\":true,\"valueName\":\"search_term_string\"}}],\"inLanguage\":\"pt-PT\"},{\"@type\":\"Person\",\"@id\":\"https:\/\/portaltela.pt\/#\/schema\/person\/c4278d4a6028830caff9ee44b42d32ed\",\"name\":\"Telinha\",\"image\":{\"@type\":\"ImageObject\",\"inLanguage\":\"pt-PT\",\"@id\":\"https:\/\/portaltela.pt\/s.01k8rhncp4jt1\/2025\/11\/talking-bot-125x125.png\",\"url\":\"https:\/\/portaltela.pt\/s.01k8rhncp4jt1\/2025\/11\/talking-bot-125x125.png\",\"contentUrl\":\"https:\/\/portaltela.pt\/s.01k8rhncp4jt1\/2025\/11\/talking-bot-125x125.png\",\"caption\":\"Telinha\"},\"sameAs\":[\"https:\/\/portaltela.pt\/\"],\"url\":\"https:\/\/portaltela.pt\/por\/367410592786\/\"}]}<\/script>\n<!-- \/ Yoast SEO plugin. -->","yoast_head_json":{"title":"Porta-voz de portugueses retidos na Tail\u00e2ndia apela \u00e0 evacua\u00e7\u00e3o de cidad\u00e3os - Portal Tela Portugal","robots":{"index":"index","follow":"follow","max-snippet":"max-snippet:-1","max-image-preview":"max-image-preview:large","max-video-preview":"max-video-preview:-1"},"og_locale":"pt_PT","og_type":"article","og_title":"Porta-voz de portugueses retidos na Tail\u00e2ndia apela \u00e0 evacua\u00e7\u00e3o de cidad\u00e3os - Portal Tela Portugal","og_description":"Portugueses presos em Banguecoque, Tail\u00e2ndia, aguardam ainda resposta para regressarem a Portugal. O porta-voz dos emigrantes apelou a que sejam retirados do pa\u00eds o mais breve poss\u00edvel. A comunica\u00e7\u00e3o original indica que aguardam uma resposta de Portugal. N\u00e3o h\u00e1 indica\u00e7\u00e3o de n\u00fameros ou de avan\u00e7os concretos sobre a opera\u00e7\u00e3o de regresso. A informa\u00e7\u00e3o foi publicada no dia 10 de mar\u00e7o de 2026 \u00e0s 16:45.","og_url":"https:\/\/portaltela.pt\/noticias\/2026\/03\/10\/porta-voz-de-portugueses-retidos-na-tailandia-apela-a-evacuacao-de-cidadaos\/","og_site_name":"Portal Tela Portugal","article_published_time":"2026-03-10T16:45:13+00:00","author":"Telinha","twitter_card":"summary_large_image","twitter_misc":{"Escrito por":"Telinha","Tempo estimado de leitura":"1 minuto"},"schema":{"@context":"https:\/\/schema.org","@graph":[{"@type":"Article","@id":"https:\/\/portaltela.pt\/noticias\/2026\/03\/10\/porta-voz-de-portugueses-retidos-na-tailandia-apela-a-evacuacao-de-cidadaos\/#article","isPartOf":{"@id":"https:\/\/portaltela.pt\/noticias\/2026\/03\/10\/porta-voz-de-portugueses-retidos-na-tailandia-apela-a-evacuacao-de-cidadaos\/"},"author":{"name":"Telinha","@id":"https:\/\/portaltela.pt\/#\/schema\/person\/c4278d4a6028830caff9ee44b42d32ed"},"headline":"Porta-voz de portugueses retidos na Tail\u00e2ndia apela \u00e0 evacua\u00e7\u00e3o de cidad\u00e3os","datePublished":"2026-03-10T16:45:13+00:00","mainEntityOfPage":{"@id":"https:\/\/portaltela.pt\/noticias\/2026\/03\/10\/porta-voz-de-portugueses-retidos-na-tailandia-apela-a-evacuacao-de-cidadaos\/"},"wordCount":128,"image":{"@id":"https:\/\/portaltela.pt\/noticias\/2026\/03\/10\/porta-voz-de-portugueses-retidos-na-tailandia-apela-a-evacuacao-de-cidadaos\/#primaryimage"},"thumbnailUrl":"https:\/\/portaltela.pt\/s.01k8rhncp4jt1\/2026\/03\/img_1280x722uu2026-03-10-13-09-00-2271539.jpg","keywords":["comunidades internacionais","emigra\u00e7\u00e3o internacional","evacua\u00e7\u00e3o","pessoas","Portugal","Tail\u00e2ndia"],"articleSection":["Internacionais","Not\u00edcias"],"inLanguage":"pt-PT"},{"@type":"WebPage","@id":"https:\/\/portaltela.pt\/noticias\/2026\/03\/10\/porta-voz-de-portugueses-retidos-na-tailandia-apela-a-evacuacao-de-cidadaos\/","url":"https:\/\/portaltela.pt\/noticias\/2026\/03\/10\/porta-voz-de-portugueses-retidos-na-tailandia-apela-a-evacuacao-de-cidadaos\/","name":"Porta-voz de portugueses retidos na Tail\u00e2ndia apela \u00e0 evacua\u00e7\u00e3o de cidad\u00e3os - Portal Tela Portugal","isPartOf":{"@id":"https:\/\/portaltela.pt\/#website"},"primaryImageOfPage":{"@id":"https:\/\/portaltela.pt\/noticias\/2026\/03\/10\/porta-voz-de-portugueses-retidos-na-tailandia-apela-a-evacuacao-de-cidadaos\/#primaryimage"},"image":{"@id":"https:\/\/portaltela.pt\/noticias\/2026\/03\/10\/porta-voz-de-portugueses-retidos-na-tailandia-apela-a-evacuacao-de-cidadaos\/#primaryimage"},"thumbnailUrl":"https:\/\/portaltela.pt\/s.01k8rhncp4jt1\/2026\/03\/img_1280x722uu2026-03-10-13-09-00-2271539.jpg","datePublished":"2026-03-10T16:45:13+00:00","author":{"@id":"https:\/\/portaltela.pt\/#\/schema\/person\/c4278d4a6028830caff9ee44b42d32ed"},"breadcrumb":{"@id":"https:\/\/portaltela.pt\/noticias\/2026\/03\/10\/porta-voz-de-portugueses-retidos-na-tailandia-apela-a-evacuacao-de-cidadaos\/#breadcrumb"},"inLanguage":"pt-PT","potentialAction":[{"@type":"ReadAction","target":["https:\/\/portaltela.pt\/noticias\/2026\/03\/10\/porta-voz-de-portugueses-retidos-na-tailandia-apela-a-evacuacao-de-cidadaos\/"]}]},{"@type":"ImageObject","inLanguage":"pt-PT","@id":"https:\/\/portaltela.pt\/noticias\/2026\/03\/10\/porta-voz-de-portugueses-retidos-na-tailandia-apela-a-evacuacao-de-cidadaos\/#primaryimage","url":"https:\/\/portaltela.pt\/s.01k8rhncp4jt1\/2026\/03\/img_1280x722uu2026-03-10-13-09-00-2271539.jpg","contentUrl":"https:\/\/portaltela.pt\/s.01k8rhncp4jt1\/2026\/03\/img_1280x722uu2026-03-10-13-09-00-2271539.jpg","width":796,"height":448,"caption":"Photo"},{"@type":"BreadcrumbList","@id":"https:\/\/portaltela.pt\/noticias\/2026\/03\/10\/porta-voz-de-portugueses-retidos-na-tailandia-apela-a-evacuacao-de-cidadaos\/#breadcrumb","itemListElement":[{"@type":"ListItem","position":1,"name":"In\u00edcio","item":"https:\/\/portaltela.pt\/"},{"@type":"ListItem","position":2,"name":"Porta-voz de portugueses retidos na Tail\u00e2ndia apela \u00e0 evacua\u00e7\u00e3o de cidad\u00e3os"}]},{"@type":"WebSite","@id":"https:\/\/portaltela.pt\/#website","url":"https:\/\/portaltela.pt\/","name":"Portal Tela Portugal","description":"","potentialAction":[{"@type":"SearchAction","target":{"@type":"EntryPoint","urlTemplate":"https:\/\/portaltela.pt\/?s={search_term_string}"},"query-input":{"@type":"PropertyValueSpecification","valueRequired":true,"valueName":"search_term_string"}}],"inLanguage":"pt-PT"},{"@type":"Person","@id":"https:\/\/portaltela.pt\/#\/schema\/person\/c4278d4a6028830caff9ee44b42d32ed","name":"Telinha","image":{"@type":"ImageObject","inLanguage":"pt-PT","@id":"https:\/\/portaltela.pt\/s.01k8rhncp4jt1\/2025\/11\/talking-bot-125x125.png","url":"https:\/\/portaltela.pt\/s.01k8rhncp4jt1\/2025\/11\/talking-bot-125x125.png","contentUrl":"https:\/\/portaltela.pt\/s.01k8rhncp4jt1\/2025\/11\/talking-bot-125x125.png","caption":"Telinha"},"sameAs":["https:\/\/portaltela.pt\/"],"url":"https:\/\/portaltela.pt\/por\/367410592786\/"}]}},"_links":{"self":[{"href":"https:\/\/portaltela.pt\/api\/wp\/v2\/posts\/404831","targetHints":{"allow":["GET"]}}],"collection":[{"href":"https:\/\/portaltela.pt\/api\/wp\/v2\/posts"}],"about":[{"href":"https:\/\/portaltela.pt\/api\/wp\/v2\/types\/post"}],"author":[{"embeddable":true,"href":"https:\/\/portaltela.pt\/api\/wp\/v2\/users\/2"}],"replies":[{"embeddable":true,"href":"https:\/\/portaltela.pt\/api\/wp\/v2\/comments?post=404831"}],"version-history":[{"count":0,"href":"https:\/\/portaltela.pt\/api\/wp\/v2\/posts\/404831\/revisions"}],"wp:featuredmedia":[{"embeddable":true,"href":"https:\/\/portaltela.pt\/api\/wp\/v2\/media\/404833"}],"wp:attachment":[{"href":"https:\/\/portaltela.pt\/api\/wp\/v2\/media?parent=404831"}],"wp:term":[{"taxonomy":"category","embeddable":true,"href":"https:\/\/portaltela.pt\/api\/wp\/v2\/categories?post=404831"},{"taxonomy":"post_tag","embeddable":true,"href":"https:\/\/portaltela.pt\/api\/wp\/v2\/tags?post=404831"}],"curies":[{"name":"wp","href":"https:\/\/api.w.org\/{rel}","templated":true}]}}