{"id":404802,"date":"2026-03-10T10:50:00","date_gmt":"2026-03-10T13:50:00","guid":{"rendered":"https:\/\/portaltela.pt\/noticias\/2026\/03\/10\/hungria-veta-ajuda-a-kiev-e-bloqueia-adesao-a-ue\/"},"modified":"2026-03-10T10:50:00","modified_gmt":"2026-03-10T13:50:00","slug":"hungria-veta-ajuda-a-kiev-e-bloqueia-adesao-a-ue","status":"publish","type":"post","link":"https:\/\/portaltela.pt\/noticias\/internacional\/2026\/03\/10\/hungria-veta-ajuda-a-kiev-e-bloqueia-adesao-a-ue\/","title":{"rendered":"Hungria veta ajuda a Kiev e bloqueia ades\u00e3o \u00e0 UE"},"content":{"rendered":"<p>O governo da Hungria vetou a aprova\u00e7\u00e3o de apoio a Kiev e bloqueou o avan\u00e7o da Ucr\u00e2nia na dire\u00e7\u00e3o da ades\u00e3o \u00e0 Uni\u00e3o Europeia. A decis\u00e3o foi comunicada no \u00e2mbito de negocia\u00e7\u00f5es entre Budapeste e institui\u00e7\u00f5es da UE. N\u00e3o foram divulgados detalhes adicionais sobre o motivo.<\/p>\n<p>A medida envolve decis\u00f5es relacionadas ao apoio a Kiev e ao processo de ades\u00e3o \u00e0 UE. Autoridades h\u00fangaras n\u00e3o apresentaram explica\u00e7\u00f5es p\u00fablicas completas neste momento. O impacto direto ainda n\u00e3o foi quantificado pela parte envolvida.<\/p>\n<p>Criada no contexto das rela\u00e7\u00f5es entre a Hungria e a UE, a decis\u00e3o pode influenciar as din\u00e2micas de financiamento, coopera\u00e7\u00e3o e di\u00e1logo com Kiev. As respostas oficiais da UE n\u00e3o foram confirmadas at\u00e9 o momento.<\/p>\n","protected":false},"excerpt":{"rendered":"<ul>\n<li>A Hungria vetou a ajuda a Kiev e bloqueou o processo de ades\u00e3o da Ucr\u00e2nia \u00e0 Uni\u00e3o Europeia.<\/li>\n<li>O conte\u00fado completo da not\u00edcia est\u00e1 dispon\u00edvel apenas para subscritores.<\/li>\n<\/ul>\n","protected":false},"author":2,"featured_media":404808,"comment_status":"closed","ping_status":"closed","sticky":false,"template":"","format":"standard","meta":{"footnotes":""},"categories":[6814,4],"tags":[3977,256,2579,27,2134,2055],"class_list":["post-404802","post","type-post","status-publish","format-standard","has-post-thumbnail","hentry","category-geopolitica","category-internacional","tag-adesao","tag-cooperacao-internacional","tag-hungria","tag-relacoes-internacionais","tag-ucrania","tag-uniao-europeia"],"yoast_head":"<!-- This site is optimized with the Yoast SEO plugin v27.2 - https:\/\/yoast.com\/product\/yoast-seo-wordpress\/ -->\n<title>Hungria veta ajuda a Kiev e bloqueia ades\u00e3o \u00e0 UE - Portal Tela Portugal<\/title>\n<meta name=\"robots\" content=\"index, follow, max-snippet:-1, max-image-preview:large, max-video-preview:-1\" \/>\n<meta property=\"og:locale\" content=\"pt_PT\" \/>\n<meta property=\"og:type\" content=\"article\" \/>\n<meta property=\"og:title\" content=\"Hungria veta ajuda a Kiev e bloqueia ades\u00e3o \u00e0 UE - Portal Tela Portugal\" \/>\n<meta property=\"og:description\" content=\"A Hungria vetou a ajuda a Kiev e bloqueou o processo de ades\u00e3o da Ucr\u00e2nia \u00e0 Uni\u00e3o Europeia. O conte\u00fado completo da not\u00edcia est\u00e1 dispon\u00edvel apenas para subscritores.\" \/>\n<meta property=\"og:url\" content=\"https:\/\/portaltela.pt\/noticias\/2026\/03\/10\/hungria-veta-ajuda-a-kiev-e-bloqueia-adesao-a-ue\/\" \/>\n<meta property=\"og:site_name\" content=\"Portal Tela Portugal\" \/>\n<meta property=\"article:published_time\" content=\"2026-03-10T13:50:00+00:00\" \/>\n<meta name=\"author\" content=\"Telinha\" \/>\n<meta name=\"twitter:card\" content=\"summary_large_image\" \/>\n<meta name=\"twitter:label1\" content=\"Escrito por\" \/>\n\t<meta name=\"twitter:data1\" content=\"Telinha\" \/>\n\t<meta name=\"twitter:label2\" content=\"Tempo estimado de leitura\" \/>\n\t<meta name=\"twitter:data2\" content=\"1 minuto\" \/>\n<script type=\"application\/ld+json\" class=\"yoast-schema-graph\">{\"@context\":\"https:\/\/schema.org\",\"@graph\":[{\"@type\":\"Article\",\"@id\":\"https:\/\/portaltela.pt\/noticias\/2026\/03\/10\/hungria-veta-ajuda-a-kiev-e-bloqueia-adesao-a-ue\/#article\",\"isPartOf\":{\"@id\":\"https:\/\/portaltela.pt\/noticias\/2026\/03\/10\/hungria-veta-ajuda-a-kiev-e-bloqueia-adesao-a-ue\/\"},\"author\":{\"name\":\"Telinha\",\"@id\":\"https:\/\/portaltela.pt\/#\/schema\/person\/c4278d4a6028830caff9ee44b42d32ed\"},\"headline\":\"Hungria veta ajuda a Kiev e bloqueia ades\u00e3o \u00e0 UE\",\"datePublished\":\"2026-03-10T13:50:00+00:00\",\"mainEntityOfPage\":{\"@id\":\"https:\/\/portaltela.pt\/noticias\/2026\/03\/10\/hungria-veta-ajuda-a-kiev-e-bloqueia-adesao-a-ue\/\"},\"wordCount\":147,\"image\":{\"@id\":\"https:\/\/portaltela.pt\/noticias\/2026\/03\/10\/hungria-veta-ajuda-a-kiev-e-bloqueia-adesao-a-ue\/#primaryimage\"},\"thumbnailUrl\":\"https:\/\/portaltela.pt\/s.01k8rhncp4jt1\/2026\/03\/CACHE_780X1200_ANALOG_WATERMARKED_44609003_359598511782477.jpg\",\"keywords\":[\"ades\u00e3o\",\"coopera\u00e7\u00e3o internacional\",\"Hungria\",\"rela\u00e7\u00f5es internacionais\",\"Ucr\u00e2nia\",\"Uni\u00e3o Europeia\"],\"articleSection\":[\"Geopol\u00edtica\",\"Internacional\"],\"inLanguage\":\"pt-PT\"},{\"@type\":\"WebPage\",\"@id\":\"https:\/\/portaltela.pt\/noticias\/2026\/03\/10\/hungria-veta-ajuda-a-kiev-e-bloqueia-adesao-a-ue\/\",\"url\":\"https:\/\/portaltela.pt\/noticias\/2026\/03\/10\/hungria-veta-ajuda-a-kiev-e-bloqueia-adesao-a-ue\/\",\"name\":\"Hungria veta ajuda a Kiev e bloqueia ades\u00e3o \u00e0 UE - Portal Tela Portugal\",\"isPartOf\":{\"@id\":\"https:\/\/portaltela.pt\/#website\"},\"primaryImageOfPage\":{\"@id\":\"https:\/\/portaltela.pt\/noticias\/2026\/03\/10\/hungria-veta-ajuda-a-kiev-e-bloqueia-adesao-a-ue\/#primaryimage\"},\"image\":{\"@id\":\"https:\/\/portaltela.pt\/noticias\/2026\/03\/10\/hungria-veta-ajuda-a-kiev-e-bloqueia-adesao-a-ue\/#primaryimage\"},\"thumbnailUrl\":\"https:\/\/portaltela.pt\/s.01k8rhncp4jt1\/2026\/03\/CACHE_780X1200_ANALOG_WATERMARKED_44609003_359598511782477.jpg\",\"datePublished\":\"2026-03-10T13:50:00+00:00\",\"author\":{\"@id\":\"https:\/\/portaltela.pt\/#\/schema\/person\/c4278d4a6028830caff9ee44b42d32ed\"},\"breadcrumb\":{\"@id\":\"https:\/\/portaltela.pt\/noticias\/2026\/03\/10\/hungria-veta-ajuda-a-kiev-e-bloqueia-adesao-a-ue\/#breadcrumb\"},\"inLanguage\":\"pt-PT\",\"potentialAction\":[{\"@type\":\"ReadAction\",\"target\":[\"https:\/\/portaltela.pt\/noticias\/2026\/03\/10\/hungria-veta-ajuda-a-kiev-e-bloqueia-adesao-a-ue\/\"]}]},{\"@type\":\"ImageObject\",\"inLanguage\":\"pt-PT\",\"@id\":\"https:\/\/portaltela.pt\/noticias\/2026\/03\/10\/hungria-veta-ajuda-a-kiev-e-bloqueia-adesao-a-ue\/#primaryimage\",\"url\":\"https:\/\/portaltela.pt\/s.01k8rhncp4jt1\/2026\/03\/CACHE_780X1200_ANALOG_WATERMARKED_44609003_359598511782477.jpg\",\"contentUrl\":\"https:\/\/portaltela.pt\/s.01k8rhncp4jt1\/2026\/03\/CACHE_780X1200_ANALOG_WATERMARKED_44609003_359598511782477.jpg\",\"width\":796,\"height\":448,\"caption\":\"Photo\"},{\"@type\":\"BreadcrumbList\",\"@id\":\"https:\/\/portaltela.pt\/noticias\/2026\/03\/10\/hungria-veta-ajuda-a-kiev-e-bloqueia-adesao-a-ue\/#breadcrumb\",\"itemListElement\":[{\"@type\":\"ListItem\",\"position\":1,\"name\":\"In\u00edcio\",\"item\":\"https:\/\/portaltela.pt\/\"},{\"@type\":\"ListItem\",\"position\":2,\"name\":\"Hungria veta ajuda a Kiev e bloqueia ades\u00e3o \u00e0 UE\"}]},{\"@type\":\"WebSite\",\"@id\":\"https:\/\/portaltela.pt\/#website\",\"url\":\"https:\/\/portaltela.pt\/\",\"name\":\"Portal Tela Portugal\",\"description\":\"\",\"potentialAction\":[{\"@type\":\"SearchAction\",\"target\":{\"@type\":\"EntryPoint\",\"urlTemplate\":\"https:\/\/portaltela.pt\/?s={search_term_string}\"},\"query-input\":{\"@type\":\"PropertyValueSpecification\",\"valueRequired\":true,\"valueName\":\"search_term_string\"}}],\"inLanguage\":\"pt-PT\"},{\"@type\":\"Person\",\"@id\":\"https:\/\/portaltela.pt\/#\/schema\/person\/c4278d4a6028830caff9ee44b42d32ed\",\"name\":\"Telinha\",\"image\":{\"@type\":\"ImageObject\",\"inLanguage\":\"pt-PT\",\"@id\":\"https:\/\/portaltela.pt\/s.01k8rhncp4jt1\/2025\/11\/talking-bot-125x125.png\",\"url\":\"https:\/\/portaltela.pt\/s.01k8rhncp4jt1\/2025\/11\/talking-bot-125x125.png\",\"contentUrl\":\"https:\/\/portaltela.pt\/s.01k8rhncp4jt1\/2025\/11\/talking-bot-125x125.png\",\"caption\":\"Telinha\"},\"sameAs\":[\"https:\/\/portaltela.pt\/\"],\"url\":\"https:\/\/portaltela.pt\/por\/367410592786\/\"}]}<\/script>\n<!-- \/ Yoast SEO plugin. -->","yoast_head_json":{"title":"Hungria veta ajuda a Kiev e bloqueia ades\u00e3o \u00e0 UE - Portal Tela Portugal","robots":{"index":"index","follow":"follow","max-snippet":"max-snippet:-1","max-image-preview":"max-image-preview:large","max-video-preview":"max-video-preview:-1"},"og_locale":"pt_PT","og_type":"article","og_title":"Hungria veta ajuda a Kiev e bloqueia ades\u00e3o \u00e0 UE - Portal Tela Portugal","og_description":"A Hungria vetou a ajuda a Kiev e bloqueou o processo de ades\u00e3o da Ucr\u00e2nia \u00e0 Uni\u00e3o Europeia. O conte\u00fado completo da not\u00edcia est\u00e1 dispon\u00edvel apenas para subscritores.","og_url":"https:\/\/portaltela.pt\/noticias\/2026\/03\/10\/hungria-veta-ajuda-a-kiev-e-bloqueia-adesao-a-ue\/","og_site_name":"Portal Tela Portugal","article_published_time":"2026-03-10T13:50:00+00:00","author":"Telinha","twitter_card":"summary_large_image","twitter_misc":{"Escrito por":"Telinha","Tempo estimado de leitura":"1 minuto"},"schema":{"@context":"https:\/\/schema.org","@graph":[{"@type":"Article","@id":"https:\/\/portaltela.pt\/noticias\/2026\/03\/10\/hungria-veta-ajuda-a-kiev-e-bloqueia-adesao-a-ue\/#article","isPartOf":{"@id":"https:\/\/portaltela.pt\/noticias\/2026\/03\/10\/hungria-veta-ajuda-a-kiev-e-bloqueia-adesao-a-ue\/"},"author":{"name":"Telinha","@id":"https:\/\/portaltela.pt\/#\/schema\/person\/c4278d4a6028830caff9ee44b42d32ed"},"headline":"Hungria veta ajuda a Kiev e bloqueia ades\u00e3o \u00e0 UE","datePublished":"2026-03-10T13:50:00+00:00","mainEntityOfPage":{"@id":"https:\/\/portaltela.pt\/noticias\/2026\/03\/10\/hungria-veta-ajuda-a-kiev-e-bloqueia-adesao-a-ue\/"},"wordCount":147,"image":{"@id":"https:\/\/portaltela.pt\/noticias\/2026\/03\/10\/hungria-veta-ajuda-a-kiev-e-bloqueia-adesao-a-ue\/#primaryimage"},"thumbnailUrl":"https:\/\/portaltela.pt\/s.01k8rhncp4jt1\/2026\/03\/CACHE_780X1200_ANALOG_WATERMARKED_44609003_359598511782477.jpg","keywords":["ades\u00e3o","coopera\u00e7\u00e3o internacional","Hungria","rela\u00e7\u00f5es internacionais","Ucr\u00e2nia","Uni\u00e3o Europeia"],"articleSection":["Geopol\u00edtica","Internacional"],"inLanguage":"pt-PT"},{"@type":"WebPage","@id":"https:\/\/portaltela.pt\/noticias\/2026\/03\/10\/hungria-veta-ajuda-a-kiev-e-bloqueia-adesao-a-ue\/","url":"https:\/\/portaltela.pt\/noticias\/2026\/03\/10\/hungria-veta-ajuda-a-kiev-e-bloqueia-adesao-a-ue\/","name":"Hungria veta ajuda a Kiev e bloqueia ades\u00e3o \u00e0 UE - Portal Tela Portugal","isPartOf":{"@id":"https:\/\/portaltela.pt\/#website"},"primaryImageOfPage":{"@id":"https:\/\/portaltela.pt\/noticias\/2026\/03\/10\/hungria-veta-ajuda-a-kiev-e-bloqueia-adesao-a-ue\/#primaryimage"},"image":{"@id":"https:\/\/portaltela.pt\/noticias\/2026\/03\/10\/hungria-veta-ajuda-a-kiev-e-bloqueia-adesao-a-ue\/#primaryimage"},"thumbnailUrl":"https:\/\/portaltela.pt\/s.01k8rhncp4jt1\/2026\/03\/CACHE_780X1200_ANALOG_WATERMARKED_44609003_359598511782477.jpg","datePublished":"2026-03-10T13:50:00+00:00","author":{"@id":"https:\/\/portaltela.pt\/#\/schema\/person\/c4278d4a6028830caff9ee44b42d32ed"},"breadcrumb":{"@id":"https:\/\/portaltela.pt\/noticias\/2026\/03\/10\/hungria-veta-ajuda-a-kiev-e-bloqueia-adesao-a-ue\/#breadcrumb"},"inLanguage":"pt-PT","potentialAction":[{"@type":"ReadAction","target":["https:\/\/portaltela.pt\/noticias\/2026\/03\/10\/hungria-veta-ajuda-a-kiev-e-bloqueia-adesao-a-ue\/"]}]},{"@type":"ImageObject","inLanguage":"pt-PT","@id":"https:\/\/portaltela.pt\/noticias\/2026\/03\/10\/hungria-veta-ajuda-a-kiev-e-bloqueia-adesao-a-ue\/#primaryimage","url":"https:\/\/portaltela.pt\/s.01k8rhncp4jt1\/2026\/03\/CACHE_780X1200_ANALOG_WATERMARKED_44609003_359598511782477.jpg","contentUrl":"https:\/\/portaltela.pt\/s.01k8rhncp4jt1\/2026\/03\/CACHE_780X1200_ANALOG_WATERMARKED_44609003_359598511782477.jpg","width":796,"height":448,"caption":"Photo"},{"@type":"BreadcrumbList","@id":"https:\/\/portaltela.pt\/noticias\/2026\/03\/10\/hungria-veta-ajuda-a-kiev-e-bloqueia-adesao-a-ue\/#breadcrumb","itemListElement":[{"@type":"ListItem","position":1,"name":"In\u00edcio","item":"https:\/\/portaltela.pt\/"},{"@type":"ListItem","position":2,"name":"Hungria veta ajuda a Kiev e bloqueia ades\u00e3o \u00e0 UE"}]},{"@type":"WebSite","@id":"https:\/\/portaltela.pt\/#website","url":"https:\/\/portaltela.pt\/","name":"Portal Tela Portugal","description":"","potentialAction":[{"@type":"SearchAction","target":{"@type":"EntryPoint","urlTemplate":"https:\/\/portaltela.pt\/?s={search_term_string}"},"query-input":{"@type":"PropertyValueSpecification","valueRequired":true,"valueName":"search_term_string"}}],"inLanguage":"pt-PT"},{"@type":"Person","@id":"https:\/\/portaltela.pt\/#\/schema\/person\/c4278d4a6028830caff9ee44b42d32ed","name":"Telinha","image":{"@type":"ImageObject","inLanguage":"pt-PT","@id":"https:\/\/portaltela.pt\/s.01k8rhncp4jt1\/2025\/11\/talking-bot-125x125.png","url":"https:\/\/portaltela.pt\/s.01k8rhncp4jt1\/2025\/11\/talking-bot-125x125.png","contentUrl":"https:\/\/portaltela.pt\/s.01k8rhncp4jt1\/2025\/11\/talking-bot-125x125.png","caption":"Telinha"},"sameAs":["https:\/\/portaltela.pt\/"],"url":"https:\/\/portaltela.pt\/por\/367410592786\/"}]}},"_links":{"self":[{"href":"https:\/\/portaltela.pt\/api\/wp\/v2\/posts\/404802","targetHints":{"allow":["GET"]}}],"collection":[{"href":"https:\/\/portaltela.pt\/api\/wp\/v2\/posts"}],"about":[{"href":"https:\/\/portaltela.pt\/api\/wp\/v2\/types\/post"}],"author":[{"embeddable":true,"href":"https:\/\/portaltela.pt\/api\/wp\/v2\/users\/2"}],"replies":[{"embeddable":true,"href":"https:\/\/portaltela.pt\/api\/wp\/v2\/comments?post=404802"}],"version-history":[{"count":0,"href":"https:\/\/portaltela.pt\/api\/wp\/v2\/posts\/404802\/revisions"}],"wp:featuredmedia":[{"embeddable":true,"href":"https:\/\/portaltela.pt\/api\/wp\/v2\/media\/404808"}],"wp:attachment":[{"href":"https:\/\/portaltela.pt\/api\/wp\/v2\/media?parent=404802"}],"wp:term":[{"taxonomy":"category","embeddable":true,"href":"https:\/\/portaltela.pt\/api\/wp\/v2\/categories?post=404802"},{"taxonomy":"post_tag","embeddable":true,"href":"https:\/\/portaltela.pt\/api\/wp\/v2\/tags?post=404802"}],"curies":[{"name":"wp","href":"https:\/\/api.w.org\/{rel}","templated":true}]}}