{"id":404801,"date":"2026-03-10T13:19:00","date_gmt":"2026-03-10T16:19:00","guid":{"rendered":"https:\/\/portaltela.pt\/noticias\/2026\/03\/10\/mourisia-recebe-o-presidente-e-afirma-ser-voz-do-interior-esquecido\/"},"modified":"2026-03-10T13:19:00","modified_gmt":"2026-03-10T16:19:00","slug":"mourisia-recebe-o-presidente-e-afirma-ser-voz-do-interior-esquecido","status":"publish","type":"post","link":"https:\/\/portaltela.pt\/sociedade\/2026\/03\/10\/mourisia-recebe-o-presidente-e-afirma-ser-voz-do-interior-esquecido\/","title":{"rendered":"Mour\u00edsia recebe o presidente e afirma ser voz do Interior esquecido"},"content":{"rendered":"<p>Mour\u00edsia enfeitou-se para receber o presidente da Rep\u00fablica, em visita marcada pela simbologia de uma regi\u00e3o que o tempo parece ter esquecido. O epis\u00f3dio ocorre ap\u00f3s promessas feitas durante a campanha de Ant\u00f3nio Jos\u00e9 Seguro, que assegurou n\u00e3o abandonar o Interior.<\/p>\n<p>A aldeia, no concelho de Arganil, ficou ainda mais ligada ao fogo no ver\u00e3o passado. Na entrada, uma placa recorda os inc\u00eandios, com a bandeira de Portugal ao lado e o motivo evidente da defesa do Interior. A imagem que o atual chefe de Estado partilhou em agosto tamb\u00e9m \u00e9 lembrada.<\/p>\n<p>Seis meses depois do fogo, Mour\u00edsia enfrenta problemas diferentes. N\u00e3o h\u00e1 televis\u00e3o nem rede fixa desde janeiro, consequ\u00eancia indireta da tempestade que afetou a regi\u00e3o. O telem\u00f3vel tornou-se ferramenta essencial para os mais velhos, reduzindo a solid\u00e3o entre os socalcos da serra.<\/p>\n<p>A visita serve para colocar o foco na necessidade de a\u00e7\u00f5es concretas para o Interior, ainda sem indicar prazos ou medidas espec\u00edficas. A localidade permanece marcada pela paisagem montanhosa e pela car\u00eancia de infraestruturas b\u00e1sicas que condicionam o quotidiano dos moradores.<\/p>\n","protected":false},"excerpt":{"rendered":"<ul>\n<li>A Mour\u00edsia, no concelho de Arganil, recebeu pela primeira vez um presidente da Rep\u00fablica, numa visita para exigir a\u00e7\u00f5es concretas para o Interior.<\/li>\n<li>A desloca\u00e7\u00e3o acontece ap\u00f3s promessas do ent\u00e3o candidato Ant\u00f3nio Jos\u00e9 Seguro de n\u00e3o esquecer a aldeia, atingida por inc\u00eandios em agosto passado.<\/li>\n<li>\u00c0 entrada da povoa\u00e7\u00e3o est\u00e1 uma placa que recorda as chamas, com uma bandeira de Portugal ao lado.<\/li>\n<li>Meio ano depois do fogo, n\u00e3o h\u00e1 televis\u00e3o nem rede fixa desde janeiro, devido a tempestades que afetaram a regi\u00e3o.<\/li>\n<li>A popula\u00e7\u00e3o da Mour\u00edsia quadriplicou e os idosos passam a depender mais do telem\u00f3vel, para atenuar a solid\u00e3o.<\/li>\n<\/ul>\n","protected":false},"author":2,"featured_media":404807,"comment_status":"closed","ping_status":"closed","sticky":false,"template":"","format":"standard","meta":{"footnotes":""},"categories":[6725,6871],"tags":[1340,1438,1615,1014,4650,2171],"class_list":["post-404801","post","type-post","status-publish","format-standard","has-post-thumbnail","hentry","category-meio-ambiente","category-sociedade","tag-arganil","tag-incendio","tag-infraestrutura","tag-portugal","tag-regiao-centro","tag-telecomunicacoes"],"yoast_head":"<!-- This site is optimized with the Yoast SEO plugin v27.2 - https:\/\/yoast.com\/product\/yoast-seo-wordpress\/ -->\n<title>Mour\u00edsia recebe o presidente e afirma ser voz do Interior esquecido - Portal Tela Portugal<\/title>\n<meta name=\"robots\" content=\"index, follow, max-snippet:-1, max-image-preview:large, max-video-preview:-1\" \/>\n<meta property=\"og:locale\" content=\"pt_PT\" \/>\n<meta property=\"og:type\" content=\"article\" \/>\n<meta property=\"og:title\" content=\"Mour\u00edsia recebe o presidente e afirma ser voz do Interior esquecido - Portal Tela Portugal\" \/>\n<meta property=\"og:description\" content=\"A Mour\u00edsia, no concelho de Arganil, recebeu pela primeira vez um presidente da Rep\u00fablica, numa visita para exigir a\u00e7\u00f5es concretas para o Interior. A desloca\u00e7\u00e3o acontece ap\u00f3s promessas do ent\u00e3o candidato Ant\u00f3nio Jos\u00e9 Seguro de n\u00e3o esquecer a aldeia, atingida por inc\u00eandios em agosto passado. \u00c0 entrada da povoa\u00e7\u00e3o est\u00e1 uma placa que recorda as chamas, com uma bandeira de Portugal ao lado. Meio ano depois do fogo, n\u00e3o h\u00e1 televis\u00e3o nem rede fixa desde janeiro, devido a tempestades que afetaram a regi\u00e3o. A popula\u00e7\u00e3o da Mour\u00edsia quadriplicou e os idosos passam a depender mais do telem\u00f3vel, para atenuar a solid\u00e3o.\" \/>\n<meta property=\"og:url\" content=\"https:\/\/portaltela.pt\/noticias\/2026\/03\/10\/mourisia-recebe-o-presidente-e-afirma-ser-voz-do-interior-esquecido\/\" \/>\n<meta property=\"og:site_name\" content=\"Portal Tela Portugal\" \/>\n<meta property=\"article:published_time\" content=\"2026-03-10T16:19:00+00:00\" \/>\n<meta name=\"author\" content=\"Telinha\" \/>\n<meta name=\"twitter:card\" content=\"summary_large_image\" \/>\n<meta name=\"twitter:label1\" content=\"Escrito por\" \/>\n\t<meta name=\"twitter:data1\" content=\"Telinha\" \/>\n\t<meta name=\"twitter:label2\" content=\"Tempo estimado de leitura\" \/>\n\t<meta name=\"twitter:data2\" content=\"1 minuto\" \/>\n<script type=\"application\/ld+json\" class=\"yoast-schema-graph\">{\"@context\":\"https:\/\/schema.org\",\"@graph\":[{\"@type\":\"Article\",\"@id\":\"https:\/\/portaltela.pt\/noticias\/2026\/03\/10\/mourisia-recebe-o-presidente-e-afirma-ser-voz-do-interior-esquecido\/#article\",\"isPartOf\":{\"@id\":\"https:\/\/portaltela.pt\/noticias\/2026\/03\/10\/mourisia-recebe-o-presidente-e-afirma-ser-voz-do-interior-esquecido\/\"},\"author\":{\"name\":\"Telinha\",\"@id\":\"https:\/\/portaltela.pt\/#\/schema\/person\/c4278d4a6028830caff9ee44b42d32ed\"},\"headline\":\"Mour\u00edsia recebe o presidente e afirma ser voz do Interior esquecido\",\"datePublished\":\"2026-03-10T16:19:00+00:00\",\"mainEntityOfPage\":{\"@id\":\"https:\/\/portaltela.pt\/noticias\/2026\/03\/10\/mourisia-recebe-o-presidente-e-afirma-ser-voz-do-interior-esquecido\/\"},\"wordCount\":207,\"image\":{\"@id\":\"https:\/\/portaltela.pt\/noticias\/2026\/03\/10\/mourisia-recebe-o-presidente-e-afirma-ser-voz-do-interior-esquecido\/#primaryimage\"},\"thumbnailUrl\":\"https:\/\/portaltela.pt\/s.01k8rhncp4jt1\/2026\/03\/image-646.jpg\",\"keywords\":[\"Arganil\",\"inc\u00eandio\",\"infraestrutura\",\"Portugal\",\"Regi\u00e3o Centro\",\"telecomunica\u00e7\u00f5es\"],\"articleSection\":[\"Meio Ambiente\",\"Sociedade\"],\"inLanguage\":\"pt-PT\"},{\"@type\":\"WebPage\",\"@id\":\"https:\/\/portaltela.pt\/noticias\/2026\/03\/10\/mourisia-recebe-o-presidente-e-afirma-ser-voz-do-interior-esquecido\/\",\"url\":\"https:\/\/portaltela.pt\/noticias\/2026\/03\/10\/mourisia-recebe-o-presidente-e-afirma-ser-voz-do-interior-esquecido\/\",\"name\":\"Mour\u00edsia recebe o presidente e afirma ser voz do Interior esquecido - Portal Tela Portugal\",\"isPartOf\":{\"@id\":\"https:\/\/portaltela.pt\/#website\"},\"primaryImageOfPage\":{\"@id\":\"https:\/\/portaltela.pt\/noticias\/2026\/03\/10\/mourisia-recebe-o-presidente-e-afirma-ser-voz-do-interior-esquecido\/#primaryimage\"},\"image\":{\"@id\":\"https:\/\/portaltela.pt\/noticias\/2026\/03\/10\/mourisia-recebe-o-presidente-e-afirma-ser-voz-do-interior-esquecido\/#primaryimage\"},\"thumbnailUrl\":\"https:\/\/portaltela.pt\/s.01k8rhncp4jt1\/2026\/03\/image-646.jpg\",\"datePublished\":\"2026-03-10T16:19:00+00:00\",\"author\":{\"@id\":\"https:\/\/portaltela.pt\/#\/schema\/person\/c4278d4a6028830caff9ee44b42d32ed\"},\"breadcrumb\":{\"@id\":\"https:\/\/portaltela.pt\/noticias\/2026\/03\/10\/mourisia-recebe-o-presidente-e-afirma-ser-voz-do-interior-esquecido\/#breadcrumb\"},\"inLanguage\":\"pt-PT\",\"potentialAction\":[{\"@type\":\"ReadAction\",\"target\":[\"https:\/\/portaltela.pt\/noticias\/2026\/03\/10\/mourisia-recebe-o-presidente-e-afirma-ser-voz-do-interior-esquecido\/\"]}]},{\"@type\":\"ImageObject\",\"inLanguage\":\"pt-PT\",\"@id\":\"https:\/\/portaltela.pt\/noticias\/2026\/03\/10\/mourisia-recebe-o-presidente-e-afirma-ser-voz-do-interior-esquecido\/#primaryimage\",\"url\":\"https:\/\/portaltela.pt\/s.01k8rhncp4jt1\/2026\/03\/image-646.jpg\",\"contentUrl\":\"https:\/\/portaltela.pt\/s.01k8rhncp4jt1\/2026\/03\/image-646.jpg\",\"width\":796,\"height\":448,\"caption\":\"Presidente da Rep\u00fablica atentou que \u00e9 necess\u00e1rio passar das promessas aos atos\"},{\"@type\":\"BreadcrumbList\",\"@id\":\"https:\/\/portaltela.pt\/noticias\/2026\/03\/10\/mourisia-recebe-o-presidente-e-afirma-ser-voz-do-interior-esquecido\/#breadcrumb\",\"itemListElement\":[{\"@type\":\"ListItem\",\"position\":1,\"name\":\"In\u00edcio\",\"item\":\"https:\/\/portaltela.pt\/\"},{\"@type\":\"ListItem\",\"position\":2,\"name\":\"Mour\u00edsia recebe o presidente e afirma ser voz do Interior esquecido\"}]},{\"@type\":\"WebSite\",\"@id\":\"https:\/\/portaltela.pt\/#website\",\"url\":\"https:\/\/portaltela.pt\/\",\"name\":\"Portal Tela Portugal\",\"description\":\"\",\"potentialAction\":[{\"@type\":\"SearchAction\",\"target\":{\"@type\":\"EntryPoint\",\"urlTemplate\":\"https:\/\/portaltela.pt\/?s={search_term_string}\"},\"query-input\":{\"@type\":\"PropertyValueSpecification\",\"valueRequired\":true,\"valueName\":\"search_term_string\"}}],\"inLanguage\":\"pt-PT\"},{\"@type\":\"Person\",\"@id\":\"https:\/\/portaltela.pt\/#\/schema\/person\/c4278d4a6028830caff9ee44b42d32ed\",\"name\":\"Telinha\",\"image\":{\"@type\":\"ImageObject\",\"inLanguage\":\"pt-PT\",\"@id\":\"https:\/\/portaltela.pt\/s.01k8rhncp4jt1\/2025\/11\/talking-bot-125x125.png\",\"url\":\"https:\/\/portaltela.pt\/s.01k8rhncp4jt1\/2025\/11\/talking-bot-125x125.png\",\"contentUrl\":\"https:\/\/portaltela.pt\/s.01k8rhncp4jt1\/2025\/11\/talking-bot-125x125.png\",\"caption\":\"Telinha\"},\"sameAs\":[\"https:\/\/portaltela.pt\/\"],\"url\":\"https:\/\/portaltela.pt\/por\/367410592786\/\"}]}<\/script>\n<!-- \/ Yoast SEO plugin. -->","yoast_head_json":{"title":"Mour\u00edsia recebe o presidente e afirma ser voz do Interior esquecido - Portal Tela Portugal","robots":{"index":"index","follow":"follow","max-snippet":"max-snippet:-1","max-image-preview":"max-image-preview:large","max-video-preview":"max-video-preview:-1"},"og_locale":"pt_PT","og_type":"article","og_title":"Mour\u00edsia recebe o presidente e afirma ser voz do Interior esquecido - Portal Tela Portugal","og_description":"A Mour\u00edsia, no concelho de Arganil, recebeu pela primeira vez um presidente da Rep\u00fablica, numa visita para exigir a\u00e7\u00f5es concretas para o Interior. A desloca\u00e7\u00e3o acontece ap\u00f3s promessas do ent\u00e3o candidato Ant\u00f3nio Jos\u00e9 Seguro de n\u00e3o esquecer a aldeia, atingida por inc\u00eandios em agosto passado. \u00c0 entrada da povoa\u00e7\u00e3o est\u00e1 uma placa que recorda as chamas, com uma bandeira de Portugal ao lado. Meio ano depois do fogo, n\u00e3o h\u00e1 televis\u00e3o nem rede fixa desde janeiro, devido a tempestades que afetaram a regi\u00e3o. A popula\u00e7\u00e3o da Mour\u00edsia quadriplicou e os idosos passam a depender mais do telem\u00f3vel, para atenuar a solid\u00e3o.","og_url":"https:\/\/portaltela.pt\/noticias\/2026\/03\/10\/mourisia-recebe-o-presidente-e-afirma-ser-voz-do-interior-esquecido\/","og_site_name":"Portal Tela Portugal","article_published_time":"2026-03-10T16:19:00+00:00","author":"Telinha","twitter_card":"summary_large_image","twitter_misc":{"Escrito por":"Telinha","Tempo estimado de leitura":"1 minuto"},"schema":{"@context":"https:\/\/schema.org","@graph":[{"@type":"Article","@id":"https:\/\/portaltela.pt\/noticias\/2026\/03\/10\/mourisia-recebe-o-presidente-e-afirma-ser-voz-do-interior-esquecido\/#article","isPartOf":{"@id":"https:\/\/portaltela.pt\/noticias\/2026\/03\/10\/mourisia-recebe-o-presidente-e-afirma-ser-voz-do-interior-esquecido\/"},"author":{"name":"Telinha","@id":"https:\/\/portaltela.pt\/#\/schema\/person\/c4278d4a6028830caff9ee44b42d32ed"},"headline":"Mour\u00edsia recebe o presidente e afirma ser voz do Interior esquecido","datePublished":"2026-03-10T16:19:00+00:00","mainEntityOfPage":{"@id":"https:\/\/portaltela.pt\/noticias\/2026\/03\/10\/mourisia-recebe-o-presidente-e-afirma-ser-voz-do-interior-esquecido\/"},"wordCount":207,"image":{"@id":"https:\/\/portaltela.pt\/noticias\/2026\/03\/10\/mourisia-recebe-o-presidente-e-afirma-ser-voz-do-interior-esquecido\/#primaryimage"},"thumbnailUrl":"https:\/\/portaltela.pt\/s.01k8rhncp4jt1\/2026\/03\/image-646.jpg","keywords":["Arganil","inc\u00eandio","infraestrutura","Portugal","Regi\u00e3o Centro","telecomunica\u00e7\u00f5es"],"articleSection":["Meio Ambiente","Sociedade"],"inLanguage":"pt-PT"},{"@type":"WebPage","@id":"https:\/\/portaltela.pt\/noticias\/2026\/03\/10\/mourisia-recebe-o-presidente-e-afirma-ser-voz-do-interior-esquecido\/","url":"https:\/\/portaltela.pt\/noticias\/2026\/03\/10\/mourisia-recebe-o-presidente-e-afirma-ser-voz-do-interior-esquecido\/","name":"Mour\u00edsia recebe o presidente e afirma ser voz do Interior esquecido - Portal Tela Portugal","isPartOf":{"@id":"https:\/\/portaltela.pt\/#website"},"primaryImageOfPage":{"@id":"https:\/\/portaltela.pt\/noticias\/2026\/03\/10\/mourisia-recebe-o-presidente-e-afirma-ser-voz-do-interior-esquecido\/#primaryimage"},"image":{"@id":"https:\/\/portaltela.pt\/noticias\/2026\/03\/10\/mourisia-recebe-o-presidente-e-afirma-ser-voz-do-interior-esquecido\/#primaryimage"},"thumbnailUrl":"https:\/\/portaltela.pt\/s.01k8rhncp4jt1\/2026\/03\/image-646.jpg","datePublished":"2026-03-10T16:19:00+00:00","author":{"@id":"https:\/\/portaltela.pt\/#\/schema\/person\/c4278d4a6028830caff9ee44b42d32ed"},"breadcrumb":{"@id":"https:\/\/portaltela.pt\/noticias\/2026\/03\/10\/mourisia-recebe-o-presidente-e-afirma-ser-voz-do-interior-esquecido\/#breadcrumb"},"inLanguage":"pt-PT","potentialAction":[{"@type":"ReadAction","target":["https:\/\/portaltela.pt\/noticias\/2026\/03\/10\/mourisia-recebe-o-presidente-e-afirma-ser-voz-do-interior-esquecido\/"]}]},{"@type":"ImageObject","inLanguage":"pt-PT","@id":"https:\/\/portaltela.pt\/noticias\/2026\/03\/10\/mourisia-recebe-o-presidente-e-afirma-ser-voz-do-interior-esquecido\/#primaryimage","url":"https:\/\/portaltela.pt\/s.01k8rhncp4jt1\/2026\/03\/image-646.jpg","contentUrl":"https:\/\/portaltela.pt\/s.01k8rhncp4jt1\/2026\/03\/image-646.jpg","width":796,"height":448,"caption":"Presidente da Rep\u00fablica atentou que \u00e9 necess\u00e1rio passar das promessas aos atos"},{"@type":"BreadcrumbList","@id":"https:\/\/portaltela.pt\/noticias\/2026\/03\/10\/mourisia-recebe-o-presidente-e-afirma-ser-voz-do-interior-esquecido\/#breadcrumb","itemListElement":[{"@type":"ListItem","position":1,"name":"In\u00edcio","item":"https:\/\/portaltela.pt\/"},{"@type":"ListItem","position":2,"name":"Mour\u00edsia recebe o presidente e afirma ser voz do Interior esquecido"}]},{"@type":"WebSite","@id":"https:\/\/portaltela.pt\/#website","url":"https:\/\/portaltela.pt\/","name":"Portal Tela Portugal","description":"","potentialAction":[{"@type":"SearchAction","target":{"@type":"EntryPoint","urlTemplate":"https:\/\/portaltela.pt\/?s={search_term_string}"},"query-input":{"@type":"PropertyValueSpecification","valueRequired":true,"valueName":"search_term_string"}}],"inLanguage":"pt-PT"},{"@type":"Person","@id":"https:\/\/portaltela.pt\/#\/schema\/person\/c4278d4a6028830caff9ee44b42d32ed","name":"Telinha","image":{"@type":"ImageObject","inLanguage":"pt-PT","@id":"https:\/\/portaltela.pt\/s.01k8rhncp4jt1\/2025\/11\/talking-bot-125x125.png","url":"https:\/\/portaltela.pt\/s.01k8rhncp4jt1\/2025\/11\/talking-bot-125x125.png","contentUrl":"https:\/\/portaltela.pt\/s.01k8rhncp4jt1\/2025\/11\/talking-bot-125x125.png","caption":"Telinha"},"sameAs":["https:\/\/portaltela.pt\/"],"url":"https:\/\/portaltela.pt\/por\/367410592786\/"}]}},"_links":{"self":[{"href":"https:\/\/portaltela.pt\/api\/wp\/v2\/posts\/404801","targetHints":{"allow":["GET"]}}],"collection":[{"href":"https:\/\/portaltela.pt\/api\/wp\/v2\/posts"}],"about":[{"href":"https:\/\/portaltela.pt\/api\/wp\/v2\/types\/post"}],"author":[{"embeddable":true,"href":"https:\/\/portaltela.pt\/api\/wp\/v2\/users\/2"}],"replies":[{"embeddable":true,"href":"https:\/\/portaltela.pt\/api\/wp\/v2\/comments?post=404801"}],"version-history":[{"count":0,"href":"https:\/\/portaltela.pt\/api\/wp\/v2\/posts\/404801\/revisions"}],"wp:featuredmedia":[{"embeddable":true,"href":"https:\/\/portaltela.pt\/api\/wp\/v2\/media\/404807"}],"wp:attachment":[{"href":"https:\/\/portaltela.pt\/api\/wp\/v2\/media?parent=404801"}],"wp:term":[{"taxonomy":"category","embeddable":true,"href":"https:\/\/portaltela.pt\/api\/wp\/v2\/categories?post=404801"},{"taxonomy":"post_tag","embeddable":true,"href":"https:\/\/portaltela.pt\/api\/wp\/v2\/tags?post=404801"}],"curies":[{"name":"wp","href":"https:\/\/api.w.org\/{rel}","templated":true}]}}