{"id":404772,"date":"2026-03-10T12:54:00","date_gmt":"2026-03-10T15:54:00","guid":{"rendered":"https:\/\/portaltela.pt\/noticias\/2026\/03\/10\/ue-propoe-remuneracao-para-artistas-cujos-conteudos-sao-usados-por-ia\/"},"modified":"2026-03-10T12:54:00","modified_gmt":"2026-03-10T15:54:00","slug":"ue-propoe-remuneracao-para-artistas-cujos-conteudos-sao-usados-por-ia","status":"publish","type":"post","link":"https:\/\/portaltela.pt\/noticias\/2026\/03\/10\/ue-propoe-remuneracao-para-artistas-cujos-conteudos-sao-usados-por-ia\/","title":{"rendered":"UE prop\u00f5e remunera\u00e7\u00e3o para artistas cujos conte\u00fados s\u00e3o usados por IA"},"content":{"rendered":"<p>O Parlamento Europeu aprovou um relat\u00f3rio que prop\u00f5e a remunera\u00e7\u00e3o de artistas cujas obras s\u00e3o usadas em sistemas de IA generativa, para proteger o setor criativo europeu. A vota\u00e7\u00e3o ocorreu na sess\u00e3o plen\u00e1ria em Estrasburgo, com 460 votos a favor, 71 contra e 88 absten\u00e7\u00f5es.<\/p>\n<p>O texto defende que a utiliza\u00e7\u00e3o de conte\u00fado protegido por direitos de autor por IA deve ser devidamente remunerada. Tamb\u00e9m aponta a import\u00e2ncia de salvaguardar o peso do setor criativo europeu, que representa cerca de 6,9% do PIB da UE.<\/p>\n<p>Os eurodeputados pedem transpar\u00eancia total sobre conte\u00fados usados no treino de IA e sugerem que a Comiss\u00e3o Europeia analise formas de remunerar utiliza\u00e7\u00f5es passadas, sem criar licen\u00e7as globais para treinar sistemas mediante pagamentos fixos.<\/p>\n<h3>Prote\u00e7\u00e3o de direitos e listas de utilizadores<\/h3>\n<p>Os autores defendem que haja uma lista detalhada de obras protegidas usadas no treino de IA, com a obriga\u00e7\u00e3o de divulgar por parte dos fornecedores. Caso faltem informa\u00e7\u00f5es, pode haver consequ\u00eancias jur\u00eddicas para quem desenvolve IA.<\/p>\n<p>O relat\u00f3rio tamb\u00e9m prev\u00ea o direito dos artistas de impedir o uso de obras no treino de IA, sugerindo a cria\u00e7\u00e3o de uma lista de n\u00e3o participantes pelo Instituto da Propriedade Intelectual da UE. Al\u00e9m disso, defende prote\u00e7\u00e3o do jornalismo.<\/p>\n<p>O PE aponta ainda que organos de comunica\u00e7\u00e3o social devem ser plenamente compensados se as suas audi\u00eancias e receitas forem desviadas por IA. Conte\u00fados totalmente gerados por IA n\u00e3o deveriam gozar de direitos de autor.<\/p>\n<h3>Observa\u00e7\u00f5es e uso institucional<\/h3>\n<p>O relat\u00f3rio enfatiza que conte\u00fados gerados inteiramente por IA n\u00e3o ficam abrangidos por direitos de autor, incentivando plataformas a combater usos ilegais e a dissemina\u00e7\u00e3o de conte\u00fados manipulados. A legisla\u00e7\u00e3o final depende de aprova\u00e7\u00e3o adicional.<\/p>\n<p>Alex Voss, eurodeputado PPE que redigiu o texto, afirmou que regras claras ajudam a definir conte\u00fados utiliz\u00e1veis pela IA, assegurando licen\u00e7as apropriadas e prote\u00e7\u00e3o aos titulares de direitos. O documento \u00e9 uma recomenda\u00e7\u00e3o, n\u00e3o vinculativa.<\/p>\n","protected":false},"excerpt":{"rendered":"<ul>\n<li>O Parlamento Europeu aprovou um relat\u00f3rio que defende a remunera\u00e7\u00e3o de artistas cujas obras s\u00e3o usadas por sistemas de intelig\u00eancia artificial generativa, para proteger o setor criativo europeu.<\/li>\n<li>O relat\u00f3rio, aprovado na sess\u00e3o em Estrasburgo com 460 votos a favor, 71 contra e 88 absten\u00e7\u00f5es, tamb\u00e9m defende que \u00f3rg\u00e3os de comunica\u00e7\u00e3o social devem ser plenamente compensados quando as suas audi\u00eancias e receitas forem desviadas por IA.<\/li>\n<li>Prop\u00f5e remunerar conte\u00fados protegidos por direitos de autor usados no treino de IA, exigir transpar\u00eancia total e exigir uma lista detalhada de obras usadas; se faltar, pode haver consequ\u00eancias jur\u00eddicas para fornecedores e implementadores de IA.<\/li>\n<li>Defende que artistas e meios de comunica\u00e7\u00e3o possam impedir o uso das suas obras no treino de IA, com o Instituto da Propriedade Intelectual da UE a desenvolver uma lista de n\u00e3o participantes; e que plataformas compensem os \u00f3rg\u00e3os de comunica\u00e7\u00e3o social afetados.<\/li>\n<li>O relat\u00f3rio recomenda ainda que conte\u00fados inteiramente gerados por IA n\u00e3o estejam sujeitos a direitos de autor e que se tomem medidas contra uso ilegal e dissemina\u00e7\u00e3o de conte\u00fados manipulados; n\u00e3o tem for\u00e7a de lei, funcionando apenas como recomenda\u00e7\u00f5es.<\/li>\n<\/ul>\n","protected":false},"author":2,"featured_media":404776,"comment_status":"closed","ping_status":"closed","sticky":false,"template":"","format":"standard","meta":{"footnotes":""},"categories":[1],"tags":[6115,145,6373,6177,240,2055],"class_list":["post-404772","post","type-post","status-publish","format-standard","has-post-thumbnail","hentry","category-noticias","tag-_economia","tag-cultura","tag-direitos","tag-direitos-de-propriedade","tag-propriedade-intelectual","tag-uniao-europeia"],"yoast_head":"<!-- This site is optimized with the Yoast SEO plugin v27.2 - https:\/\/yoast.com\/product\/yoast-seo-wordpress\/ -->\n<title>UE prop\u00f5e remunera\u00e7\u00e3o para artistas cujos conte\u00fados s\u00e3o usados por IA - Portal Tela Portugal<\/title>\n<meta name=\"robots\" content=\"index, follow, max-snippet:-1, max-image-preview:large, max-video-preview:-1\" \/>\n<meta property=\"og:locale\" content=\"pt_PT\" \/>\n<meta property=\"og:type\" content=\"article\" \/>\n<meta property=\"og:title\" content=\"UE prop\u00f5e remunera\u00e7\u00e3o para artistas cujos conte\u00fados s\u00e3o usados por IA - Portal Tela Portugal\" \/>\n<meta property=\"og:description\" content=\"O Parlamento Europeu aprovou um relat\u00f3rio que defende a remunera\u00e7\u00e3o de artistas cujas obras s\u00e3o usadas por sistemas de intelig\u00eancia artificial generativa, para proteger o setor criativo europeu. O relat\u00f3rio, aprovado na sess\u00e3o em Estrasburgo com 460 votos a favor, 71 contra e 88 absten\u00e7\u00f5es, tamb\u00e9m defende que \u00f3rg\u00e3os de comunica\u00e7\u00e3o social devem ser plenamente compensados quando as suas audi\u00eancias e receitas forem desviadas por IA. Prop\u00f5e remunerar conte\u00fados protegidos por direitos de autor usados no treino de IA, exigir transpar\u00eancia total e exigir uma lista detalhada de obras usadas; se faltar, pode haver consequ\u00eancias jur\u00eddicas para fornecedores e implementadores de IA. Defende que artistas e meios de comunica\u00e7\u00e3o possam impedir o uso das suas obras no treino de IA, com o Instituto da Propriedade Intelectual da UE a desenvolver uma lista de n\u00e3o participantes; e que plataformas compensem os \u00f3rg\u00e3os de comunica\u00e7\u00e3o social afetados. O relat\u00f3rio recomenda ainda que conte\u00fados inteiramente gerados por IA n\u00e3o estejam sujeitos a direitos de autor e que se tomem medidas contra uso ilegal e dissemina\u00e7\u00e3o de conte\u00fados manipulados; n\u00e3o tem for\u00e7a de lei, funcionando apenas como recomenda\u00e7\u00f5es.\" \/>\n<meta property=\"og:url\" content=\"https:\/\/portaltela.pt\/noticias\/2026\/03\/10\/ue-propoe-remuneracao-para-artistas-cujos-conteudos-sao-usados-por-ia\/\" \/>\n<meta property=\"og:site_name\" content=\"Portal Tela Portugal\" \/>\n<meta property=\"article:published_time\" content=\"2026-03-10T15:54:00+00:00\" \/>\n<meta name=\"author\" content=\"Telinha\" \/>\n<meta name=\"twitter:card\" content=\"summary_large_image\" \/>\n<meta name=\"twitter:label1\" content=\"Escrito por\" \/>\n\t<meta name=\"twitter:data1\" content=\"Telinha\" \/>\n\t<meta name=\"twitter:label2\" content=\"Tempo estimado de leitura\" \/>\n\t<meta name=\"twitter:data2\" content=\"2 minutos\" \/>\n<script type=\"application\/ld+json\" class=\"yoast-schema-graph\">{\"@context\":\"https:\/\/schema.org\",\"@graph\":[{\"@type\":\"Article\",\"@id\":\"https:\/\/portaltela.pt\/noticias\/2026\/03\/10\/ue-propoe-remuneracao-para-artistas-cujos-conteudos-sao-usados-por-ia\/#article\",\"isPartOf\":{\"@id\":\"https:\/\/portaltela.pt\/noticias\/2026\/03\/10\/ue-propoe-remuneracao-para-artistas-cujos-conteudos-sao-usados-por-ia\/\"},\"author\":{\"name\":\"Telinha\",\"@id\":\"https:\/\/portaltela.pt\/#\/schema\/person\/c4278d4a6028830caff9ee44b42d32ed\"},\"headline\":\"UE prop\u00f5e remunera\u00e7\u00e3o para artistas cujos conte\u00fados s\u00e3o usados por IA\",\"datePublished\":\"2026-03-10T15:54:00+00:00\",\"mainEntityOfPage\":{\"@id\":\"https:\/\/portaltela.pt\/noticias\/2026\/03\/10\/ue-propoe-remuneracao-para-artistas-cujos-conteudos-sao-usados-por-ia\/\"},\"wordCount\":367,\"image\":{\"@id\":\"https:\/\/portaltela.pt\/noticias\/2026\/03\/10\/ue-propoe-remuneracao-para-artistas-cujos-conteudos-sao-usados-por-ia\/#primaryimage\"},\"thumbnailUrl\":\"https:\/\/portaltela.pt\/s.01k8rhncp4jt1\/2026\/03\/img_1500x1000uu2026-02-19-23-21-33-2267839-im-639071401200019386.jpg\",\"keywords\":[\"_economia\",\"cultura\",\"direitos\",\"direitos de propriedade\",\"propriedade intelectual\",\"Uni\u00e3o Europeia\"],\"articleSection\":[\"Not\u00edcias\"],\"inLanguage\":\"pt-PT\"},{\"@type\":\"WebPage\",\"@id\":\"https:\/\/portaltela.pt\/noticias\/2026\/03\/10\/ue-propoe-remuneracao-para-artistas-cujos-conteudos-sao-usados-por-ia\/\",\"url\":\"https:\/\/portaltela.pt\/noticias\/2026\/03\/10\/ue-propoe-remuneracao-para-artistas-cujos-conteudos-sao-usados-por-ia\/\",\"name\":\"UE prop\u00f5e remunera\u00e7\u00e3o para artistas cujos conte\u00fados s\u00e3o usados por IA - Portal Tela Portugal\",\"isPartOf\":{\"@id\":\"https:\/\/portaltela.pt\/#website\"},\"primaryImageOfPage\":{\"@id\":\"https:\/\/portaltela.pt\/noticias\/2026\/03\/10\/ue-propoe-remuneracao-para-artistas-cujos-conteudos-sao-usados-por-ia\/#primaryimage\"},\"image\":{\"@id\":\"https:\/\/portaltela.pt\/noticias\/2026\/03\/10\/ue-propoe-remuneracao-para-artistas-cujos-conteudos-sao-usados-por-ia\/#primaryimage\"},\"thumbnailUrl\":\"https:\/\/portaltela.pt\/s.01k8rhncp4jt1\/2026\/03\/img_1500x1000uu2026-02-19-23-21-33-2267839-im-639071401200019386.jpg\",\"datePublished\":\"2026-03-10T15:54:00+00:00\",\"author\":{\"@id\":\"https:\/\/portaltela.pt\/#\/schema\/person\/c4278d4a6028830caff9ee44b42d32ed\"},\"breadcrumb\":{\"@id\":\"https:\/\/portaltela.pt\/noticias\/2026\/03\/10\/ue-propoe-remuneracao-para-artistas-cujos-conteudos-sao-usados-por-ia\/#breadcrumb\"},\"inLanguage\":\"pt-PT\",\"potentialAction\":[{\"@type\":\"ReadAction\",\"target\":[\"https:\/\/portaltela.pt\/noticias\/2026\/03\/10\/ue-propoe-remuneracao-para-artistas-cujos-conteudos-sao-usados-por-ia\/\"]}]},{\"@type\":\"ImageObject\",\"inLanguage\":\"pt-PT\",\"@id\":\"https:\/\/portaltela.pt\/noticias\/2026\/03\/10\/ue-propoe-remuneracao-para-artistas-cujos-conteudos-sao-usados-por-ia\/#primaryimage\",\"url\":\"https:\/\/portaltela.pt\/s.01k8rhncp4jt1\/2026\/03\/img_1500x1000uu2026-02-19-23-21-33-2267839-im-639071401200019386.jpg\",\"contentUrl\":\"https:\/\/portaltela.pt\/s.01k8rhncp4jt1\/2026\/03\/img_1500x1000uu2026-02-19-23-21-33-2267839-im-639071401200019386.jpg\",\"width\":796,\"height\":448,\"caption\":\"Intelig\u00eancia Artificial\"},{\"@type\":\"BreadcrumbList\",\"@id\":\"https:\/\/portaltela.pt\/noticias\/2026\/03\/10\/ue-propoe-remuneracao-para-artistas-cujos-conteudos-sao-usados-por-ia\/#breadcrumb\",\"itemListElement\":[{\"@type\":\"ListItem\",\"position\":1,\"name\":\"In\u00edcio\",\"item\":\"https:\/\/portaltela.pt\/\"},{\"@type\":\"ListItem\",\"position\":2,\"name\":\"UE prop\u00f5e remunera\u00e7\u00e3o para artistas cujos conte\u00fados s\u00e3o usados por IA\"}]},{\"@type\":\"WebSite\",\"@id\":\"https:\/\/portaltela.pt\/#website\",\"url\":\"https:\/\/portaltela.pt\/\",\"name\":\"Portal Tela Portugal\",\"description\":\"\",\"potentialAction\":[{\"@type\":\"SearchAction\",\"target\":{\"@type\":\"EntryPoint\",\"urlTemplate\":\"https:\/\/portaltela.pt\/?s={search_term_string}\"},\"query-input\":{\"@type\":\"PropertyValueSpecification\",\"valueRequired\":true,\"valueName\":\"search_term_string\"}}],\"inLanguage\":\"pt-PT\"},{\"@type\":\"Person\",\"@id\":\"https:\/\/portaltela.pt\/#\/schema\/person\/c4278d4a6028830caff9ee44b42d32ed\",\"name\":\"Telinha\",\"image\":{\"@type\":\"ImageObject\",\"inLanguage\":\"pt-PT\",\"@id\":\"https:\/\/portaltela.pt\/s.01k8rhncp4jt1\/2025\/11\/talking-bot-125x125.png\",\"url\":\"https:\/\/portaltela.pt\/s.01k8rhncp4jt1\/2025\/11\/talking-bot-125x125.png\",\"contentUrl\":\"https:\/\/portaltela.pt\/s.01k8rhncp4jt1\/2025\/11\/talking-bot-125x125.png\",\"caption\":\"Telinha\"},\"sameAs\":[\"https:\/\/portaltela.pt\/\"],\"url\":\"https:\/\/portaltela.pt\/por\/367410592786\/\"}]}<\/script>\n<!-- \/ Yoast SEO plugin. -->","yoast_head_json":{"title":"UE prop\u00f5e remunera\u00e7\u00e3o para artistas cujos conte\u00fados s\u00e3o usados por IA - Portal Tela Portugal","robots":{"index":"index","follow":"follow","max-snippet":"max-snippet:-1","max-image-preview":"max-image-preview:large","max-video-preview":"max-video-preview:-1"},"og_locale":"pt_PT","og_type":"article","og_title":"UE prop\u00f5e remunera\u00e7\u00e3o para artistas cujos conte\u00fados s\u00e3o usados por IA - Portal Tela Portugal","og_description":"O Parlamento Europeu aprovou um relat\u00f3rio que defende a remunera\u00e7\u00e3o de artistas cujas obras s\u00e3o usadas por sistemas de intelig\u00eancia artificial generativa, para proteger o setor criativo europeu. O relat\u00f3rio, aprovado na sess\u00e3o em Estrasburgo com 460 votos a favor, 71 contra e 88 absten\u00e7\u00f5es, tamb\u00e9m defende que \u00f3rg\u00e3os de comunica\u00e7\u00e3o social devem ser plenamente compensados quando as suas audi\u00eancias e receitas forem desviadas por IA. Prop\u00f5e remunerar conte\u00fados protegidos por direitos de autor usados no treino de IA, exigir transpar\u00eancia total e exigir uma lista detalhada de obras usadas; se faltar, pode haver consequ\u00eancias jur\u00eddicas para fornecedores e implementadores de IA. Defende que artistas e meios de comunica\u00e7\u00e3o possam impedir o uso das suas obras no treino de IA, com o Instituto da Propriedade Intelectual da UE a desenvolver uma lista de n\u00e3o participantes; e que plataformas compensem os \u00f3rg\u00e3os de comunica\u00e7\u00e3o social afetados. O relat\u00f3rio recomenda ainda que conte\u00fados inteiramente gerados por IA n\u00e3o estejam sujeitos a direitos de autor e que se tomem medidas contra uso ilegal e dissemina\u00e7\u00e3o de conte\u00fados manipulados; n\u00e3o tem for\u00e7a de lei, funcionando apenas como recomenda\u00e7\u00f5es.","og_url":"https:\/\/portaltela.pt\/noticias\/2026\/03\/10\/ue-propoe-remuneracao-para-artistas-cujos-conteudos-sao-usados-por-ia\/","og_site_name":"Portal Tela Portugal","article_published_time":"2026-03-10T15:54:00+00:00","author":"Telinha","twitter_card":"summary_large_image","twitter_misc":{"Escrito por":"Telinha","Tempo estimado de leitura":"2 minutos"},"schema":{"@context":"https:\/\/schema.org","@graph":[{"@type":"Article","@id":"https:\/\/portaltela.pt\/noticias\/2026\/03\/10\/ue-propoe-remuneracao-para-artistas-cujos-conteudos-sao-usados-por-ia\/#article","isPartOf":{"@id":"https:\/\/portaltela.pt\/noticias\/2026\/03\/10\/ue-propoe-remuneracao-para-artistas-cujos-conteudos-sao-usados-por-ia\/"},"author":{"name":"Telinha","@id":"https:\/\/portaltela.pt\/#\/schema\/person\/c4278d4a6028830caff9ee44b42d32ed"},"headline":"UE prop\u00f5e remunera\u00e7\u00e3o para artistas cujos conte\u00fados s\u00e3o usados por IA","datePublished":"2026-03-10T15:54:00+00:00","mainEntityOfPage":{"@id":"https:\/\/portaltela.pt\/noticias\/2026\/03\/10\/ue-propoe-remuneracao-para-artistas-cujos-conteudos-sao-usados-por-ia\/"},"wordCount":367,"image":{"@id":"https:\/\/portaltela.pt\/noticias\/2026\/03\/10\/ue-propoe-remuneracao-para-artistas-cujos-conteudos-sao-usados-por-ia\/#primaryimage"},"thumbnailUrl":"https:\/\/portaltela.pt\/s.01k8rhncp4jt1\/2026\/03\/img_1500x1000uu2026-02-19-23-21-33-2267839-im-639071401200019386.jpg","keywords":["_economia","cultura","direitos","direitos de propriedade","propriedade intelectual","Uni\u00e3o Europeia"],"articleSection":["Not\u00edcias"],"inLanguage":"pt-PT"},{"@type":"WebPage","@id":"https:\/\/portaltela.pt\/noticias\/2026\/03\/10\/ue-propoe-remuneracao-para-artistas-cujos-conteudos-sao-usados-por-ia\/","url":"https:\/\/portaltela.pt\/noticias\/2026\/03\/10\/ue-propoe-remuneracao-para-artistas-cujos-conteudos-sao-usados-por-ia\/","name":"UE prop\u00f5e remunera\u00e7\u00e3o para artistas cujos conte\u00fados s\u00e3o usados por IA - Portal Tela Portugal","isPartOf":{"@id":"https:\/\/portaltela.pt\/#website"},"primaryImageOfPage":{"@id":"https:\/\/portaltela.pt\/noticias\/2026\/03\/10\/ue-propoe-remuneracao-para-artistas-cujos-conteudos-sao-usados-por-ia\/#primaryimage"},"image":{"@id":"https:\/\/portaltela.pt\/noticias\/2026\/03\/10\/ue-propoe-remuneracao-para-artistas-cujos-conteudos-sao-usados-por-ia\/#primaryimage"},"thumbnailUrl":"https:\/\/portaltela.pt\/s.01k8rhncp4jt1\/2026\/03\/img_1500x1000uu2026-02-19-23-21-33-2267839-im-639071401200019386.jpg","datePublished":"2026-03-10T15:54:00+00:00","author":{"@id":"https:\/\/portaltela.pt\/#\/schema\/person\/c4278d4a6028830caff9ee44b42d32ed"},"breadcrumb":{"@id":"https:\/\/portaltela.pt\/noticias\/2026\/03\/10\/ue-propoe-remuneracao-para-artistas-cujos-conteudos-sao-usados-por-ia\/#breadcrumb"},"inLanguage":"pt-PT","potentialAction":[{"@type":"ReadAction","target":["https:\/\/portaltela.pt\/noticias\/2026\/03\/10\/ue-propoe-remuneracao-para-artistas-cujos-conteudos-sao-usados-por-ia\/"]}]},{"@type":"ImageObject","inLanguage":"pt-PT","@id":"https:\/\/portaltela.pt\/noticias\/2026\/03\/10\/ue-propoe-remuneracao-para-artistas-cujos-conteudos-sao-usados-por-ia\/#primaryimage","url":"https:\/\/portaltela.pt\/s.01k8rhncp4jt1\/2026\/03\/img_1500x1000uu2026-02-19-23-21-33-2267839-im-639071401200019386.jpg","contentUrl":"https:\/\/portaltela.pt\/s.01k8rhncp4jt1\/2026\/03\/img_1500x1000uu2026-02-19-23-21-33-2267839-im-639071401200019386.jpg","width":796,"height":448,"caption":"Intelig\u00eancia Artificial"},{"@type":"BreadcrumbList","@id":"https:\/\/portaltela.pt\/noticias\/2026\/03\/10\/ue-propoe-remuneracao-para-artistas-cujos-conteudos-sao-usados-por-ia\/#breadcrumb","itemListElement":[{"@type":"ListItem","position":1,"name":"In\u00edcio","item":"https:\/\/portaltela.pt\/"},{"@type":"ListItem","position":2,"name":"UE prop\u00f5e remunera\u00e7\u00e3o para artistas cujos conte\u00fados s\u00e3o usados por IA"}]},{"@type":"WebSite","@id":"https:\/\/portaltela.pt\/#website","url":"https:\/\/portaltela.pt\/","name":"Portal Tela Portugal","description":"","potentialAction":[{"@type":"SearchAction","target":{"@type":"EntryPoint","urlTemplate":"https:\/\/portaltela.pt\/?s={search_term_string}"},"query-input":{"@type":"PropertyValueSpecification","valueRequired":true,"valueName":"search_term_string"}}],"inLanguage":"pt-PT"},{"@type":"Person","@id":"https:\/\/portaltela.pt\/#\/schema\/person\/c4278d4a6028830caff9ee44b42d32ed","name":"Telinha","image":{"@type":"ImageObject","inLanguage":"pt-PT","@id":"https:\/\/portaltela.pt\/s.01k8rhncp4jt1\/2025\/11\/talking-bot-125x125.png","url":"https:\/\/portaltela.pt\/s.01k8rhncp4jt1\/2025\/11\/talking-bot-125x125.png","contentUrl":"https:\/\/portaltela.pt\/s.01k8rhncp4jt1\/2025\/11\/talking-bot-125x125.png","caption":"Telinha"},"sameAs":["https:\/\/portaltela.pt\/"],"url":"https:\/\/portaltela.pt\/por\/367410592786\/"}]}},"_links":{"self":[{"href":"https:\/\/portaltela.pt\/api\/wp\/v2\/posts\/404772","targetHints":{"allow":["GET"]}}],"collection":[{"href":"https:\/\/portaltela.pt\/api\/wp\/v2\/posts"}],"about":[{"href":"https:\/\/portaltela.pt\/api\/wp\/v2\/types\/post"}],"author":[{"embeddable":true,"href":"https:\/\/portaltela.pt\/api\/wp\/v2\/users\/2"}],"replies":[{"embeddable":true,"href":"https:\/\/portaltela.pt\/api\/wp\/v2\/comments?post=404772"}],"version-history":[{"count":0,"href":"https:\/\/portaltela.pt\/api\/wp\/v2\/posts\/404772\/revisions"}],"wp:featuredmedia":[{"embeddable":true,"href":"https:\/\/portaltela.pt\/api\/wp\/v2\/media\/404776"}],"wp:attachment":[{"href":"https:\/\/portaltela.pt\/api\/wp\/v2\/media?parent=404772"}],"wp:term":[{"taxonomy":"category","embeddable":true,"href":"https:\/\/portaltela.pt\/api\/wp\/v2\/categories?post=404772"},{"taxonomy":"post_tag","embeddable":true,"href":"https:\/\/portaltela.pt\/api\/wp\/v2\/tags?post=404772"}],"curies":[{"name":"wp","href":"https:\/\/api.w.org\/{rel}","templated":true}]}}