{"id":404768,"date":"2026-03-10T12:45:00","date_gmt":"2026-03-10T15:45:00","guid":{"rendered":"https:\/\/portaltela.pt\/noticias\/2026\/03\/10\/flores-de-funeral-trocadas-por-donativos-financiaram-varanda-do-hospital-de-gaia\/"},"modified":"2026-03-10T12:45:00","modified_gmt":"2026-03-10T15:45:00","slug":"flores-de-funeral-trocadas-por-donativos-financiaram-varanda-do-hospital-de-gaia","status":"publish","type":"post","link":"https:\/\/portaltela.pt\/saude\/2026\/03\/10\/flores-de-funeral-trocadas-por-donativos-financiaram-varanda-do-hospital-de-gaia\/","title":{"rendered":"Flores de funeral trocadas por donativos financiaram varanda do Hospital de Gaia"},"content":{"rendered":"<p>O que antes era um varandim sem elementos decorativos passou a ter zonas de estar e cores vivas, gra\u00e7as a uma iniciativa familiar. O projeto nasceu ap\u00f3s a morte de Liberto Almeida, em 2024, devido a cancro do pulm\u00e3o, no Hospital Santos Silva, em Gaia.<\/p>\n<p>Uma fam\u00edlia de Ovar pediu aos convidados do funeral que substitu\u00edssem flores por donativos. Os donativos, reunidos num total pr\u00f3ximo de 4000 euros, financiaram a renova\u00e7\u00e3o da varanda de 50 metros quadrados. A ideia foi da filha do casal, Sara, com aprova\u00e7\u00e3o dos respons\u00e1veis do hospital.<\/p>\n<h3>Transforma\u00e7\u00e3o e participa\u00e7\u00e3o<\/h3>\n<p>Os cinco membros da fam\u00edlia dedicaram meses ao trabalho volunt\u00e1rio, com ajuda de amigos em doa\u00e7\u00f5es de plantas e materiais. A varanda ganhou espa\u00e7os de estar, floreiras, vasos com flores e ervas arom\u00e1ticas, bem como mobili\u00e1rio de exterior.<\/p>\n<p>O espa\u00e7o passou a permitir aos utentes de Pneumologia e Cuidados Paliativos bolsos de pausa ao ar livre, com vista para \u00e1reas verdes e para o mar. A remodela\u00e7\u00e3o recebeu aprova\u00e7\u00e3o dos diretores do hospital, que destacaram o impacto positivo para a recupera\u00e7\u00e3o.<\/p>\n<p>A diretora de Pneumologia da Unidade Local de Sa\u00fade Gaia e Espinho reconheceu a generosidade da fam\u00edlia e salientou que a interven\u00e7\u00e3o transforma um ato de mem\u00f3ria num benef\u00edcio para quem utiliza o servi\u00e7o. O espa\u00e7o inclui zonas de descanso e mesas com cadeiras para refei\u00e7\u00f5es exteriores.<\/p>\n<p>Nat\u00e1lia Moreira, vi\u00fava de Liberto, declarou que o marido, nos seus \u00faltimos dias, pensava no desperd\u00edcio de flores, sugerindo, em vez disso, que houvesse apoio financeiro para conforto dos doentes. A inaugura\u00e7\u00e3o evocou mem\u00f3rias, mas permitiu cumprir o desejo de contribuir para o hospital.<\/p>\n","protected":false},"excerpt":{"rendered":"<ul>\n<li>Uma fam\u00edlia de Ovar pediu aos convidados de um funeral que substitu\u00edssem flores por donativos, para financiar a renova\u00e7\u00e3o de uma varanda de 50 metros quadrados no Hospital Santos Silva, em Gaia.<\/li>\n<li>Os donativos, que totalizaram cerca de 4 mil euros, foram reunidos num pote durante a cerim\u00f3nia de Liberto Almeida, falecido em 2024, ap\u00f3s doen\u00e7a oncol\u00f3gica. A filha Sara apresentou o projeto \u00e0 dire\u00e7\u00e3o do hospital.<\/li>\n<li>A transforma\u00e7\u00e3o, realizada ao longo de mais de um ano pela pr\u00f3pria fam\u00edlia com ajuda de amigos, incluiu \u00e1reas de estar, floreiras, plantas e mobili\u00e1rio de exterior.<\/li>\n<li>A varanda ganhou zonas de descanso, mesas e cadeiras, com vista para \u00e1rvores e mar, mantendo liga\u00e7\u00e3o aos servi\u00e7os de Pneumologia e Cuidados Paliativos e permitindo terapias ao ar livre.<\/li>\n<li>A respons\u00e1vel pela Pneumologia do hospital reconheceu que a iniciativa melhorou as condi\u00e7\u00f5es de internamento e lembrou o valor terap\u00eautico do espa\u00e7o exterior; a vi\u00fava Nat\u00e1lia agradeceu a oportunidade de manter a mem\u00f3ria do marido.<\/li>\n<\/ul>\n","protected":false},"author":2,"featured_media":404775,"comment_status":"closed","ping_status":"closed","sticky":false,"template":"","format":"standard","meta":{"footnotes":""},"categories":[1,6745],"tags":[911,3123,1761,633,1861,172],"class_list":["post-404768","post","type-post","status-publish","format-standard","has-post-thumbnail","hentry","category-noticias","category-saude","tag-cuidados-paliativos","tag-doacoes","tag-gaia","tag-hospital","tag-pneumologia","tag-saude"],"yoast_head":"<!-- This site is optimized with the Yoast SEO plugin v27.2 - https:\/\/yoast.com\/product\/yoast-seo-wordpress\/ -->\n<title>Flores de funeral trocadas por donativos financiaram varanda do Hospital de Gaia - Portal Tela Portugal<\/title>\n<meta name=\"robots\" content=\"index, follow, max-snippet:-1, max-image-preview:large, max-video-preview:-1\" \/>\n<meta property=\"og:locale\" content=\"pt_PT\" \/>\n<meta property=\"og:type\" content=\"article\" \/>\n<meta property=\"og:title\" content=\"Flores de funeral trocadas por donativos financiaram varanda do Hospital de Gaia - Portal Tela Portugal\" \/>\n<meta property=\"og:description\" content=\"Uma fam\u00edlia de Ovar pediu aos convidados de um funeral que substitu\u00edssem flores por donativos, para financiar a renova\u00e7\u00e3o de uma varanda de 50 metros quadrados no Hospital Santos Silva, em Gaia. Os donativos, que totalizaram cerca de 4 mil euros, foram reunidos num pote durante a cerim\u00f3nia de Liberto Almeida, falecido em 2024, ap\u00f3s doen\u00e7a oncol\u00f3gica. A filha Sara apresentou o projeto \u00e0 dire\u00e7\u00e3o do hospital. A transforma\u00e7\u00e3o, realizada ao longo de mais de um ano pela pr\u00f3pria fam\u00edlia com ajuda de amigos, incluiu \u00e1reas de estar, floreiras, plantas e mobili\u00e1rio de exterior. A varanda ganhou zonas de descanso, mesas e cadeiras, com vista para \u00e1rvores e mar, mantendo liga\u00e7\u00e3o aos servi\u00e7os de Pneumologia e Cuidados Paliativos e permitindo terapias ao ar livre. A respons\u00e1vel pela Pneumologia do hospital reconheceu que a iniciativa melhorou as condi\u00e7\u00f5es de internamento e lembrou o valor terap\u00eautico do espa\u00e7o exterior; a vi\u00fava Nat\u00e1lia agradeceu a oportunidade de manter a mem\u00f3ria do marido.\" \/>\n<meta property=\"og:url\" content=\"https:\/\/portaltela.pt\/noticias\/2026\/03\/10\/flores-de-funeral-trocadas-por-donativos-financiaram-varanda-do-hospital-de-gaia\/\" \/>\n<meta property=\"og:site_name\" content=\"Portal Tela Portugal\" \/>\n<meta property=\"article:published_time\" content=\"2026-03-10T15:45:00+00:00\" \/>\n<meta name=\"author\" content=\"Telinha\" \/>\n<meta name=\"twitter:card\" content=\"summary_large_image\" \/>\n<meta name=\"twitter:label1\" content=\"Escrito por\" \/>\n\t<meta name=\"twitter:data1\" content=\"Telinha\" \/>\n\t<meta name=\"twitter:label2\" content=\"Tempo estimado de leitura\" \/>\n\t<meta name=\"twitter:data2\" content=\"1 minuto\" \/>\n<script type=\"application\/ld+json\" class=\"yoast-schema-graph\">{\"@context\":\"https:\/\/schema.org\",\"@graph\":[{\"@type\":\"Article\",\"@id\":\"https:\/\/portaltela.pt\/noticias\/2026\/03\/10\/flores-de-funeral-trocadas-por-donativos-financiaram-varanda-do-hospital-de-gaia\/#article\",\"isPartOf\":{\"@id\":\"https:\/\/portaltela.pt\/noticias\/2026\/03\/10\/flores-de-funeral-trocadas-por-donativos-financiaram-varanda-do-hospital-de-gaia\/\"},\"author\":{\"name\":\"Telinha\",\"@id\":\"https:\/\/portaltela.pt\/#\/schema\/person\/c4278d4a6028830caff9ee44b42d32ed\"},\"headline\":\"Flores de funeral trocadas por donativos financiaram varanda do Hospital de Gaia\",\"datePublished\":\"2026-03-10T15:45:00+00:00\",\"mainEntityOfPage\":{\"@id\":\"https:\/\/portaltela.pt\/noticias\/2026\/03\/10\/flores-de-funeral-trocadas-por-donativos-financiaram-varanda-do-hospital-de-gaia\/\"},\"wordCount\":309,\"image\":{\"@id\":\"https:\/\/portaltela.pt\/noticias\/2026\/03\/10\/flores-de-funeral-trocadas-por-donativos-financiaram-varanda-do-hospital-de-gaia\/#primaryimage\"},\"thumbnailUrl\":\"https:\/\/portaltela.pt\/s.01k8rhncp4jt1\/2026\/03\/2073061.jpg\",\"keywords\":[\"cuidados paliativos\",\"doa\u00e7\u00f5es\",\"Gaia\",\"hospital\",\"pneumologia\",\"sa\u00fade\"],\"articleSection\":[\"Not\u00edcias\",\"Sa\u00fade\"],\"inLanguage\":\"pt-PT\"},{\"@type\":\"WebPage\",\"@id\":\"https:\/\/portaltela.pt\/noticias\/2026\/03\/10\/flores-de-funeral-trocadas-por-donativos-financiaram-varanda-do-hospital-de-gaia\/\",\"url\":\"https:\/\/portaltela.pt\/noticias\/2026\/03\/10\/flores-de-funeral-trocadas-por-donativos-financiaram-varanda-do-hospital-de-gaia\/\",\"name\":\"Flores de funeral trocadas por donativos financiaram varanda do Hospital de Gaia - Portal Tela Portugal\",\"isPartOf\":{\"@id\":\"https:\/\/portaltela.pt\/#website\"},\"primaryImageOfPage\":{\"@id\":\"https:\/\/portaltela.pt\/noticias\/2026\/03\/10\/flores-de-funeral-trocadas-por-donativos-financiaram-varanda-do-hospital-de-gaia\/#primaryimage\"},\"image\":{\"@id\":\"https:\/\/portaltela.pt\/noticias\/2026\/03\/10\/flores-de-funeral-trocadas-por-donativos-financiaram-varanda-do-hospital-de-gaia\/#primaryimage\"},\"thumbnailUrl\":\"https:\/\/portaltela.pt\/s.01k8rhncp4jt1\/2026\/03\/2073061.jpg\",\"datePublished\":\"2026-03-10T15:45:00+00:00\",\"author\":{\"@id\":\"https:\/\/portaltela.pt\/#\/schema\/person\/c4278d4a6028830caff9ee44b42d32ed\"},\"breadcrumb\":{\"@id\":\"https:\/\/portaltela.pt\/noticias\/2026\/03\/10\/flores-de-funeral-trocadas-por-donativos-financiaram-varanda-do-hospital-de-gaia\/#breadcrumb\"},\"inLanguage\":\"pt-PT\",\"potentialAction\":[{\"@type\":\"ReadAction\",\"target\":[\"https:\/\/portaltela.pt\/noticias\/2026\/03\/10\/flores-de-funeral-trocadas-por-donativos-financiaram-varanda-do-hospital-de-gaia\/\"]}]},{\"@type\":\"ImageObject\",\"inLanguage\":\"pt-PT\",\"@id\":\"https:\/\/portaltela.pt\/noticias\/2026\/03\/10\/flores-de-funeral-trocadas-por-donativos-financiaram-varanda-do-hospital-de-gaia\/#primaryimage\",\"url\":\"https:\/\/portaltela.pt\/s.01k8rhncp4jt1\/2026\/03\/2073061.jpg\",\"contentUrl\":\"https:\/\/portaltela.pt\/s.01k8rhncp4jt1\/2026\/03\/2073061.jpg\",\"width\":796,\"height\":448,\"caption\":\"Directora do servi\u00e7o de pneumologia diz que o acesso a um espa\u00e7o exterior, com luz natural e ar livre, passar\u00e1 a integrar o processo terap\u00eautico de muitos doentes\"},{\"@type\":\"BreadcrumbList\",\"@id\":\"https:\/\/portaltela.pt\/noticias\/2026\/03\/10\/flores-de-funeral-trocadas-por-donativos-financiaram-varanda-do-hospital-de-gaia\/#breadcrumb\",\"itemListElement\":[{\"@type\":\"ListItem\",\"position\":1,\"name\":\"In\u00edcio\",\"item\":\"https:\/\/portaltela.pt\/\"},{\"@type\":\"ListItem\",\"position\":2,\"name\":\"Flores de funeral trocadas por donativos financiaram varanda do Hospital de Gaia\"}]},{\"@type\":\"WebSite\",\"@id\":\"https:\/\/portaltela.pt\/#website\",\"url\":\"https:\/\/portaltela.pt\/\",\"name\":\"Portal Tela Portugal\",\"description\":\"\",\"potentialAction\":[{\"@type\":\"SearchAction\",\"target\":{\"@type\":\"EntryPoint\",\"urlTemplate\":\"https:\/\/portaltela.pt\/?s={search_term_string}\"},\"query-input\":{\"@type\":\"PropertyValueSpecification\",\"valueRequired\":true,\"valueName\":\"search_term_string\"}}],\"inLanguage\":\"pt-PT\"},{\"@type\":\"Person\",\"@id\":\"https:\/\/portaltela.pt\/#\/schema\/person\/c4278d4a6028830caff9ee44b42d32ed\",\"name\":\"Telinha\",\"image\":{\"@type\":\"ImageObject\",\"inLanguage\":\"pt-PT\",\"@id\":\"https:\/\/portaltela.pt\/s.01k8rhncp4jt1\/2025\/11\/talking-bot-125x125.png\",\"url\":\"https:\/\/portaltela.pt\/s.01k8rhncp4jt1\/2025\/11\/talking-bot-125x125.png\",\"contentUrl\":\"https:\/\/portaltela.pt\/s.01k8rhncp4jt1\/2025\/11\/talking-bot-125x125.png\",\"caption\":\"Telinha\"},\"sameAs\":[\"https:\/\/portaltela.pt\/\"],\"url\":\"https:\/\/portaltela.pt\/por\/367410592786\/\"}]}<\/script>\n<!-- \/ Yoast SEO plugin. -->","yoast_head_json":{"title":"Flores de funeral trocadas por donativos financiaram varanda do Hospital de Gaia - Portal Tela Portugal","robots":{"index":"index","follow":"follow","max-snippet":"max-snippet:-1","max-image-preview":"max-image-preview:large","max-video-preview":"max-video-preview:-1"},"og_locale":"pt_PT","og_type":"article","og_title":"Flores de funeral trocadas por donativos financiaram varanda do Hospital de Gaia - Portal Tela Portugal","og_description":"Uma fam\u00edlia de Ovar pediu aos convidados de um funeral que substitu\u00edssem flores por donativos, para financiar a renova\u00e7\u00e3o de uma varanda de 50 metros quadrados no Hospital Santos Silva, em Gaia. Os donativos, que totalizaram cerca de 4 mil euros, foram reunidos num pote durante a cerim\u00f3nia de Liberto Almeida, falecido em 2024, ap\u00f3s doen\u00e7a oncol\u00f3gica. A filha Sara apresentou o projeto \u00e0 dire\u00e7\u00e3o do hospital. A transforma\u00e7\u00e3o, realizada ao longo de mais de um ano pela pr\u00f3pria fam\u00edlia com ajuda de amigos, incluiu \u00e1reas de estar, floreiras, plantas e mobili\u00e1rio de exterior. A varanda ganhou zonas de descanso, mesas e cadeiras, com vista para \u00e1rvores e mar, mantendo liga\u00e7\u00e3o aos servi\u00e7os de Pneumologia e Cuidados Paliativos e permitindo terapias ao ar livre. A respons\u00e1vel pela Pneumologia do hospital reconheceu que a iniciativa melhorou as condi\u00e7\u00f5es de internamento e lembrou o valor terap\u00eautico do espa\u00e7o exterior; a vi\u00fava Nat\u00e1lia agradeceu a oportunidade de manter a mem\u00f3ria do marido.","og_url":"https:\/\/portaltela.pt\/noticias\/2026\/03\/10\/flores-de-funeral-trocadas-por-donativos-financiaram-varanda-do-hospital-de-gaia\/","og_site_name":"Portal Tela Portugal","article_published_time":"2026-03-10T15:45:00+00:00","author":"Telinha","twitter_card":"summary_large_image","twitter_misc":{"Escrito por":"Telinha","Tempo estimado de leitura":"1 minuto"},"schema":{"@context":"https:\/\/schema.org","@graph":[{"@type":"Article","@id":"https:\/\/portaltela.pt\/noticias\/2026\/03\/10\/flores-de-funeral-trocadas-por-donativos-financiaram-varanda-do-hospital-de-gaia\/#article","isPartOf":{"@id":"https:\/\/portaltela.pt\/noticias\/2026\/03\/10\/flores-de-funeral-trocadas-por-donativos-financiaram-varanda-do-hospital-de-gaia\/"},"author":{"name":"Telinha","@id":"https:\/\/portaltela.pt\/#\/schema\/person\/c4278d4a6028830caff9ee44b42d32ed"},"headline":"Flores de funeral trocadas por donativos financiaram varanda do Hospital de Gaia","datePublished":"2026-03-10T15:45:00+00:00","mainEntityOfPage":{"@id":"https:\/\/portaltela.pt\/noticias\/2026\/03\/10\/flores-de-funeral-trocadas-por-donativos-financiaram-varanda-do-hospital-de-gaia\/"},"wordCount":309,"image":{"@id":"https:\/\/portaltela.pt\/noticias\/2026\/03\/10\/flores-de-funeral-trocadas-por-donativos-financiaram-varanda-do-hospital-de-gaia\/#primaryimage"},"thumbnailUrl":"https:\/\/portaltela.pt\/s.01k8rhncp4jt1\/2026\/03\/2073061.jpg","keywords":["cuidados paliativos","doa\u00e7\u00f5es","Gaia","hospital","pneumologia","sa\u00fade"],"articleSection":["Not\u00edcias","Sa\u00fade"],"inLanguage":"pt-PT"},{"@type":"WebPage","@id":"https:\/\/portaltela.pt\/noticias\/2026\/03\/10\/flores-de-funeral-trocadas-por-donativos-financiaram-varanda-do-hospital-de-gaia\/","url":"https:\/\/portaltela.pt\/noticias\/2026\/03\/10\/flores-de-funeral-trocadas-por-donativos-financiaram-varanda-do-hospital-de-gaia\/","name":"Flores de funeral trocadas por donativos financiaram varanda do Hospital de Gaia - Portal Tela Portugal","isPartOf":{"@id":"https:\/\/portaltela.pt\/#website"},"primaryImageOfPage":{"@id":"https:\/\/portaltela.pt\/noticias\/2026\/03\/10\/flores-de-funeral-trocadas-por-donativos-financiaram-varanda-do-hospital-de-gaia\/#primaryimage"},"image":{"@id":"https:\/\/portaltela.pt\/noticias\/2026\/03\/10\/flores-de-funeral-trocadas-por-donativos-financiaram-varanda-do-hospital-de-gaia\/#primaryimage"},"thumbnailUrl":"https:\/\/portaltela.pt\/s.01k8rhncp4jt1\/2026\/03\/2073061.jpg","datePublished":"2026-03-10T15:45:00+00:00","author":{"@id":"https:\/\/portaltela.pt\/#\/schema\/person\/c4278d4a6028830caff9ee44b42d32ed"},"breadcrumb":{"@id":"https:\/\/portaltela.pt\/noticias\/2026\/03\/10\/flores-de-funeral-trocadas-por-donativos-financiaram-varanda-do-hospital-de-gaia\/#breadcrumb"},"inLanguage":"pt-PT","potentialAction":[{"@type":"ReadAction","target":["https:\/\/portaltela.pt\/noticias\/2026\/03\/10\/flores-de-funeral-trocadas-por-donativos-financiaram-varanda-do-hospital-de-gaia\/"]}]},{"@type":"ImageObject","inLanguage":"pt-PT","@id":"https:\/\/portaltela.pt\/noticias\/2026\/03\/10\/flores-de-funeral-trocadas-por-donativos-financiaram-varanda-do-hospital-de-gaia\/#primaryimage","url":"https:\/\/portaltela.pt\/s.01k8rhncp4jt1\/2026\/03\/2073061.jpg","contentUrl":"https:\/\/portaltela.pt\/s.01k8rhncp4jt1\/2026\/03\/2073061.jpg","width":796,"height":448,"caption":"Directora do servi\u00e7o de pneumologia diz que o acesso a um espa\u00e7o exterior, com luz natural e ar livre, passar\u00e1 a integrar o processo terap\u00eautico de muitos doentes"},{"@type":"BreadcrumbList","@id":"https:\/\/portaltela.pt\/noticias\/2026\/03\/10\/flores-de-funeral-trocadas-por-donativos-financiaram-varanda-do-hospital-de-gaia\/#breadcrumb","itemListElement":[{"@type":"ListItem","position":1,"name":"In\u00edcio","item":"https:\/\/portaltela.pt\/"},{"@type":"ListItem","position":2,"name":"Flores de funeral trocadas por donativos financiaram varanda do Hospital de Gaia"}]},{"@type":"WebSite","@id":"https:\/\/portaltela.pt\/#website","url":"https:\/\/portaltela.pt\/","name":"Portal Tela Portugal","description":"","potentialAction":[{"@type":"SearchAction","target":{"@type":"EntryPoint","urlTemplate":"https:\/\/portaltela.pt\/?s={search_term_string}"},"query-input":{"@type":"PropertyValueSpecification","valueRequired":true,"valueName":"search_term_string"}}],"inLanguage":"pt-PT"},{"@type":"Person","@id":"https:\/\/portaltela.pt\/#\/schema\/person\/c4278d4a6028830caff9ee44b42d32ed","name":"Telinha","image":{"@type":"ImageObject","inLanguage":"pt-PT","@id":"https:\/\/portaltela.pt\/s.01k8rhncp4jt1\/2025\/11\/talking-bot-125x125.png","url":"https:\/\/portaltela.pt\/s.01k8rhncp4jt1\/2025\/11\/talking-bot-125x125.png","contentUrl":"https:\/\/portaltela.pt\/s.01k8rhncp4jt1\/2025\/11\/talking-bot-125x125.png","caption":"Telinha"},"sameAs":["https:\/\/portaltela.pt\/"],"url":"https:\/\/portaltela.pt\/por\/367410592786\/"}]}},"_links":{"self":[{"href":"https:\/\/portaltela.pt\/api\/wp\/v2\/posts\/404768","targetHints":{"allow":["GET"]}}],"collection":[{"href":"https:\/\/portaltela.pt\/api\/wp\/v2\/posts"}],"about":[{"href":"https:\/\/portaltela.pt\/api\/wp\/v2\/types\/post"}],"author":[{"embeddable":true,"href":"https:\/\/portaltela.pt\/api\/wp\/v2\/users\/2"}],"replies":[{"embeddable":true,"href":"https:\/\/portaltela.pt\/api\/wp\/v2\/comments?post=404768"}],"version-history":[{"count":0,"href":"https:\/\/portaltela.pt\/api\/wp\/v2\/posts\/404768\/revisions"}],"wp:featuredmedia":[{"embeddable":true,"href":"https:\/\/portaltela.pt\/api\/wp\/v2\/media\/404775"}],"wp:attachment":[{"href":"https:\/\/portaltela.pt\/api\/wp\/v2\/media?parent=404768"}],"wp:term":[{"taxonomy":"category","embeddable":true,"href":"https:\/\/portaltela.pt\/api\/wp\/v2\/categories?post=404768"},{"taxonomy":"post_tag","embeddable":true,"href":"https:\/\/portaltela.pt\/api\/wp\/v2\/tags?post=404768"}],"curies":[{"name":"wp","href":"https:\/\/api.w.org\/{rel}","templated":true}]}}