{"id":404746,"date":"2026-03-10T12:33:00","date_gmt":"2026-03-10T15:33:00","guid":{"rendered":"https:\/\/portaltela.pt\/noticias\/2026\/03\/10\/parlamento-europeu-aprova-nomeacao-de-boris-vujcic-para-vice-presidente-do-bce\/"},"modified":"2026-03-10T12:33:00","modified_gmt":"2026-03-10T15:33:00","slug":"parlamento-europeu-aprova-nomeacao-de-boris-vujcic-para-vice-presidente-do-bce","status":"publish","type":"post","link":"https:\/\/portaltela.pt\/noticias\/economia\/2026\/03\/10\/parlamento-europeu-aprova-nomeacao-de-boris-vujcic-para-vice-presidente-do-bce\/","title":{"rendered":"Parlamento Europeu aprova nomea\u00e7\u00e3o de Boris Vujcic para vice-presidente do BCE"},"content":{"rendered":"<p>O Parlamento Europeu aprovou hoje a nomea\u00e7\u00e3o de Boris Vujcic para vice-presidente do Banco Central Europeu (BCE), sucedendo a Luis de Guindos, cujo mandato termina a 31 de maio. A vota\u00e7\u00e3o realizou-se na sess\u00e3o plen\u00e1ria de Estrasburgo.<\/p>\n<p>A decis\u00e3o ocorreu com 460 votos a favor, 68 contra e 91 absten\u00e7\u00f5es, segundo o parecer divulgado pela institui\u00e7\u00e3o. Com a aprova\u00e7\u00e3o, o Conselho Europeu pode avan\u00e7ar com a nomea\u00e7\u00e3o de Vujcic, face \u00e0 indica\u00e7\u00e3o de n\u00e3o obje\u00e7\u00e3o do Conselho do BCE.<\/p>\n<p>Vujcic dever\u00e1 ser nomeado para um mandato non renewed de oito anos, com efeitos a partir de 1 de junho de 2026, ocupando o lugar de Guindos. O mandato terminar\u00e1 em 31 de maio de 2034, sem possibilidade de reelei\u00e7\u00e3o.<\/p>\n<p>Entre os candidatos iniciais esteve M\u00e1rio Centeno, antigo primeiro-ministro de Portugal, mas o Governo portugu\u00eas acabou por retirar a candidatura para promover consenso, eliminando nomes menos votados.<\/p>\n<p>O atual governador do Hrvatska Narodna Banka, o Banco Central da Cro\u00e1cia, \u00e9 a pessoa escolhida pela nomea\u00e7\u00e3o final, numa altura em que o BCE procura estabilidade institucional e continuidade de pol\u00edticas.<\/p>\n","protected":false},"excerpt":{"rendered":"<ul>\n<li>O Parlamento Europeu aprovou a nomea\u00e7\u00e3o de Boris Vujcic para vice-presidente do Banco Central Europeu (BCE), sucedendo Luis de Guindos, cujo mandato termina a 31 de maio de 2026.<\/li>\n<li>A aprova\u00e7\u00e3o ocorreu na sess\u00e3o plen\u00e1ria em Estrasburgo, com 460 votos a favor, 68 contra e 91 absten\u00e7\u00f5es.<\/li>\n<li>O Conselho Europeu pode agora proceder \u00e0 nomea\u00e7\u00e3o, visto que o Conselho do BCE n\u00e3o apresentou obje\u00e7\u00f5es \u00e0 escolha.<\/li>\n<li>O mandato de Vujcic ser\u00e1 de oito anos, n\u00e3o renov\u00e1vel, com in\u00edcio a 1 de junho de 2026.<\/li>\n<li>M\u00e1rio Centeno esteve entre os candidatos, mas o Governo portugu\u00eas desistiu da candidatura para facilitar consenso; Vujcic \u00e9 o atual governador do banco central croata (Hrvatska Narodna Banka).<\/li>\n<\/ul>\n","protected":false},"author":2,"featured_media":404751,"comment_status":"closed","ping_status":"closed","sticky":false,"template":"","format":"standard","meta":{"footnotes":""},"categories":[2,6850],"tags":[5397,28,5146,5661,2832,2055],"class_list":["post-404746","post","type-post","status-publish","format-standard","has-post-thumbnail","hentry","category-economia","category-financas","tag-banco-central-europeu","tag-economia","tag-pessoas-internacionais","tag-pessoas-publicas","tag-politica","tag-uniao-europeia"],"yoast_head":"<!-- This site is optimized with the Yoast SEO plugin v27.2 - https:\/\/yoast.com\/product\/yoast-seo-wordpress\/ -->\n<title>Parlamento Europeu aprova nomea\u00e7\u00e3o de Boris Vujcic para vice-presidente do BCE - Portal Tela Portugal<\/title>\n<meta name=\"robots\" content=\"index, follow, max-snippet:-1, max-image-preview:large, max-video-preview:-1\" \/>\n<meta property=\"og:locale\" content=\"pt_PT\" \/>\n<meta property=\"og:type\" content=\"article\" \/>\n<meta property=\"og:title\" content=\"Parlamento Europeu aprova nomea\u00e7\u00e3o de Boris Vujcic para vice-presidente do BCE - Portal Tela Portugal\" \/>\n<meta property=\"og:description\" content=\"O Parlamento Europeu aprovou a nomea\u00e7\u00e3o de Boris Vujcic para vice-presidente do Banco Central Europeu (BCE), sucedendo Luis de Guindos, cujo mandato termina a 31 de maio de 2026. A aprova\u00e7\u00e3o ocorreu na sess\u00e3o plen\u00e1ria em Estrasburgo, com 460 votos a favor, 68 contra e 91 absten\u00e7\u00f5es. O Conselho Europeu pode agora proceder \u00e0 nomea\u00e7\u00e3o, visto que o Conselho do BCE n\u00e3o apresentou obje\u00e7\u00f5es \u00e0 escolha. O mandato de Vujcic ser\u00e1 de oito anos, n\u00e3o renov\u00e1vel, com in\u00edcio a 1 de junho de 2026. M\u00e1rio Centeno esteve entre os candidatos, mas o Governo portugu\u00eas desistiu da candidatura para facilitar consenso; Vujcic \u00e9 o atual governador do banco central croata (Hrvatska Narodna Banka).\" \/>\n<meta property=\"og:url\" content=\"https:\/\/portaltela.pt\/noticias\/2026\/03\/10\/parlamento-europeu-aprova-nomeacao-de-boris-vujcic-para-vice-presidente-do-bce\/\" \/>\n<meta property=\"og:site_name\" content=\"Portal Tela Portugal\" \/>\n<meta property=\"article:published_time\" content=\"2026-03-10T15:33:00+00:00\" \/>\n<meta name=\"author\" content=\"Telinha\" \/>\n<meta name=\"twitter:card\" content=\"summary_large_image\" \/>\n<meta name=\"twitter:label1\" content=\"Escrito por\" \/>\n\t<meta name=\"twitter:data1\" content=\"Telinha\" \/>\n\t<meta name=\"twitter:label2\" content=\"Tempo estimado de leitura\" \/>\n\t<meta name=\"twitter:data2\" content=\"1 minuto\" \/>\n<script type=\"application\/ld+json\" class=\"yoast-schema-graph\">{\"@context\":\"https:\/\/schema.org\",\"@graph\":[{\"@type\":\"Article\",\"@id\":\"https:\/\/portaltela.pt\/noticias\/2026\/03\/10\/parlamento-europeu-aprova-nomeacao-de-boris-vujcic-para-vice-presidente-do-bce\/#article\",\"isPartOf\":{\"@id\":\"https:\/\/portaltela.pt\/noticias\/2026\/03\/10\/parlamento-europeu-aprova-nomeacao-de-boris-vujcic-para-vice-presidente-do-bce\/\"},\"author\":{\"name\":\"Telinha\",\"@id\":\"https:\/\/portaltela.pt\/#\/schema\/person\/c4278d4a6028830caff9ee44b42d32ed\"},\"headline\":\"Parlamento Europeu aprova nomea\u00e7\u00e3o de Boris Vujcic para vice-presidente do BCE\",\"datePublished\":\"2026-03-10T15:33:00+00:00\",\"mainEntityOfPage\":{\"@id\":\"https:\/\/portaltela.pt\/noticias\/2026\/03\/10\/parlamento-europeu-aprova-nomeacao-de-boris-vujcic-para-vice-presidente-do-bce\/\"},\"wordCount\":199,\"image\":{\"@id\":\"https:\/\/portaltela.pt\/noticias\/2026\/03\/10\/parlamento-europeu-aprova-nomeacao-de-boris-vujcic-para-vice-presidente-do-bce\/#primaryimage\"},\"thumbnailUrl\":\"https:\/\/portaltela.pt\/s.01k8rhncp4jt1\/2026\/03\/img_1500x1000uu2026-01-19-17-57-23-2261329.jpg\",\"keywords\":[\"Banco Central Europeu\",\"economia\",\"pessoas internacionais\",\"pessoas p\u00fablicas\",\"pol\u00edtica\",\"Uni\u00e3o Europeia\"],\"articleSection\":[\"Economia\",\"Finan\u00e7as\"],\"inLanguage\":\"pt-PT\"},{\"@type\":\"WebPage\",\"@id\":\"https:\/\/portaltela.pt\/noticias\/2026\/03\/10\/parlamento-europeu-aprova-nomeacao-de-boris-vujcic-para-vice-presidente-do-bce\/\",\"url\":\"https:\/\/portaltela.pt\/noticias\/2026\/03\/10\/parlamento-europeu-aprova-nomeacao-de-boris-vujcic-para-vice-presidente-do-bce\/\",\"name\":\"Parlamento Europeu aprova nomea\u00e7\u00e3o de Boris Vujcic para vice-presidente do BCE - Portal Tela Portugal\",\"isPartOf\":{\"@id\":\"https:\/\/portaltela.pt\/#website\"},\"primaryImageOfPage\":{\"@id\":\"https:\/\/portaltela.pt\/noticias\/2026\/03\/10\/parlamento-europeu-aprova-nomeacao-de-boris-vujcic-para-vice-presidente-do-bce\/#primaryimage\"},\"image\":{\"@id\":\"https:\/\/portaltela.pt\/noticias\/2026\/03\/10\/parlamento-europeu-aprova-nomeacao-de-boris-vujcic-para-vice-presidente-do-bce\/#primaryimage\"},\"thumbnailUrl\":\"https:\/\/portaltela.pt\/s.01k8rhncp4jt1\/2026\/03\/img_1500x1000uu2026-01-19-17-57-23-2261329.jpg\",\"datePublished\":\"2026-03-10T15:33:00+00:00\",\"author\":{\"@id\":\"https:\/\/portaltela.pt\/#\/schema\/person\/c4278d4a6028830caff9ee44b42d32ed\"},\"breadcrumb\":{\"@id\":\"https:\/\/portaltela.pt\/noticias\/2026\/03\/10\/parlamento-europeu-aprova-nomeacao-de-boris-vujcic-para-vice-presidente-do-bce\/#breadcrumb\"},\"inLanguage\":\"pt-PT\",\"potentialAction\":[{\"@type\":\"ReadAction\",\"target\":[\"https:\/\/portaltela.pt\/noticias\/2026\/03\/10\/parlamento-europeu-aprova-nomeacao-de-boris-vujcic-para-vice-presidente-do-bce\/\"]}]},{\"@type\":\"ImageObject\",\"inLanguage\":\"pt-PT\",\"@id\":\"https:\/\/portaltela.pt\/noticias\/2026\/03\/10\/parlamento-europeu-aprova-nomeacao-de-boris-vujcic-para-vice-presidente-do-bce\/#primaryimage\",\"url\":\"https:\/\/portaltela.pt\/s.01k8rhncp4jt1\/2026\/03\/img_1500x1000uu2026-01-19-17-57-23-2261329.jpg\",\"contentUrl\":\"https:\/\/portaltela.pt\/s.01k8rhncp4jt1\/2026\/03\/img_1500x1000uu2026-01-19-17-57-23-2261329.jpg\",\"width\":796,\"height\":448,\"caption\":\"Croata Boris Vujcic \u00e9 o novo vice-presidente do BCE\"},{\"@type\":\"BreadcrumbList\",\"@id\":\"https:\/\/portaltela.pt\/noticias\/2026\/03\/10\/parlamento-europeu-aprova-nomeacao-de-boris-vujcic-para-vice-presidente-do-bce\/#breadcrumb\",\"itemListElement\":[{\"@type\":\"ListItem\",\"position\":1,\"name\":\"In\u00edcio\",\"item\":\"https:\/\/portaltela.pt\/\"},{\"@type\":\"ListItem\",\"position\":2,\"name\":\"Parlamento Europeu aprova nomea\u00e7\u00e3o de Boris Vujcic para vice-presidente do BCE\"}]},{\"@type\":\"WebSite\",\"@id\":\"https:\/\/portaltela.pt\/#website\",\"url\":\"https:\/\/portaltela.pt\/\",\"name\":\"Portal Tela Portugal\",\"description\":\"\",\"potentialAction\":[{\"@type\":\"SearchAction\",\"target\":{\"@type\":\"EntryPoint\",\"urlTemplate\":\"https:\/\/portaltela.pt\/?s={search_term_string}\"},\"query-input\":{\"@type\":\"PropertyValueSpecification\",\"valueRequired\":true,\"valueName\":\"search_term_string\"}}],\"inLanguage\":\"pt-PT\"},{\"@type\":\"Person\",\"@id\":\"https:\/\/portaltela.pt\/#\/schema\/person\/c4278d4a6028830caff9ee44b42d32ed\",\"name\":\"Telinha\",\"image\":{\"@type\":\"ImageObject\",\"inLanguage\":\"pt-PT\",\"@id\":\"https:\/\/portaltela.pt\/s.01k8rhncp4jt1\/2025\/11\/talking-bot-125x125.png\",\"url\":\"https:\/\/portaltela.pt\/s.01k8rhncp4jt1\/2025\/11\/talking-bot-125x125.png\",\"contentUrl\":\"https:\/\/portaltela.pt\/s.01k8rhncp4jt1\/2025\/11\/talking-bot-125x125.png\",\"caption\":\"Telinha\"},\"sameAs\":[\"https:\/\/portaltela.pt\/\"],\"url\":\"https:\/\/portaltela.pt\/por\/367410592786\/\"}]}<\/script>\n<!-- \/ Yoast SEO plugin. -->","yoast_head_json":{"title":"Parlamento Europeu aprova nomea\u00e7\u00e3o de Boris Vujcic para vice-presidente do BCE - Portal Tela Portugal","robots":{"index":"index","follow":"follow","max-snippet":"max-snippet:-1","max-image-preview":"max-image-preview:large","max-video-preview":"max-video-preview:-1"},"og_locale":"pt_PT","og_type":"article","og_title":"Parlamento Europeu aprova nomea\u00e7\u00e3o de Boris Vujcic para vice-presidente do BCE - Portal Tela Portugal","og_description":"O Parlamento Europeu aprovou a nomea\u00e7\u00e3o de Boris Vujcic para vice-presidente do Banco Central Europeu (BCE), sucedendo Luis de Guindos, cujo mandato termina a 31 de maio de 2026. A aprova\u00e7\u00e3o ocorreu na sess\u00e3o plen\u00e1ria em Estrasburgo, com 460 votos a favor, 68 contra e 91 absten\u00e7\u00f5es. O Conselho Europeu pode agora proceder \u00e0 nomea\u00e7\u00e3o, visto que o Conselho do BCE n\u00e3o apresentou obje\u00e7\u00f5es \u00e0 escolha. O mandato de Vujcic ser\u00e1 de oito anos, n\u00e3o renov\u00e1vel, com in\u00edcio a 1 de junho de 2026. M\u00e1rio Centeno esteve entre os candidatos, mas o Governo portugu\u00eas desistiu da candidatura para facilitar consenso; Vujcic \u00e9 o atual governador do banco central croata (Hrvatska Narodna Banka).","og_url":"https:\/\/portaltela.pt\/noticias\/2026\/03\/10\/parlamento-europeu-aprova-nomeacao-de-boris-vujcic-para-vice-presidente-do-bce\/","og_site_name":"Portal Tela Portugal","article_published_time":"2026-03-10T15:33:00+00:00","author":"Telinha","twitter_card":"summary_large_image","twitter_misc":{"Escrito por":"Telinha","Tempo estimado de leitura":"1 minuto"},"schema":{"@context":"https:\/\/schema.org","@graph":[{"@type":"Article","@id":"https:\/\/portaltela.pt\/noticias\/2026\/03\/10\/parlamento-europeu-aprova-nomeacao-de-boris-vujcic-para-vice-presidente-do-bce\/#article","isPartOf":{"@id":"https:\/\/portaltela.pt\/noticias\/2026\/03\/10\/parlamento-europeu-aprova-nomeacao-de-boris-vujcic-para-vice-presidente-do-bce\/"},"author":{"name":"Telinha","@id":"https:\/\/portaltela.pt\/#\/schema\/person\/c4278d4a6028830caff9ee44b42d32ed"},"headline":"Parlamento Europeu aprova nomea\u00e7\u00e3o de Boris Vujcic para vice-presidente do BCE","datePublished":"2026-03-10T15:33:00+00:00","mainEntityOfPage":{"@id":"https:\/\/portaltela.pt\/noticias\/2026\/03\/10\/parlamento-europeu-aprova-nomeacao-de-boris-vujcic-para-vice-presidente-do-bce\/"},"wordCount":199,"image":{"@id":"https:\/\/portaltela.pt\/noticias\/2026\/03\/10\/parlamento-europeu-aprova-nomeacao-de-boris-vujcic-para-vice-presidente-do-bce\/#primaryimage"},"thumbnailUrl":"https:\/\/portaltela.pt\/s.01k8rhncp4jt1\/2026\/03\/img_1500x1000uu2026-01-19-17-57-23-2261329.jpg","keywords":["Banco Central Europeu","economia","pessoas internacionais","pessoas p\u00fablicas","pol\u00edtica","Uni\u00e3o Europeia"],"articleSection":["Economia","Finan\u00e7as"],"inLanguage":"pt-PT"},{"@type":"WebPage","@id":"https:\/\/portaltela.pt\/noticias\/2026\/03\/10\/parlamento-europeu-aprova-nomeacao-de-boris-vujcic-para-vice-presidente-do-bce\/","url":"https:\/\/portaltela.pt\/noticias\/2026\/03\/10\/parlamento-europeu-aprova-nomeacao-de-boris-vujcic-para-vice-presidente-do-bce\/","name":"Parlamento Europeu aprova nomea\u00e7\u00e3o de Boris Vujcic para vice-presidente do BCE - Portal Tela Portugal","isPartOf":{"@id":"https:\/\/portaltela.pt\/#website"},"primaryImageOfPage":{"@id":"https:\/\/portaltela.pt\/noticias\/2026\/03\/10\/parlamento-europeu-aprova-nomeacao-de-boris-vujcic-para-vice-presidente-do-bce\/#primaryimage"},"image":{"@id":"https:\/\/portaltela.pt\/noticias\/2026\/03\/10\/parlamento-europeu-aprova-nomeacao-de-boris-vujcic-para-vice-presidente-do-bce\/#primaryimage"},"thumbnailUrl":"https:\/\/portaltela.pt\/s.01k8rhncp4jt1\/2026\/03\/img_1500x1000uu2026-01-19-17-57-23-2261329.jpg","datePublished":"2026-03-10T15:33:00+00:00","author":{"@id":"https:\/\/portaltela.pt\/#\/schema\/person\/c4278d4a6028830caff9ee44b42d32ed"},"breadcrumb":{"@id":"https:\/\/portaltela.pt\/noticias\/2026\/03\/10\/parlamento-europeu-aprova-nomeacao-de-boris-vujcic-para-vice-presidente-do-bce\/#breadcrumb"},"inLanguage":"pt-PT","potentialAction":[{"@type":"ReadAction","target":["https:\/\/portaltela.pt\/noticias\/2026\/03\/10\/parlamento-europeu-aprova-nomeacao-de-boris-vujcic-para-vice-presidente-do-bce\/"]}]},{"@type":"ImageObject","inLanguage":"pt-PT","@id":"https:\/\/portaltela.pt\/noticias\/2026\/03\/10\/parlamento-europeu-aprova-nomeacao-de-boris-vujcic-para-vice-presidente-do-bce\/#primaryimage","url":"https:\/\/portaltela.pt\/s.01k8rhncp4jt1\/2026\/03\/img_1500x1000uu2026-01-19-17-57-23-2261329.jpg","contentUrl":"https:\/\/portaltela.pt\/s.01k8rhncp4jt1\/2026\/03\/img_1500x1000uu2026-01-19-17-57-23-2261329.jpg","width":796,"height":448,"caption":"Croata Boris Vujcic \u00e9 o novo vice-presidente do BCE"},{"@type":"BreadcrumbList","@id":"https:\/\/portaltela.pt\/noticias\/2026\/03\/10\/parlamento-europeu-aprova-nomeacao-de-boris-vujcic-para-vice-presidente-do-bce\/#breadcrumb","itemListElement":[{"@type":"ListItem","position":1,"name":"In\u00edcio","item":"https:\/\/portaltela.pt\/"},{"@type":"ListItem","position":2,"name":"Parlamento Europeu aprova nomea\u00e7\u00e3o de Boris Vujcic para vice-presidente do BCE"}]},{"@type":"WebSite","@id":"https:\/\/portaltela.pt\/#website","url":"https:\/\/portaltela.pt\/","name":"Portal Tela Portugal","description":"","potentialAction":[{"@type":"SearchAction","target":{"@type":"EntryPoint","urlTemplate":"https:\/\/portaltela.pt\/?s={search_term_string}"},"query-input":{"@type":"PropertyValueSpecification","valueRequired":true,"valueName":"search_term_string"}}],"inLanguage":"pt-PT"},{"@type":"Person","@id":"https:\/\/portaltela.pt\/#\/schema\/person\/c4278d4a6028830caff9ee44b42d32ed","name":"Telinha","image":{"@type":"ImageObject","inLanguage":"pt-PT","@id":"https:\/\/portaltela.pt\/s.01k8rhncp4jt1\/2025\/11\/talking-bot-125x125.png","url":"https:\/\/portaltela.pt\/s.01k8rhncp4jt1\/2025\/11\/talking-bot-125x125.png","contentUrl":"https:\/\/portaltela.pt\/s.01k8rhncp4jt1\/2025\/11\/talking-bot-125x125.png","caption":"Telinha"},"sameAs":["https:\/\/portaltela.pt\/"],"url":"https:\/\/portaltela.pt\/por\/367410592786\/"}]}},"_links":{"self":[{"href":"https:\/\/portaltela.pt\/api\/wp\/v2\/posts\/404746","targetHints":{"allow":["GET"]}}],"collection":[{"href":"https:\/\/portaltela.pt\/api\/wp\/v2\/posts"}],"about":[{"href":"https:\/\/portaltela.pt\/api\/wp\/v2\/types\/post"}],"author":[{"embeddable":true,"href":"https:\/\/portaltela.pt\/api\/wp\/v2\/users\/2"}],"replies":[{"embeddable":true,"href":"https:\/\/portaltela.pt\/api\/wp\/v2\/comments?post=404746"}],"version-history":[{"count":0,"href":"https:\/\/portaltela.pt\/api\/wp\/v2\/posts\/404746\/revisions"}],"wp:featuredmedia":[{"embeddable":true,"href":"https:\/\/portaltela.pt\/api\/wp\/v2\/media\/404751"}],"wp:attachment":[{"href":"https:\/\/portaltela.pt\/api\/wp\/v2\/media?parent=404746"}],"wp:term":[{"taxonomy":"category","embeddable":true,"href":"https:\/\/portaltela.pt\/api\/wp\/v2\/categories?post=404746"},{"taxonomy":"post_tag","embeddable":true,"href":"https:\/\/portaltela.pt\/api\/wp\/v2\/tags?post=404746"}],"curies":[{"name":"wp","href":"https:\/\/api.w.org\/{rel}","templated":true}]}}