{"id":404743,"date":"2026-03-10T12:44:00","date_gmt":"2026-03-10T15:44:00","guid":{"rendered":"https:\/\/portaltela.pt\/noticias\/2026\/03\/10\/governo-de-transicao-da-guine-bissau-fixa-preco-da-castanha-de-caju\/"},"modified":"2026-03-10T12:44:00","modified_gmt":"2026-03-10T15:44:00","slug":"governo-de-transicao-da-guine-bissau-fixa-preco-da-castanha-de-caju","status":"publish","type":"post","link":"https:\/\/portaltela.pt\/noticias\/economia\/2026\/03\/10\/governo-de-transicao-da-guine-bissau-fixa-preco-da-castanha-de-caju\/","title":{"rendered":"Governo de transi\u00e7\u00e3o da Guin\u00e9-Bissau fixa pre\u00e7o da castanha de caju"},"content":{"rendered":"<p>O governo de transi\u00e7\u00e3o da Guin\u00e9-Bissau fixou o pre\u00e7o da castanha de caju, principal produto de exporta\u00e7\u00e3o do pa\u00eds, numa medida para estabilizar o setor agropecu\u00e1rio. A decis\u00e3o visa assegurar rendimentos aos produtores e reduzir a volatilidade do mercado.<\/p>\n<p>Autoridades do governo de transi\u00e7\u00e3o s\u00e3o as principais interlocutoras da medida, sem mencionar nomes espec\u00edficos no comunicado dispon\u00edvel. A decis\u00e3o surge como parte dos esfor\u00e7os para apoiar o setor agr\u00edcola frente a flutua\u00e7\u00f5es de pre\u00e7o e de demanda.<\/p>\n<p>A medida foi anunciada recentemente, em territ\u00f3rio guineense, com o objetivo de criar previsibilidade econ\u00f3mica para produtores, cooperativas e empresas envolvidas na cadeia de valor da castanha de caju. N\u00e3o foram divulgados detalhes adicionais sobre a implementa\u00e7\u00e3o ou o pre\u00e7o estabelecido.<\/p>\n","protected":false},"excerpt":{"rendered":"<ul>\n<li>O governo de transi\u00e7\u00e3o da Guin\u00e9-Bissau fixou o pre\u00e7o da castanha de caju.<\/li>\n<li>A medida faz parte das a\u00e7\u00f5es do governo de transi\u00e7\u00e3o.<\/li>\n<li>O valor exato n\u00e3o \u00e9 divulgado no material fornecido.<\/li>\n<li>O conte\u00fado completo est\u00e1 dispon\u00edvel apenas para subscritores.<\/li>\n<\/ul>\n","protected":false},"author":2,"featured_media":404748,"comment_status":"closed","ping_status":"closed","sticky":false,"template":"","format":"standard","meta":{"footnotes":""},"categories":[2,6735],"tags":[6115,179,760,1222,28,2541],"class_list":["post-404743","post","type-post","status-publish","format-standard","has-post-thumbnail","hentry","category-economia","category-negocios","tag-_economia","tag-agricultura","tag-agroalimentar","tag-agroindustria","tag-economia","tag-exportacoes"],"yoast_head":"<!-- This site is optimized with the Yoast SEO plugin v27.2 - https:\/\/yoast.com\/product\/yoast-seo-wordpress\/ -->\n<title>Governo de transi\u00e7\u00e3o da Guin\u00e9-Bissau fixa pre\u00e7o da castanha de caju - Portal Tela Portugal<\/title>\n<meta name=\"robots\" content=\"index, follow, max-snippet:-1, max-image-preview:large, max-video-preview:-1\" \/>\n<meta property=\"og:locale\" content=\"pt_PT\" \/>\n<meta property=\"og:type\" content=\"article\" \/>\n<meta property=\"og:title\" content=\"Governo de transi\u00e7\u00e3o da Guin\u00e9-Bissau fixa pre\u00e7o da castanha de caju - Portal Tela Portugal\" \/>\n<meta property=\"og:description\" content=\"O governo de transi\u00e7\u00e3o da Guin\u00e9-Bissau fixou o pre\u00e7o da castanha de caju. A medida faz parte das a\u00e7\u00f5es do governo de transi\u00e7\u00e3o. O valor exato n\u00e3o \u00e9 divulgado no material fornecido. O conte\u00fado completo est\u00e1 dispon\u00edvel apenas para subscritores.\" \/>\n<meta property=\"og:url\" content=\"https:\/\/portaltela.pt\/noticias\/2026\/03\/10\/governo-de-transicao-da-guine-bissau-fixa-preco-da-castanha-de-caju\/\" \/>\n<meta property=\"og:site_name\" content=\"Portal Tela Portugal\" \/>\n<meta property=\"article:published_time\" content=\"2026-03-10T15:44:00+00:00\" \/>\n<meta name=\"author\" content=\"Telinha\" \/>\n<meta name=\"twitter:card\" content=\"summary_large_image\" \/>\n<meta name=\"twitter:label1\" content=\"Escrito por\" \/>\n\t<meta name=\"twitter:data1\" content=\"Telinha\" \/>\n\t<meta name=\"twitter:label2\" content=\"Tempo estimado de leitura\" \/>\n\t<meta name=\"twitter:data2\" content=\"1 minuto\" \/>\n<script type=\"application\/ld+json\" class=\"yoast-schema-graph\">{\"@context\":\"https:\/\/schema.org\",\"@graph\":[{\"@type\":\"Article\",\"@id\":\"https:\/\/portaltela.pt\/noticias\/2026\/03\/10\/governo-de-transicao-da-guine-bissau-fixa-preco-da-castanha-de-caju\/#article\",\"isPartOf\":{\"@id\":\"https:\/\/portaltela.pt\/noticias\/2026\/03\/10\/governo-de-transicao-da-guine-bissau-fixa-preco-da-castanha-de-caju\/\"},\"author\":{\"name\":\"Telinha\",\"@id\":\"https:\/\/portaltela.pt\/#\/schema\/person\/c4278d4a6028830caff9ee44b42d32ed\"},\"headline\":\"Governo de transi\u00e7\u00e3o da Guin\u00e9-Bissau fixa pre\u00e7o da castanha de caju\",\"datePublished\":\"2026-03-10T15:44:00+00:00\",\"mainEntityOfPage\":{\"@id\":\"https:\/\/portaltela.pt\/noticias\/2026\/03\/10\/governo-de-transicao-da-guine-bissau-fixa-preco-da-castanha-de-caju\/\"},\"wordCount\":153,\"image\":{\"@id\":\"https:\/\/portaltela.pt\/noticias\/2026\/03\/10\/governo-de-transicao-da-guine-bissau-fixa-preco-da-castanha-de-caju\/#primaryimage\"},\"thumbnailUrl\":\"https:\/\/portaltela.pt\/s.01k8rhncp4jt1\/2026\/03\/CACHE_780X1200_ANALOG_WATERMARKED_41045030_1905233_16062023041147.jpg\",\"keywords\":[\"_economia\",\"agricultura\",\"agroalimentar\",\"agroind\u00fastria\",\"economia\",\"exporta\u00e7\u00f5es\"],\"articleSection\":[\"Economia\",\"Neg\u00f3cios\"],\"inLanguage\":\"pt-PT\"},{\"@type\":\"WebPage\",\"@id\":\"https:\/\/portaltela.pt\/noticias\/2026\/03\/10\/governo-de-transicao-da-guine-bissau-fixa-preco-da-castanha-de-caju\/\",\"url\":\"https:\/\/portaltela.pt\/noticias\/2026\/03\/10\/governo-de-transicao-da-guine-bissau-fixa-preco-da-castanha-de-caju\/\",\"name\":\"Governo de transi\u00e7\u00e3o da Guin\u00e9-Bissau fixa pre\u00e7o da castanha de caju - Portal Tela Portugal\",\"isPartOf\":{\"@id\":\"https:\/\/portaltela.pt\/#website\"},\"primaryImageOfPage\":{\"@id\":\"https:\/\/portaltela.pt\/noticias\/2026\/03\/10\/governo-de-transicao-da-guine-bissau-fixa-preco-da-castanha-de-caju\/#primaryimage\"},\"image\":{\"@id\":\"https:\/\/portaltela.pt\/noticias\/2026\/03\/10\/governo-de-transicao-da-guine-bissau-fixa-preco-da-castanha-de-caju\/#primaryimage\"},\"thumbnailUrl\":\"https:\/\/portaltela.pt\/s.01k8rhncp4jt1\/2026\/03\/CACHE_780X1200_ANALOG_WATERMARKED_41045030_1905233_16062023041147.jpg\",\"datePublished\":\"2026-03-10T15:44:00+00:00\",\"author\":{\"@id\":\"https:\/\/portaltela.pt\/#\/schema\/person\/c4278d4a6028830caff9ee44b42d32ed\"},\"breadcrumb\":{\"@id\":\"https:\/\/portaltela.pt\/noticias\/2026\/03\/10\/governo-de-transicao-da-guine-bissau-fixa-preco-da-castanha-de-caju\/#breadcrumb\"},\"inLanguage\":\"pt-PT\",\"potentialAction\":[{\"@type\":\"ReadAction\",\"target\":[\"https:\/\/portaltela.pt\/noticias\/2026\/03\/10\/governo-de-transicao-da-guine-bissau-fixa-preco-da-castanha-de-caju\/\"]}]},{\"@type\":\"ImageObject\",\"inLanguage\":\"pt-PT\",\"@id\":\"https:\/\/portaltela.pt\/noticias\/2026\/03\/10\/governo-de-transicao-da-guine-bissau-fixa-preco-da-castanha-de-caju\/#primaryimage\",\"url\":\"https:\/\/portaltela.pt\/s.01k8rhncp4jt1\/2026\/03\/CACHE_780X1200_ANALOG_WATERMARKED_41045030_1905233_16062023041147.jpg\",\"contentUrl\":\"https:\/\/portaltela.pt\/s.01k8rhncp4jt1\/2026\/03\/CACHE_780X1200_ANALOG_WATERMARKED_41045030_1905233_16062023041147.jpg\",\"width\":796,\"height\":448,\"caption\":\"Governo de transi\u00e7\u00e3o da Guin\u00e9-Bissau fixa pre\u00e7o da castanha de caju\"},{\"@type\":\"BreadcrumbList\",\"@id\":\"https:\/\/portaltela.pt\/noticias\/2026\/03\/10\/governo-de-transicao-da-guine-bissau-fixa-preco-da-castanha-de-caju\/#breadcrumb\",\"itemListElement\":[{\"@type\":\"ListItem\",\"position\":1,\"name\":\"In\u00edcio\",\"item\":\"https:\/\/portaltela.pt\/\"},{\"@type\":\"ListItem\",\"position\":2,\"name\":\"Governo de transi\u00e7\u00e3o da Guin\u00e9-Bissau fixa pre\u00e7o da castanha de caju\"}]},{\"@type\":\"WebSite\",\"@id\":\"https:\/\/portaltela.pt\/#website\",\"url\":\"https:\/\/portaltela.pt\/\",\"name\":\"Portal Tela Portugal\",\"description\":\"\",\"potentialAction\":[{\"@type\":\"SearchAction\",\"target\":{\"@type\":\"EntryPoint\",\"urlTemplate\":\"https:\/\/portaltela.pt\/?s={search_term_string}\"},\"query-input\":{\"@type\":\"PropertyValueSpecification\",\"valueRequired\":true,\"valueName\":\"search_term_string\"}}],\"inLanguage\":\"pt-PT\"},{\"@type\":\"Person\",\"@id\":\"https:\/\/portaltela.pt\/#\/schema\/person\/c4278d4a6028830caff9ee44b42d32ed\",\"name\":\"Telinha\",\"image\":{\"@type\":\"ImageObject\",\"inLanguage\":\"pt-PT\",\"@id\":\"https:\/\/portaltela.pt\/s.01k8rhncp4jt1\/2025\/11\/talking-bot-125x125.png\",\"url\":\"https:\/\/portaltela.pt\/s.01k8rhncp4jt1\/2025\/11\/talking-bot-125x125.png\",\"contentUrl\":\"https:\/\/portaltela.pt\/s.01k8rhncp4jt1\/2025\/11\/talking-bot-125x125.png\",\"caption\":\"Telinha\"},\"sameAs\":[\"https:\/\/portaltela.pt\/\"],\"url\":\"https:\/\/portaltela.pt\/por\/367410592786\/\"}]}<\/script>\n<!-- \/ Yoast SEO plugin. -->","yoast_head_json":{"title":"Governo de transi\u00e7\u00e3o da Guin\u00e9-Bissau fixa pre\u00e7o da castanha de caju - Portal Tela Portugal","robots":{"index":"index","follow":"follow","max-snippet":"max-snippet:-1","max-image-preview":"max-image-preview:large","max-video-preview":"max-video-preview:-1"},"og_locale":"pt_PT","og_type":"article","og_title":"Governo de transi\u00e7\u00e3o da Guin\u00e9-Bissau fixa pre\u00e7o da castanha de caju - Portal Tela Portugal","og_description":"O governo de transi\u00e7\u00e3o da Guin\u00e9-Bissau fixou o pre\u00e7o da castanha de caju. A medida faz parte das a\u00e7\u00f5es do governo de transi\u00e7\u00e3o. O valor exato n\u00e3o \u00e9 divulgado no material fornecido. O conte\u00fado completo est\u00e1 dispon\u00edvel apenas para subscritores.","og_url":"https:\/\/portaltela.pt\/noticias\/2026\/03\/10\/governo-de-transicao-da-guine-bissau-fixa-preco-da-castanha-de-caju\/","og_site_name":"Portal Tela Portugal","article_published_time":"2026-03-10T15:44:00+00:00","author":"Telinha","twitter_card":"summary_large_image","twitter_misc":{"Escrito por":"Telinha","Tempo estimado de leitura":"1 minuto"},"schema":{"@context":"https:\/\/schema.org","@graph":[{"@type":"Article","@id":"https:\/\/portaltela.pt\/noticias\/2026\/03\/10\/governo-de-transicao-da-guine-bissau-fixa-preco-da-castanha-de-caju\/#article","isPartOf":{"@id":"https:\/\/portaltela.pt\/noticias\/2026\/03\/10\/governo-de-transicao-da-guine-bissau-fixa-preco-da-castanha-de-caju\/"},"author":{"name":"Telinha","@id":"https:\/\/portaltela.pt\/#\/schema\/person\/c4278d4a6028830caff9ee44b42d32ed"},"headline":"Governo de transi\u00e7\u00e3o da Guin\u00e9-Bissau fixa pre\u00e7o da castanha de caju","datePublished":"2026-03-10T15:44:00+00:00","mainEntityOfPage":{"@id":"https:\/\/portaltela.pt\/noticias\/2026\/03\/10\/governo-de-transicao-da-guine-bissau-fixa-preco-da-castanha-de-caju\/"},"wordCount":153,"image":{"@id":"https:\/\/portaltela.pt\/noticias\/2026\/03\/10\/governo-de-transicao-da-guine-bissau-fixa-preco-da-castanha-de-caju\/#primaryimage"},"thumbnailUrl":"https:\/\/portaltela.pt\/s.01k8rhncp4jt1\/2026\/03\/CACHE_780X1200_ANALOG_WATERMARKED_41045030_1905233_16062023041147.jpg","keywords":["_economia","agricultura","agroalimentar","agroind\u00fastria","economia","exporta\u00e7\u00f5es"],"articleSection":["Economia","Neg\u00f3cios"],"inLanguage":"pt-PT"},{"@type":"WebPage","@id":"https:\/\/portaltela.pt\/noticias\/2026\/03\/10\/governo-de-transicao-da-guine-bissau-fixa-preco-da-castanha-de-caju\/","url":"https:\/\/portaltela.pt\/noticias\/2026\/03\/10\/governo-de-transicao-da-guine-bissau-fixa-preco-da-castanha-de-caju\/","name":"Governo de transi\u00e7\u00e3o da Guin\u00e9-Bissau fixa pre\u00e7o da castanha de caju - Portal Tela Portugal","isPartOf":{"@id":"https:\/\/portaltela.pt\/#website"},"primaryImageOfPage":{"@id":"https:\/\/portaltela.pt\/noticias\/2026\/03\/10\/governo-de-transicao-da-guine-bissau-fixa-preco-da-castanha-de-caju\/#primaryimage"},"image":{"@id":"https:\/\/portaltela.pt\/noticias\/2026\/03\/10\/governo-de-transicao-da-guine-bissau-fixa-preco-da-castanha-de-caju\/#primaryimage"},"thumbnailUrl":"https:\/\/portaltela.pt\/s.01k8rhncp4jt1\/2026\/03\/CACHE_780X1200_ANALOG_WATERMARKED_41045030_1905233_16062023041147.jpg","datePublished":"2026-03-10T15:44:00+00:00","author":{"@id":"https:\/\/portaltela.pt\/#\/schema\/person\/c4278d4a6028830caff9ee44b42d32ed"},"breadcrumb":{"@id":"https:\/\/portaltela.pt\/noticias\/2026\/03\/10\/governo-de-transicao-da-guine-bissau-fixa-preco-da-castanha-de-caju\/#breadcrumb"},"inLanguage":"pt-PT","potentialAction":[{"@type":"ReadAction","target":["https:\/\/portaltela.pt\/noticias\/2026\/03\/10\/governo-de-transicao-da-guine-bissau-fixa-preco-da-castanha-de-caju\/"]}]},{"@type":"ImageObject","inLanguage":"pt-PT","@id":"https:\/\/portaltela.pt\/noticias\/2026\/03\/10\/governo-de-transicao-da-guine-bissau-fixa-preco-da-castanha-de-caju\/#primaryimage","url":"https:\/\/portaltela.pt\/s.01k8rhncp4jt1\/2026\/03\/CACHE_780X1200_ANALOG_WATERMARKED_41045030_1905233_16062023041147.jpg","contentUrl":"https:\/\/portaltela.pt\/s.01k8rhncp4jt1\/2026\/03\/CACHE_780X1200_ANALOG_WATERMARKED_41045030_1905233_16062023041147.jpg","width":796,"height":448,"caption":"Governo de transi\u00e7\u00e3o da Guin\u00e9-Bissau fixa pre\u00e7o da castanha de caju"},{"@type":"BreadcrumbList","@id":"https:\/\/portaltela.pt\/noticias\/2026\/03\/10\/governo-de-transicao-da-guine-bissau-fixa-preco-da-castanha-de-caju\/#breadcrumb","itemListElement":[{"@type":"ListItem","position":1,"name":"In\u00edcio","item":"https:\/\/portaltela.pt\/"},{"@type":"ListItem","position":2,"name":"Governo de transi\u00e7\u00e3o da Guin\u00e9-Bissau fixa pre\u00e7o da castanha de caju"}]},{"@type":"WebSite","@id":"https:\/\/portaltela.pt\/#website","url":"https:\/\/portaltela.pt\/","name":"Portal Tela Portugal","description":"","potentialAction":[{"@type":"SearchAction","target":{"@type":"EntryPoint","urlTemplate":"https:\/\/portaltela.pt\/?s={search_term_string}"},"query-input":{"@type":"PropertyValueSpecification","valueRequired":true,"valueName":"search_term_string"}}],"inLanguage":"pt-PT"},{"@type":"Person","@id":"https:\/\/portaltela.pt\/#\/schema\/person\/c4278d4a6028830caff9ee44b42d32ed","name":"Telinha","image":{"@type":"ImageObject","inLanguage":"pt-PT","@id":"https:\/\/portaltela.pt\/s.01k8rhncp4jt1\/2025\/11\/talking-bot-125x125.png","url":"https:\/\/portaltela.pt\/s.01k8rhncp4jt1\/2025\/11\/talking-bot-125x125.png","contentUrl":"https:\/\/portaltela.pt\/s.01k8rhncp4jt1\/2025\/11\/talking-bot-125x125.png","caption":"Telinha"},"sameAs":["https:\/\/portaltela.pt\/"],"url":"https:\/\/portaltela.pt\/por\/367410592786\/"}]}},"_links":{"self":[{"href":"https:\/\/portaltela.pt\/api\/wp\/v2\/posts\/404743","targetHints":{"allow":["GET"]}}],"collection":[{"href":"https:\/\/portaltela.pt\/api\/wp\/v2\/posts"}],"about":[{"href":"https:\/\/portaltela.pt\/api\/wp\/v2\/types\/post"}],"author":[{"embeddable":true,"href":"https:\/\/portaltela.pt\/api\/wp\/v2\/users\/2"}],"replies":[{"embeddable":true,"href":"https:\/\/portaltela.pt\/api\/wp\/v2\/comments?post=404743"}],"version-history":[{"count":0,"href":"https:\/\/portaltela.pt\/api\/wp\/v2\/posts\/404743\/revisions"}],"wp:featuredmedia":[{"embeddable":true,"href":"https:\/\/portaltela.pt\/api\/wp\/v2\/media\/404748"}],"wp:attachment":[{"href":"https:\/\/portaltela.pt\/api\/wp\/v2\/media?parent=404743"}],"wp:term":[{"taxonomy":"category","embeddable":true,"href":"https:\/\/portaltela.pt\/api\/wp\/v2\/categories?post=404743"},{"taxonomy":"post_tag","embeddable":true,"href":"https:\/\/portaltela.pt\/api\/wp\/v2\/tags?post=404743"}],"curies":[{"name":"wp","href":"https:\/\/api.w.org\/{rel}","templated":true}]}}