{"id":404736,"date":"2026-03-10T12:32:00","date_gmt":"2026-03-10T15:32:00","guid":{"rendered":"https:\/\/portaltela.pt\/noticias\/2026\/03\/10\/van-der-poel-vence-segunda-etapa-del-toro-lidera-tirreno-adriatico\/"},"modified":"2026-03-10T12:32:00","modified_gmt":"2026-03-10T15:32:00","slug":"van-der-poel-vence-segunda-etapa-del-toro-lidera-tirreno-adriatico","status":"publish","type":"post","link":"https:\/\/portaltela.pt\/desporto\/futebol\/2026\/03\/10\/van-der-poel-vence-segunda-etapa-del-toro-lidera-tirreno-adriatico\/","title":{"rendered":"Van der Poel vence segunda etapa; Del Toro lidera Tirreno-Adri\u00e1tico"},"content":{"rendered":"<p>Mathieu van der Poel (Alpecin-Premier Tech) venceu a segunda etapa do Tirreno-Adri\u00e1tico, ao sprint, afastando-se dos rivais na linha de chegada.<\/p>\n<p>O ciclista mexicano Isaac del Toro (UAE Emirates) terminou em segundo e passou a liderar a classifica\u00e7\u00e3o geral da prova, ap\u00f3s a conclus\u00e3o da etapa.<\/p>\n<p>A corrida ocorreu hoje, na regi\u00e3o italiana associada ao Tirreno-Adri\u00e1tico, com o pelot\u00e3o a percorrer uma rota previs\u00edvel para sprint final entre os favoritos da tirada.<\/p>\n<p>Del Toro assume a lideran\u00e7a da geral gra\u00e7as ao tempo entre os l\u00edderes, deixando Van der Poel no grupo de persegui\u00e7\u00e3o e mantendo a competitividade da prova.<\/p>\n<p>A segunda etapa consolidou a din\u00e2mica da prova, com o duelo entre pot\u00eancias de sprint definido no \u00faltimo quil\u00f3metro, antes de as classifica\u00e7\u00f5es individuais se esclarecerem nas etapas seguintes.<\/p>\n","protected":false},"excerpt":{"rendered":"<ul>\n<li>Mathieu van der Poel, da Alpecin-Premier Tech, venceu a segunda etapa do Tirreno-Adri\u00e1tico ao sprint.<\/li>\n<li>Isaac del Toro, da UAE Emirates, terminou na segunda posi\u00e7\u00e3o no sprint.<\/li>\n<li>Del Toro passou a liderar a classifica\u00e7\u00e3o geral da prova italiana.<\/li>\n<li>A etapa ocorreu na tirreno-adri\u00e1tico, com a decis\u00e3o no tramo da segunda tirada da prova.<\/li>\n<\/ul>\n","protected":false},"author":2,"featured_media":404740,"comment_status":"closed","ping_status":"closed","sticky":false,"template":"","format":"standard","meta":{"footnotes":""},"categories":[21,24],"tags":[6342,923,152,60,5433,1857],"class_list":["post-404736","post","type-post","status-publish","format-standard","has-post-thumbnail","hentry","category-desporto","category-futebol","tag-campeonatos-internacionais","tag-ciclismo","tag-desporto","tag-esportes","tag-esportes-internacionais","tag-italia"],"yoast_head":"<!-- This site is optimized with the Yoast SEO plugin v27.2 - https:\/\/yoast.com\/product\/yoast-seo-wordpress\/ -->\n<title>Van der Poel vence segunda etapa; Del Toro lidera Tirreno-Adri\u00e1tico - Portal Tela Portugal<\/title>\n<meta name=\"robots\" content=\"index, follow, max-snippet:-1, max-image-preview:large, max-video-preview:-1\" \/>\n<meta property=\"og:locale\" content=\"pt_PT\" \/>\n<meta property=\"og:type\" content=\"article\" \/>\n<meta property=\"og:title\" content=\"Van der Poel vence segunda etapa; Del Toro lidera Tirreno-Adri\u00e1tico - Portal Tela Portugal\" \/>\n<meta property=\"og:description\" content=\"Mathieu van der Poel, da Alpecin-Premier Tech, venceu a segunda etapa do Tirreno-Adri\u00e1tico ao sprint. Isaac del Toro, da UAE Emirates, terminou na segunda posi\u00e7\u00e3o no sprint. Del Toro passou a liderar a classifica\u00e7\u00e3o geral da prova italiana. A etapa ocorreu na tirreno-adri\u00e1tico, com a decis\u00e3o no tramo da segunda tirada da prova.\" \/>\n<meta property=\"og:url\" content=\"https:\/\/portaltela.pt\/noticias\/2026\/03\/10\/van-der-poel-vence-segunda-etapa-del-toro-lidera-tirreno-adriatico\/\" \/>\n<meta property=\"og:site_name\" content=\"Portal Tela Portugal\" \/>\n<meta property=\"article:published_time\" content=\"2026-03-10T15:32:00+00:00\" \/>\n<meta name=\"author\" content=\"Telinha\" \/>\n<meta name=\"twitter:card\" content=\"summary_large_image\" \/>\n<meta name=\"twitter:label1\" content=\"Escrito por\" \/>\n\t<meta name=\"twitter:data1\" content=\"Telinha\" \/>\n\t<meta name=\"twitter:label2\" content=\"Tempo estimado de leitura\" \/>\n\t<meta name=\"twitter:data2\" content=\"1 minuto\" \/>\n<script type=\"application\/ld+json\" class=\"yoast-schema-graph\">{\"@context\":\"https:\/\/schema.org\",\"@graph\":[{\"@type\":\"Article\",\"@id\":\"https:\/\/portaltela.pt\/noticias\/2026\/03\/10\/van-der-poel-vence-segunda-etapa-del-toro-lidera-tirreno-adriatico\/#article\",\"isPartOf\":{\"@id\":\"https:\/\/portaltela.pt\/noticias\/2026\/03\/10\/van-der-poel-vence-segunda-etapa-del-toro-lidera-tirreno-adriatico\/\"},\"author\":{\"name\":\"Telinha\",\"@id\":\"https:\/\/portaltela.pt\/#\/schema\/person\/c4278d4a6028830caff9ee44b42d32ed\"},\"headline\":\"Van der Poel vence segunda etapa; Del Toro lidera Tirreno-Adri\u00e1tico\",\"datePublished\":\"2026-03-10T15:32:00+00:00\",\"mainEntityOfPage\":{\"@id\":\"https:\/\/portaltela.pt\/noticias\/2026\/03\/10\/van-der-poel-vence-segunda-etapa-del-toro-lidera-tirreno-adriatico\/\"},\"wordCount\":155,\"image\":{\"@id\":\"https:\/\/portaltela.pt\/noticias\/2026\/03\/10\/van-der-poel-vence-segunda-etapa-del-toro-lidera-tirreno-adriatico\/#primaryimage\"},\"thumbnailUrl\":\"https:\/\/portaltela.pt\/s.01k8rhncp4jt1\/2026\/03\/CACHE_780X1200_ANALOG_WATERMARKED_46724087_11378376291533.jpg\",\"keywords\":[\"campeonatos internacionais\",\"ciclismo\",\"desporto\",\"esportes\",\"esportes internacionais\",\"It\u00e1lia\"],\"articleSection\":[\"Desporto\",\"Futebol\"],\"inLanguage\":\"pt-PT\"},{\"@type\":\"WebPage\",\"@id\":\"https:\/\/portaltela.pt\/noticias\/2026\/03\/10\/van-der-poel-vence-segunda-etapa-del-toro-lidera-tirreno-adriatico\/\",\"url\":\"https:\/\/portaltela.pt\/noticias\/2026\/03\/10\/van-der-poel-vence-segunda-etapa-del-toro-lidera-tirreno-adriatico\/\",\"name\":\"Van der Poel vence segunda etapa; Del Toro lidera Tirreno-Adri\u00e1tico - Portal Tela Portugal\",\"isPartOf\":{\"@id\":\"https:\/\/portaltela.pt\/#website\"},\"primaryImageOfPage\":{\"@id\":\"https:\/\/portaltela.pt\/noticias\/2026\/03\/10\/van-der-poel-vence-segunda-etapa-del-toro-lidera-tirreno-adriatico\/#primaryimage\"},\"image\":{\"@id\":\"https:\/\/portaltela.pt\/noticias\/2026\/03\/10\/van-der-poel-vence-segunda-etapa-del-toro-lidera-tirreno-adriatico\/#primaryimage\"},\"thumbnailUrl\":\"https:\/\/portaltela.pt\/s.01k8rhncp4jt1\/2026\/03\/CACHE_780X1200_ANALOG_WATERMARKED_46724087_11378376291533.jpg\",\"datePublished\":\"2026-03-10T15:32:00+00:00\",\"author\":{\"@id\":\"https:\/\/portaltela.pt\/#\/schema\/person\/c4278d4a6028830caff9ee44b42d32ed\"},\"breadcrumb\":{\"@id\":\"https:\/\/portaltela.pt\/noticias\/2026\/03\/10\/van-der-poel-vence-segunda-etapa-del-toro-lidera-tirreno-adriatico\/#breadcrumb\"},\"inLanguage\":\"pt-PT\",\"potentialAction\":[{\"@type\":\"ReadAction\",\"target\":[\"https:\/\/portaltela.pt\/noticias\/2026\/03\/10\/van-der-poel-vence-segunda-etapa-del-toro-lidera-tirreno-adriatico\/\"]}]},{\"@type\":\"ImageObject\",\"inLanguage\":\"pt-PT\",\"@id\":\"https:\/\/portaltela.pt\/noticias\/2026\/03\/10\/van-der-poel-vence-segunda-etapa-del-toro-lidera-tirreno-adriatico\/#primaryimage\",\"url\":\"https:\/\/portaltela.pt\/s.01k8rhncp4jt1\/2026\/03\/CACHE_780X1200_ANALOG_WATERMARKED_46724087_11378376291533.jpg\",\"contentUrl\":\"https:\/\/portaltela.pt\/s.01k8rhncp4jt1\/2026\/03\/CACHE_780X1200_ANALOG_WATERMARKED_46724087_11378376291533.jpg\",\"width\":796,\"height\":448,\"caption\":\"Van der Poel ganha segunda etapa e Del Toro sobe \u00e0 lideran\u00e7a do Tirreno-Adri\u00e1tico\"},{\"@type\":\"BreadcrumbList\",\"@id\":\"https:\/\/portaltela.pt\/noticias\/2026\/03\/10\/van-der-poel-vence-segunda-etapa-del-toro-lidera-tirreno-adriatico\/#breadcrumb\",\"itemListElement\":[{\"@type\":\"ListItem\",\"position\":1,\"name\":\"In\u00edcio\",\"item\":\"https:\/\/portaltela.pt\/\"},{\"@type\":\"ListItem\",\"position\":2,\"name\":\"Van der Poel vence segunda etapa; Del Toro lidera Tirreno-Adri\u00e1tico\"}]},{\"@type\":\"WebSite\",\"@id\":\"https:\/\/portaltela.pt\/#website\",\"url\":\"https:\/\/portaltela.pt\/\",\"name\":\"Portal Tela Portugal\",\"description\":\"\",\"potentialAction\":[{\"@type\":\"SearchAction\",\"target\":{\"@type\":\"EntryPoint\",\"urlTemplate\":\"https:\/\/portaltela.pt\/?s={search_term_string}\"},\"query-input\":{\"@type\":\"PropertyValueSpecification\",\"valueRequired\":true,\"valueName\":\"search_term_string\"}}],\"inLanguage\":\"pt-PT\"},{\"@type\":\"Person\",\"@id\":\"https:\/\/portaltela.pt\/#\/schema\/person\/c4278d4a6028830caff9ee44b42d32ed\",\"name\":\"Telinha\",\"image\":{\"@type\":\"ImageObject\",\"inLanguage\":\"pt-PT\",\"@id\":\"https:\/\/portaltela.pt\/s.01k8rhncp4jt1\/2025\/11\/talking-bot-125x125.png\",\"url\":\"https:\/\/portaltela.pt\/s.01k8rhncp4jt1\/2025\/11\/talking-bot-125x125.png\",\"contentUrl\":\"https:\/\/portaltela.pt\/s.01k8rhncp4jt1\/2025\/11\/talking-bot-125x125.png\",\"caption\":\"Telinha\"},\"sameAs\":[\"https:\/\/portaltela.pt\/\"],\"url\":\"https:\/\/portaltela.pt\/por\/367410592786\/\"}]}<\/script>\n<!-- \/ Yoast SEO plugin. -->","yoast_head_json":{"title":"Van der Poel vence segunda etapa; Del Toro lidera Tirreno-Adri\u00e1tico - Portal Tela Portugal","robots":{"index":"index","follow":"follow","max-snippet":"max-snippet:-1","max-image-preview":"max-image-preview:large","max-video-preview":"max-video-preview:-1"},"og_locale":"pt_PT","og_type":"article","og_title":"Van der Poel vence segunda etapa; Del Toro lidera Tirreno-Adri\u00e1tico - Portal Tela Portugal","og_description":"Mathieu van der Poel, da Alpecin-Premier Tech, venceu a segunda etapa do Tirreno-Adri\u00e1tico ao sprint. Isaac del Toro, da UAE Emirates, terminou na segunda posi\u00e7\u00e3o no sprint. Del Toro passou a liderar a classifica\u00e7\u00e3o geral da prova italiana. A etapa ocorreu na tirreno-adri\u00e1tico, com a decis\u00e3o no tramo da segunda tirada da prova.","og_url":"https:\/\/portaltela.pt\/noticias\/2026\/03\/10\/van-der-poel-vence-segunda-etapa-del-toro-lidera-tirreno-adriatico\/","og_site_name":"Portal Tela Portugal","article_published_time":"2026-03-10T15:32:00+00:00","author":"Telinha","twitter_card":"summary_large_image","twitter_misc":{"Escrito por":"Telinha","Tempo estimado de leitura":"1 minuto"},"schema":{"@context":"https:\/\/schema.org","@graph":[{"@type":"Article","@id":"https:\/\/portaltela.pt\/noticias\/2026\/03\/10\/van-der-poel-vence-segunda-etapa-del-toro-lidera-tirreno-adriatico\/#article","isPartOf":{"@id":"https:\/\/portaltela.pt\/noticias\/2026\/03\/10\/van-der-poel-vence-segunda-etapa-del-toro-lidera-tirreno-adriatico\/"},"author":{"name":"Telinha","@id":"https:\/\/portaltela.pt\/#\/schema\/person\/c4278d4a6028830caff9ee44b42d32ed"},"headline":"Van der Poel vence segunda etapa; Del Toro lidera Tirreno-Adri\u00e1tico","datePublished":"2026-03-10T15:32:00+00:00","mainEntityOfPage":{"@id":"https:\/\/portaltela.pt\/noticias\/2026\/03\/10\/van-der-poel-vence-segunda-etapa-del-toro-lidera-tirreno-adriatico\/"},"wordCount":155,"image":{"@id":"https:\/\/portaltela.pt\/noticias\/2026\/03\/10\/van-der-poel-vence-segunda-etapa-del-toro-lidera-tirreno-adriatico\/#primaryimage"},"thumbnailUrl":"https:\/\/portaltela.pt\/s.01k8rhncp4jt1\/2026\/03\/CACHE_780X1200_ANALOG_WATERMARKED_46724087_11378376291533.jpg","keywords":["campeonatos internacionais","ciclismo","desporto","esportes","esportes internacionais","It\u00e1lia"],"articleSection":["Desporto","Futebol"],"inLanguage":"pt-PT"},{"@type":"WebPage","@id":"https:\/\/portaltela.pt\/noticias\/2026\/03\/10\/van-der-poel-vence-segunda-etapa-del-toro-lidera-tirreno-adriatico\/","url":"https:\/\/portaltela.pt\/noticias\/2026\/03\/10\/van-der-poel-vence-segunda-etapa-del-toro-lidera-tirreno-adriatico\/","name":"Van der Poel vence segunda etapa; Del Toro lidera Tirreno-Adri\u00e1tico - Portal Tela Portugal","isPartOf":{"@id":"https:\/\/portaltela.pt\/#website"},"primaryImageOfPage":{"@id":"https:\/\/portaltela.pt\/noticias\/2026\/03\/10\/van-der-poel-vence-segunda-etapa-del-toro-lidera-tirreno-adriatico\/#primaryimage"},"image":{"@id":"https:\/\/portaltela.pt\/noticias\/2026\/03\/10\/van-der-poel-vence-segunda-etapa-del-toro-lidera-tirreno-adriatico\/#primaryimage"},"thumbnailUrl":"https:\/\/portaltela.pt\/s.01k8rhncp4jt1\/2026\/03\/CACHE_780X1200_ANALOG_WATERMARKED_46724087_11378376291533.jpg","datePublished":"2026-03-10T15:32:00+00:00","author":{"@id":"https:\/\/portaltela.pt\/#\/schema\/person\/c4278d4a6028830caff9ee44b42d32ed"},"breadcrumb":{"@id":"https:\/\/portaltela.pt\/noticias\/2026\/03\/10\/van-der-poel-vence-segunda-etapa-del-toro-lidera-tirreno-adriatico\/#breadcrumb"},"inLanguage":"pt-PT","potentialAction":[{"@type":"ReadAction","target":["https:\/\/portaltela.pt\/noticias\/2026\/03\/10\/van-der-poel-vence-segunda-etapa-del-toro-lidera-tirreno-adriatico\/"]}]},{"@type":"ImageObject","inLanguage":"pt-PT","@id":"https:\/\/portaltela.pt\/noticias\/2026\/03\/10\/van-der-poel-vence-segunda-etapa-del-toro-lidera-tirreno-adriatico\/#primaryimage","url":"https:\/\/portaltela.pt\/s.01k8rhncp4jt1\/2026\/03\/CACHE_780X1200_ANALOG_WATERMARKED_46724087_11378376291533.jpg","contentUrl":"https:\/\/portaltela.pt\/s.01k8rhncp4jt1\/2026\/03\/CACHE_780X1200_ANALOG_WATERMARKED_46724087_11378376291533.jpg","width":796,"height":448,"caption":"Van der Poel ganha segunda etapa e Del Toro sobe \u00e0 lideran\u00e7a do Tirreno-Adri\u00e1tico"},{"@type":"BreadcrumbList","@id":"https:\/\/portaltela.pt\/noticias\/2026\/03\/10\/van-der-poel-vence-segunda-etapa-del-toro-lidera-tirreno-adriatico\/#breadcrumb","itemListElement":[{"@type":"ListItem","position":1,"name":"In\u00edcio","item":"https:\/\/portaltela.pt\/"},{"@type":"ListItem","position":2,"name":"Van der Poel vence segunda etapa; Del Toro lidera Tirreno-Adri\u00e1tico"}]},{"@type":"WebSite","@id":"https:\/\/portaltela.pt\/#website","url":"https:\/\/portaltela.pt\/","name":"Portal Tela Portugal","description":"","potentialAction":[{"@type":"SearchAction","target":{"@type":"EntryPoint","urlTemplate":"https:\/\/portaltela.pt\/?s={search_term_string}"},"query-input":{"@type":"PropertyValueSpecification","valueRequired":true,"valueName":"search_term_string"}}],"inLanguage":"pt-PT"},{"@type":"Person","@id":"https:\/\/portaltela.pt\/#\/schema\/person\/c4278d4a6028830caff9ee44b42d32ed","name":"Telinha","image":{"@type":"ImageObject","inLanguage":"pt-PT","@id":"https:\/\/portaltela.pt\/s.01k8rhncp4jt1\/2025\/11\/talking-bot-125x125.png","url":"https:\/\/portaltela.pt\/s.01k8rhncp4jt1\/2025\/11\/talking-bot-125x125.png","contentUrl":"https:\/\/portaltela.pt\/s.01k8rhncp4jt1\/2025\/11\/talking-bot-125x125.png","caption":"Telinha"},"sameAs":["https:\/\/portaltela.pt\/"],"url":"https:\/\/portaltela.pt\/por\/367410592786\/"}]}},"_links":{"self":[{"href":"https:\/\/portaltela.pt\/api\/wp\/v2\/posts\/404736","targetHints":{"allow":["GET"]}}],"collection":[{"href":"https:\/\/portaltela.pt\/api\/wp\/v2\/posts"}],"about":[{"href":"https:\/\/portaltela.pt\/api\/wp\/v2\/types\/post"}],"author":[{"embeddable":true,"href":"https:\/\/portaltela.pt\/api\/wp\/v2\/users\/2"}],"replies":[{"embeddable":true,"href":"https:\/\/portaltela.pt\/api\/wp\/v2\/comments?post=404736"}],"version-history":[{"count":0,"href":"https:\/\/portaltela.pt\/api\/wp\/v2\/posts\/404736\/revisions"}],"wp:featuredmedia":[{"embeddable":true,"href":"https:\/\/portaltela.pt\/api\/wp\/v2\/media\/404740"}],"wp:attachment":[{"href":"https:\/\/portaltela.pt\/api\/wp\/v2\/media?parent=404736"}],"wp:term":[{"taxonomy":"category","embeddable":true,"href":"https:\/\/portaltela.pt\/api\/wp\/v2\/categories?post=404736"},{"taxonomy":"post_tag","embeddable":true,"href":"https:\/\/portaltela.pt\/api\/wp\/v2\/tags?post=404736"}],"curies":[{"name":"wp","href":"https:\/\/api.w.org\/{rel}","templated":true}]}}