{"id":404723,"date":"2026-03-10T12:22:00","date_gmt":"2026-03-10T15:22:00","guid":{"rendered":"https:\/\/portaltela.pt\/noticias\/2026\/03\/10\/comite-de-etica-da-fpf-empossado-hoje-propoe-transparencia-e-boa-governacao\/"},"modified":"2026-03-10T12:22:00","modified_gmt":"2026-03-10T15:22:00","slug":"comite-de-etica-da-fpf-empossado-hoje-propoe-transparencia-e-boa-governacao","status":"publish","type":"post","link":"https:\/\/portaltela.pt\/desporto\/futebol\/2026\/03\/10\/comite-de-etica-da-fpf-empossado-hoje-propoe-transparencia-e-boa-governacao\/","title":{"rendered":"Comit\u00e9 de \u00c9tica da FPF empossado hoje, prop\u00f5e transpar\u00eancia e boa governa\u00e7\u00e3o"},"content":{"rendered":"<p>O Comit\u00e9 de \u00c9tica da Federa\u00e7\u00e3o Portuguesa de Futebol (FPF) foi hoje empossado na sede da FPF. Emanuel Macedo de Medeiros assume a presid\u00eancia, rodeado por tr\u00eas vogais: Jos\u00e9 Carlos Lima, Catarina Ara\u00fajo e Jo\u00e3o Paulo Almeida.<\/p>\n<p>A posse oficial marca o in\u00edcio de um \u00f3rg\u00e3o criado para promover escrut\u00ednio, responsabiliza\u00e7\u00e3o e confian\u00e7a no futebol portugu\u00eas. A nomea\u00e7\u00e3o surge dentro de um eixo de transpar\u00eancia e boa governa\u00e7\u00e3o que o organismo pretende consolidar.<\/p>\n<p>Mais de seis meses ap\u00f3s o an\u00fancio da cria\u00e7\u00e3o do comit\u00e9, em agosto de 2025, o l\u00edder nomeado foi confirmado. O presidente da FPF, Pedro Proen\u00e7a, destacou a import\u00e2ncia de mecanismos de credibilidade para o futebol nacional.<\/p>\n<h3>Composi\u00e7\u00e3o e objetivos<\/h3>\n<p>Emanuel Macedo de Medeiros preside o comit\u00e9, com Jose Carlos Lima, Catarina Ara\u00fajo e Jo\u00e3o Paulo Almeida como vogais. O grupo vai assessorar a dire\u00e7\u00e3o na defini\u00e7\u00e3o de pol\u00edticas de integridade e monitorizar o cumprimento das normas internas.<\/p>\n<p>Entre as fun\u00e7\u00f5es est\u00e1 a emiss\u00e3o de pareceres sobre mat\u00e9rias sens\u00edveis para a reputa\u00e7\u00e3o da FPF e do futebol portugu\u00eas. O comit\u00e9 ter\u00e1 ainda como prioridades o acompanhamento de pol\u00edticas de compliance e anticorrup\u00e7\u00e3o, bem como a promo\u00e7\u00e3o de uma conduta clara entre dirigentes, atletas e agentes desportivos.<\/p>\n<h3>Contexto institucional<\/h3>\n<p>A cria\u00e7\u00e3o do Comit\u00e9 de \u00c9tica faz parte de uma reforma institucional mais ampla na FPF. O objetivo \u00e9 adotar normas internacionais de anticorrup\u00e7\u00e3o, rever regulamentos internos e melhorar os canais de den\u00fancia e de tratamento de irregularidades. O foco \u00e9 assegurar uma cultura de integridade enraizada na organiza\u00e7\u00e3o.<\/p>\n","protected":false},"excerpt":{"rendered":"<ul>\n<li>Emanuel Macedo de Medeiros foi empossado presidente do Comit\u00e9 de \u00c9tica da Federa\u00e7\u00e3o Portuguesa de Futebol (FPF).<\/li>\n<li>O comit\u00e9 visa promover escrut\u00ednio, responsabiliza\u00e7\u00e3o e confian\u00e7a no futebol portugu\u00eas, com foco na \u00e9tica, transpar\u00eancia e boa governa\u00e7\u00e3o.<\/li>\n<li>A cria\u00e7\u00e3o do comit\u00e9 foi anunciada em agosto de 2025, e Macedo de Medeiros, administrador executivo da Sport Integrity Global Alliance (SIGA), fica respons\u00e1vel pela lideran\u00e7a.<\/li>\n<li>A FPF indica que o \u00f3rg\u00e3o vai assessorar a dire\u00e7\u00e3o na defini\u00e7\u00e3o de pol\u00edticas de integridade, monitorizar o cumprimento de normas internas e emitir pareceres em situa\u00e7\u00f5es sens\u00edveis.<\/li>\n<li>As prioridades incluem compliance e anticorrup\u00e7\u00e3o, promo\u00e7\u00e3o de uma cultura de integridade e defini\u00e7\u00e3o de condutas para dirigentes, atletas e demais agentes desportivos.<\/li>\n<\/ul>\n","protected":false},"author":2,"featured_media":404726,"comment_status":"closed","ping_status":"closed","sticky":false,"template":"","format":"standard","meta":{"footnotes":""},"categories":[21,24],"tags":[309,233,32,1274,5644,5708],"class_list":["post-404723","post","type-post","status-publish","format-standard","has-post-thumbnail","hentry","category-desporto","category-futebol","tag-combate-a-corrupcao","tag-etica-desportiva","tag-futebol","tag-governanca","tag-integridade-publica","tag-transparencia-publica"],"yoast_head":"<!-- This site is optimized with the Yoast SEO plugin v27.2 - https:\/\/yoast.com\/product\/yoast-seo-wordpress\/ -->\n<title>Comit\u00e9 de \u00c9tica da FPF empossado hoje, prop\u00f5e transpar\u00eancia e boa governa\u00e7\u00e3o - Portal Tela Portugal<\/title>\n<meta name=\"robots\" content=\"index, follow, max-snippet:-1, max-image-preview:large, max-video-preview:-1\" \/>\n<meta property=\"og:locale\" content=\"pt_PT\" \/>\n<meta property=\"og:type\" content=\"article\" \/>\n<meta property=\"og:title\" content=\"Comit\u00e9 de \u00c9tica da FPF empossado hoje, prop\u00f5e transpar\u00eancia e boa governa\u00e7\u00e3o - Portal Tela Portugal\" \/>\n<meta property=\"og:description\" content=\"Emanuel Macedo de Medeiros foi empossado presidente do Comit\u00e9 de \u00c9tica da Federa\u00e7\u00e3o Portuguesa de Futebol (FPF). O comit\u00e9 visa promover escrut\u00ednio, responsabiliza\u00e7\u00e3o e confian\u00e7a no futebol portugu\u00eas, com foco na \u00e9tica, transpar\u00eancia e boa governa\u00e7\u00e3o. A cria\u00e7\u00e3o do comit\u00e9 foi anunciada em agosto de 2025, e Macedo de Medeiros, administrador executivo da Sport Integrity Global Alliance (SIGA), fica respons\u00e1vel pela lideran\u00e7a. A FPF indica que o \u00f3rg\u00e3o vai assessorar a dire\u00e7\u00e3o na defini\u00e7\u00e3o de pol\u00edticas de integridade, monitorizar o cumprimento de normas internas e emitir pareceres em situa\u00e7\u00f5es sens\u00edveis. As prioridades incluem compliance e anticorrup\u00e7\u00e3o, promo\u00e7\u00e3o de uma cultura de integridade e defini\u00e7\u00e3o de condutas para dirigentes, atletas e demais agentes desportivos.\" \/>\n<meta property=\"og:url\" content=\"https:\/\/portaltela.pt\/noticias\/2026\/03\/10\/comite-de-etica-da-fpf-empossado-hoje-propoe-transparencia-e-boa-governacao\/\" \/>\n<meta property=\"og:site_name\" content=\"Portal Tela Portugal\" \/>\n<meta property=\"article:published_time\" content=\"2026-03-10T15:22:00+00:00\" \/>\n<meta name=\"author\" content=\"Telinha\" \/>\n<meta name=\"twitter:card\" content=\"summary_large_image\" \/>\n<meta name=\"twitter:label1\" content=\"Escrito por\" \/>\n\t<meta name=\"twitter:data1\" content=\"Telinha\" \/>\n\t<meta name=\"twitter:label2\" content=\"Tempo estimado de leitura\" \/>\n\t<meta name=\"twitter:data2\" content=\"1 minuto\" \/>\n<script type=\"application\/ld+json\" class=\"yoast-schema-graph\">{\"@context\":\"https:\/\/schema.org\",\"@graph\":[{\"@type\":\"Article\",\"@id\":\"https:\/\/portaltela.pt\/noticias\/2026\/03\/10\/comite-de-etica-da-fpf-empossado-hoje-propoe-transparencia-e-boa-governacao\/#article\",\"isPartOf\":{\"@id\":\"https:\/\/portaltela.pt\/noticias\/2026\/03\/10\/comite-de-etica-da-fpf-empossado-hoje-propoe-transparencia-e-boa-governacao\/\"},\"author\":{\"name\":\"Telinha\",\"@id\":\"https:\/\/portaltela.pt\/#\/schema\/person\/c4278d4a6028830caff9ee44b42d32ed\"},\"headline\":\"Comit\u00e9 de \u00c9tica da FPF empossado hoje, prop\u00f5e transpar\u00eancia e boa governa\u00e7\u00e3o\",\"datePublished\":\"2026-03-10T15:22:00+00:00\",\"mainEntityOfPage\":{\"@id\":\"https:\/\/portaltela.pt\/noticias\/2026\/03\/10\/comite-de-etica-da-fpf-empossado-hoje-propoe-transparencia-e-boa-governacao\/\"},\"wordCount\":301,\"image\":{\"@id\":\"https:\/\/portaltela.pt\/noticias\/2026\/03\/10\/comite-de-etica-da-fpf-empossado-hoje-propoe-transparencia-e-boa-governacao\/#primaryimage\"},\"thumbnailUrl\":\"https:\/\/portaltela.pt\/s.01k8rhncp4jt1\/2026\/03\/image-642.jpg\",\"keywords\":[\"combate \u00e0 corrup\u00e7\u00e3o\",\"\u00c9tica Desportiva\",\"futebol\",\"governan\u00e7a\",\"integridade p\u00fablica\",\"transpar\u00eancia p\u00fablica\"],\"articleSection\":[\"Desporto\",\"Futebol\"],\"inLanguage\":\"pt-PT\"},{\"@type\":\"WebPage\",\"@id\":\"https:\/\/portaltela.pt\/noticias\/2026\/03\/10\/comite-de-etica-da-fpf-empossado-hoje-propoe-transparencia-e-boa-governacao\/\",\"url\":\"https:\/\/portaltela.pt\/noticias\/2026\/03\/10\/comite-de-etica-da-fpf-empossado-hoje-propoe-transparencia-e-boa-governacao\/\",\"name\":\"Comit\u00e9 de \u00c9tica da FPF empossado hoje, prop\u00f5e transpar\u00eancia e boa governa\u00e7\u00e3o - Portal Tela Portugal\",\"isPartOf\":{\"@id\":\"https:\/\/portaltela.pt\/#website\"},\"primaryImageOfPage\":{\"@id\":\"https:\/\/portaltela.pt\/noticias\/2026\/03\/10\/comite-de-etica-da-fpf-empossado-hoje-propoe-transparencia-e-boa-governacao\/#primaryimage\"},\"image\":{\"@id\":\"https:\/\/portaltela.pt\/noticias\/2026\/03\/10\/comite-de-etica-da-fpf-empossado-hoje-propoe-transparencia-e-boa-governacao\/#primaryimage\"},\"thumbnailUrl\":\"https:\/\/portaltela.pt\/s.01k8rhncp4jt1\/2026\/03\/image-642.jpg\",\"datePublished\":\"2026-03-10T15:22:00+00:00\",\"author\":{\"@id\":\"https:\/\/portaltela.pt\/#\/schema\/person\/c4278d4a6028830caff9ee44b42d32ed\"},\"breadcrumb\":{\"@id\":\"https:\/\/portaltela.pt\/noticias\/2026\/03\/10\/comite-de-etica-da-fpf-empossado-hoje-propoe-transparencia-e-boa-governacao\/#breadcrumb\"},\"inLanguage\":\"pt-PT\",\"potentialAction\":[{\"@type\":\"ReadAction\",\"target\":[\"https:\/\/portaltela.pt\/noticias\/2026\/03\/10\/comite-de-etica-da-fpf-empossado-hoje-propoe-transparencia-e-boa-governacao\/\"]}]},{\"@type\":\"ImageObject\",\"inLanguage\":\"pt-PT\",\"@id\":\"https:\/\/portaltela.pt\/noticias\/2026\/03\/10\/comite-de-etica-da-fpf-empossado-hoje-propoe-transparencia-e-boa-governacao\/#primaryimage\",\"url\":\"https:\/\/portaltela.pt\/s.01k8rhncp4jt1\/2026\/03\/image-642.jpg\",\"contentUrl\":\"https:\/\/portaltela.pt\/s.01k8rhncp4jt1\/2026\/03\/image-642.jpg\",\"width\":796,\"height\":448,\"caption\":\"Emanuel Macedo de Medeiros vai presidir ao comit\u00e9 e contar\u00e1 com Jos\u00e9 Carlos Lima, Catarina Ara\u00fajo e Jo\u00e3o Paulo Almeida como vogais\"},{\"@type\":\"BreadcrumbList\",\"@id\":\"https:\/\/portaltela.pt\/noticias\/2026\/03\/10\/comite-de-etica-da-fpf-empossado-hoje-propoe-transparencia-e-boa-governacao\/#breadcrumb\",\"itemListElement\":[{\"@type\":\"ListItem\",\"position\":1,\"name\":\"In\u00edcio\",\"item\":\"https:\/\/portaltela.pt\/\"},{\"@type\":\"ListItem\",\"position\":2,\"name\":\"Comit\u00e9 de \u00c9tica da FPF empossado hoje, prop\u00f5e transpar\u00eancia e boa governa\u00e7\u00e3o\"}]},{\"@type\":\"WebSite\",\"@id\":\"https:\/\/portaltela.pt\/#website\",\"url\":\"https:\/\/portaltela.pt\/\",\"name\":\"Portal Tela Portugal\",\"description\":\"\",\"potentialAction\":[{\"@type\":\"SearchAction\",\"target\":{\"@type\":\"EntryPoint\",\"urlTemplate\":\"https:\/\/portaltela.pt\/?s={search_term_string}\"},\"query-input\":{\"@type\":\"PropertyValueSpecification\",\"valueRequired\":true,\"valueName\":\"search_term_string\"}}],\"inLanguage\":\"pt-PT\"},{\"@type\":\"Person\",\"@id\":\"https:\/\/portaltela.pt\/#\/schema\/person\/c4278d4a6028830caff9ee44b42d32ed\",\"name\":\"Telinha\",\"image\":{\"@type\":\"ImageObject\",\"inLanguage\":\"pt-PT\",\"@id\":\"https:\/\/portaltela.pt\/s.01k8rhncp4jt1\/2025\/11\/talking-bot-125x125.png\",\"url\":\"https:\/\/portaltela.pt\/s.01k8rhncp4jt1\/2025\/11\/talking-bot-125x125.png\",\"contentUrl\":\"https:\/\/portaltela.pt\/s.01k8rhncp4jt1\/2025\/11\/talking-bot-125x125.png\",\"caption\":\"Telinha\"},\"sameAs\":[\"https:\/\/portaltela.pt\/\"],\"url\":\"https:\/\/portaltela.pt\/por\/367410592786\/\"}]}<\/script>\n<!-- \/ Yoast SEO plugin. -->","yoast_head_json":{"title":"Comit\u00e9 de \u00c9tica da FPF empossado hoje, prop\u00f5e transpar\u00eancia e boa governa\u00e7\u00e3o - Portal Tela Portugal","robots":{"index":"index","follow":"follow","max-snippet":"max-snippet:-1","max-image-preview":"max-image-preview:large","max-video-preview":"max-video-preview:-1"},"og_locale":"pt_PT","og_type":"article","og_title":"Comit\u00e9 de \u00c9tica da FPF empossado hoje, prop\u00f5e transpar\u00eancia e boa governa\u00e7\u00e3o - Portal Tela Portugal","og_description":"Emanuel Macedo de Medeiros foi empossado presidente do Comit\u00e9 de \u00c9tica da Federa\u00e7\u00e3o Portuguesa de Futebol (FPF). O comit\u00e9 visa promover escrut\u00ednio, responsabiliza\u00e7\u00e3o e confian\u00e7a no futebol portugu\u00eas, com foco na \u00e9tica, transpar\u00eancia e boa governa\u00e7\u00e3o. A cria\u00e7\u00e3o do comit\u00e9 foi anunciada em agosto de 2025, e Macedo de Medeiros, administrador executivo da Sport Integrity Global Alliance (SIGA), fica respons\u00e1vel pela lideran\u00e7a. A FPF indica que o \u00f3rg\u00e3o vai assessorar a dire\u00e7\u00e3o na defini\u00e7\u00e3o de pol\u00edticas de integridade, monitorizar o cumprimento de normas internas e emitir pareceres em situa\u00e7\u00f5es sens\u00edveis. As prioridades incluem compliance e anticorrup\u00e7\u00e3o, promo\u00e7\u00e3o de uma cultura de integridade e defini\u00e7\u00e3o de condutas para dirigentes, atletas e demais agentes desportivos.","og_url":"https:\/\/portaltela.pt\/noticias\/2026\/03\/10\/comite-de-etica-da-fpf-empossado-hoje-propoe-transparencia-e-boa-governacao\/","og_site_name":"Portal Tela Portugal","article_published_time":"2026-03-10T15:22:00+00:00","author":"Telinha","twitter_card":"summary_large_image","twitter_misc":{"Escrito por":"Telinha","Tempo estimado de leitura":"1 minuto"},"schema":{"@context":"https:\/\/schema.org","@graph":[{"@type":"Article","@id":"https:\/\/portaltela.pt\/noticias\/2026\/03\/10\/comite-de-etica-da-fpf-empossado-hoje-propoe-transparencia-e-boa-governacao\/#article","isPartOf":{"@id":"https:\/\/portaltela.pt\/noticias\/2026\/03\/10\/comite-de-etica-da-fpf-empossado-hoje-propoe-transparencia-e-boa-governacao\/"},"author":{"name":"Telinha","@id":"https:\/\/portaltela.pt\/#\/schema\/person\/c4278d4a6028830caff9ee44b42d32ed"},"headline":"Comit\u00e9 de \u00c9tica da FPF empossado hoje, prop\u00f5e transpar\u00eancia e boa governa\u00e7\u00e3o","datePublished":"2026-03-10T15:22:00+00:00","mainEntityOfPage":{"@id":"https:\/\/portaltela.pt\/noticias\/2026\/03\/10\/comite-de-etica-da-fpf-empossado-hoje-propoe-transparencia-e-boa-governacao\/"},"wordCount":301,"image":{"@id":"https:\/\/portaltela.pt\/noticias\/2026\/03\/10\/comite-de-etica-da-fpf-empossado-hoje-propoe-transparencia-e-boa-governacao\/#primaryimage"},"thumbnailUrl":"https:\/\/portaltela.pt\/s.01k8rhncp4jt1\/2026\/03\/image-642.jpg","keywords":["combate \u00e0 corrup\u00e7\u00e3o","\u00c9tica Desportiva","futebol","governan\u00e7a","integridade p\u00fablica","transpar\u00eancia p\u00fablica"],"articleSection":["Desporto","Futebol"],"inLanguage":"pt-PT"},{"@type":"WebPage","@id":"https:\/\/portaltela.pt\/noticias\/2026\/03\/10\/comite-de-etica-da-fpf-empossado-hoje-propoe-transparencia-e-boa-governacao\/","url":"https:\/\/portaltela.pt\/noticias\/2026\/03\/10\/comite-de-etica-da-fpf-empossado-hoje-propoe-transparencia-e-boa-governacao\/","name":"Comit\u00e9 de \u00c9tica da FPF empossado hoje, prop\u00f5e transpar\u00eancia e boa governa\u00e7\u00e3o - Portal Tela Portugal","isPartOf":{"@id":"https:\/\/portaltela.pt\/#website"},"primaryImageOfPage":{"@id":"https:\/\/portaltela.pt\/noticias\/2026\/03\/10\/comite-de-etica-da-fpf-empossado-hoje-propoe-transparencia-e-boa-governacao\/#primaryimage"},"image":{"@id":"https:\/\/portaltela.pt\/noticias\/2026\/03\/10\/comite-de-etica-da-fpf-empossado-hoje-propoe-transparencia-e-boa-governacao\/#primaryimage"},"thumbnailUrl":"https:\/\/portaltela.pt\/s.01k8rhncp4jt1\/2026\/03\/image-642.jpg","datePublished":"2026-03-10T15:22:00+00:00","author":{"@id":"https:\/\/portaltela.pt\/#\/schema\/person\/c4278d4a6028830caff9ee44b42d32ed"},"breadcrumb":{"@id":"https:\/\/portaltela.pt\/noticias\/2026\/03\/10\/comite-de-etica-da-fpf-empossado-hoje-propoe-transparencia-e-boa-governacao\/#breadcrumb"},"inLanguage":"pt-PT","potentialAction":[{"@type":"ReadAction","target":["https:\/\/portaltela.pt\/noticias\/2026\/03\/10\/comite-de-etica-da-fpf-empossado-hoje-propoe-transparencia-e-boa-governacao\/"]}]},{"@type":"ImageObject","inLanguage":"pt-PT","@id":"https:\/\/portaltela.pt\/noticias\/2026\/03\/10\/comite-de-etica-da-fpf-empossado-hoje-propoe-transparencia-e-boa-governacao\/#primaryimage","url":"https:\/\/portaltela.pt\/s.01k8rhncp4jt1\/2026\/03\/image-642.jpg","contentUrl":"https:\/\/portaltela.pt\/s.01k8rhncp4jt1\/2026\/03\/image-642.jpg","width":796,"height":448,"caption":"Emanuel Macedo de Medeiros vai presidir ao comit\u00e9 e contar\u00e1 com Jos\u00e9 Carlos Lima, Catarina Ara\u00fajo e Jo\u00e3o Paulo Almeida como vogais"},{"@type":"BreadcrumbList","@id":"https:\/\/portaltela.pt\/noticias\/2026\/03\/10\/comite-de-etica-da-fpf-empossado-hoje-propoe-transparencia-e-boa-governacao\/#breadcrumb","itemListElement":[{"@type":"ListItem","position":1,"name":"In\u00edcio","item":"https:\/\/portaltela.pt\/"},{"@type":"ListItem","position":2,"name":"Comit\u00e9 de \u00c9tica da FPF empossado hoje, prop\u00f5e transpar\u00eancia e boa governa\u00e7\u00e3o"}]},{"@type":"WebSite","@id":"https:\/\/portaltela.pt\/#website","url":"https:\/\/portaltela.pt\/","name":"Portal Tela Portugal","description":"","potentialAction":[{"@type":"SearchAction","target":{"@type":"EntryPoint","urlTemplate":"https:\/\/portaltela.pt\/?s={search_term_string}"},"query-input":{"@type":"PropertyValueSpecification","valueRequired":true,"valueName":"search_term_string"}}],"inLanguage":"pt-PT"},{"@type":"Person","@id":"https:\/\/portaltela.pt\/#\/schema\/person\/c4278d4a6028830caff9ee44b42d32ed","name":"Telinha","image":{"@type":"ImageObject","inLanguage":"pt-PT","@id":"https:\/\/portaltela.pt\/s.01k8rhncp4jt1\/2025\/11\/talking-bot-125x125.png","url":"https:\/\/portaltela.pt\/s.01k8rhncp4jt1\/2025\/11\/talking-bot-125x125.png","contentUrl":"https:\/\/portaltela.pt\/s.01k8rhncp4jt1\/2025\/11\/talking-bot-125x125.png","caption":"Telinha"},"sameAs":["https:\/\/portaltela.pt\/"],"url":"https:\/\/portaltela.pt\/por\/367410592786\/"}]}},"_links":{"self":[{"href":"https:\/\/portaltela.pt\/api\/wp\/v2\/posts\/404723","targetHints":{"allow":["GET"]}}],"collection":[{"href":"https:\/\/portaltela.pt\/api\/wp\/v2\/posts"}],"about":[{"href":"https:\/\/portaltela.pt\/api\/wp\/v2\/types\/post"}],"author":[{"embeddable":true,"href":"https:\/\/portaltela.pt\/api\/wp\/v2\/users\/2"}],"replies":[{"embeddable":true,"href":"https:\/\/portaltela.pt\/api\/wp\/v2\/comments?post=404723"}],"version-history":[{"count":0,"href":"https:\/\/portaltela.pt\/api\/wp\/v2\/posts\/404723\/revisions"}],"wp:featuredmedia":[{"embeddable":true,"href":"https:\/\/portaltela.pt\/api\/wp\/v2\/media\/404726"}],"wp:attachment":[{"href":"https:\/\/portaltela.pt\/api\/wp\/v2\/media?parent=404723"}],"wp:term":[{"taxonomy":"category","embeddable":true,"href":"https:\/\/portaltela.pt\/api\/wp\/v2\/categories?post=404723"},{"taxonomy":"post_tag","embeddable":true,"href":"https:\/\/portaltela.pt\/api\/wp\/v2\/tags?post=404723"}],"curies":[{"name":"wp","href":"https:\/\/api.w.org\/{rel}","templated":true}]}}