{"id":404707,"date":"2026-03-10T12:05:00","date_gmt":"2026-03-10T15:05:00","guid":{"rendered":"https:\/\/portaltela.pt\/noticias\/2026\/03\/10\/doacoes-financiaram-a-renovacao-da-varanda-do-hospital-de-gaia\/"},"modified":"2026-03-10T12:05:00","modified_gmt":"2026-03-10T15:05:00","slug":"doacoes-financiaram-a-renovacao-da-varanda-do-hospital-de-gaia","status":"publish","type":"post","link":"https:\/\/portaltela.pt\/noticias\/economia\/2026\/03\/10\/doacoes-financiaram-a-renovacao-da-varanda-do-hospital-de-gaia\/","title":{"rendered":"Doa\u00e7\u00f5es financiaram a renova\u00e7\u00e3o da varanda do Hospital de Gaia"},"content":{"rendered":"<p>Uma fam\u00edlia de Ovar converteu donativos de funeral em uma renova\u00e7\u00e3o de uma varanda no Hospital Santos Silva, em Gaia, para ampliar o conforto dos doentes. A iniciativa partiu ap\u00f3s a morte do marido de Nat\u00e1lia Moreira, em 2024, de cancro do pulm\u00e3o, que passou longos per\u00edodos no hospital de Vila Nova de Gaia.<\/p>\n<p>Os convites do funeral pediram donativos em vez de flores, com o agregado de contribui\u00e7\u00f5es a chegar a cerca de quatro mil euros. O montante foi utilizado para financiar a cria\u00e7\u00e3o de uma esplanada-jardim de 50 metros quadrados, aprovada pelos respons\u00e1veis do hospital, e executada pela pr\u00f3pria fam\u00edlia ao longo de mais de um ano.<\/p>\n<h3>Trabalho em fam\u00edlia<\/h3>\n<p>A filha do casal, Sara, apresentou o projeto aos diretores do hospital, que o aprovaram. Nat\u00e1lia Moreira, Jo\u00e3o e Manuel, e o genro Max tamb\u00e9m participaram ativamente, contribuindo com trabalho volunt\u00e1rio e doa\u00e7\u00f5es de plantas. Amigos da fam\u00edlia tamb\u00e9m contribu\u00edram com materiais, especialmente plantas.<\/p>\n<p>A varanda ganhou \u00e1reas de estar, floreiras, vasos com flores e ervas arom\u00e1ticas, e espa\u00e7os de descanso com mesas e cadeiras, criados para que os utentes em Pneumologia e Cuidados Paliativos possam usufruir do exterior durante a hospitaliza\u00e7\u00e3o. A renova\u00e7\u00e3o est\u00e1 ligada a uma vista de \u00e1rvores e do mar, com acesso a um espa\u00e7o mais ventilado e iluminado.<\/p>\n<h3>Impacto terap\u00eautico e reconhecimento<\/h3>\n<p>A diretora de Pneumologia do hospital, Margarida Dias, destacou que a interven\u00e7\u00e3o resulta de uma generosidade que transforma uma mem\u00f3ria num benef\u00edcio para todos os pacientes. A respons\u00e1vel sublinhou que o espa\u00e7o exterior, com luz natural, pode integrar-se no processo terap\u00eautico de pacientes com doen\u00e7as respirat\u00f3rias, facilitando momentos de reabilita\u00e7\u00e3o e bem-estar.<\/p>\n<p>Nat\u00e1lia Moreira afirmou que a inaugura\u00e7\u00e3o reacende a saudade, mas demonstra que o projeto cumpre o \u00faltimo desejo do marido e serve de aux\u00edlio aos utentes. Entre os bancos da nova zona, uma placa recorda uma das frases que Liberto costumava dizer: n\u00e3o h\u00e1 dias maus, apenas dias menos bons.<\/p>\n","protected":false},"excerpt":{"rendered":"<ul>\n<li>Uma fam\u00edlia de Ovar pediu donativos em vez de flores num funeral para financiar a renova\u00e7\u00e3o de uma varanda de 50 metros quadrados no Hospital Santos Silva, em Gaia.<\/li>\n<li>O aporte totaliza cerca de quatro mil euros, recolhidos ap\u00f3s o funeral de Liberto Almeida (59 anos), destinado a criar uma esplanada-jardim para conforto dos doentes.<\/li>\n<li>A iniciativa foi concebida pela filha Sara e executada pela fam\u00edlia, com apoio de amigos, em mais de um ano de trabalho.<\/li>\n<li>A varanda reformada ganhou floras, \u00e1reas de estar, mesas e cadeiras, bem como plantas e canteiros, com vista para o mar e rodeada de \u00e1rvores.<\/li>\n<li>A diretora de Pneumologia do hospital real\u00e7ou que a melhoria oferece um espa\u00e7o exterior para recupera\u00e7\u00e3o e terapia respirat\u00f3ria, beneficiando utentes de Pneumologia e Cuidados Paliativos.<\/li>\n<\/ul>\n","protected":false},"author":2,"featured_media":404709,"comment_status":"closed","ping_status":"closed","sticky":false,"template":"","format":"standard","meta":{"footnotes":""},"categories":[2,1],"tags":[911,3123,6282,1761,2581,1861],"class_list":["post-404707","post","type-post","status-publish","format-standard","has-post-thumbnail","hentry","category-economia","category-noticias","tag-cuidados-paliativos","tag-doacoes","tag-doentes","tag-gaia","tag-hospitais","tag-pneumologia"],"yoast_head":"<!-- This site is optimized with the Yoast SEO plugin v27.2 - https:\/\/yoast.com\/product\/yoast-seo-wordpress\/ -->\n<title>Doa\u00e7\u00f5es financiaram a renova\u00e7\u00e3o da varanda do Hospital de Gaia - Portal Tela Portugal<\/title>\n<meta name=\"robots\" content=\"index, follow, max-snippet:-1, max-image-preview:large, max-video-preview:-1\" \/>\n<meta property=\"og:locale\" content=\"pt_PT\" \/>\n<meta property=\"og:type\" content=\"article\" \/>\n<meta property=\"og:title\" content=\"Doa\u00e7\u00f5es financiaram a renova\u00e7\u00e3o da varanda do Hospital de Gaia - Portal Tela Portugal\" \/>\n<meta property=\"og:description\" content=\"Uma fam\u00edlia de Ovar pediu donativos em vez de flores num funeral para financiar a renova\u00e7\u00e3o de uma varanda de 50 metros quadrados no Hospital Santos Silva, em Gaia. O aporte totaliza cerca de quatro mil euros, recolhidos ap\u00f3s o funeral de Liberto Almeida (59 anos), destinado a criar uma esplanada-jardim para conforto dos doentes. A iniciativa foi concebida pela filha Sara e executada pela fam\u00edlia, com apoio de amigos, em mais de um ano de trabalho. A varanda reformada ganhou floras, \u00e1reas de estar, mesas e cadeiras, bem como plantas e canteiros, com vista para o mar e rodeada de \u00e1rvores. A diretora de Pneumologia do hospital real\u00e7ou que a melhoria oferece um espa\u00e7o exterior para recupera\u00e7\u00e3o e terapia respirat\u00f3ria, beneficiando utentes de Pneumologia e Cuidados Paliativos.\" \/>\n<meta property=\"og:url\" content=\"https:\/\/portaltela.pt\/noticias\/2026\/03\/10\/doacoes-financiaram-a-renovacao-da-varanda-do-hospital-de-gaia\/\" \/>\n<meta property=\"og:site_name\" content=\"Portal Tela Portugal\" \/>\n<meta property=\"article:published_time\" content=\"2026-03-10T15:05:00+00:00\" \/>\n<meta name=\"author\" content=\"Telinha\" \/>\n<meta name=\"twitter:card\" content=\"summary_large_image\" \/>\n<meta name=\"twitter:label1\" content=\"Escrito por\" \/>\n\t<meta name=\"twitter:data1\" content=\"Telinha\" \/>\n\t<meta name=\"twitter:label2\" content=\"Tempo estimado de leitura\" \/>\n\t<meta name=\"twitter:data2\" content=\"2 minutos\" \/>\n<script type=\"application\/ld+json\" class=\"yoast-schema-graph\">{\"@context\":\"https:\/\/schema.org\",\"@graph\":[{\"@type\":\"Article\",\"@id\":\"https:\/\/portaltela.pt\/noticias\/2026\/03\/10\/doacoes-financiaram-a-renovacao-da-varanda-do-hospital-de-gaia\/#article\",\"isPartOf\":{\"@id\":\"https:\/\/portaltela.pt\/noticias\/2026\/03\/10\/doacoes-financiaram-a-renovacao-da-varanda-do-hospital-de-gaia\/\"},\"author\":{\"name\":\"Telinha\",\"@id\":\"https:\/\/portaltela.pt\/#\/schema\/person\/c4278d4a6028830caff9ee44b42d32ed\"},\"headline\":\"Doa\u00e7\u00f5es financiaram a renova\u00e7\u00e3o da varanda do Hospital de Gaia\",\"datePublished\":\"2026-03-10T15:05:00+00:00\",\"mainEntityOfPage\":{\"@id\":\"https:\/\/portaltela.pt\/noticias\/2026\/03\/10\/doacoes-financiaram-a-renovacao-da-varanda-do-hospital-de-gaia\/\"},\"wordCount\":370,\"image\":{\"@id\":\"https:\/\/portaltela.pt\/noticias\/2026\/03\/10\/doacoes-financiaram-a-renovacao-da-varanda-do-hospital-de-gaia\/#primaryimage\"},\"thumbnailUrl\":\"https:\/\/portaltela.pt\/s.01k8rhncp4jt1\/2026\/03\/image-641.jpg\",\"keywords\":[\"cuidados paliativos\",\"doa\u00e7\u00f5es\",\"doentes\",\"Gaia\",\"hospitais\",\"pneumologia\"],\"articleSection\":[\"Economia\",\"Not\u00edcias\"],\"inLanguage\":\"pt-PT\"},{\"@type\":\"WebPage\",\"@id\":\"https:\/\/portaltela.pt\/noticias\/2026\/03\/10\/doacoes-financiaram-a-renovacao-da-varanda-do-hospital-de-gaia\/\",\"url\":\"https:\/\/portaltela.pt\/noticias\/2026\/03\/10\/doacoes-financiaram-a-renovacao-da-varanda-do-hospital-de-gaia\/\",\"name\":\"Doa\u00e7\u00f5es financiaram a renova\u00e7\u00e3o da varanda do Hospital de Gaia - Portal Tela Portugal\",\"isPartOf\":{\"@id\":\"https:\/\/portaltela.pt\/#website\"},\"primaryImageOfPage\":{\"@id\":\"https:\/\/portaltela.pt\/noticias\/2026\/03\/10\/doacoes-financiaram-a-renovacao-da-varanda-do-hospital-de-gaia\/#primaryimage\"},\"image\":{\"@id\":\"https:\/\/portaltela.pt\/noticias\/2026\/03\/10\/doacoes-financiaram-a-renovacao-da-varanda-do-hospital-de-gaia\/#primaryimage\"},\"thumbnailUrl\":\"https:\/\/portaltela.pt\/s.01k8rhncp4jt1\/2026\/03\/image-641.jpg\",\"datePublished\":\"2026-03-10T15:05:00+00:00\",\"author\":{\"@id\":\"https:\/\/portaltela.pt\/#\/schema\/person\/c4278d4a6028830caff9ee44b42d32ed\"},\"breadcrumb\":{\"@id\":\"https:\/\/portaltela.pt\/noticias\/2026\/03\/10\/doacoes-financiaram-a-renovacao-da-varanda-do-hospital-de-gaia\/#breadcrumb\"},\"inLanguage\":\"pt-PT\",\"potentialAction\":[{\"@type\":\"ReadAction\",\"target\":[\"https:\/\/portaltela.pt\/noticias\/2026\/03\/10\/doacoes-financiaram-a-renovacao-da-varanda-do-hospital-de-gaia\/\"]}]},{\"@type\":\"ImageObject\",\"inLanguage\":\"pt-PT\",\"@id\":\"https:\/\/portaltela.pt\/noticias\/2026\/03\/10\/doacoes-financiaram-a-renovacao-da-varanda-do-hospital-de-gaia\/#primaryimage\",\"url\":\"https:\/\/portaltela.pt\/s.01k8rhncp4jt1\/2026\/03\/image-641.jpg\",\"contentUrl\":\"https:\/\/portaltela.pt\/s.01k8rhncp4jt1\/2026\/03\/image-641.jpg\",\"width\":796,\"height\":448,\"caption\":\"Varanda de 50 metros quadrados no Hospital Santos Silva, em Gaia, foi recuperada por fam\u00edlia de doente\"},{\"@type\":\"BreadcrumbList\",\"@id\":\"https:\/\/portaltela.pt\/noticias\/2026\/03\/10\/doacoes-financiaram-a-renovacao-da-varanda-do-hospital-de-gaia\/#breadcrumb\",\"itemListElement\":[{\"@type\":\"ListItem\",\"position\":1,\"name\":\"In\u00edcio\",\"item\":\"https:\/\/portaltela.pt\/\"},{\"@type\":\"ListItem\",\"position\":2,\"name\":\"Doa\u00e7\u00f5es financiaram a renova\u00e7\u00e3o da varanda do Hospital de Gaia\"}]},{\"@type\":\"WebSite\",\"@id\":\"https:\/\/portaltela.pt\/#website\",\"url\":\"https:\/\/portaltela.pt\/\",\"name\":\"Portal Tela Portugal\",\"description\":\"\",\"potentialAction\":[{\"@type\":\"SearchAction\",\"target\":{\"@type\":\"EntryPoint\",\"urlTemplate\":\"https:\/\/portaltela.pt\/?s={search_term_string}\"},\"query-input\":{\"@type\":\"PropertyValueSpecification\",\"valueRequired\":true,\"valueName\":\"search_term_string\"}}],\"inLanguage\":\"pt-PT\"},{\"@type\":\"Person\",\"@id\":\"https:\/\/portaltela.pt\/#\/schema\/person\/c4278d4a6028830caff9ee44b42d32ed\",\"name\":\"Telinha\",\"image\":{\"@type\":\"ImageObject\",\"inLanguage\":\"pt-PT\",\"@id\":\"https:\/\/portaltela.pt\/s.01k8rhncp4jt1\/2025\/11\/talking-bot-125x125.png\",\"url\":\"https:\/\/portaltela.pt\/s.01k8rhncp4jt1\/2025\/11\/talking-bot-125x125.png\",\"contentUrl\":\"https:\/\/portaltela.pt\/s.01k8rhncp4jt1\/2025\/11\/talking-bot-125x125.png\",\"caption\":\"Telinha\"},\"sameAs\":[\"https:\/\/portaltela.pt\/\"],\"url\":\"https:\/\/portaltela.pt\/por\/367410592786\/\"}]}<\/script>\n<!-- \/ Yoast SEO plugin. -->","yoast_head_json":{"title":"Doa\u00e7\u00f5es financiaram a renova\u00e7\u00e3o da varanda do Hospital de Gaia - Portal Tela Portugal","robots":{"index":"index","follow":"follow","max-snippet":"max-snippet:-1","max-image-preview":"max-image-preview:large","max-video-preview":"max-video-preview:-1"},"og_locale":"pt_PT","og_type":"article","og_title":"Doa\u00e7\u00f5es financiaram a renova\u00e7\u00e3o da varanda do Hospital de Gaia - Portal Tela Portugal","og_description":"Uma fam\u00edlia de Ovar pediu donativos em vez de flores num funeral para financiar a renova\u00e7\u00e3o de uma varanda de 50 metros quadrados no Hospital Santos Silva, em Gaia. O aporte totaliza cerca de quatro mil euros, recolhidos ap\u00f3s o funeral de Liberto Almeida (59 anos), destinado a criar uma esplanada-jardim para conforto dos doentes. A iniciativa foi concebida pela filha Sara e executada pela fam\u00edlia, com apoio de amigos, em mais de um ano de trabalho. A varanda reformada ganhou floras, \u00e1reas de estar, mesas e cadeiras, bem como plantas e canteiros, com vista para o mar e rodeada de \u00e1rvores. A diretora de Pneumologia do hospital real\u00e7ou que a melhoria oferece um espa\u00e7o exterior para recupera\u00e7\u00e3o e terapia respirat\u00f3ria, beneficiando utentes de Pneumologia e Cuidados Paliativos.","og_url":"https:\/\/portaltela.pt\/noticias\/2026\/03\/10\/doacoes-financiaram-a-renovacao-da-varanda-do-hospital-de-gaia\/","og_site_name":"Portal Tela Portugal","article_published_time":"2026-03-10T15:05:00+00:00","author":"Telinha","twitter_card":"summary_large_image","twitter_misc":{"Escrito por":"Telinha","Tempo estimado de leitura":"2 minutos"},"schema":{"@context":"https:\/\/schema.org","@graph":[{"@type":"Article","@id":"https:\/\/portaltela.pt\/noticias\/2026\/03\/10\/doacoes-financiaram-a-renovacao-da-varanda-do-hospital-de-gaia\/#article","isPartOf":{"@id":"https:\/\/portaltela.pt\/noticias\/2026\/03\/10\/doacoes-financiaram-a-renovacao-da-varanda-do-hospital-de-gaia\/"},"author":{"name":"Telinha","@id":"https:\/\/portaltela.pt\/#\/schema\/person\/c4278d4a6028830caff9ee44b42d32ed"},"headline":"Doa\u00e7\u00f5es financiaram a renova\u00e7\u00e3o da varanda do Hospital de Gaia","datePublished":"2026-03-10T15:05:00+00:00","mainEntityOfPage":{"@id":"https:\/\/portaltela.pt\/noticias\/2026\/03\/10\/doacoes-financiaram-a-renovacao-da-varanda-do-hospital-de-gaia\/"},"wordCount":370,"image":{"@id":"https:\/\/portaltela.pt\/noticias\/2026\/03\/10\/doacoes-financiaram-a-renovacao-da-varanda-do-hospital-de-gaia\/#primaryimage"},"thumbnailUrl":"https:\/\/portaltela.pt\/s.01k8rhncp4jt1\/2026\/03\/image-641.jpg","keywords":["cuidados paliativos","doa\u00e7\u00f5es","doentes","Gaia","hospitais","pneumologia"],"articleSection":["Economia","Not\u00edcias"],"inLanguage":"pt-PT"},{"@type":"WebPage","@id":"https:\/\/portaltela.pt\/noticias\/2026\/03\/10\/doacoes-financiaram-a-renovacao-da-varanda-do-hospital-de-gaia\/","url":"https:\/\/portaltela.pt\/noticias\/2026\/03\/10\/doacoes-financiaram-a-renovacao-da-varanda-do-hospital-de-gaia\/","name":"Doa\u00e7\u00f5es financiaram a renova\u00e7\u00e3o da varanda do Hospital de Gaia - Portal Tela Portugal","isPartOf":{"@id":"https:\/\/portaltela.pt\/#website"},"primaryImageOfPage":{"@id":"https:\/\/portaltela.pt\/noticias\/2026\/03\/10\/doacoes-financiaram-a-renovacao-da-varanda-do-hospital-de-gaia\/#primaryimage"},"image":{"@id":"https:\/\/portaltela.pt\/noticias\/2026\/03\/10\/doacoes-financiaram-a-renovacao-da-varanda-do-hospital-de-gaia\/#primaryimage"},"thumbnailUrl":"https:\/\/portaltela.pt\/s.01k8rhncp4jt1\/2026\/03\/image-641.jpg","datePublished":"2026-03-10T15:05:00+00:00","author":{"@id":"https:\/\/portaltela.pt\/#\/schema\/person\/c4278d4a6028830caff9ee44b42d32ed"},"breadcrumb":{"@id":"https:\/\/portaltela.pt\/noticias\/2026\/03\/10\/doacoes-financiaram-a-renovacao-da-varanda-do-hospital-de-gaia\/#breadcrumb"},"inLanguage":"pt-PT","potentialAction":[{"@type":"ReadAction","target":["https:\/\/portaltela.pt\/noticias\/2026\/03\/10\/doacoes-financiaram-a-renovacao-da-varanda-do-hospital-de-gaia\/"]}]},{"@type":"ImageObject","inLanguage":"pt-PT","@id":"https:\/\/portaltela.pt\/noticias\/2026\/03\/10\/doacoes-financiaram-a-renovacao-da-varanda-do-hospital-de-gaia\/#primaryimage","url":"https:\/\/portaltela.pt\/s.01k8rhncp4jt1\/2026\/03\/image-641.jpg","contentUrl":"https:\/\/portaltela.pt\/s.01k8rhncp4jt1\/2026\/03\/image-641.jpg","width":796,"height":448,"caption":"Varanda de 50 metros quadrados no Hospital Santos Silva, em Gaia, foi recuperada por fam\u00edlia de doente"},{"@type":"BreadcrumbList","@id":"https:\/\/portaltela.pt\/noticias\/2026\/03\/10\/doacoes-financiaram-a-renovacao-da-varanda-do-hospital-de-gaia\/#breadcrumb","itemListElement":[{"@type":"ListItem","position":1,"name":"In\u00edcio","item":"https:\/\/portaltela.pt\/"},{"@type":"ListItem","position":2,"name":"Doa\u00e7\u00f5es financiaram a renova\u00e7\u00e3o da varanda do Hospital de Gaia"}]},{"@type":"WebSite","@id":"https:\/\/portaltela.pt\/#website","url":"https:\/\/portaltela.pt\/","name":"Portal Tela Portugal","description":"","potentialAction":[{"@type":"SearchAction","target":{"@type":"EntryPoint","urlTemplate":"https:\/\/portaltela.pt\/?s={search_term_string}"},"query-input":{"@type":"PropertyValueSpecification","valueRequired":true,"valueName":"search_term_string"}}],"inLanguage":"pt-PT"},{"@type":"Person","@id":"https:\/\/portaltela.pt\/#\/schema\/person\/c4278d4a6028830caff9ee44b42d32ed","name":"Telinha","image":{"@type":"ImageObject","inLanguage":"pt-PT","@id":"https:\/\/portaltela.pt\/s.01k8rhncp4jt1\/2025\/11\/talking-bot-125x125.png","url":"https:\/\/portaltela.pt\/s.01k8rhncp4jt1\/2025\/11\/talking-bot-125x125.png","contentUrl":"https:\/\/portaltela.pt\/s.01k8rhncp4jt1\/2025\/11\/talking-bot-125x125.png","caption":"Telinha"},"sameAs":["https:\/\/portaltela.pt\/"],"url":"https:\/\/portaltela.pt\/por\/367410592786\/"}]}},"_links":{"self":[{"href":"https:\/\/portaltela.pt\/api\/wp\/v2\/posts\/404707","targetHints":{"allow":["GET"]}}],"collection":[{"href":"https:\/\/portaltela.pt\/api\/wp\/v2\/posts"}],"about":[{"href":"https:\/\/portaltela.pt\/api\/wp\/v2\/types\/post"}],"author":[{"embeddable":true,"href":"https:\/\/portaltela.pt\/api\/wp\/v2\/users\/2"}],"replies":[{"embeddable":true,"href":"https:\/\/portaltela.pt\/api\/wp\/v2\/comments?post=404707"}],"version-history":[{"count":0,"href":"https:\/\/portaltela.pt\/api\/wp\/v2\/posts\/404707\/revisions"}],"wp:featuredmedia":[{"embeddable":true,"href":"https:\/\/portaltela.pt\/api\/wp\/v2\/media\/404709"}],"wp:attachment":[{"href":"https:\/\/portaltela.pt\/api\/wp\/v2\/media?parent=404707"}],"wp:term":[{"taxonomy":"category","embeddable":true,"href":"https:\/\/portaltela.pt\/api\/wp\/v2\/categories?post=404707"},{"taxonomy":"post_tag","embeddable":true,"href":"https:\/\/portaltela.pt\/api\/wp\/v2\/tags?post=404707"}],"curies":[{"name":"wp","href":"https:\/\/api.w.org\/{rel}","templated":true}]}}