{"id":404700,"date":"2026-03-10T12:17:09","date_gmt":"2026-03-10T15:17:09","guid":{"rendered":"https:\/\/portaltela.pt\/noticias\/2026\/03\/10\/don-mccullin-revela-que-a-fotografia-deu-proposito-a-sua-vida\/"},"modified":"2026-03-10T12:17:09","modified_gmt":"2026-03-10T15:17:09","slug":"don-mccullin-revela-que-a-fotografia-deu-proposito-a-sua-vida","status":"publish","type":"post","link":"https:\/\/portaltela.pt\/noticias\/internacional\/2026\/03\/10\/don-mccullin-revela-que-a-fotografia-deu-proposito-a-sua-vida\/","title":{"rendered":"Don McCullin revela que a fotografia deu prop\u00f3sito \u00e0 sua vida"},"content":{"rendered":"<p>Don McCullin, refer\u00eancia do fotojornalismo de guerra, esteve em Atenas a prop\u00f3sito da exposi\u00e7\u00e3o Life, Death and Everything in Between. A mostra, com 47 fotografias selecionadas do livro hom\u00f3nimo, integra o 8.\u00ba Athens Photo World e est\u00e1 patente na Technopolis at\u00e9 12 de mar\u00e7o.<\/p>\n<p>O veterano fot\u00f3grafo, que j\u00e1 passou por dezenas de zonas de conflito, iniciou a carreira no Observer em 1959 e colaborou com o Sunday Times entre 1966 e 1984. Relatos de Cypria em 1964 deram-lhe reconhecimento internacional e pr\u00e9mios como o World Press Photo.<\/p>\n<p>A exposi\u00e7\u00e3o em Atenas \u00e9 apresentada com o apoio da Regi\u00e3o de \u00c1tica e da coopera\u00e7\u00e3o entre a OPANDA e a Technopolis. O evento faz parte de uma edi\u00e7\u00e3o dedicada \u00e0 fotorreportagem internacional e \u00e9 aberto ao p\u00fablico com entrada gratuita, das 10h \u00e0s 22h, exceto no \u00faltimo dia.<\/p>\n<h3>Carreira, motiva\u00e7\u00e3o e mudan\u00e7as no fotoperiodismo<\/h3>\n<p>McCullin descreve a vida de fot\u00f3grafo como um percurso de 70 anos que come\u00e7ou numa Londres de classe baixa. O jornalista afirma ter encontrado um sentido profundo no trabalho e revela ter dedicado parte da vida a compreender a humanidade atrav\u00e9s das imagens.<\/p>\n<p>Ao longo da entrevista, o artista refor\u00e7a que o fotojornalismo lhe trouxe orgulho e uma forma de educa\u00e7\u00e3o, mesmo sem forma\u00e7\u00e3o acad\u00e9mica inicial. A pr\u00e1tica de fotografar guerras transformou-se numa reflex\u00e3o sobre responsabilidade e dignidade do trabalho.<\/p>\n<p>McCullin tamb\u00e9m fala sobre a transi\u00e7\u00e3o para temas diferentes, como naturezas mortas, retratos e paisagens brit\u00e2nicas, como forma de buscar equil\u00edbrio ap\u00f3s d\u00e9cadas nas frentes de guerra. O objetivo passou a ser expandir o alcance criativo sem abandonar o rigor documental.<\/p>\n<h3>Perspetivas sobre o estado do mundo e o futuro da profiss\u00e3o<\/h3>\n<p>O fot\u00f3grafo comenta que a humanidade enfrenta crises cont\u00ednuas, citando situa\u00e7\u00f5es como conflitos contempor\u00e2neos e tens\u00f5es geopol\u00edticas. Acrescenta que, na opini\u00e3o dele, os meios de comunica\u00e7\u00e3o privilegiaram o entretenimento, reduzindo o espa\u00e7o para trabalhos de fotorreportagem.<\/p>\n<p>Sobre o futuro da profiss\u00e3o, admite desgaste devido \u00e0 idade, com mais de 90 anos, e expressa o desejo de reduzir atividades agressivas, mantendo o foco em trabalhos que contribuam para a compreens\u00e3o p\u00fablica. A aprecia\u00e7\u00e3o pela vida ganha outra dimens\u00e3o, afirma.<\/p>\n<h3>Dados da exposi\u00e7\u00e3o<\/h3>\n<p>Life, Death and Everything in Between decorre na Technopolis, no Munic\u00edpio de Atenas, integrado no Athens Photo World. A mostra permanece dispon\u00edvel at\u00e9 12 de mar\u00e7o, com entrada gratuita. O hor\u00e1rio \u00e9 das 10h \u00e0s 22h, com exce\u00e7\u00e3o do \u00faltimo dia, que encerra \u00e0s 15h.<\/p>\n","protected":false},"excerpt":{"rendered":"<ul>\n<li>Don McCullin esteve em Atenas para a exposi\u00e7\u00e3o \u201cLife, Death and Everything in Between\u201d, com 47 fotografias selecionadas do livro hom\u00f3nimo.<\/li>\n<li>A mostra decorre na Technopolis, integrada no 8.\u00ba Festival Internacional de Fotorreportagem de Atenas (Athens Photo World), at\u00e9 quinta-feira, 12 de mar\u00e7o.<\/li>\n<li>A exposi\u00e7\u00e3o \u00e9 realizada sob a \u00e9gide da Regi\u00e3o de \u00c1tica, coorganizada pela OPANDA e pela Technopolis do Munic\u00edpio de Atenas.<\/li>\n<li>A entrada \u00e9 livre e funciona diariamente entre as 10h e as 22h; no \u00faltimo dia, 12 de mar\u00e7o, encerra \u00e0s 15h.<\/li>\n<li>Don McCullin, de 91 anos, \u00e9 uma lenda do fotojornalismo de guerra, com carreira que inclui trabalhos no Vietname, Camboja, L\u00edbano, Biafra, Irlanda do Norte, Congo e Uganda.<\/li>\n<\/ul>\n","protected":false},"author":2,"featured_media":404708,"comment_status":"closed","ping_status":"closed","sticky":false,"template":"","format":"standard","meta":{"footnotes":""},"categories":[4,1],"tags":[70,1820,145,6708,247,62],"class_list":["post-404700","post","type-post","status-publish","format-standard","has-post-thumbnail","hentry","category-internacional","category-noticias","tag-arte","tag-atenas","tag-cultura","tag-exposicao","tag-fotografia","tag-guerra"],"yoast_head":"<!-- This site is optimized with the Yoast SEO plugin v27.2 - https:\/\/yoast.com\/product\/yoast-seo-wordpress\/ -->\n<title>Don McCullin revela que a fotografia deu prop\u00f3sito \u00e0 sua vida - Portal Tela Portugal<\/title>\n<meta name=\"robots\" content=\"index, follow, max-snippet:-1, max-image-preview:large, max-video-preview:-1\" \/>\n<meta property=\"og:locale\" content=\"pt_PT\" \/>\n<meta property=\"og:type\" content=\"article\" \/>\n<meta property=\"og:title\" content=\"Don McCullin revela que a fotografia deu prop\u00f3sito \u00e0 sua vida - Portal Tela Portugal\" \/>\n<meta property=\"og:description\" content=\"Don McCullin esteve em Atenas para a exposi\u00e7\u00e3o \u201cLife, Death and Everything in Between\u201d, com 47 fotografias selecionadas do livro hom\u00f3nimo. A mostra decorre na Technopolis, integrada no 8.\u00ba Festival Internacional de Fotorreportagem de Atenas (Athens Photo World), at\u00e9 quinta-feira, 12 de mar\u00e7o. A exposi\u00e7\u00e3o \u00e9 realizada sob a \u00e9gide da Regi\u00e3o de \u00c1tica, coorganizada pela OPANDA e pela Technopolis do Munic\u00edpio de Atenas. A entrada \u00e9 livre e funciona diariamente entre as 10h e as 22h; no \u00faltimo dia, 12 de mar\u00e7o, encerra \u00e0s 15h. Don McCullin, de 91 anos, \u00e9 uma lenda do fotojornalismo de guerra, com carreira que inclui trabalhos no Vietname, Camboja, L\u00edbano, Biafra, Irlanda do Norte, Congo e Uganda.\" \/>\n<meta property=\"og:url\" content=\"https:\/\/portaltela.pt\/noticias\/2026\/03\/10\/don-mccullin-revela-que-a-fotografia-deu-proposito-a-sua-vida\/\" \/>\n<meta property=\"og:site_name\" content=\"Portal Tela Portugal\" \/>\n<meta property=\"article:published_time\" content=\"2026-03-10T15:17:09+00:00\" \/>\n<meta name=\"author\" content=\"Telinha\" \/>\n<meta name=\"twitter:card\" content=\"summary_large_image\" \/>\n<meta name=\"twitter:label1\" content=\"Escrito por\" \/>\n\t<meta name=\"twitter:data1\" content=\"Telinha\" \/>\n\t<meta name=\"twitter:label2\" content=\"Tempo estimado de leitura\" \/>\n\t<meta name=\"twitter:data2\" content=\"2 minutos\" \/>\n<script type=\"application\/ld+json\" class=\"yoast-schema-graph\">{\"@context\":\"https:\/\/schema.org\",\"@graph\":[{\"@type\":\"Article\",\"@id\":\"https:\/\/portaltela.pt\/noticias\/2026\/03\/10\/don-mccullin-revela-que-a-fotografia-deu-proposito-a-sua-vida\/#article\",\"isPartOf\":{\"@id\":\"https:\/\/portaltela.pt\/noticias\/2026\/03\/10\/don-mccullin-revela-que-a-fotografia-deu-proposito-a-sua-vida\/\"},\"author\":{\"name\":\"Telinha\",\"@id\":\"https:\/\/portaltela.pt\/#\/schema\/person\/c4278d4a6028830caff9ee44b42d32ed\"},\"headline\":\"Don McCullin revela que a fotografia deu prop\u00f3sito \u00e0 sua vida\",\"datePublished\":\"2026-03-10T15:17:09+00:00\",\"mainEntityOfPage\":{\"@id\":\"https:\/\/portaltela.pt\/noticias\/2026\/03\/10\/don-mccullin-revela-que-a-fotografia-deu-proposito-a-sua-vida\/\"},\"wordCount\":447,\"image\":{\"@id\":\"https:\/\/portaltela.pt\/noticias\/2026\/03\/10\/don-mccullin-revela-que-a-fotografia-deu-proposito-a-sua-vida\/#primaryimage\"},\"thumbnailUrl\":\"https:\/\/portaltela.pt\/s.01k8rhncp4jt1\/2026\/03\/1536x864_cmsv2_7e80590c-c9e9-517b-b299-f6cc8190f9d4-9671198.jpg\",\"keywords\":[\"arte\",\"Atenas\",\"cultura\",\"exposi\u00e7\u00e3o\",\"fotografia\",\"guerra\"],\"articleSection\":[\"Internacional\",\"Not\u00edcias\"],\"inLanguage\":\"pt-PT\"},{\"@type\":\"WebPage\",\"@id\":\"https:\/\/portaltela.pt\/noticias\/2026\/03\/10\/don-mccullin-revela-que-a-fotografia-deu-proposito-a-sua-vida\/\",\"url\":\"https:\/\/portaltela.pt\/noticias\/2026\/03\/10\/don-mccullin-revela-que-a-fotografia-deu-proposito-a-sua-vida\/\",\"name\":\"Don McCullin revela que a fotografia deu prop\u00f3sito \u00e0 sua vida - Portal Tela Portugal\",\"isPartOf\":{\"@id\":\"https:\/\/portaltela.pt\/#website\"},\"primaryImageOfPage\":{\"@id\":\"https:\/\/portaltela.pt\/noticias\/2026\/03\/10\/don-mccullin-revela-que-a-fotografia-deu-proposito-a-sua-vida\/#primaryimage\"},\"image\":{\"@id\":\"https:\/\/portaltela.pt\/noticias\/2026\/03\/10\/don-mccullin-revela-que-a-fotografia-deu-proposito-a-sua-vida\/#primaryimage\"},\"thumbnailUrl\":\"https:\/\/portaltela.pt\/s.01k8rhncp4jt1\/2026\/03\/1536x864_cmsv2_7e80590c-c9e9-517b-b299-f6cc8190f9d4-9671198.jpg\",\"datePublished\":\"2026-03-10T15:17:09+00:00\",\"author\":{\"@id\":\"https:\/\/portaltela.pt\/#\/schema\/person\/c4278d4a6028830caff9ee44b42d32ed\"},\"breadcrumb\":{\"@id\":\"https:\/\/portaltela.pt\/noticias\/2026\/03\/10\/don-mccullin-revela-que-a-fotografia-deu-proposito-a-sua-vida\/#breadcrumb\"},\"inLanguage\":\"pt-PT\",\"potentialAction\":[{\"@type\":\"ReadAction\",\"target\":[\"https:\/\/portaltela.pt\/noticias\/2026\/03\/10\/don-mccullin-revela-que-a-fotografia-deu-proposito-a-sua-vida\/\"]}]},{\"@type\":\"ImageObject\",\"inLanguage\":\"pt-PT\",\"@id\":\"https:\/\/portaltela.pt\/noticias\/2026\/03\/10\/don-mccullin-revela-que-a-fotografia-deu-proposito-a-sua-vida\/#primaryimage\",\"url\":\"https:\/\/portaltela.pt\/s.01k8rhncp4jt1\/2026\/03\/1536x864_cmsv2_7e80590c-c9e9-517b-b299-f6cc8190f9d4-9671198.jpg\",\"contentUrl\":\"https:\/\/portaltela.pt\/s.01k8rhncp4jt1\/2026\/03\/1536x864_cmsv2_7e80590c-c9e9-517b-b299-f6cc8190f9d4-9671198.jpg\",\"width\":796,\"height\":448,\"caption\":\"Sir Don McCullin\"},{\"@type\":\"BreadcrumbList\",\"@id\":\"https:\/\/portaltela.pt\/noticias\/2026\/03\/10\/don-mccullin-revela-que-a-fotografia-deu-proposito-a-sua-vida\/#breadcrumb\",\"itemListElement\":[{\"@type\":\"ListItem\",\"position\":1,\"name\":\"In\u00edcio\",\"item\":\"https:\/\/portaltela.pt\/\"},{\"@type\":\"ListItem\",\"position\":2,\"name\":\"Don McCullin revela que a fotografia deu prop\u00f3sito \u00e0 sua vida\"}]},{\"@type\":\"WebSite\",\"@id\":\"https:\/\/portaltela.pt\/#website\",\"url\":\"https:\/\/portaltela.pt\/\",\"name\":\"Portal Tela Portugal\",\"description\":\"\",\"potentialAction\":[{\"@type\":\"SearchAction\",\"target\":{\"@type\":\"EntryPoint\",\"urlTemplate\":\"https:\/\/portaltela.pt\/?s={search_term_string}\"},\"query-input\":{\"@type\":\"PropertyValueSpecification\",\"valueRequired\":true,\"valueName\":\"search_term_string\"}}],\"inLanguage\":\"pt-PT\"},{\"@type\":\"Person\",\"@id\":\"https:\/\/portaltela.pt\/#\/schema\/person\/c4278d4a6028830caff9ee44b42d32ed\",\"name\":\"Telinha\",\"image\":{\"@type\":\"ImageObject\",\"inLanguage\":\"pt-PT\",\"@id\":\"https:\/\/portaltela.pt\/s.01k8rhncp4jt1\/2025\/11\/talking-bot-125x125.png\",\"url\":\"https:\/\/portaltela.pt\/s.01k8rhncp4jt1\/2025\/11\/talking-bot-125x125.png\",\"contentUrl\":\"https:\/\/portaltela.pt\/s.01k8rhncp4jt1\/2025\/11\/talking-bot-125x125.png\",\"caption\":\"Telinha\"},\"sameAs\":[\"https:\/\/portaltela.pt\/\"],\"url\":\"https:\/\/portaltela.pt\/por\/367410592786\/\"}]}<\/script>\n<!-- \/ Yoast SEO plugin. -->","yoast_head_json":{"title":"Don McCullin revela que a fotografia deu prop\u00f3sito \u00e0 sua vida - Portal Tela Portugal","robots":{"index":"index","follow":"follow","max-snippet":"max-snippet:-1","max-image-preview":"max-image-preview:large","max-video-preview":"max-video-preview:-1"},"og_locale":"pt_PT","og_type":"article","og_title":"Don McCullin revela que a fotografia deu prop\u00f3sito \u00e0 sua vida - Portal Tela Portugal","og_description":"Don McCullin esteve em Atenas para a exposi\u00e7\u00e3o \u201cLife, Death and Everything in Between\u201d, com 47 fotografias selecionadas do livro hom\u00f3nimo. A mostra decorre na Technopolis, integrada no 8.\u00ba Festival Internacional de Fotorreportagem de Atenas (Athens Photo World), at\u00e9 quinta-feira, 12 de mar\u00e7o. A exposi\u00e7\u00e3o \u00e9 realizada sob a \u00e9gide da Regi\u00e3o de \u00c1tica, coorganizada pela OPANDA e pela Technopolis do Munic\u00edpio de Atenas. A entrada \u00e9 livre e funciona diariamente entre as 10h e as 22h; no \u00faltimo dia, 12 de mar\u00e7o, encerra \u00e0s 15h. Don McCullin, de 91 anos, \u00e9 uma lenda do fotojornalismo de guerra, com carreira que inclui trabalhos no Vietname, Camboja, L\u00edbano, Biafra, Irlanda do Norte, Congo e Uganda.","og_url":"https:\/\/portaltela.pt\/noticias\/2026\/03\/10\/don-mccullin-revela-que-a-fotografia-deu-proposito-a-sua-vida\/","og_site_name":"Portal Tela Portugal","article_published_time":"2026-03-10T15:17:09+00:00","author":"Telinha","twitter_card":"summary_large_image","twitter_misc":{"Escrito por":"Telinha","Tempo estimado de leitura":"2 minutos"},"schema":{"@context":"https:\/\/schema.org","@graph":[{"@type":"Article","@id":"https:\/\/portaltela.pt\/noticias\/2026\/03\/10\/don-mccullin-revela-que-a-fotografia-deu-proposito-a-sua-vida\/#article","isPartOf":{"@id":"https:\/\/portaltela.pt\/noticias\/2026\/03\/10\/don-mccullin-revela-que-a-fotografia-deu-proposito-a-sua-vida\/"},"author":{"name":"Telinha","@id":"https:\/\/portaltela.pt\/#\/schema\/person\/c4278d4a6028830caff9ee44b42d32ed"},"headline":"Don McCullin revela que a fotografia deu prop\u00f3sito \u00e0 sua vida","datePublished":"2026-03-10T15:17:09+00:00","mainEntityOfPage":{"@id":"https:\/\/portaltela.pt\/noticias\/2026\/03\/10\/don-mccullin-revela-que-a-fotografia-deu-proposito-a-sua-vida\/"},"wordCount":447,"image":{"@id":"https:\/\/portaltela.pt\/noticias\/2026\/03\/10\/don-mccullin-revela-que-a-fotografia-deu-proposito-a-sua-vida\/#primaryimage"},"thumbnailUrl":"https:\/\/portaltela.pt\/s.01k8rhncp4jt1\/2026\/03\/1536x864_cmsv2_7e80590c-c9e9-517b-b299-f6cc8190f9d4-9671198.jpg","keywords":["arte","Atenas","cultura","exposi\u00e7\u00e3o","fotografia","guerra"],"articleSection":["Internacional","Not\u00edcias"],"inLanguage":"pt-PT"},{"@type":"WebPage","@id":"https:\/\/portaltela.pt\/noticias\/2026\/03\/10\/don-mccullin-revela-que-a-fotografia-deu-proposito-a-sua-vida\/","url":"https:\/\/portaltela.pt\/noticias\/2026\/03\/10\/don-mccullin-revela-que-a-fotografia-deu-proposito-a-sua-vida\/","name":"Don McCullin revela que a fotografia deu prop\u00f3sito \u00e0 sua vida - Portal Tela Portugal","isPartOf":{"@id":"https:\/\/portaltela.pt\/#website"},"primaryImageOfPage":{"@id":"https:\/\/portaltela.pt\/noticias\/2026\/03\/10\/don-mccullin-revela-que-a-fotografia-deu-proposito-a-sua-vida\/#primaryimage"},"image":{"@id":"https:\/\/portaltela.pt\/noticias\/2026\/03\/10\/don-mccullin-revela-que-a-fotografia-deu-proposito-a-sua-vida\/#primaryimage"},"thumbnailUrl":"https:\/\/portaltela.pt\/s.01k8rhncp4jt1\/2026\/03\/1536x864_cmsv2_7e80590c-c9e9-517b-b299-f6cc8190f9d4-9671198.jpg","datePublished":"2026-03-10T15:17:09+00:00","author":{"@id":"https:\/\/portaltela.pt\/#\/schema\/person\/c4278d4a6028830caff9ee44b42d32ed"},"breadcrumb":{"@id":"https:\/\/portaltela.pt\/noticias\/2026\/03\/10\/don-mccullin-revela-que-a-fotografia-deu-proposito-a-sua-vida\/#breadcrumb"},"inLanguage":"pt-PT","potentialAction":[{"@type":"ReadAction","target":["https:\/\/portaltela.pt\/noticias\/2026\/03\/10\/don-mccullin-revela-que-a-fotografia-deu-proposito-a-sua-vida\/"]}]},{"@type":"ImageObject","inLanguage":"pt-PT","@id":"https:\/\/portaltela.pt\/noticias\/2026\/03\/10\/don-mccullin-revela-que-a-fotografia-deu-proposito-a-sua-vida\/#primaryimage","url":"https:\/\/portaltela.pt\/s.01k8rhncp4jt1\/2026\/03\/1536x864_cmsv2_7e80590c-c9e9-517b-b299-f6cc8190f9d4-9671198.jpg","contentUrl":"https:\/\/portaltela.pt\/s.01k8rhncp4jt1\/2026\/03\/1536x864_cmsv2_7e80590c-c9e9-517b-b299-f6cc8190f9d4-9671198.jpg","width":796,"height":448,"caption":"Sir Don McCullin"},{"@type":"BreadcrumbList","@id":"https:\/\/portaltela.pt\/noticias\/2026\/03\/10\/don-mccullin-revela-que-a-fotografia-deu-proposito-a-sua-vida\/#breadcrumb","itemListElement":[{"@type":"ListItem","position":1,"name":"In\u00edcio","item":"https:\/\/portaltela.pt\/"},{"@type":"ListItem","position":2,"name":"Don McCullin revela que a fotografia deu prop\u00f3sito \u00e0 sua vida"}]},{"@type":"WebSite","@id":"https:\/\/portaltela.pt\/#website","url":"https:\/\/portaltela.pt\/","name":"Portal Tela Portugal","description":"","potentialAction":[{"@type":"SearchAction","target":{"@type":"EntryPoint","urlTemplate":"https:\/\/portaltela.pt\/?s={search_term_string}"},"query-input":{"@type":"PropertyValueSpecification","valueRequired":true,"valueName":"search_term_string"}}],"inLanguage":"pt-PT"},{"@type":"Person","@id":"https:\/\/portaltela.pt\/#\/schema\/person\/c4278d4a6028830caff9ee44b42d32ed","name":"Telinha","image":{"@type":"ImageObject","inLanguage":"pt-PT","@id":"https:\/\/portaltela.pt\/s.01k8rhncp4jt1\/2025\/11\/talking-bot-125x125.png","url":"https:\/\/portaltela.pt\/s.01k8rhncp4jt1\/2025\/11\/talking-bot-125x125.png","contentUrl":"https:\/\/portaltela.pt\/s.01k8rhncp4jt1\/2025\/11\/talking-bot-125x125.png","caption":"Telinha"},"sameAs":["https:\/\/portaltela.pt\/"],"url":"https:\/\/portaltela.pt\/por\/367410592786\/"}]}},"_links":{"self":[{"href":"https:\/\/portaltela.pt\/api\/wp\/v2\/posts\/404700","targetHints":{"allow":["GET"]}}],"collection":[{"href":"https:\/\/portaltela.pt\/api\/wp\/v2\/posts"}],"about":[{"href":"https:\/\/portaltela.pt\/api\/wp\/v2\/types\/post"}],"author":[{"embeddable":true,"href":"https:\/\/portaltela.pt\/api\/wp\/v2\/users\/2"}],"replies":[{"embeddable":true,"href":"https:\/\/portaltela.pt\/api\/wp\/v2\/comments?post=404700"}],"version-history":[{"count":0,"href":"https:\/\/portaltela.pt\/api\/wp\/v2\/posts\/404700\/revisions"}],"wp:featuredmedia":[{"embeddable":true,"href":"https:\/\/portaltela.pt\/api\/wp\/v2\/media\/404708"}],"wp:attachment":[{"href":"https:\/\/portaltela.pt\/api\/wp\/v2\/media?parent=404700"}],"wp:term":[{"taxonomy":"category","embeddable":true,"href":"https:\/\/portaltela.pt\/api\/wp\/v2\/categories?post=404700"},{"taxonomy":"post_tag","embeddable":true,"href":"https:\/\/portaltela.pt\/api\/wp\/v2\/tags?post=404700"}],"curies":[{"name":"wp","href":"https:\/\/api.w.org\/{rel}","templated":true}]}}