{"id":404675,"date":"2026-03-10T11:58:45","date_gmt":"2026-03-10T14:58:45","guid":{"rendered":"https:\/\/portaltela.pt\/noticias\/2026\/03\/10\/carneiro-pede-explicacoes-a-montenegro-se-nao-promover-entendimentos\/"},"modified":"2026-03-10T11:58:45","modified_gmt":"2026-03-10T14:58:45","slug":"carneiro-pede-explicacoes-a-montenegro-se-nao-promover-entendimentos","status":"publish","type":"post","link":"https:\/\/portaltela.pt\/noticias\/politica\/2026\/03\/10\/carneiro-pede-explicacoes-a-montenegro-se-nao-promover-entendimentos\/","title":{"rendered":"Carneiro pede explica\u00e7\u00f5es a Montenegro se n\u00e3o promover entendimentos"},"content":{"rendered":"<p>O secret\u00e1rio-geral do PS, Jos\u00e9 Lu\u00eds Carneiro, pediu explica\u00e7\u00f5es ao primeiro-ministro Lu\u00eds Montenegro sobre o falhan\u00e7o de entendimento com os parceiros sociais em rela\u00e7\u00e3o ao pacote laboral. A declara\u00e7\u00e3o ocorreu em Lisboa, \u00e0 margem de uma audi\u00e7\u00e3o p\u00fablica do Grupo Parlamentar do PS sobre economia social.<\/p>\n<p>Carneiro sustenta que as propostas apresentadas pelo Governo s\u00e3o prejudiciais para jovens e mulheres, descrevendo-as como desumanas. O l\u00edder socialista afirmou que o Governo ainda n\u00e3o merecia acordo e que \u00e9 preciso aguardar os pr\u00f3ximos desenvolvimentos. N\u00e3o comentou a posi\u00e7\u00e3o da ministra do Trabalho.<\/p>\n<p>O dirigente frisou a responsabilidade do Primeiro-Ministro em promover entendimentos que sustentem a vida econ\u00f3mica do pa\u00eds. Questionado sobre a hip\u00f3tese de n\u00e3o haver acordo, reiterou que o PS \u00e9 a favor de competitividade, valoriza\u00e7\u00e3o salarial e dignidade laboral, desde que n\u00e3o se imponha precariedade.<\/p>\n<h3>Posi\u00e7\u00e3o do PS sobre o pacote laboral<\/h3>\n<p>Carneiro reiterou que, se as propostas que o Governo apresentar \u00e0 concerta\u00e7\u00e3o social forem as mesmas que v\u00e3o \u00e0 Assembleia da Rep\u00fablica, o apoio socialista n\u00e3o \u00e9 garantido. O l\u00edder lembrou ainda que, durante a campanha, o Presidente da Rep\u00fablica afirmou veto caso o texto ficasse igual ao original.<\/p>\n<p>O socialista mencionou que h\u00e1 uma vis\u00e3o humanista associada ao socialismo democr\u00e1tico que orienta a posi\u00e7\u00e3o do PS. Ainda sobre este tema, referiu que o Governo tem de demonstrar credibilidade nas suas pol\u00edticas para manter apoio parlamentar.<\/p>\n<p>Em rela\u00e7\u00e3o ao OE2026, Carneiro afirmou que o Governo j\u00e1 mostrou contradi\u00e7\u00f5es noutras mat\u00e9rias. Acrescentou que n\u00e3o \u00e9 a primeira nem \u00faltima vez que o Executivo muda de posi\u00e7\u00e3o entre hoje e amanh\u00e3, sem entrar em detalhes.<\/p>\n","protected":false},"excerpt":{"rendered":"<ul>\n<li>Jos\u00e9 Lu\u00eds Carneiro, secret\u00e1rio-geral do PS, pediu que o primeiro-ministro, Lu\u00eds Montenegro, explique-se caso n\u00e3o consiga promover entendimentos fundamentais para o pa\u00eds.<\/li>\n<li>O l\u00edder socialista criticou o pacote laboral do Governo, dizendo que as propostas eram \u201cop\u00e7\u00f5es pela desumanidade\u201d e prejudicam sobretudo jovens e mulheres.<\/li>\n<li>O PS afirmou que, se as mesmas propostas forem apresentadas \u00e0 Assembleia da Rep\u00fablica, o executivo n\u00e3o poder\u00e1 contar com o apoio da bancada socialista.<\/li>\n<li>Carneiro lembrou que o Presidente da Rep\u00fablica, Ant\u00f3nio Jos\u00e9 Seguro, disse que vetaria o pacote laboral se fosse aprovado como na vers\u00e3o inicial.<\/li>\n<li>Sobre a possibilidade de um or\u00e7amento retificativo para 2026, o ministro das Finan\u00e7as afastou essa hip\u00f3tese, mas Carneiro comentou que o Governo j\u00e1 se contradisse em outras ocasi\u00f5es e n\u00e3o respondeu a quest\u00f5es adicionais.<\/li>\n<\/ul>\n","protected":false},"author":2,"featured_media":404677,"comment_status":"closed","ping_status":"closed","sticky":false,"template":"","format":"standard","meta":{"footnotes":""},"categories":[1,5],"tags":[2431,1004,5927,34,3676,2832],"class_list":["post-404675","post","type-post","status-publish","format-standard","has-post-thumbnail","hentry","category-noticias","category-politica","tag-concertacao-social","tag-direitos-laborais","tag-economia-social","tag-governo","tag-partido-socialista","tag-politica"],"yoast_head":"<!-- This site is optimized with the Yoast SEO plugin v27.2 - https:\/\/yoast.com\/product\/yoast-seo-wordpress\/ -->\n<title>Carneiro pede explica\u00e7\u00f5es a Montenegro se n\u00e3o promover entendimentos - Portal Tela Portugal<\/title>\n<meta name=\"robots\" content=\"index, follow, max-snippet:-1, max-image-preview:large, max-video-preview:-1\" \/>\n<meta property=\"og:locale\" content=\"pt_PT\" \/>\n<meta property=\"og:type\" content=\"article\" \/>\n<meta property=\"og:title\" content=\"Carneiro pede explica\u00e7\u00f5es a Montenegro se n\u00e3o promover entendimentos - Portal Tela Portugal\" \/>\n<meta property=\"og:description\" content=\"Jos\u00e9 Lu\u00eds Carneiro, secret\u00e1rio-geral do PS, pediu que o primeiro-ministro, Lu\u00eds Montenegro, explique-se caso n\u00e3o consiga promover entendimentos fundamentais para o pa\u00eds. O l\u00edder socialista criticou o pacote laboral do Governo, dizendo que as propostas eram \u201cop\u00e7\u00f5es pela desumanidade\u201d e prejudicam sobretudo jovens e mulheres. O PS afirmou que, se as mesmas propostas forem apresentadas \u00e0 Assembleia da Rep\u00fablica, o executivo n\u00e3o poder\u00e1 contar com o apoio da bancada socialista. Carneiro lembrou que o Presidente da Rep\u00fablica, Ant\u00f3nio Jos\u00e9 Seguro, disse que vetaria o pacote laboral se fosse aprovado como na vers\u00e3o inicial. Sobre a possibilidade de um or\u00e7amento retificativo para 2026, o ministro das Finan\u00e7as afastou essa hip\u00f3tese, mas Carneiro comentou que o Governo j\u00e1 se contradisse em outras ocasi\u00f5es e n\u00e3o respondeu a quest\u00f5es adicionais.\" \/>\n<meta property=\"og:url\" content=\"https:\/\/portaltela.pt\/noticias\/2026\/03\/10\/carneiro-pede-explicacoes-a-montenegro-se-nao-promover-entendimentos\/\" \/>\n<meta property=\"og:site_name\" content=\"Portal Tela Portugal\" \/>\n<meta property=\"article:published_time\" content=\"2026-03-10T14:58:45+00:00\" \/>\n<meta name=\"author\" content=\"Telinha\" \/>\n<meta name=\"twitter:card\" content=\"summary_large_image\" \/>\n<meta name=\"twitter:label1\" content=\"Escrito por\" \/>\n\t<meta name=\"twitter:data1\" content=\"Telinha\" \/>\n\t<meta name=\"twitter:label2\" content=\"Tempo estimado de leitura\" \/>\n\t<meta name=\"twitter:data2\" content=\"1 minuto\" \/>\n<script type=\"application\/ld+json\" class=\"yoast-schema-graph\">{\"@context\":\"https:\/\/schema.org\",\"@graph\":[{\"@type\":\"Article\",\"@id\":\"https:\/\/portaltela.pt\/noticias\/2026\/03\/10\/carneiro-pede-explicacoes-a-montenegro-se-nao-promover-entendimentos\/#article\",\"isPartOf\":{\"@id\":\"https:\/\/portaltela.pt\/noticias\/2026\/03\/10\/carneiro-pede-explicacoes-a-montenegro-se-nao-promover-entendimentos\/\"},\"author\":{\"name\":\"Telinha\",\"@id\":\"https:\/\/portaltela.pt\/#\/schema\/person\/c4278d4a6028830caff9ee44b42d32ed\"},\"headline\":\"Carneiro pede explica\u00e7\u00f5es a Montenegro se n\u00e3o promover entendimentos\",\"datePublished\":\"2026-03-10T14:58:45+00:00\",\"mainEntityOfPage\":{\"@id\":\"https:\/\/portaltela.pt\/noticias\/2026\/03\/10\/carneiro-pede-explicacoes-a-montenegro-se-nao-promover-entendimentos\/\"},\"wordCount\":306,\"image\":{\"@id\":\"https:\/\/portaltela.pt\/noticias\/2026\/03\/10\/carneiro-pede-explicacoes-a-montenegro-se-nao-promover-entendimentos\/#primaryimage\"},\"thumbnailUrl\":\"https:\/\/portaltela.pt\/s.01k8rhncp4jt1\/2026\/03\/img_1500x1000uu2026-03-10-14-58-42-2271556.jpg\",\"keywords\":[\"Concerta\u00e7\u00e3o Social\",\"direitos laborais\",\"Economia Social\",\"governo\",\"Partido Socialista\",\"pol\u00edtica\"],\"articleSection\":[\"Not\u00edcias\",\"Pol\u00edtica\"],\"inLanguage\":\"pt-PT\"},{\"@type\":\"WebPage\",\"@id\":\"https:\/\/portaltela.pt\/noticias\/2026\/03\/10\/carneiro-pede-explicacoes-a-montenegro-se-nao-promover-entendimentos\/\",\"url\":\"https:\/\/portaltela.pt\/noticias\/2026\/03\/10\/carneiro-pede-explicacoes-a-montenegro-se-nao-promover-entendimentos\/\",\"name\":\"Carneiro pede explica\u00e7\u00f5es a Montenegro se n\u00e3o promover entendimentos - Portal Tela Portugal\",\"isPartOf\":{\"@id\":\"https:\/\/portaltela.pt\/#website\"},\"primaryImageOfPage\":{\"@id\":\"https:\/\/portaltela.pt\/noticias\/2026\/03\/10\/carneiro-pede-explicacoes-a-montenegro-se-nao-promover-entendimentos\/#primaryimage\"},\"image\":{\"@id\":\"https:\/\/portaltela.pt\/noticias\/2026\/03\/10\/carneiro-pede-explicacoes-a-montenegro-se-nao-promover-entendimentos\/#primaryimage\"},\"thumbnailUrl\":\"https:\/\/portaltela.pt\/s.01k8rhncp4jt1\/2026\/03\/img_1500x1000uu2026-03-10-14-58-42-2271556.jpg\",\"datePublished\":\"2026-03-10T14:58:45+00:00\",\"author\":{\"@id\":\"https:\/\/portaltela.pt\/#\/schema\/person\/c4278d4a6028830caff9ee44b42d32ed\"},\"breadcrumb\":{\"@id\":\"https:\/\/portaltela.pt\/noticias\/2026\/03\/10\/carneiro-pede-explicacoes-a-montenegro-se-nao-promover-entendimentos\/#breadcrumb\"},\"inLanguage\":\"pt-PT\",\"potentialAction\":[{\"@type\":\"ReadAction\",\"target\":[\"https:\/\/portaltela.pt\/noticias\/2026\/03\/10\/carneiro-pede-explicacoes-a-montenegro-se-nao-promover-entendimentos\/\"]}]},{\"@type\":\"ImageObject\",\"inLanguage\":\"pt-PT\",\"@id\":\"https:\/\/portaltela.pt\/noticias\/2026\/03\/10\/carneiro-pede-explicacoes-a-montenegro-se-nao-promover-entendimentos\/#primaryimage\",\"url\":\"https:\/\/portaltela.pt\/s.01k8rhncp4jt1\/2026\/03\/img_1500x1000uu2026-03-10-14-58-42-2271556.jpg\",\"contentUrl\":\"https:\/\/portaltela.pt\/s.01k8rhncp4jt1\/2026\/03\/img_1500x1000uu2026-03-10-14-58-42-2271556.jpg\",\"width\":796,\"height\":448,\"caption\":\"Jos\u00e9 Lu\u00eds Carneiro\"},{\"@type\":\"BreadcrumbList\",\"@id\":\"https:\/\/portaltela.pt\/noticias\/2026\/03\/10\/carneiro-pede-explicacoes-a-montenegro-se-nao-promover-entendimentos\/#breadcrumb\",\"itemListElement\":[{\"@type\":\"ListItem\",\"position\":1,\"name\":\"In\u00edcio\",\"item\":\"https:\/\/portaltela.pt\/\"},{\"@type\":\"ListItem\",\"position\":2,\"name\":\"Carneiro pede explica\u00e7\u00f5es a Montenegro se n\u00e3o promover entendimentos\"}]},{\"@type\":\"WebSite\",\"@id\":\"https:\/\/portaltela.pt\/#website\",\"url\":\"https:\/\/portaltela.pt\/\",\"name\":\"Portal Tela Portugal\",\"description\":\"\",\"potentialAction\":[{\"@type\":\"SearchAction\",\"target\":{\"@type\":\"EntryPoint\",\"urlTemplate\":\"https:\/\/portaltela.pt\/?s={search_term_string}\"},\"query-input\":{\"@type\":\"PropertyValueSpecification\",\"valueRequired\":true,\"valueName\":\"search_term_string\"}}],\"inLanguage\":\"pt-PT\"},{\"@type\":\"Person\",\"@id\":\"https:\/\/portaltela.pt\/#\/schema\/person\/c4278d4a6028830caff9ee44b42d32ed\",\"name\":\"Telinha\",\"image\":{\"@type\":\"ImageObject\",\"inLanguage\":\"pt-PT\",\"@id\":\"https:\/\/portaltela.pt\/s.01k8rhncp4jt1\/2025\/11\/talking-bot-125x125.png\",\"url\":\"https:\/\/portaltela.pt\/s.01k8rhncp4jt1\/2025\/11\/talking-bot-125x125.png\",\"contentUrl\":\"https:\/\/portaltela.pt\/s.01k8rhncp4jt1\/2025\/11\/talking-bot-125x125.png\",\"caption\":\"Telinha\"},\"sameAs\":[\"https:\/\/portaltela.pt\/\"],\"url\":\"https:\/\/portaltela.pt\/por\/367410592786\/\"}]}<\/script>\n<!-- \/ Yoast SEO plugin. -->","yoast_head_json":{"title":"Carneiro pede explica\u00e7\u00f5es a Montenegro se n\u00e3o promover entendimentos - Portal Tela Portugal","robots":{"index":"index","follow":"follow","max-snippet":"max-snippet:-1","max-image-preview":"max-image-preview:large","max-video-preview":"max-video-preview:-1"},"og_locale":"pt_PT","og_type":"article","og_title":"Carneiro pede explica\u00e7\u00f5es a Montenegro se n\u00e3o promover entendimentos - Portal Tela Portugal","og_description":"Jos\u00e9 Lu\u00eds Carneiro, secret\u00e1rio-geral do PS, pediu que o primeiro-ministro, Lu\u00eds Montenegro, explique-se caso n\u00e3o consiga promover entendimentos fundamentais para o pa\u00eds. O l\u00edder socialista criticou o pacote laboral do Governo, dizendo que as propostas eram \u201cop\u00e7\u00f5es pela desumanidade\u201d e prejudicam sobretudo jovens e mulheres. O PS afirmou que, se as mesmas propostas forem apresentadas \u00e0 Assembleia da Rep\u00fablica, o executivo n\u00e3o poder\u00e1 contar com o apoio da bancada socialista. Carneiro lembrou que o Presidente da Rep\u00fablica, Ant\u00f3nio Jos\u00e9 Seguro, disse que vetaria o pacote laboral se fosse aprovado como na vers\u00e3o inicial. Sobre a possibilidade de um or\u00e7amento retificativo para 2026, o ministro das Finan\u00e7as afastou essa hip\u00f3tese, mas Carneiro comentou que o Governo j\u00e1 se contradisse em outras ocasi\u00f5es e n\u00e3o respondeu a quest\u00f5es adicionais.","og_url":"https:\/\/portaltela.pt\/noticias\/2026\/03\/10\/carneiro-pede-explicacoes-a-montenegro-se-nao-promover-entendimentos\/","og_site_name":"Portal Tela Portugal","article_published_time":"2026-03-10T14:58:45+00:00","author":"Telinha","twitter_card":"summary_large_image","twitter_misc":{"Escrito por":"Telinha","Tempo estimado de leitura":"1 minuto"},"schema":{"@context":"https:\/\/schema.org","@graph":[{"@type":"Article","@id":"https:\/\/portaltela.pt\/noticias\/2026\/03\/10\/carneiro-pede-explicacoes-a-montenegro-se-nao-promover-entendimentos\/#article","isPartOf":{"@id":"https:\/\/portaltela.pt\/noticias\/2026\/03\/10\/carneiro-pede-explicacoes-a-montenegro-se-nao-promover-entendimentos\/"},"author":{"name":"Telinha","@id":"https:\/\/portaltela.pt\/#\/schema\/person\/c4278d4a6028830caff9ee44b42d32ed"},"headline":"Carneiro pede explica\u00e7\u00f5es a Montenegro se n\u00e3o promover entendimentos","datePublished":"2026-03-10T14:58:45+00:00","mainEntityOfPage":{"@id":"https:\/\/portaltela.pt\/noticias\/2026\/03\/10\/carneiro-pede-explicacoes-a-montenegro-se-nao-promover-entendimentos\/"},"wordCount":306,"image":{"@id":"https:\/\/portaltela.pt\/noticias\/2026\/03\/10\/carneiro-pede-explicacoes-a-montenegro-se-nao-promover-entendimentos\/#primaryimage"},"thumbnailUrl":"https:\/\/portaltela.pt\/s.01k8rhncp4jt1\/2026\/03\/img_1500x1000uu2026-03-10-14-58-42-2271556.jpg","keywords":["Concerta\u00e7\u00e3o Social","direitos laborais","Economia Social","governo","Partido Socialista","pol\u00edtica"],"articleSection":["Not\u00edcias","Pol\u00edtica"],"inLanguage":"pt-PT"},{"@type":"WebPage","@id":"https:\/\/portaltela.pt\/noticias\/2026\/03\/10\/carneiro-pede-explicacoes-a-montenegro-se-nao-promover-entendimentos\/","url":"https:\/\/portaltela.pt\/noticias\/2026\/03\/10\/carneiro-pede-explicacoes-a-montenegro-se-nao-promover-entendimentos\/","name":"Carneiro pede explica\u00e7\u00f5es a Montenegro se n\u00e3o promover entendimentos - Portal Tela Portugal","isPartOf":{"@id":"https:\/\/portaltela.pt\/#website"},"primaryImageOfPage":{"@id":"https:\/\/portaltela.pt\/noticias\/2026\/03\/10\/carneiro-pede-explicacoes-a-montenegro-se-nao-promover-entendimentos\/#primaryimage"},"image":{"@id":"https:\/\/portaltela.pt\/noticias\/2026\/03\/10\/carneiro-pede-explicacoes-a-montenegro-se-nao-promover-entendimentos\/#primaryimage"},"thumbnailUrl":"https:\/\/portaltela.pt\/s.01k8rhncp4jt1\/2026\/03\/img_1500x1000uu2026-03-10-14-58-42-2271556.jpg","datePublished":"2026-03-10T14:58:45+00:00","author":{"@id":"https:\/\/portaltela.pt\/#\/schema\/person\/c4278d4a6028830caff9ee44b42d32ed"},"breadcrumb":{"@id":"https:\/\/portaltela.pt\/noticias\/2026\/03\/10\/carneiro-pede-explicacoes-a-montenegro-se-nao-promover-entendimentos\/#breadcrumb"},"inLanguage":"pt-PT","potentialAction":[{"@type":"ReadAction","target":["https:\/\/portaltela.pt\/noticias\/2026\/03\/10\/carneiro-pede-explicacoes-a-montenegro-se-nao-promover-entendimentos\/"]}]},{"@type":"ImageObject","inLanguage":"pt-PT","@id":"https:\/\/portaltela.pt\/noticias\/2026\/03\/10\/carneiro-pede-explicacoes-a-montenegro-se-nao-promover-entendimentos\/#primaryimage","url":"https:\/\/portaltela.pt\/s.01k8rhncp4jt1\/2026\/03\/img_1500x1000uu2026-03-10-14-58-42-2271556.jpg","contentUrl":"https:\/\/portaltela.pt\/s.01k8rhncp4jt1\/2026\/03\/img_1500x1000uu2026-03-10-14-58-42-2271556.jpg","width":796,"height":448,"caption":"Jos\u00e9 Lu\u00eds Carneiro"},{"@type":"BreadcrumbList","@id":"https:\/\/portaltela.pt\/noticias\/2026\/03\/10\/carneiro-pede-explicacoes-a-montenegro-se-nao-promover-entendimentos\/#breadcrumb","itemListElement":[{"@type":"ListItem","position":1,"name":"In\u00edcio","item":"https:\/\/portaltela.pt\/"},{"@type":"ListItem","position":2,"name":"Carneiro pede explica\u00e7\u00f5es a Montenegro se n\u00e3o promover entendimentos"}]},{"@type":"WebSite","@id":"https:\/\/portaltela.pt\/#website","url":"https:\/\/portaltela.pt\/","name":"Portal Tela Portugal","description":"","potentialAction":[{"@type":"SearchAction","target":{"@type":"EntryPoint","urlTemplate":"https:\/\/portaltela.pt\/?s={search_term_string}"},"query-input":{"@type":"PropertyValueSpecification","valueRequired":true,"valueName":"search_term_string"}}],"inLanguage":"pt-PT"},{"@type":"Person","@id":"https:\/\/portaltela.pt\/#\/schema\/person\/c4278d4a6028830caff9ee44b42d32ed","name":"Telinha","image":{"@type":"ImageObject","inLanguage":"pt-PT","@id":"https:\/\/portaltela.pt\/s.01k8rhncp4jt1\/2025\/11\/talking-bot-125x125.png","url":"https:\/\/portaltela.pt\/s.01k8rhncp4jt1\/2025\/11\/talking-bot-125x125.png","contentUrl":"https:\/\/portaltela.pt\/s.01k8rhncp4jt1\/2025\/11\/talking-bot-125x125.png","caption":"Telinha"},"sameAs":["https:\/\/portaltela.pt\/"],"url":"https:\/\/portaltela.pt\/por\/367410592786\/"}]}},"_links":{"self":[{"href":"https:\/\/portaltela.pt\/api\/wp\/v2\/posts\/404675","targetHints":{"allow":["GET"]}}],"collection":[{"href":"https:\/\/portaltela.pt\/api\/wp\/v2\/posts"}],"about":[{"href":"https:\/\/portaltela.pt\/api\/wp\/v2\/types\/post"}],"author":[{"embeddable":true,"href":"https:\/\/portaltela.pt\/api\/wp\/v2\/users\/2"}],"replies":[{"embeddable":true,"href":"https:\/\/portaltela.pt\/api\/wp\/v2\/comments?post=404675"}],"version-history":[{"count":0,"href":"https:\/\/portaltela.pt\/api\/wp\/v2\/posts\/404675\/revisions"}],"wp:featuredmedia":[{"embeddable":true,"href":"https:\/\/portaltela.pt\/api\/wp\/v2\/media\/404677"}],"wp:attachment":[{"href":"https:\/\/portaltela.pt\/api\/wp\/v2\/media?parent=404675"}],"wp:term":[{"taxonomy":"category","embeddable":true,"href":"https:\/\/portaltela.pt\/api\/wp\/v2\/categories?post=404675"},{"taxonomy":"post_tag","embeddable":true,"href":"https:\/\/portaltela.pt\/api\/wp\/v2\/tags?post=404675"}],"curies":[{"name":"wp","href":"https:\/\/api.w.org\/{rel}","templated":true}]}}