{"id":404658,"date":"2026-03-10T11:47:25","date_gmt":"2026-03-10T14:47:25","guid":{"rendered":"https:\/\/portaltela.pt\/noticias\/2026\/03\/10\/costa-e-von-der-leyen-divergem-em-posicoes-enquanto-a-europa-procura-voz-global\/"},"modified":"2026-03-10T11:47:25","modified_gmt":"2026-03-10T14:47:25","slug":"costa-e-von-der-leyen-divergem-em-posicoes-enquanto-a-europa-procura-voz-global","status":"publish","type":"post","link":"https:\/\/portaltela.pt\/geopolitica\/2026\/03\/10\/costa-e-von-der-leyen-divergem-em-posicoes-enquanto-a-europa-procura-voz-global\/","title":{"rendered":"Costa e von der Leyen divergem em posi\u00e7\u00f5es enquanto a Europa procura voz global"},"content":{"rendered":"<p>O presidente do Conselho Europeu, Ant\u00f3nio Costa, pediu aos embaixadores que a UE continue a defender a ordem internacional baseada em regras, mesmo que outros pa\u00edses atuem de forma diferente. Ao mesmo tempo, Ursula von der Leyen defendeu uma pol\u00edtica externa pragm\u00e1tica, orientada para interesses, baseada na realidade do mundo atual.<\/p>\n<p>Costa afirmou que a UE n\u00e3o deve tolerar viola\u00e7\u00f5es do direito internacional, citando Estados Unidos, R\u00fassia e China como for\u00e7as disruptivas no com\u00e9rcio e na seguran\u00e7a. Assente nos Tratados da UE e na Carta das Na\u00e7\u00f5es Unidas, a resposta do bloco passa por uma pol\u00edtica externa multidimensional para evitar maior fragmenta\u00e7\u00e3o global.<\/p>\n<p>O bloco deve denunciar viola\u00e7\u00f5es do direito internacional, referindo-se a \u00e1reas desde Ucr\u00e2nia at\u00e9 Gronel\u00e2ndia, incluindo Venezuela, Gaza e M\u00e9dio Oriente. Costa reconheceu que o Ir\u00e3o merece viver em liberdade, mas sugeriu que bombas por si s\u00f3 n\u00e3o asseguram esse resultado, numa altura em que a opera\u00e7\u00e3o militar entre EUA e Israel entra na segunda semana.<\/p>\n<p>A legitimidade da guerra gerou tens\u00e3o entre os Estados-membros da UE. O primeiro-ministro espanhol, Pedro S\u00e1nchez, descreveu a a\u00e7\u00e3o como ilegal, recusando uma extens\u00e3o do conflito. Por seu lado, o chanceler alem\u00e3o, Friedrich Merz, disse que este n\u00e3o \u00e9 o momento para a UE lidar com li\u00e7\u00f5es aos aliados.<\/p>\n<h3>Coment\u00e1rios contradit\u00f3rios<\/h3>\n<p>Na mesma confer\u00eancia, von der Leyen apresentou um discurso que indicou que a guerra \u00e9 um facto, com debates pol\u00edticos a ter menor impacto no desfecho. A presidente da Comiss\u00e3o pediu aos embaixadores uma pol\u00edtica externa mais realista, orientada para interesses, num contexto de caos e transa\u00e7\u00f5es internacionais.<\/p>\n<p>Von der Leyen refor\u00e7ou que a Europa n\u00e3o pode continuar a ser apenas guardi\u00e3 da antiga ordem mundial, mantendo o compromisso com um sistema baseado em regras, mas admitindo que j\u00e1 n\u00e3o pode confiar nele como \u00fanica defesa dos seus interesses. Ela destacou ainda que a UE tem aumentado o seu papel geopol\u00edtico desde 2019.<\/p>\n<p>O texto descreve uma reformula\u00e7\u00e3o de pap\u00e9is dentro da UE. Embora a Comiss\u00e3o seja vista como guardi\u00e3 dos tratados, h\u00e1 quem interprete que a fun\u00e7\u00e3o de pol\u00edtica externa tem crescido em import\u00e2ncia. Desde 2022, a lideran\u00e7a europeia tem expandido compet\u00eancias em defesa e pol\u00edtica externa.<\/p>\n","protected":false},"excerpt":{"rendered":"<ul>\n<li>Ant\u00f3nio Costa, presidente do Conselho Europeu, pediu \u00e0 UE que defenda sempre a ordem internacional baseada em regras, mesmo que outros a ignorem.<\/li>\n<li>Costa aponta que a China perturba o com\u00e9rcio, a R\u00fassia viola o direito internacional e os Estados Unidos desafiam a ordem vigente, defendendo uma pol\u00edtica externa multidimensional.<\/li>\n<li>Ursula von der Leyen, por sua vez, pediu uma pol\u00edtica externa pragm\u00e1tica, orientada pelos interesses e pela realidade do mundo tal como \u00e9, n\u00e3o como deveria ser.<\/li>\n<li>A Comiss\u00e3o Europeia defende manter o sistema baseado em regras, mas reconhece que este j\u00e1 n\u00e3o basta para proteger os interesses europeus num mundo ca\u00f3tico e transacional.<\/li>\n<li>Existem tens\u00f5es entre Estados-membros sobre a legitimidade da guerra, com Pedro S\u00e1nchez a classificar a situa\u00e7\u00e3o como ilegal e Friedrich Merz a dizer que n\u00e3o \u00e9 o momento para a UE dar li\u00e7\u00f5es aos aliados.<\/li>\n<\/ul>\n","protected":false},"author":2,"featured_media":404660,"comment_status":"closed","ping_status":"closed","sticky":false,"template":"","format":"standard","meta":{"footnotes":""},"categories":[6814],"tags":[3777,2198,3034,2017,5698,2055],"class_list":["post-404658","post","type-post","status-publish","format-standard","has-post-thumbnail","hentry","category-geopolitica","tag-antonio-costa","tag-conflitos-internacionais","tag-direito-internacional","tag-ordem-internacional","tag-politica-internacional","tag-uniao-europeia"],"yoast_head":"<!-- This site is optimized with the Yoast SEO plugin v27.2 - https:\/\/yoast.com\/product\/yoast-seo-wordpress\/ -->\n<title>Costa e von der Leyen divergem em posi\u00e7\u00f5es enquanto a Europa procura voz global - Portal Tela Portugal<\/title>\n<meta name=\"robots\" content=\"index, follow, max-snippet:-1, max-image-preview:large, max-video-preview:-1\" \/>\n<meta property=\"og:locale\" content=\"pt_PT\" \/>\n<meta property=\"og:type\" content=\"article\" \/>\n<meta property=\"og:title\" content=\"Costa e von der Leyen divergem em posi\u00e7\u00f5es enquanto a Europa procura voz global - Portal Tela Portugal\" \/>\n<meta property=\"og:description\" content=\"Ant\u00f3nio Costa, presidente do Conselho Europeu, pediu \u00e0 UE que defenda sempre a ordem internacional baseada em regras, mesmo que outros a ignorem. Costa aponta que a China perturba o com\u00e9rcio, a R\u00fassia viola o direito internacional e os Estados Unidos desafiam a ordem vigente, defendendo uma pol\u00edtica externa multidimensional. Ursula von der Leyen, por sua vez, pediu uma pol\u00edtica externa pragm\u00e1tica, orientada pelos interesses e pela realidade do mundo tal como \u00e9, n\u00e3o como deveria ser. A Comiss\u00e3o Europeia defende manter o sistema baseado em regras, mas reconhece que este j\u00e1 n\u00e3o basta para proteger os interesses europeus num mundo ca\u00f3tico e transacional. Existem tens\u00f5es entre Estados-membros sobre a legitimidade da guerra, com Pedro S\u00e1nchez a classificar a situa\u00e7\u00e3o como ilegal e Friedrich Merz a dizer que n\u00e3o \u00e9 o momento para a UE dar li\u00e7\u00f5es aos aliados.\" \/>\n<meta property=\"og:url\" content=\"https:\/\/portaltela.pt\/noticias\/2026\/03\/10\/costa-e-von-der-leyen-divergem-em-posicoes-enquanto-a-europa-procura-voz-global\/\" \/>\n<meta property=\"og:site_name\" content=\"Portal Tela Portugal\" \/>\n<meta property=\"article:published_time\" content=\"2026-03-10T14:47:25+00:00\" \/>\n<meta name=\"author\" content=\"Telinha\" \/>\n<meta name=\"twitter:card\" content=\"summary_large_image\" \/>\n<meta name=\"twitter:label1\" content=\"Escrito por\" \/>\n\t<meta name=\"twitter:data1\" content=\"Telinha\" \/>\n\t<meta name=\"twitter:label2\" content=\"Tempo estimado de leitura\" \/>\n\t<meta name=\"twitter:data2\" content=\"2 minutos\" \/>\n<script type=\"application\/ld+json\" class=\"yoast-schema-graph\">{\"@context\":\"https:\/\/schema.org\",\"@graph\":[{\"@type\":\"Article\",\"@id\":\"https:\/\/portaltela.pt\/noticias\/2026\/03\/10\/costa-e-von-der-leyen-divergem-em-posicoes-enquanto-a-europa-procura-voz-global\/#article\",\"isPartOf\":{\"@id\":\"https:\/\/portaltela.pt\/noticias\/2026\/03\/10\/costa-e-von-der-leyen-divergem-em-posicoes-enquanto-a-europa-procura-voz-global\/\"},\"author\":{\"name\":\"Telinha\",\"@id\":\"https:\/\/portaltela.pt\/#\/schema\/person\/c4278d4a6028830caff9ee44b42d32ed\"},\"headline\":\"Costa e von der Leyen divergem em posi\u00e7\u00f5es enquanto a Europa procura voz global\",\"datePublished\":\"2026-03-10T14:47:25+00:00\",\"mainEntityOfPage\":{\"@id\":\"https:\/\/portaltela.pt\/noticias\/2026\/03\/10\/costa-e-von-der-leyen-divergem-em-posicoes-enquanto-a-europa-procura-voz-global\/\"},\"wordCount\":416,\"image\":{\"@id\":\"https:\/\/portaltela.pt\/noticias\/2026\/03\/10\/costa-e-von-der-leyen-divergem-em-posicoes-enquanto-a-europa-procura-voz-global\/#primaryimage\"},\"thumbnailUrl\":\"https:\/\/portaltela.pt\/s.01k8rhncp4jt1\/2026\/03\/1536x864_cmsv2_c79944cd-a632-59df-90f7-04642f683746-9680298.jpg\",\"keywords\":[\"Ant\u00f3nio Costa\",\"conflitos internacionais\",\"direito internacional\",\"ordem internacional\",\"pol\u00edtica internacional\",\"Uni\u00e3o Europeia\"],\"articleSection\":[\"Geopol\u00edtica\"],\"inLanguage\":\"pt-PT\"},{\"@type\":\"WebPage\",\"@id\":\"https:\/\/portaltela.pt\/noticias\/2026\/03\/10\/costa-e-von-der-leyen-divergem-em-posicoes-enquanto-a-europa-procura-voz-global\/\",\"url\":\"https:\/\/portaltela.pt\/noticias\/2026\/03\/10\/costa-e-von-der-leyen-divergem-em-posicoes-enquanto-a-europa-procura-voz-global\/\",\"name\":\"Costa e von der Leyen divergem em posi\u00e7\u00f5es enquanto a Europa procura voz global - Portal Tela Portugal\",\"isPartOf\":{\"@id\":\"https:\/\/portaltela.pt\/#website\"},\"primaryImageOfPage\":{\"@id\":\"https:\/\/portaltela.pt\/noticias\/2026\/03\/10\/costa-e-von-der-leyen-divergem-em-posicoes-enquanto-a-europa-procura-voz-global\/#primaryimage\"},\"image\":{\"@id\":\"https:\/\/portaltela.pt\/noticias\/2026\/03\/10\/costa-e-von-der-leyen-divergem-em-posicoes-enquanto-a-europa-procura-voz-global\/#primaryimage\"},\"thumbnailUrl\":\"https:\/\/portaltela.pt\/s.01k8rhncp4jt1\/2026\/03\/1536x864_cmsv2_c79944cd-a632-59df-90f7-04642f683746-9680298.jpg\",\"datePublished\":\"2026-03-10T14:47:25+00:00\",\"author\":{\"@id\":\"https:\/\/portaltela.pt\/#\/schema\/person\/c4278d4a6028830caff9ee44b42d32ed\"},\"breadcrumb\":{\"@id\":\"https:\/\/portaltela.pt\/noticias\/2026\/03\/10\/costa-e-von-der-leyen-divergem-em-posicoes-enquanto-a-europa-procura-voz-global\/#breadcrumb\"},\"inLanguage\":\"pt-PT\",\"potentialAction\":[{\"@type\":\"ReadAction\",\"target\":[\"https:\/\/portaltela.pt\/noticias\/2026\/03\/10\/costa-e-von-der-leyen-divergem-em-posicoes-enquanto-a-europa-procura-voz-global\/\"]}]},{\"@type\":\"ImageObject\",\"inLanguage\":\"pt-PT\",\"@id\":\"https:\/\/portaltela.pt\/noticias\/2026\/03\/10\/costa-e-von-der-leyen-divergem-em-posicoes-enquanto-a-europa-procura-voz-global\/#primaryimage\",\"url\":\"https:\/\/portaltela.pt\/s.01k8rhncp4jt1\/2026\/03\/1536x864_cmsv2_c79944cd-a632-59df-90f7-04642f683746-9680298.jpg\",\"contentUrl\":\"https:\/\/portaltela.pt\/s.01k8rhncp4jt1\/2026\/03\/1536x864_cmsv2_c79944cd-a632-59df-90f7-04642f683746-9680298.jpg\",\"width\":796,\"height\":448,\"caption\":\"Presidente do Conselho Europeu Presidente do Conselho e da Comiss\u00e3o Europeia von der Leyen\"},{\"@type\":\"BreadcrumbList\",\"@id\":\"https:\/\/portaltela.pt\/noticias\/2026\/03\/10\/costa-e-von-der-leyen-divergem-em-posicoes-enquanto-a-europa-procura-voz-global\/#breadcrumb\",\"itemListElement\":[{\"@type\":\"ListItem\",\"position\":1,\"name\":\"In\u00edcio\",\"item\":\"https:\/\/portaltela.pt\/\"},{\"@type\":\"ListItem\",\"position\":2,\"name\":\"Costa e von der Leyen divergem em posi\u00e7\u00f5es enquanto a Europa procura voz global\"}]},{\"@type\":\"WebSite\",\"@id\":\"https:\/\/portaltela.pt\/#website\",\"url\":\"https:\/\/portaltela.pt\/\",\"name\":\"Portal Tela Portugal\",\"description\":\"\",\"potentialAction\":[{\"@type\":\"SearchAction\",\"target\":{\"@type\":\"EntryPoint\",\"urlTemplate\":\"https:\/\/portaltela.pt\/?s={search_term_string}\"},\"query-input\":{\"@type\":\"PropertyValueSpecification\",\"valueRequired\":true,\"valueName\":\"search_term_string\"}}],\"inLanguage\":\"pt-PT\"},{\"@type\":\"Person\",\"@id\":\"https:\/\/portaltela.pt\/#\/schema\/person\/c4278d4a6028830caff9ee44b42d32ed\",\"name\":\"Telinha\",\"image\":{\"@type\":\"ImageObject\",\"inLanguage\":\"pt-PT\",\"@id\":\"https:\/\/portaltela.pt\/s.01k8rhncp4jt1\/2025\/11\/talking-bot-125x125.png\",\"url\":\"https:\/\/portaltela.pt\/s.01k8rhncp4jt1\/2025\/11\/talking-bot-125x125.png\",\"contentUrl\":\"https:\/\/portaltela.pt\/s.01k8rhncp4jt1\/2025\/11\/talking-bot-125x125.png\",\"caption\":\"Telinha\"},\"sameAs\":[\"https:\/\/portaltela.pt\/\"],\"url\":\"https:\/\/portaltela.pt\/por\/367410592786\/\"}]}<\/script>\n<!-- \/ Yoast SEO plugin. -->","yoast_head_json":{"title":"Costa e von der Leyen divergem em posi\u00e7\u00f5es enquanto a Europa procura voz global - Portal Tela Portugal","robots":{"index":"index","follow":"follow","max-snippet":"max-snippet:-1","max-image-preview":"max-image-preview:large","max-video-preview":"max-video-preview:-1"},"og_locale":"pt_PT","og_type":"article","og_title":"Costa e von der Leyen divergem em posi\u00e7\u00f5es enquanto a Europa procura voz global - Portal Tela Portugal","og_description":"Ant\u00f3nio Costa, presidente do Conselho Europeu, pediu \u00e0 UE que defenda sempre a ordem internacional baseada em regras, mesmo que outros a ignorem. Costa aponta que a China perturba o com\u00e9rcio, a R\u00fassia viola o direito internacional e os Estados Unidos desafiam a ordem vigente, defendendo uma pol\u00edtica externa multidimensional. Ursula von der Leyen, por sua vez, pediu uma pol\u00edtica externa pragm\u00e1tica, orientada pelos interesses e pela realidade do mundo tal como \u00e9, n\u00e3o como deveria ser. A Comiss\u00e3o Europeia defende manter o sistema baseado em regras, mas reconhece que este j\u00e1 n\u00e3o basta para proteger os interesses europeus num mundo ca\u00f3tico e transacional. Existem tens\u00f5es entre Estados-membros sobre a legitimidade da guerra, com Pedro S\u00e1nchez a classificar a situa\u00e7\u00e3o como ilegal e Friedrich Merz a dizer que n\u00e3o \u00e9 o momento para a UE dar li\u00e7\u00f5es aos aliados.","og_url":"https:\/\/portaltela.pt\/noticias\/2026\/03\/10\/costa-e-von-der-leyen-divergem-em-posicoes-enquanto-a-europa-procura-voz-global\/","og_site_name":"Portal Tela Portugal","article_published_time":"2026-03-10T14:47:25+00:00","author":"Telinha","twitter_card":"summary_large_image","twitter_misc":{"Escrito por":"Telinha","Tempo estimado de leitura":"2 minutos"},"schema":{"@context":"https:\/\/schema.org","@graph":[{"@type":"Article","@id":"https:\/\/portaltela.pt\/noticias\/2026\/03\/10\/costa-e-von-der-leyen-divergem-em-posicoes-enquanto-a-europa-procura-voz-global\/#article","isPartOf":{"@id":"https:\/\/portaltela.pt\/noticias\/2026\/03\/10\/costa-e-von-der-leyen-divergem-em-posicoes-enquanto-a-europa-procura-voz-global\/"},"author":{"name":"Telinha","@id":"https:\/\/portaltela.pt\/#\/schema\/person\/c4278d4a6028830caff9ee44b42d32ed"},"headline":"Costa e von der Leyen divergem em posi\u00e7\u00f5es enquanto a Europa procura voz global","datePublished":"2026-03-10T14:47:25+00:00","mainEntityOfPage":{"@id":"https:\/\/portaltela.pt\/noticias\/2026\/03\/10\/costa-e-von-der-leyen-divergem-em-posicoes-enquanto-a-europa-procura-voz-global\/"},"wordCount":416,"image":{"@id":"https:\/\/portaltela.pt\/noticias\/2026\/03\/10\/costa-e-von-der-leyen-divergem-em-posicoes-enquanto-a-europa-procura-voz-global\/#primaryimage"},"thumbnailUrl":"https:\/\/portaltela.pt\/s.01k8rhncp4jt1\/2026\/03\/1536x864_cmsv2_c79944cd-a632-59df-90f7-04642f683746-9680298.jpg","keywords":["Ant\u00f3nio Costa","conflitos internacionais","direito internacional","ordem internacional","pol\u00edtica internacional","Uni\u00e3o Europeia"],"articleSection":["Geopol\u00edtica"],"inLanguage":"pt-PT"},{"@type":"WebPage","@id":"https:\/\/portaltela.pt\/noticias\/2026\/03\/10\/costa-e-von-der-leyen-divergem-em-posicoes-enquanto-a-europa-procura-voz-global\/","url":"https:\/\/portaltela.pt\/noticias\/2026\/03\/10\/costa-e-von-der-leyen-divergem-em-posicoes-enquanto-a-europa-procura-voz-global\/","name":"Costa e von der Leyen divergem em posi\u00e7\u00f5es enquanto a Europa procura voz global - Portal Tela Portugal","isPartOf":{"@id":"https:\/\/portaltela.pt\/#website"},"primaryImageOfPage":{"@id":"https:\/\/portaltela.pt\/noticias\/2026\/03\/10\/costa-e-von-der-leyen-divergem-em-posicoes-enquanto-a-europa-procura-voz-global\/#primaryimage"},"image":{"@id":"https:\/\/portaltela.pt\/noticias\/2026\/03\/10\/costa-e-von-der-leyen-divergem-em-posicoes-enquanto-a-europa-procura-voz-global\/#primaryimage"},"thumbnailUrl":"https:\/\/portaltela.pt\/s.01k8rhncp4jt1\/2026\/03\/1536x864_cmsv2_c79944cd-a632-59df-90f7-04642f683746-9680298.jpg","datePublished":"2026-03-10T14:47:25+00:00","author":{"@id":"https:\/\/portaltela.pt\/#\/schema\/person\/c4278d4a6028830caff9ee44b42d32ed"},"breadcrumb":{"@id":"https:\/\/portaltela.pt\/noticias\/2026\/03\/10\/costa-e-von-der-leyen-divergem-em-posicoes-enquanto-a-europa-procura-voz-global\/#breadcrumb"},"inLanguage":"pt-PT","potentialAction":[{"@type":"ReadAction","target":["https:\/\/portaltela.pt\/noticias\/2026\/03\/10\/costa-e-von-der-leyen-divergem-em-posicoes-enquanto-a-europa-procura-voz-global\/"]}]},{"@type":"ImageObject","inLanguage":"pt-PT","@id":"https:\/\/portaltela.pt\/noticias\/2026\/03\/10\/costa-e-von-der-leyen-divergem-em-posicoes-enquanto-a-europa-procura-voz-global\/#primaryimage","url":"https:\/\/portaltela.pt\/s.01k8rhncp4jt1\/2026\/03\/1536x864_cmsv2_c79944cd-a632-59df-90f7-04642f683746-9680298.jpg","contentUrl":"https:\/\/portaltela.pt\/s.01k8rhncp4jt1\/2026\/03\/1536x864_cmsv2_c79944cd-a632-59df-90f7-04642f683746-9680298.jpg","width":796,"height":448,"caption":"Presidente do Conselho Europeu Presidente do Conselho e da Comiss\u00e3o Europeia von der Leyen"},{"@type":"BreadcrumbList","@id":"https:\/\/portaltela.pt\/noticias\/2026\/03\/10\/costa-e-von-der-leyen-divergem-em-posicoes-enquanto-a-europa-procura-voz-global\/#breadcrumb","itemListElement":[{"@type":"ListItem","position":1,"name":"In\u00edcio","item":"https:\/\/portaltela.pt\/"},{"@type":"ListItem","position":2,"name":"Costa e von der Leyen divergem em posi\u00e7\u00f5es enquanto a Europa procura voz global"}]},{"@type":"WebSite","@id":"https:\/\/portaltela.pt\/#website","url":"https:\/\/portaltela.pt\/","name":"Portal Tela Portugal","description":"","potentialAction":[{"@type":"SearchAction","target":{"@type":"EntryPoint","urlTemplate":"https:\/\/portaltela.pt\/?s={search_term_string}"},"query-input":{"@type":"PropertyValueSpecification","valueRequired":true,"valueName":"search_term_string"}}],"inLanguage":"pt-PT"},{"@type":"Person","@id":"https:\/\/portaltela.pt\/#\/schema\/person\/c4278d4a6028830caff9ee44b42d32ed","name":"Telinha","image":{"@type":"ImageObject","inLanguage":"pt-PT","@id":"https:\/\/portaltela.pt\/s.01k8rhncp4jt1\/2025\/11\/talking-bot-125x125.png","url":"https:\/\/portaltela.pt\/s.01k8rhncp4jt1\/2025\/11\/talking-bot-125x125.png","contentUrl":"https:\/\/portaltela.pt\/s.01k8rhncp4jt1\/2025\/11\/talking-bot-125x125.png","caption":"Telinha"},"sameAs":["https:\/\/portaltela.pt\/"],"url":"https:\/\/portaltela.pt\/por\/367410592786\/"}]}},"_links":{"self":[{"href":"https:\/\/portaltela.pt\/api\/wp\/v2\/posts\/404658","targetHints":{"allow":["GET"]}}],"collection":[{"href":"https:\/\/portaltela.pt\/api\/wp\/v2\/posts"}],"about":[{"href":"https:\/\/portaltela.pt\/api\/wp\/v2\/types\/post"}],"author":[{"embeddable":true,"href":"https:\/\/portaltela.pt\/api\/wp\/v2\/users\/2"}],"replies":[{"embeddable":true,"href":"https:\/\/portaltela.pt\/api\/wp\/v2\/comments?post=404658"}],"version-history":[{"count":0,"href":"https:\/\/portaltela.pt\/api\/wp\/v2\/posts\/404658\/revisions"}],"wp:featuredmedia":[{"embeddable":true,"href":"https:\/\/portaltela.pt\/api\/wp\/v2\/media\/404660"}],"wp:attachment":[{"href":"https:\/\/portaltela.pt\/api\/wp\/v2\/media?parent=404658"}],"wp:term":[{"taxonomy":"category","embeddable":true,"href":"https:\/\/portaltela.pt\/api\/wp\/v2\/categories?post=404658"},{"taxonomy":"post_tag","embeddable":true,"href":"https:\/\/portaltela.pt\/api\/wp\/v2\/tags?post=404658"}],"curies":[{"name":"wp","href":"https:\/\/api.w.org\/{rel}","templated":true}]}}