{"id":404645,"date":"2026-03-10T11:37:00","date_gmt":"2026-03-10T14:37:00","guid":{"rendered":"https:\/\/portaltela.pt\/noticias\/2026\/03\/10\/consulado-dos-eua-em-toronto-foi-alvo-de-tiros\/"},"modified":"2026-03-10T11:37:00","modified_gmt":"2026-03-10T14:37:00","slug":"consulado-dos-eua-em-toronto-foi-alvo-de-tiros","status":"publish","type":"post","link":"https:\/\/portaltela.pt\/noticias\/2026\/03\/10\/consulado-dos-eua-em-toronto-foi-alvo-de-tiros\/","title":{"rendered":"Consulado dos EUA em Toronto foi alvo de tiros"},"content":{"rendered":"<p>O consulado dos EUA em Toronto foi alvo de tiros esta manh\u00e3, segundo a pol\u00edcia da cidade. O incidente ocorreu por volta das 5h30 locais (9h30 em Lisboa). N\u00e3o h\u00e1 registo de feridos.<\/p>\n<p>As autoridades recolheram evid\u00eancias no local, incluindo poss\u00edvel impacto de proj\u00e9teis. A investiga\u00e7\u00e3o est\u00e1 em curso para determinar o autor e as circunst\u00e2ncias.<\/p>\n<p>Ainda n\u00e3o foi revelada qualquer motiva\u00e7\u00e3o nem confirma\u00e7\u00e3o de danos significativos no edif\u00edcio.<\/p>\n<h3>Investiga\u00e7\u00e3o em curso<\/h3>\n<p>A pol\u00edcia afirmou que o caso est\u00e1 a ser investigado pelas autoridades locais em coopera\u00e7\u00e3o com representantes consulares.<\/p>\n<p>At\u00e9 ao momento n\u00e3o foram divulgadas informa\u00e7\u00f5es sobre suspeitos ou poss\u00edveis vincula\u00e7\u00f5es a grupos.<\/p>\n","protected":false},"excerpt":{"rendered":"<ul>\n<li>O consulado dos EUA em Toronto foi alvo de tiros numa ter\u00e7a-feira de manh\u00e3.<\/li>\n<li>A pol\u00edcia de Toronto informou ter recebido indica\u00e7\u00f5es de disparos por volta de \u00e0s 5h30 locais (9h30 em Lisboa).<\/li>\n<li>N\u00e3o h\u00e1 feridos a registar.<\/li>\n<li>As circunst\u00e2ncias e o autor permanecem por apurar.<\/li>\n<\/ul>\n","protected":false},"author":2,"featured_media":404646,"comment_status":"closed","ping_status":"closed","sticky":false,"template":"","format":"standard","meta":{"footnotes":""},"categories":[6790,1],"tags":[2333,147,1600,215,27,250],"class_list":["post-404645","post","type-post","status-publish","format-standard","has-post-thumbnail","hentry","category-conflitos","category-noticias","tag-consulados","tag-crime","tag-estados-unidos","tag-investigacao","tag-relacoes-internacionais","tag-seguranca-publica"],"yoast_head":"<!-- This site is optimized with the Yoast SEO plugin v27.2 - https:\/\/yoast.com\/product\/yoast-seo-wordpress\/ -->\n<title>Consulado dos EUA em Toronto foi alvo de tiros - Portal Tela Portugal<\/title>\n<meta name=\"robots\" content=\"index, follow, max-snippet:-1, max-image-preview:large, max-video-preview:-1\" \/>\n<meta property=\"og:locale\" content=\"pt_PT\" \/>\n<meta property=\"og:type\" content=\"article\" \/>\n<meta property=\"og:title\" content=\"Consulado dos EUA em Toronto foi alvo de tiros - Portal Tela Portugal\" \/>\n<meta property=\"og:description\" content=\"O consulado dos EUA em Toronto foi alvo de tiros numa ter\u00e7a-feira de manh\u00e3. A pol\u00edcia de Toronto informou ter recebido indica\u00e7\u00f5es de disparos por volta de \u00e0s 5h30 locais (9h30 em Lisboa). N\u00e3o h\u00e1 feridos a registar. As circunst\u00e2ncias e o autor permanecem por apurar.\" \/>\n<meta property=\"og:url\" content=\"https:\/\/portaltela.pt\/noticias\/2026\/03\/10\/consulado-dos-eua-em-toronto-foi-alvo-de-tiros\/\" \/>\n<meta property=\"og:site_name\" content=\"Portal Tela Portugal\" \/>\n<meta property=\"article:published_time\" content=\"2026-03-10T14:37:00+00:00\" \/>\n<meta name=\"author\" content=\"Telinha\" \/>\n<meta name=\"twitter:card\" content=\"summary_large_image\" \/>\n<meta name=\"twitter:label1\" content=\"Escrito por\" \/>\n\t<meta name=\"twitter:data1\" content=\"Telinha\" \/>\n\t<meta name=\"twitter:label2\" content=\"Tempo estimado de leitura\" \/>\n\t<meta name=\"twitter:data2\" content=\"1 minuto\" \/>\n<script type=\"application\/ld+json\" class=\"yoast-schema-graph\">{\"@context\":\"https:\/\/schema.org\",\"@graph\":[{\"@type\":\"Article\",\"@id\":\"https:\/\/portaltela.pt\/noticias\/2026\/03\/10\/consulado-dos-eua-em-toronto-foi-alvo-de-tiros\/#article\",\"isPartOf\":{\"@id\":\"https:\/\/portaltela.pt\/noticias\/2026\/03\/10\/consulado-dos-eua-em-toronto-foi-alvo-de-tiros\/\"},\"author\":{\"name\":\"Telinha\",\"@id\":\"https:\/\/portaltela.pt\/#\/schema\/person\/c4278d4a6028830caff9ee44b42d32ed\"},\"headline\":\"Consulado dos EUA em Toronto foi alvo de tiros\",\"datePublished\":\"2026-03-10T14:37:00+00:00\",\"mainEntityOfPage\":{\"@id\":\"https:\/\/portaltela.pt\/noticias\/2026\/03\/10\/consulado-dos-eua-em-toronto-foi-alvo-de-tiros\/\"},\"wordCount\":131,\"image\":{\"@id\":\"https:\/\/portaltela.pt\/noticias\/2026\/03\/10\/consulado-dos-eua-em-toronto-foi-alvo-de-tiros\/#primaryimage\"},\"thumbnailUrl\":\"https:\/\/portaltela.pt\/s.01k8rhncp4jt1\/2026\/03\/img_1500x1000uu2016-04-24-19-40-00-530697.jpg\",\"keywords\":[\"consulados\",\"crime\",\"Estados Unidos\",\"investiga\u00e7\u00e3o\",\"rela\u00e7\u00f5es internacionais\",\"seguran\u00e7a p\u00fablica\"],\"articleSection\":[\"Conflitos\",\"Not\u00edcias\"],\"inLanguage\":\"pt-PT\"},{\"@type\":\"WebPage\",\"@id\":\"https:\/\/portaltela.pt\/noticias\/2026\/03\/10\/consulado-dos-eua-em-toronto-foi-alvo-de-tiros\/\",\"url\":\"https:\/\/portaltela.pt\/noticias\/2026\/03\/10\/consulado-dos-eua-em-toronto-foi-alvo-de-tiros\/\",\"name\":\"Consulado dos EUA em Toronto foi alvo de tiros - Portal Tela Portugal\",\"isPartOf\":{\"@id\":\"https:\/\/portaltela.pt\/#website\"},\"primaryImageOfPage\":{\"@id\":\"https:\/\/portaltela.pt\/noticias\/2026\/03\/10\/consulado-dos-eua-em-toronto-foi-alvo-de-tiros\/#primaryimage\"},\"image\":{\"@id\":\"https:\/\/portaltela.pt\/noticias\/2026\/03\/10\/consulado-dos-eua-em-toronto-foi-alvo-de-tiros\/#primaryimage\"},\"thumbnailUrl\":\"https:\/\/portaltela.pt\/s.01k8rhncp4jt1\/2026\/03\/img_1500x1000uu2016-04-24-19-40-00-530697.jpg\",\"datePublished\":\"2026-03-10T14:37:00+00:00\",\"author\":{\"@id\":\"https:\/\/portaltela.pt\/#\/schema\/person\/c4278d4a6028830caff9ee44b42d32ed\"},\"breadcrumb\":{\"@id\":\"https:\/\/portaltela.pt\/noticias\/2026\/03\/10\/consulado-dos-eua-em-toronto-foi-alvo-de-tiros\/#breadcrumb\"},\"inLanguage\":\"pt-PT\",\"potentialAction\":[{\"@type\":\"ReadAction\",\"target\":[\"https:\/\/portaltela.pt\/noticias\/2026\/03\/10\/consulado-dos-eua-em-toronto-foi-alvo-de-tiros\/\"]}]},{\"@type\":\"ImageObject\",\"inLanguage\":\"pt-PT\",\"@id\":\"https:\/\/portaltela.pt\/noticias\/2026\/03\/10\/consulado-dos-eua-em-toronto-foi-alvo-de-tiros\/#primaryimage\",\"url\":\"https:\/\/portaltela.pt\/s.01k8rhncp4jt1\/2026\/03\/img_1500x1000uu2016-04-24-19-40-00-530697.jpg\",\"contentUrl\":\"https:\/\/portaltela.pt\/s.01k8rhncp4jt1\/2026\/03\/img_1500x1000uu2016-04-24-19-40-00-530697.jpg\",\"width\":796,\"height\":448,\"caption\":\"Pol\u00edcia permanece no local\"},{\"@type\":\"BreadcrumbList\",\"@id\":\"https:\/\/portaltela.pt\/noticias\/2026\/03\/10\/consulado-dos-eua-em-toronto-foi-alvo-de-tiros\/#breadcrumb\",\"itemListElement\":[{\"@type\":\"ListItem\",\"position\":1,\"name\":\"In\u00edcio\",\"item\":\"https:\/\/portaltela.pt\/\"},{\"@type\":\"ListItem\",\"position\":2,\"name\":\"Consulado dos EUA em Toronto foi alvo de tiros\"}]},{\"@type\":\"WebSite\",\"@id\":\"https:\/\/portaltela.pt\/#website\",\"url\":\"https:\/\/portaltela.pt\/\",\"name\":\"Portal Tela Portugal\",\"description\":\"\",\"potentialAction\":[{\"@type\":\"SearchAction\",\"target\":{\"@type\":\"EntryPoint\",\"urlTemplate\":\"https:\/\/portaltela.pt\/?s={search_term_string}\"},\"query-input\":{\"@type\":\"PropertyValueSpecification\",\"valueRequired\":true,\"valueName\":\"search_term_string\"}}],\"inLanguage\":\"pt-PT\"},{\"@type\":\"Person\",\"@id\":\"https:\/\/portaltela.pt\/#\/schema\/person\/c4278d4a6028830caff9ee44b42d32ed\",\"name\":\"Telinha\",\"image\":{\"@type\":\"ImageObject\",\"inLanguage\":\"pt-PT\",\"@id\":\"https:\/\/portaltela.pt\/s.01k8rhncp4jt1\/2025\/11\/talking-bot-125x125.png\",\"url\":\"https:\/\/portaltela.pt\/s.01k8rhncp4jt1\/2025\/11\/talking-bot-125x125.png\",\"contentUrl\":\"https:\/\/portaltela.pt\/s.01k8rhncp4jt1\/2025\/11\/talking-bot-125x125.png\",\"caption\":\"Telinha\"},\"sameAs\":[\"https:\/\/portaltela.pt\/\"],\"url\":\"https:\/\/portaltela.pt\/por\/367410592786\/\"}]}<\/script>\n<!-- \/ Yoast SEO plugin. -->","yoast_head_json":{"title":"Consulado dos EUA em Toronto foi alvo de tiros - Portal Tela Portugal","robots":{"index":"index","follow":"follow","max-snippet":"max-snippet:-1","max-image-preview":"max-image-preview:large","max-video-preview":"max-video-preview:-1"},"og_locale":"pt_PT","og_type":"article","og_title":"Consulado dos EUA em Toronto foi alvo de tiros - Portal Tela Portugal","og_description":"O consulado dos EUA em Toronto foi alvo de tiros numa ter\u00e7a-feira de manh\u00e3. A pol\u00edcia de Toronto informou ter recebido indica\u00e7\u00f5es de disparos por volta de \u00e0s 5h30 locais (9h30 em Lisboa). N\u00e3o h\u00e1 feridos a registar. As circunst\u00e2ncias e o autor permanecem por apurar.","og_url":"https:\/\/portaltela.pt\/noticias\/2026\/03\/10\/consulado-dos-eua-em-toronto-foi-alvo-de-tiros\/","og_site_name":"Portal Tela Portugal","article_published_time":"2026-03-10T14:37:00+00:00","author":"Telinha","twitter_card":"summary_large_image","twitter_misc":{"Escrito por":"Telinha","Tempo estimado de leitura":"1 minuto"},"schema":{"@context":"https:\/\/schema.org","@graph":[{"@type":"Article","@id":"https:\/\/portaltela.pt\/noticias\/2026\/03\/10\/consulado-dos-eua-em-toronto-foi-alvo-de-tiros\/#article","isPartOf":{"@id":"https:\/\/portaltela.pt\/noticias\/2026\/03\/10\/consulado-dos-eua-em-toronto-foi-alvo-de-tiros\/"},"author":{"name":"Telinha","@id":"https:\/\/portaltela.pt\/#\/schema\/person\/c4278d4a6028830caff9ee44b42d32ed"},"headline":"Consulado dos EUA em Toronto foi alvo de tiros","datePublished":"2026-03-10T14:37:00+00:00","mainEntityOfPage":{"@id":"https:\/\/portaltela.pt\/noticias\/2026\/03\/10\/consulado-dos-eua-em-toronto-foi-alvo-de-tiros\/"},"wordCount":131,"image":{"@id":"https:\/\/portaltela.pt\/noticias\/2026\/03\/10\/consulado-dos-eua-em-toronto-foi-alvo-de-tiros\/#primaryimage"},"thumbnailUrl":"https:\/\/portaltela.pt\/s.01k8rhncp4jt1\/2026\/03\/img_1500x1000uu2016-04-24-19-40-00-530697.jpg","keywords":["consulados","crime","Estados Unidos","investiga\u00e7\u00e3o","rela\u00e7\u00f5es internacionais","seguran\u00e7a p\u00fablica"],"articleSection":["Conflitos","Not\u00edcias"],"inLanguage":"pt-PT"},{"@type":"WebPage","@id":"https:\/\/portaltela.pt\/noticias\/2026\/03\/10\/consulado-dos-eua-em-toronto-foi-alvo-de-tiros\/","url":"https:\/\/portaltela.pt\/noticias\/2026\/03\/10\/consulado-dos-eua-em-toronto-foi-alvo-de-tiros\/","name":"Consulado dos EUA em Toronto foi alvo de tiros - Portal Tela Portugal","isPartOf":{"@id":"https:\/\/portaltela.pt\/#website"},"primaryImageOfPage":{"@id":"https:\/\/portaltela.pt\/noticias\/2026\/03\/10\/consulado-dos-eua-em-toronto-foi-alvo-de-tiros\/#primaryimage"},"image":{"@id":"https:\/\/portaltela.pt\/noticias\/2026\/03\/10\/consulado-dos-eua-em-toronto-foi-alvo-de-tiros\/#primaryimage"},"thumbnailUrl":"https:\/\/portaltela.pt\/s.01k8rhncp4jt1\/2026\/03\/img_1500x1000uu2016-04-24-19-40-00-530697.jpg","datePublished":"2026-03-10T14:37:00+00:00","author":{"@id":"https:\/\/portaltela.pt\/#\/schema\/person\/c4278d4a6028830caff9ee44b42d32ed"},"breadcrumb":{"@id":"https:\/\/portaltela.pt\/noticias\/2026\/03\/10\/consulado-dos-eua-em-toronto-foi-alvo-de-tiros\/#breadcrumb"},"inLanguage":"pt-PT","potentialAction":[{"@type":"ReadAction","target":["https:\/\/portaltela.pt\/noticias\/2026\/03\/10\/consulado-dos-eua-em-toronto-foi-alvo-de-tiros\/"]}]},{"@type":"ImageObject","inLanguage":"pt-PT","@id":"https:\/\/portaltela.pt\/noticias\/2026\/03\/10\/consulado-dos-eua-em-toronto-foi-alvo-de-tiros\/#primaryimage","url":"https:\/\/portaltela.pt\/s.01k8rhncp4jt1\/2026\/03\/img_1500x1000uu2016-04-24-19-40-00-530697.jpg","contentUrl":"https:\/\/portaltela.pt\/s.01k8rhncp4jt1\/2026\/03\/img_1500x1000uu2016-04-24-19-40-00-530697.jpg","width":796,"height":448,"caption":"Pol\u00edcia permanece no local"},{"@type":"BreadcrumbList","@id":"https:\/\/portaltela.pt\/noticias\/2026\/03\/10\/consulado-dos-eua-em-toronto-foi-alvo-de-tiros\/#breadcrumb","itemListElement":[{"@type":"ListItem","position":1,"name":"In\u00edcio","item":"https:\/\/portaltela.pt\/"},{"@type":"ListItem","position":2,"name":"Consulado dos EUA em Toronto foi alvo de tiros"}]},{"@type":"WebSite","@id":"https:\/\/portaltela.pt\/#website","url":"https:\/\/portaltela.pt\/","name":"Portal Tela Portugal","description":"","potentialAction":[{"@type":"SearchAction","target":{"@type":"EntryPoint","urlTemplate":"https:\/\/portaltela.pt\/?s={search_term_string}"},"query-input":{"@type":"PropertyValueSpecification","valueRequired":true,"valueName":"search_term_string"}}],"inLanguage":"pt-PT"},{"@type":"Person","@id":"https:\/\/portaltela.pt\/#\/schema\/person\/c4278d4a6028830caff9ee44b42d32ed","name":"Telinha","image":{"@type":"ImageObject","inLanguage":"pt-PT","@id":"https:\/\/portaltela.pt\/s.01k8rhncp4jt1\/2025\/11\/talking-bot-125x125.png","url":"https:\/\/portaltela.pt\/s.01k8rhncp4jt1\/2025\/11\/talking-bot-125x125.png","contentUrl":"https:\/\/portaltela.pt\/s.01k8rhncp4jt1\/2025\/11\/talking-bot-125x125.png","caption":"Telinha"},"sameAs":["https:\/\/portaltela.pt\/"],"url":"https:\/\/portaltela.pt\/por\/367410592786\/"}]}},"_links":{"self":[{"href":"https:\/\/portaltela.pt\/api\/wp\/v2\/posts\/404645","targetHints":{"allow":["GET"]}}],"collection":[{"href":"https:\/\/portaltela.pt\/api\/wp\/v2\/posts"}],"about":[{"href":"https:\/\/portaltela.pt\/api\/wp\/v2\/types\/post"}],"author":[{"embeddable":true,"href":"https:\/\/portaltela.pt\/api\/wp\/v2\/users\/2"}],"replies":[{"embeddable":true,"href":"https:\/\/portaltela.pt\/api\/wp\/v2\/comments?post=404645"}],"version-history":[{"count":0,"href":"https:\/\/portaltela.pt\/api\/wp\/v2\/posts\/404645\/revisions"}],"wp:featuredmedia":[{"embeddable":true,"href":"https:\/\/portaltela.pt\/api\/wp\/v2\/media\/404646"}],"wp:attachment":[{"href":"https:\/\/portaltela.pt\/api\/wp\/v2\/media?parent=404645"}],"wp:term":[{"taxonomy":"category","embeddable":true,"href":"https:\/\/portaltela.pt\/api\/wp\/v2\/categories?post=404645"},{"taxonomy":"post_tag","embeddable":true,"href":"https:\/\/portaltela.pt\/api\/wp\/v2\/tags?post=404645"}],"curies":[{"name":"wp","href":"https:\/\/api.w.org\/{rel}","templated":true}]}}