{"id":404642,"date":"2026-03-10T11:20:00","date_gmt":"2026-03-10T14:20:00","guid":{"rendered":"https:\/\/portaltela.pt\/noticias\/2026\/03\/10\/thiago-silva-diz-que-seria-sonho-jogar-novamente-com-casemiro-a-frente-da-defesa\/"},"modified":"2026-03-10T11:20:00","modified_gmt":"2026-03-10T14:20:00","slug":"thiago-silva-diz-que-seria-sonho-jogar-novamente-com-casemiro-a-frente-da-defesa","status":"publish","type":"post","link":"https:\/\/portaltela.pt\/desporto\/futebol\/2026\/03\/10\/thiago-silva-diz-que-seria-sonho-jogar-novamente-com-casemiro-a-frente-da-defesa\/","title":{"rendered":"Thiago Silva diz que seria sonho jogar novamente com Casemiro \u00e0 frente da defesa"},"content":{"rendered":"<p>Thiago Silva revelou, em entrevista concedida ao TNT Sports Brasil, que o regresso ao F C Porto tem sido marcado por surpresa e entusiasmo. A conversa decorreu no Museu do F C Porto, apresentado como palco de uma hist\u00f3ria \u00edmpar, onde o defesa descreveu os primeiros meses de volta aos azuis e brancos.<\/p>\n<p>O foco da entrevista foi o desempenho recente do jogador, as impress\u00f5es sobre o espa\u00e7o exibido no museu e a possibilidade de refor\u00e7ar a liga\u00e7\u00e3o com o clube. Silva mostrou-se feliz com o ambiente e com o que tem observado desde a inicia\u00e7\u00e3o do regresso, destacando a responsabilidade que sente para o que resta da \u00e9poca.<\/p>\n<p>A poss\u00edvel dupla com Casemiro mereceu destaque na conversa. O defesa lembrou o hist\u00f3rico do m\u00e9dio brasileiro no Porto e deixou um convite impl\u00edcito para a reaproxima\u00e7\u00e3o, referindo que seria um sonho jogarem juntos novamente na frente da defesa.<\/p>\n<h3>Sobre o clube e o treinador<\/h3>\n<p>Silva reconheceu a diferen\u00e7a de idade para o t\u00e9cnico Farioli, elogiando a energia e o trabalho do comandante de 36 anos. Afirmou que a equipa est\u00e1 bem estruturada, com prepara\u00e7\u00e3o espec\u00edfica para cada advers\u00e1rio e uma abordagem mental s\u00f3lida para os jogos.<\/p>\n<p>O capit\u00e3o brasileiro elogiou tamb\u00e9m o trabalho da equipa t\u00e9cnica, destacando a qualidade das sess\u00f5es, das reuni\u00f5es pr\u00e9-jogo e da prepara\u00e7\u00e3o semanal. Enalteceu a vis\u00e3o do treinador jovem e a forma como tem orientado o plantel.<\/p>\n<h3>Objetivos para a \u00e9poca<\/h3>\n<p>No plano desportivo, o foco mant\u00e9m-se na Liga Portugal, com ambi\u00e7\u00f5es tamb\u00e9m para Ta\u00e7a de Portugal e provas europeias. Silva sublinhou que a prioridade \u00e9 a competi\u00e7\u00e3o interna, sem retirar o foco aos desafios europeus, nomeadamente o Estugarda, advers\u00e1rio da fase seguinte.<\/p>\n<p>O jogador explicou que o regresso ao Porto n\u00e3o foi apenas circunstancial, referindo ter aceite o convite para encerrar um ciclo no clube onde j\u00e1 atuou no passado. Disse que a decis\u00e3o foi tomada com base na hist\u00f3ria e no sentimento de perten\u00e7a ao F C Porto.<\/p>\n<h3>Rea\u00e7\u00f5es e perspetivas<\/h3>\n<p>O defesa destacou a import\u00e2ncia de manter a humildade e o foco, lembrando o pouco tempo de pr\u00e9-\u00e9poca que teve antes do jogo inaugural, frente ao Benfica. Apesar da press\u00e3o de um cl\u00e1ssico, afirmou ter gerido a ansiedade com prepara\u00e7\u00e3o mental e experi\u00eancia.<\/p>\n<p>Para o futuro, Silva deixou claro o desejo de continuar a contribuir para o sucesso do Porto, esperando que o clube encerre o ciclo com t\u00edtulos e consolide a rela\u00e7\u00e3o com o treinador e o plantel.<\/p>\n","protected":false},"excerpt":{"rendered":"<ul>\n<li>Thiago Silva concedeu entrevista no Museu do Futebol Clube do Porto, destacando os primeiros meses de regresso aos azuis e brancos e a emo\u00e7\u00e3o pelo espa\u00e7o.<\/li>\n<li>O defesa brasileiro, de 41 anos, mencionou a possibilidade de formar novamente dupla com Casemiro na frente da defesa, elogiando o campe\u00e3o pela carreira vitoriosa.<\/li>\n<li>Silva elogiou o treinador Jos\u00e9 Farioli, de 36 anos, elogiando a prepara\u00e7\u00e3o da equipa e a energia do grupo, e afirmou que v\u00ea um futuro promissor para o jovem t\u00e9cnico.<\/li>\n<li>Relembrou o regresso ao Porto em janeiro ap\u00f3s passagem pela equipa B em 2005, descrevendo o nervosismo inicial frente ao Benfica e o esfor\u00e7o para manter a tranquilidade com a experi\u00eancia.<\/li>\n<li>Os objetivos do clube passam pela Liga Portugal, seguida da Ta\u00e7a de Portugal e, passo a passo, pela Europa, com especial aten\u00e7\u00e3o ao confronto com o Estugarda.<\/li>\n<\/ul>\n","protected":false},"author":2,"featured_media":404644,"comment_status":"closed","ping_status":"closed","sticky":false,"template":"","format":"standard","meta":{"footnotes":""},"categories":[21,24],"tags":[2454,1229,2028,32,457,2477],"class_list":["post-404642","post","type-post","status-publish","format-standard","has-post-thumbnail","hentry","category-desporto","category-futebol","tag-casemiro","tag-estugarda","tag-fc-porto","tag-futebol","tag-liga-portugal","tag-treinadores"],"yoast_head":"<!-- This site is optimized with the Yoast SEO plugin v27.2 - https:\/\/yoast.com\/product\/yoast-seo-wordpress\/ -->\n<title>Thiago Silva diz que seria sonho jogar novamente com Casemiro \u00e0 frente da defesa - Portal Tela Portugal<\/title>\n<meta name=\"robots\" content=\"index, follow, max-snippet:-1, max-image-preview:large, max-video-preview:-1\" \/>\n<meta property=\"og:locale\" content=\"pt_PT\" \/>\n<meta property=\"og:type\" content=\"article\" \/>\n<meta property=\"og:title\" content=\"Thiago Silva diz que seria sonho jogar novamente com Casemiro \u00e0 frente da defesa - Portal Tela Portugal\" \/>\n<meta property=\"og:description\" content=\"Thiago Silva concedeu entrevista no Museu do Futebol Clube do Porto, destacando os primeiros meses de regresso aos azuis e brancos e a emo\u00e7\u00e3o pelo espa\u00e7o. O defesa brasileiro, de 41 anos, mencionou a possibilidade de formar novamente dupla com Casemiro na frente da defesa, elogiando o campe\u00e3o pela carreira vitoriosa. Silva elogiou o treinador Jos\u00e9 Farioli, de 36 anos, elogiando a prepara\u00e7\u00e3o da equipa e a energia do grupo, e afirmou que v\u00ea um futuro promissor para o jovem t\u00e9cnico. Relembrou o regresso ao Porto em janeiro ap\u00f3s passagem pela equipa B em 2005, descrevendo o nervosismo inicial frente ao Benfica e o esfor\u00e7o para manter a tranquilidade com a experi\u00eancia. Os objetivos do clube passam pela Liga Portugal, seguida da Ta\u00e7a de Portugal e, passo a passo, pela Europa, com especial aten\u00e7\u00e3o ao confronto com o Estugarda.\" \/>\n<meta property=\"og:url\" content=\"https:\/\/portaltela.pt\/noticias\/2026\/03\/10\/thiago-silva-diz-que-seria-sonho-jogar-novamente-com-casemiro-a-frente-da-defesa\/\" \/>\n<meta property=\"og:site_name\" content=\"Portal Tela Portugal\" \/>\n<meta property=\"article:published_time\" content=\"2026-03-10T14:20:00+00:00\" \/>\n<meta name=\"author\" content=\"Telinha\" \/>\n<meta name=\"twitter:card\" content=\"summary_large_image\" \/>\n<meta name=\"twitter:label1\" content=\"Escrito por\" \/>\n\t<meta name=\"twitter:data1\" content=\"Telinha\" \/>\n\t<meta name=\"twitter:label2\" content=\"Tempo estimado de leitura\" \/>\n\t<meta name=\"twitter:data2\" content=\"2 minutos\" \/>\n<script type=\"application\/ld+json\" class=\"yoast-schema-graph\">{\"@context\":\"https:\/\/schema.org\",\"@graph\":[{\"@type\":\"Article\",\"@id\":\"https:\/\/portaltela.pt\/noticias\/2026\/03\/10\/thiago-silva-diz-que-seria-sonho-jogar-novamente-com-casemiro-a-frente-da-defesa\/#article\",\"isPartOf\":{\"@id\":\"https:\/\/portaltela.pt\/noticias\/2026\/03\/10\/thiago-silva-diz-que-seria-sonho-jogar-novamente-com-casemiro-a-frente-da-defesa\/\"},\"author\":{\"name\":\"Telinha\",\"@id\":\"https:\/\/portaltela.pt\/#\/schema\/person\/c4278d4a6028830caff9ee44b42d32ed\"},\"headline\":\"Thiago Silva diz que seria sonho jogar novamente com Casemiro \u00e0 frente da defesa\",\"datePublished\":\"2026-03-10T14:20:00+00:00\",\"mainEntityOfPage\":{\"@id\":\"https:\/\/portaltela.pt\/noticias\/2026\/03\/10\/thiago-silva-diz-que-seria-sonho-jogar-novamente-com-casemiro-a-frente-da-defesa\/\"},\"wordCount\":463,\"image\":{\"@id\":\"https:\/\/portaltela.pt\/noticias\/2026\/03\/10\/thiago-silva-diz-que-seria-sonho-jogar-novamente-com-casemiro-a-frente-da-defesa\/#primaryimage\"},\"thumbnailUrl\":\"https:\/\/portaltela.pt\/s.01k8rhncp4jt1\/2026\/03\/image-42.webp\",\"keywords\":[\"Casemiro\",\"Estugarda\",\"FC Porto\",\"futebol\",\"Liga Portugal\",\"treinadores\"],\"articleSection\":[\"Desporto\",\"Futebol\"],\"inLanguage\":\"pt-PT\"},{\"@type\":\"WebPage\",\"@id\":\"https:\/\/portaltela.pt\/noticias\/2026\/03\/10\/thiago-silva-diz-que-seria-sonho-jogar-novamente-com-casemiro-a-frente-da-defesa\/\",\"url\":\"https:\/\/portaltela.pt\/noticias\/2026\/03\/10\/thiago-silva-diz-que-seria-sonho-jogar-novamente-com-casemiro-a-frente-da-defesa\/\",\"name\":\"Thiago Silva diz que seria sonho jogar novamente com Casemiro \u00e0 frente da defesa - Portal Tela Portugal\",\"isPartOf\":{\"@id\":\"https:\/\/portaltela.pt\/#website\"},\"primaryImageOfPage\":{\"@id\":\"https:\/\/portaltela.pt\/noticias\/2026\/03\/10\/thiago-silva-diz-que-seria-sonho-jogar-novamente-com-casemiro-a-frente-da-defesa\/#primaryimage\"},\"image\":{\"@id\":\"https:\/\/portaltela.pt\/noticias\/2026\/03\/10\/thiago-silva-diz-que-seria-sonho-jogar-novamente-com-casemiro-a-frente-da-defesa\/#primaryimage\"},\"thumbnailUrl\":\"https:\/\/portaltela.pt\/s.01k8rhncp4jt1\/2026\/03\/image-42.webp\",\"datePublished\":\"2026-03-10T14:20:00+00:00\",\"author\":{\"@id\":\"https:\/\/portaltela.pt\/#\/schema\/person\/c4278d4a6028830caff9ee44b42d32ed\"},\"breadcrumb\":{\"@id\":\"https:\/\/portaltela.pt\/noticias\/2026\/03\/10\/thiago-silva-diz-que-seria-sonho-jogar-novamente-com-casemiro-a-frente-da-defesa\/#breadcrumb\"},\"inLanguage\":\"pt-PT\",\"potentialAction\":[{\"@type\":\"ReadAction\",\"target\":[\"https:\/\/portaltela.pt\/noticias\/2026\/03\/10\/thiago-silva-diz-que-seria-sonho-jogar-novamente-com-casemiro-a-frente-da-defesa\/\"]}]},{\"@type\":\"ImageObject\",\"inLanguage\":\"pt-PT\",\"@id\":\"https:\/\/portaltela.pt\/noticias\/2026\/03\/10\/thiago-silva-diz-que-seria-sonho-jogar-novamente-com-casemiro-a-frente-da-defesa\/#primaryimage\",\"url\":\"https:\/\/portaltela.pt\/s.01k8rhncp4jt1\/2026\/03\/image-42.webp\",\"contentUrl\":\"https:\/\/portaltela.pt\/s.01k8rhncp4jt1\/2026\/03\/image-42.webp\",\"width\":1200,\"height\":858,\"caption\":\"Thiago Silva regressou ao F. C. Porto em janeiro\"},{\"@type\":\"BreadcrumbList\",\"@id\":\"https:\/\/portaltela.pt\/noticias\/2026\/03\/10\/thiago-silva-diz-que-seria-sonho-jogar-novamente-com-casemiro-a-frente-da-defesa\/#breadcrumb\",\"itemListElement\":[{\"@type\":\"ListItem\",\"position\":1,\"name\":\"In\u00edcio\",\"item\":\"https:\/\/portaltela.pt\/\"},{\"@type\":\"ListItem\",\"position\":2,\"name\":\"Thiago Silva diz que seria sonho jogar novamente com Casemiro \u00e0 frente da defesa\"}]},{\"@type\":\"WebSite\",\"@id\":\"https:\/\/portaltela.pt\/#website\",\"url\":\"https:\/\/portaltela.pt\/\",\"name\":\"Portal Tela Portugal\",\"description\":\"\",\"potentialAction\":[{\"@type\":\"SearchAction\",\"target\":{\"@type\":\"EntryPoint\",\"urlTemplate\":\"https:\/\/portaltela.pt\/?s={search_term_string}\"},\"query-input\":{\"@type\":\"PropertyValueSpecification\",\"valueRequired\":true,\"valueName\":\"search_term_string\"}}],\"inLanguage\":\"pt-PT\"},{\"@type\":\"Person\",\"@id\":\"https:\/\/portaltela.pt\/#\/schema\/person\/c4278d4a6028830caff9ee44b42d32ed\",\"name\":\"Telinha\",\"image\":{\"@type\":\"ImageObject\",\"inLanguage\":\"pt-PT\",\"@id\":\"https:\/\/portaltela.pt\/s.01k8rhncp4jt1\/2025\/11\/talking-bot-125x125.png\",\"url\":\"https:\/\/portaltela.pt\/s.01k8rhncp4jt1\/2025\/11\/talking-bot-125x125.png\",\"contentUrl\":\"https:\/\/portaltela.pt\/s.01k8rhncp4jt1\/2025\/11\/talking-bot-125x125.png\",\"caption\":\"Telinha\"},\"sameAs\":[\"https:\/\/portaltela.pt\/\"],\"url\":\"https:\/\/portaltela.pt\/por\/367410592786\/\"}]}<\/script>\n<!-- \/ Yoast SEO plugin. -->","yoast_head_json":{"title":"Thiago Silva diz que seria sonho jogar novamente com Casemiro \u00e0 frente da defesa - Portal Tela Portugal","robots":{"index":"index","follow":"follow","max-snippet":"max-snippet:-1","max-image-preview":"max-image-preview:large","max-video-preview":"max-video-preview:-1"},"og_locale":"pt_PT","og_type":"article","og_title":"Thiago Silva diz que seria sonho jogar novamente com Casemiro \u00e0 frente da defesa - Portal Tela Portugal","og_description":"Thiago Silva concedeu entrevista no Museu do Futebol Clube do Porto, destacando os primeiros meses de regresso aos azuis e brancos e a emo\u00e7\u00e3o pelo espa\u00e7o. O defesa brasileiro, de 41 anos, mencionou a possibilidade de formar novamente dupla com Casemiro na frente da defesa, elogiando o campe\u00e3o pela carreira vitoriosa. Silva elogiou o treinador Jos\u00e9 Farioli, de 36 anos, elogiando a prepara\u00e7\u00e3o da equipa e a energia do grupo, e afirmou que v\u00ea um futuro promissor para o jovem t\u00e9cnico. Relembrou o regresso ao Porto em janeiro ap\u00f3s passagem pela equipa B em 2005, descrevendo o nervosismo inicial frente ao Benfica e o esfor\u00e7o para manter a tranquilidade com a experi\u00eancia. Os objetivos do clube passam pela Liga Portugal, seguida da Ta\u00e7a de Portugal e, passo a passo, pela Europa, com especial aten\u00e7\u00e3o ao confronto com o Estugarda.","og_url":"https:\/\/portaltela.pt\/noticias\/2026\/03\/10\/thiago-silva-diz-que-seria-sonho-jogar-novamente-com-casemiro-a-frente-da-defesa\/","og_site_name":"Portal Tela Portugal","article_published_time":"2026-03-10T14:20:00+00:00","author":"Telinha","twitter_card":"summary_large_image","twitter_misc":{"Escrito por":"Telinha","Tempo estimado de leitura":"2 minutos"},"schema":{"@context":"https:\/\/schema.org","@graph":[{"@type":"Article","@id":"https:\/\/portaltela.pt\/noticias\/2026\/03\/10\/thiago-silva-diz-que-seria-sonho-jogar-novamente-com-casemiro-a-frente-da-defesa\/#article","isPartOf":{"@id":"https:\/\/portaltela.pt\/noticias\/2026\/03\/10\/thiago-silva-diz-que-seria-sonho-jogar-novamente-com-casemiro-a-frente-da-defesa\/"},"author":{"name":"Telinha","@id":"https:\/\/portaltela.pt\/#\/schema\/person\/c4278d4a6028830caff9ee44b42d32ed"},"headline":"Thiago Silva diz que seria sonho jogar novamente com Casemiro \u00e0 frente da defesa","datePublished":"2026-03-10T14:20:00+00:00","mainEntityOfPage":{"@id":"https:\/\/portaltela.pt\/noticias\/2026\/03\/10\/thiago-silva-diz-que-seria-sonho-jogar-novamente-com-casemiro-a-frente-da-defesa\/"},"wordCount":463,"image":{"@id":"https:\/\/portaltela.pt\/noticias\/2026\/03\/10\/thiago-silva-diz-que-seria-sonho-jogar-novamente-com-casemiro-a-frente-da-defesa\/#primaryimage"},"thumbnailUrl":"https:\/\/portaltela.pt\/s.01k8rhncp4jt1\/2026\/03\/image-42.webp","keywords":["Casemiro","Estugarda","FC Porto","futebol","Liga Portugal","treinadores"],"articleSection":["Desporto","Futebol"],"inLanguage":"pt-PT"},{"@type":"WebPage","@id":"https:\/\/portaltela.pt\/noticias\/2026\/03\/10\/thiago-silva-diz-que-seria-sonho-jogar-novamente-com-casemiro-a-frente-da-defesa\/","url":"https:\/\/portaltela.pt\/noticias\/2026\/03\/10\/thiago-silva-diz-que-seria-sonho-jogar-novamente-com-casemiro-a-frente-da-defesa\/","name":"Thiago Silva diz que seria sonho jogar novamente com Casemiro \u00e0 frente da defesa - Portal Tela Portugal","isPartOf":{"@id":"https:\/\/portaltela.pt\/#website"},"primaryImageOfPage":{"@id":"https:\/\/portaltela.pt\/noticias\/2026\/03\/10\/thiago-silva-diz-que-seria-sonho-jogar-novamente-com-casemiro-a-frente-da-defesa\/#primaryimage"},"image":{"@id":"https:\/\/portaltela.pt\/noticias\/2026\/03\/10\/thiago-silva-diz-que-seria-sonho-jogar-novamente-com-casemiro-a-frente-da-defesa\/#primaryimage"},"thumbnailUrl":"https:\/\/portaltela.pt\/s.01k8rhncp4jt1\/2026\/03\/image-42.webp","datePublished":"2026-03-10T14:20:00+00:00","author":{"@id":"https:\/\/portaltela.pt\/#\/schema\/person\/c4278d4a6028830caff9ee44b42d32ed"},"breadcrumb":{"@id":"https:\/\/portaltela.pt\/noticias\/2026\/03\/10\/thiago-silva-diz-que-seria-sonho-jogar-novamente-com-casemiro-a-frente-da-defesa\/#breadcrumb"},"inLanguage":"pt-PT","potentialAction":[{"@type":"ReadAction","target":["https:\/\/portaltela.pt\/noticias\/2026\/03\/10\/thiago-silva-diz-que-seria-sonho-jogar-novamente-com-casemiro-a-frente-da-defesa\/"]}]},{"@type":"ImageObject","inLanguage":"pt-PT","@id":"https:\/\/portaltela.pt\/noticias\/2026\/03\/10\/thiago-silva-diz-que-seria-sonho-jogar-novamente-com-casemiro-a-frente-da-defesa\/#primaryimage","url":"https:\/\/portaltela.pt\/s.01k8rhncp4jt1\/2026\/03\/image-42.webp","contentUrl":"https:\/\/portaltela.pt\/s.01k8rhncp4jt1\/2026\/03\/image-42.webp","width":1200,"height":858,"caption":"Thiago Silva regressou ao F. C. Porto em janeiro"},{"@type":"BreadcrumbList","@id":"https:\/\/portaltela.pt\/noticias\/2026\/03\/10\/thiago-silva-diz-que-seria-sonho-jogar-novamente-com-casemiro-a-frente-da-defesa\/#breadcrumb","itemListElement":[{"@type":"ListItem","position":1,"name":"In\u00edcio","item":"https:\/\/portaltela.pt\/"},{"@type":"ListItem","position":2,"name":"Thiago Silva diz que seria sonho jogar novamente com Casemiro \u00e0 frente da defesa"}]},{"@type":"WebSite","@id":"https:\/\/portaltela.pt\/#website","url":"https:\/\/portaltela.pt\/","name":"Portal Tela Portugal","description":"","potentialAction":[{"@type":"SearchAction","target":{"@type":"EntryPoint","urlTemplate":"https:\/\/portaltela.pt\/?s={search_term_string}"},"query-input":{"@type":"PropertyValueSpecification","valueRequired":true,"valueName":"search_term_string"}}],"inLanguage":"pt-PT"},{"@type":"Person","@id":"https:\/\/portaltela.pt\/#\/schema\/person\/c4278d4a6028830caff9ee44b42d32ed","name":"Telinha","image":{"@type":"ImageObject","inLanguage":"pt-PT","@id":"https:\/\/portaltela.pt\/s.01k8rhncp4jt1\/2025\/11\/talking-bot-125x125.png","url":"https:\/\/portaltela.pt\/s.01k8rhncp4jt1\/2025\/11\/talking-bot-125x125.png","contentUrl":"https:\/\/portaltela.pt\/s.01k8rhncp4jt1\/2025\/11\/talking-bot-125x125.png","caption":"Telinha"},"sameAs":["https:\/\/portaltela.pt\/"],"url":"https:\/\/portaltela.pt\/por\/367410592786\/"}]}},"_links":{"self":[{"href":"https:\/\/portaltela.pt\/api\/wp\/v2\/posts\/404642","targetHints":{"allow":["GET"]}}],"collection":[{"href":"https:\/\/portaltela.pt\/api\/wp\/v2\/posts"}],"about":[{"href":"https:\/\/portaltela.pt\/api\/wp\/v2\/types\/post"}],"author":[{"embeddable":true,"href":"https:\/\/portaltela.pt\/api\/wp\/v2\/users\/2"}],"replies":[{"embeddable":true,"href":"https:\/\/portaltela.pt\/api\/wp\/v2\/comments?post=404642"}],"version-history":[{"count":0,"href":"https:\/\/portaltela.pt\/api\/wp\/v2\/posts\/404642\/revisions"}],"wp:featuredmedia":[{"embeddable":true,"href":"https:\/\/portaltela.pt\/api\/wp\/v2\/media\/404644"}],"wp:attachment":[{"href":"https:\/\/portaltela.pt\/api\/wp\/v2\/media?parent=404642"}],"wp:term":[{"taxonomy":"category","embeddable":true,"href":"https:\/\/portaltela.pt\/api\/wp\/v2\/categories?post=404642"},{"taxonomy":"post_tag","embeddable":true,"href":"https:\/\/portaltela.pt\/api\/wp\/v2\/tags?post=404642"}],"curies":[{"name":"wp","href":"https:\/\/api.w.org\/{rel}","templated":true}]}}