{"id":404641,"date":"2026-03-10T11:05:00","date_gmt":"2026-03-10T14:05:00","guid":{"rendered":"https:\/\/portaltela.pt\/noticias\/2026\/03\/10\/chega-a-feira-da-foda-considerada-a-feira-mais-saborosa-de-portugal\/"},"modified":"2026-03-10T11:05:00","modified_gmt":"2026-03-10T14:05:00","slug":"chega-a-feira-da-foda-considerada-a-feira-mais-saborosa-de-portugal","status":"publish","type":"post","link":"https:\/\/portaltela.pt\/noticias\/2026\/03\/10\/chega-a-feira-da-foda-considerada-a-feira-mais-saborosa-de-portugal\/","title":{"rendered":"Chega a Feira da Foda, considerada a feira mais saborosa de Portugal"},"content":{"rendered":"<p>A Feira da Foda volta em Pias, Mon\u00e7\u00e3o, de 13 a 15 de Mar\u00e7o, com a promessa de ser a \u201cfeira mais saborosa de Portugal\u201d. O foco continua no Cordeiro \u00e0 Moda de Mon\u00e7\u00e3o, conhecido popularmente por Foda \u00e0 Mon\u00e7\u00e3o, que j\u00e1 \u00e9 reconhecido como patrim\u00f3nio gastron\u00f3mico regional.<\/p>\n<p>A edi\u00e7\u00e3o de 2026 mant\u00e9m a base tradicional e introduz novidades. Al\u00e9m das degusta\u00e7\u00f5es do prato emblem\u00e1tico, haver\u00e1 a tosquia ao vivo, a Feira da R\u00eas e v\u00e1rias atua\u00e7\u00f5es musicais ao longo do evento.<\/p>\n<p>A organiza\u00e7\u00e3o fica a cargo da Junta de Freguesia de Pias e da Confraria Gastron\u00f3mica, com o objetivo de atrair visitantes e promover o prato hist\u00f3rico do concelho de Mon\u00e7\u00e3o. Estima-se uma aflu\u00eancia em torno de 50 mil pessoas.<\/p>\n<h3>Programa\u00e7\u00e3o e atividades<\/h3>\n<p>O certame inclui tasquinhas com petiscos t\u00edpicos e uma oferta variada de bebidas, incluindo vinhos do Minho. Provas de Alvarinho, tinto e espumantes da regi\u00e3o integram a programa\u00e7\u00e3o, assim como provas de vinho associadas ao tema da Foda.<\/p>\n<p>Entre os atrativos, est\u00e1 a performance da Arte da Tosquia ao vivo, o espa\u00e7o dedicado \u00e0 R\u00eas e v\u00e1rias propostas musicais, desde concertinas a DJs, passando por bombos e folclore. O festival encerra com um concerto dos Sons do Minho.<\/p>\n<h3>Organiza\u00e7\u00e3o, funcionamento e modelo de participa\u00e7\u00e3o<\/h3>\n<p>Os visitantes podem reservar kits gastron\u00f3micos no site oficial, com op\u00e7\u00f5es para uma ou duas pessoas, que incluem prato de barro, utens\u00edlios e, naturalmente, a dose de Foda \u00e0 Moda de Mon\u00e7\u00e3o. O evento permanece centrado na promo\u00e7\u00e3o da autenticidade do prato local.<\/p>\n","protected":false},"excerpt":{"rendered":"<ul>\n<li>De 13 a 15 de mar\u00e7o, a Feira da Foda realiza-se em Pias, Mon\u00e7\u00e3o, antecipando mais de 50 mil visitas.<\/li>\n<li>O evento \u00e9 dedicado ao Cordeiro \u00e0 Moda de Mon\u00e7\u00e3o, conhecido popularmente como \u201cFoda \u00e0 Mon\u00e7\u00e3o\u201d, e j\u00e1 foi distinguido como uma das sete Maravilhas gastron\u00f3micas de Portugal.<\/li>\n<li>Al\u00e9m de degusta\u00e7\u00f5es do cordeiro, h\u00e1 novidades como a Arte da Tosquia ao vivo, a Feira da R\u00eas e muita m\u00fasica ao vivo, com concertinas, DJ, bombos e folclore.<\/li>\n<li>A organiza\u00e7\u00e3o \u00e9 da freguesia de Pias e da Confraria da Foda, mantendo a aposta cultural e tur\u00edstica da regi\u00e3o.<\/li>\n<li>No site oficial j\u00e1 \u00e9 poss\u00edvel reservar kits gastron\u00f3micos (25 euros por kit, 45 euros para dois), que incluem dose de Foda, prato, copo, talheres e outros itens.<\/li>\n<\/ul>\n","protected":false},"author":2,"featured_media":404643,"comment_status":"closed","ping_status":"closed","sticky":false,"template":"","format":"standard","meta":{"footnotes":""},"categories":[1],"tags":[778,3674,219,2000,5586,779],"class_list":["post-404641","post","type-post","status-publish","format-standard","has-post-thumbnail","hentry","category-noticias","tag-comida","tag-festival","tag-gastronomia","tag-moncao","tag-vinho","tag-vinhos"],"yoast_head":"<!-- This site is optimized with the Yoast SEO plugin v27.2 - https:\/\/yoast.com\/product\/yoast-seo-wordpress\/ -->\n<title>Chega a Feira da Foda, considerada a feira mais saborosa de Portugal - Portal Tela Portugal<\/title>\n<meta name=\"robots\" content=\"index, follow, max-snippet:-1, max-image-preview:large, max-video-preview:-1\" \/>\n<meta property=\"og:locale\" content=\"pt_PT\" \/>\n<meta property=\"og:type\" content=\"article\" \/>\n<meta property=\"og:title\" content=\"Chega a Feira da Foda, considerada a feira mais saborosa de Portugal - Portal Tela Portugal\" \/>\n<meta property=\"og:description\" content=\"De 13 a 15 de mar\u00e7o, a Feira da Foda realiza-se em Pias, Mon\u00e7\u00e3o, antecipando mais de 50 mil visitas. O evento \u00e9 dedicado ao Cordeiro \u00e0 Moda de Mon\u00e7\u00e3o, conhecido popularmente como \u201cFoda \u00e0 Mon\u00e7\u00e3o\u201d, e j\u00e1 foi distinguido como uma das sete Maravilhas gastron\u00f3micas de Portugal. Al\u00e9m de degusta\u00e7\u00f5es do cordeiro, h\u00e1 novidades como a Arte da Tosquia ao vivo, a Feira da R\u00eas e muita m\u00fasica ao vivo, com concertinas, DJ, bombos e folclore. A organiza\u00e7\u00e3o \u00e9 da freguesia de Pias e da Confraria da Foda, mantendo a aposta cultural e tur\u00edstica da regi\u00e3o. No site oficial j\u00e1 \u00e9 poss\u00edvel reservar kits gastron\u00f3micos (25 euros por kit, 45 euros para dois), que incluem dose de Foda, prato, copo, talheres e outros itens.\" \/>\n<meta property=\"og:url\" content=\"https:\/\/portaltela.pt\/noticias\/2026\/03\/10\/chega-a-feira-da-foda-considerada-a-feira-mais-saborosa-de-portugal\/\" \/>\n<meta property=\"og:site_name\" content=\"Portal Tela Portugal\" \/>\n<meta property=\"article:published_time\" content=\"2026-03-10T14:05:00+00:00\" \/>\n<meta name=\"author\" content=\"Telinha\" \/>\n<meta name=\"twitter:card\" content=\"summary_large_image\" \/>\n<meta name=\"twitter:label1\" content=\"Escrito por\" \/>\n\t<meta name=\"twitter:data1\" content=\"Telinha\" \/>\n\t<meta name=\"twitter:label2\" content=\"Tempo estimado de leitura\" \/>\n\t<meta name=\"twitter:data2\" content=\"1 minuto\" \/>\n<script type=\"application\/ld+json\" class=\"yoast-schema-graph\">{\"@context\":\"https:\/\/schema.org\",\"@graph\":[{\"@type\":\"Article\",\"@id\":\"https:\/\/portaltela.pt\/noticias\/2026\/03\/10\/chega-a-feira-da-foda-considerada-a-feira-mais-saborosa-de-portugal\/#article\",\"isPartOf\":{\"@id\":\"https:\/\/portaltela.pt\/noticias\/2026\/03\/10\/chega-a-feira-da-foda-considerada-a-feira-mais-saborosa-de-portugal\/\"},\"author\":{\"name\":\"Telinha\",\"@id\":\"https:\/\/portaltela.pt\/#\/schema\/person\/c4278d4a6028830caff9ee44b42d32ed\"},\"headline\":\"Chega a Feira da Foda, considerada a feira mais saborosa de Portugal\",\"datePublished\":\"2026-03-10T14:05:00+00:00\",\"mainEntityOfPage\":{\"@id\":\"https:\/\/portaltela.pt\/noticias\/2026\/03\/10\/chega-a-feira-da-foda-considerada-a-feira-mais-saborosa-de-portugal\/\"},\"wordCount\":287,\"image\":{\"@id\":\"https:\/\/portaltela.pt\/noticias\/2026\/03\/10\/chega-a-feira-da-foda-considerada-a-feira-mais-saborosa-de-portugal\/#primaryimage\"},\"thumbnailUrl\":\"https:\/\/portaltela.pt\/s.01k8rhncp4jt1\/2026\/03\/2073035.jpg\",\"keywords\":[\"comida\",\"festival\",\"gastronomia\",\"Mon\u00e7\u00e3o\",\"vinho\",\"vinhos\"],\"articleSection\":[\"Not\u00edcias\"],\"inLanguage\":\"pt-PT\"},{\"@type\":\"WebPage\",\"@id\":\"https:\/\/portaltela.pt\/noticias\/2026\/03\/10\/chega-a-feira-da-foda-considerada-a-feira-mais-saborosa-de-portugal\/\",\"url\":\"https:\/\/portaltela.pt\/noticias\/2026\/03\/10\/chega-a-feira-da-foda-considerada-a-feira-mais-saborosa-de-portugal\/\",\"name\":\"Chega a Feira da Foda, considerada a feira mais saborosa de Portugal - Portal Tela Portugal\",\"isPartOf\":{\"@id\":\"https:\/\/portaltela.pt\/#website\"},\"primaryImageOfPage\":{\"@id\":\"https:\/\/portaltela.pt\/noticias\/2026\/03\/10\/chega-a-feira-da-foda-considerada-a-feira-mais-saborosa-de-portugal\/#primaryimage\"},\"image\":{\"@id\":\"https:\/\/portaltela.pt\/noticias\/2026\/03\/10\/chega-a-feira-da-foda-considerada-a-feira-mais-saborosa-de-portugal\/#primaryimage\"},\"thumbnailUrl\":\"https:\/\/portaltela.pt\/s.01k8rhncp4jt1\/2026\/03\/2073035.jpg\",\"datePublished\":\"2026-03-10T14:05:00+00:00\",\"author\":{\"@id\":\"https:\/\/portaltela.pt\/#\/schema\/person\/c4278d4a6028830caff9ee44b42d32ed\"},\"breadcrumb\":{\"@id\":\"https:\/\/portaltela.pt\/noticias\/2026\/03\/10\/chega-a-feira-da-foda-considerada-a-feira-mais-saborosa-de-portugal\/#breadcrumb\"},\"inLanguage\":\"pt-PT\",\"potentialAction\":[{\"@type\":\"ReadAction\",\"target\":[\"https:\/\/portaltela.pt\/noticias\/2026\/03\/10\/chega-a-feira-da-foda-considerada-a-feira-mais-saborosa-de-portugal\/\"]}]},{\"@type\":\"ImageObject\",\"inLanguage\":\"pt-PT\",\"@id\":\"https:\/\/portaltela.pt\/noticias\/2026\/03\/10\/chega-a-feira-da-foda-considerada-a-feira-mais-saborosa-de-portugal\/#primaryimage\",\"url\":\"https:\/\/portaltela.pt\/s.01k8rhncp4jt1\/2026\/03\/2073035.jpg\",\"contentUrl\":\"https:\/\/portaltela.pt\/s.01k8rhncp4jt1\/2026\/03\/2073035.jpg\",\"width\":796,\"height\":448,\"caption\":\"No centro de tudo, o Cordeiro \u00e0 Moda de Mon\u00e7\u00e3o, ou mais popularmente a Foda \u00e0 Mon\u00e7\u00e3o\"},{\"@type\":\"BreadcrumbList\",\"@id\":\"https:\/\/portaltela.pt\/noticias\/2026\/03\/10\/chega-a-feira-da-foda-considerada-a-feira-mais-saborosa-de-portugal\/#breadcrumb\",\"itemListElement\":[{\"@type\":\"ListItem\",\"position\":1,\"name\":\"In\u00edcio\",\"item\":\"https:\/\/portaltela.pt\/\"},{\"@type\":\"ListItem\",\"position\":2,\"name\":\"Chega a Feira da Foda, considerada a feira mais saborosa de Portugal\"}]},{\"@type\":\"WebSite\",\"@id\":\"https:\/\/portaltela.pt\/#website\",\"url\":\"https:\/\/portaltela.pt\/\",\"name\":\"Portal Tela Portugal\",\"description\":\"\",\"potentialAction\":[{\"@type\":\"SearchAction\",\"target\":{\"@type\":\"EntryPoint\",\"urlTemplate\":\"https:\/\/portaltela.pt\/?s={search_term_string}\"},\"query-input\":{\"@type\":\"PropertyValueSpecification\",\"valueRequired\":true,\"valueName\":\"search_term_string\"}}],\"inLanguage\":\"pt-PT\"},{\"@type\":\"Person\",\"@id\":\"https:\/\/portaltela.pt\/#\/schema\/person\/c4278d4a6028830caff9ee44b42d32ed\",\"name\":\"Telinha\",\"image\":{\"@type\":\"ImageObject\",\"inLanguage\":\"pt-PT\",\"@id\":\"https:\/\/portaltela.pt\/s.01k8rhncp4jt1\/2025\/11\/talking-bot-125x125.png\",\"url\":\"https:\/\/portaltela.pt\/s.01k8rhncp4jt1\/2025\/11\/talking-bot-125x125.png\",\"contentUrl\":\"https:\/\/portaltela.pt\/s.01k8rhncp4jt1\/2025\/11\/talking-bot-125x125.png\",\"caption\":\"Telinha\"},\"sameAs\":[\"https:\/\/portaltela.pt\/\"],\"url\":\"https:\/\/portaltela.pt\/por\/367410592786\/\"}]}<\/script>\n<!-- \/ Yoast SEO plugin. -->","yoast_head_json":{"title":"Chega a Feira da Foda, considerada a feira mais saborosa de Portugal - Portal Tela Portugal","robots":{"index":"index","follow":"follow","max-snippet":"max-snippet:-1","max-image-preview":"max-image-preview:large","max-video-preview":"max-video-preview:-1"},"og_locale":"pt_PT","og_type":"article","og_title":"Chega a Feira da Foda, considerada a feira mais saborosa de Portugal - Portal Tela Portugal","og_description":"De 13 a 15 de mar\u00e7o, a Feira da Foda realiza-se em Pias, Mon\u00e7\u00e3o, antecipando mais de 50 mil visitas. O evento \u00e9 dedicado ao Cordeiro \u00e0 Moda de Mon\u00e7\u00e3o, conhecido popularmente como \u201cFoda \u00e0 Mon\u00e7\u00e3o\u201d, e j\u00e1 foi distinguido como uma das sete Maravilhas gastron\u00f3micas de Portugal. Al\u00e9m de degusta\u00e7\u00f5es do cordeiro, h\u00e1 novidades como a Arte da Tosquia ao vivo, a Feira da R\u00eas e muita m\u00fasica ao vivo, com concertinas, DJ, bombos e folclore. A organiza\u00e7\u00e3o \u00e9 da freguesia de Pias e da Confraria da Foda, mantendo a aposta cultural e tur\u00edstica da regi\u00e3o. No site oficial j\u00e1 \u00e9 poss\u00edvel reservar kits gastron\u00f3micos (25 euros por kit, 45 euros para dois), que incluem dose de Foda, prato, copo, talheres e outros itens.","og_url":"https:\/\/portaltela.pt\/noticias\/2026\/03\/10\/chega-a-feira-da-foda-considerada-a-feira-mais-saborosa-de-portugal\/","og_site_name":"Portal Tela Portugal","article_published_time":"2026-03-10T14:05:00+00:00","author":"Telinha","twitter_card":"summary_large_image","twitter_misc":{"Escrito por":"Telinha","Tempo estimado de leitura":"1 minuto"},"schema":{"@context":"https:\/\/schema.org","@graph":[{"@type":"Article","@id":"https:\/\/portaltela.pt\/noticias\/2026\/03\/10\/chega-a-feira-da-foda-considerada-a-feira-mais-saborosa-de-portugal\/#article","isPartOf":{"@id":"https:\/\/portaltela.pt\/noticias\/2026\/03\/10\/chega-a-feira-da-foda-considerada-a-feira-mais-saborosa-de-portugal\/"},"author":{"name":"Telinha","@id":"https:\/\/portaltela.pt\/#\/schema\/person\/c4278d4a6028830caff9ee44b42d32ed"},"headline":"Chega a Feira da Foda, considerada a feira mais saborosa de Portugal","datePublished":"2026-03-10T14:05:00+00:00","mainEntityOfPage":{"@id":"https:\/\/portaltela.pt\/noticias\/2026\/03\/10\/chega-a-feira-da-foda-considerada-a-feira-mais-saborosa-de-portugal\/"},"wordCount":287,"image":{"@id":"https:\/\/portaltela.pt\/noticias\/2026\/03\/10\/chega-a-feira-da-foda-considerada-a-feira-mais-saborosa-de-portugal\/#primaryimage"},"thumbnailUrl":"https:\/\/portaltela.pt\/s.01k8rhncp4jt1\/2026\/03\/2073035.jpg","keywords":["comida","festival","gastronomia","Mon\u00e7\u00e3o","vinho","vinhos"],"articleSection":["Not\u00edcias"],"inLanguage":"pt-PT"},{"@type":"WebPage","@id":"https:\/\/portaltela.pt\/noticias\/2026\/03\/10\/chega-a-feira-da-foda-considerada-a-feira-mais-saborosa-de-portugal\/","url":"https:\/\/portaltela.pt\/noticias\/2026\/03\/10\/chega-a-feira-da-foda-considerada-a-feira-mais-saborosa-de-portugal\/","name":"Chega a Feira da Foda, considerada a feira mais saborosa de Portugal - Portal Tela Portugal","isPartOf":{"@id":"https:\/\/portaltela.pt\/#website"},"primaryImageOfPage":{"@id":"https:\/\/portaltela.pt\/noticias\/2026\/03\/10\/chega-a-feira-da-foda-considerada-a-feira-mais-saborosa-de-portugal\/#primaryimage"},"image":{"@id":"https:\/\/portaltela.pt\/noticias\/2026\/03\/10\/chega-a-feira-da-foda-considerada-a-feira-mais-saborosa-de-portugal\/#primaryimage"},"thumbnailUrl":"https:\/\/portaltela.pt\/s.01k8rhncp4jt1\/2026\/03\/2073035.jpg","datePublished":"2026-03-10T14:05:00+00:00","author":{"@id":"https:\/\/portaltela.pt\/#\/schema\/person\/c4278d4a6028830caff9ee44b42d32ed"},"breadcrumb":{"@id":"https:\/\/portaltela.pt\/noticias\/2026\/03\/10\/chega-a-feira-da-foda-considerada-a-feira-mais-saborosa-de-portugal\/#breadcrumb"},"inLanguage":"pt-PT","potentialAction":[{"@type":"ReadAction","target":["https:\/\/portaltela.pt\/noticias\/2026\/03\/10\/chega-a-feira-da-foda-considerada-a-feira-mais-saborosa-de-portugal\/"]}]},{"@type":"ImageObject","inLanguage":"pt-PT","@id":"https:\/\/portaltela.pt\/noticias\/2026\/03\/10\/chega-a-feira-da-foda-considerada-a-feira-mais-saborosa-de-portugal\/#primaryimage","url":"https:\/\/portaltela.pt\/s.01k8rhncp4jt1\/2026\/03\/2073035.jpg","contentUrl":"https:\/\/portaltela.pt\/s.01k8rhncp4jt1\/2026\/03\/2073035.jpg","width":796,"height":448,"caption":"No centro de tudo, o Cordeiro \u00e0 Moda de Mon\u00e7\u00e3o, ou mais popularmente a Foda \u00e0 Mon\u00e7\u00e3o"},{"@type":"BreadcrumbList","@id":"https:\/\/portaltela.pt\/noticias\/2026\/03\/10\/chega-a-feira-da-foda-considerada-a-feira-mais-saborosa-de-portugal\/#breadcrumb","itemListElement":[{"@type":"ListItem","position":1,"name":"In\u00edcio","item":"https:\/\/portaltela.pt\/"},{"@type":"ListItem","position":2,"name":"Chega a Feira da Foda, considerada a feira mais saborosa de Portugal"}]},{"@type":"WebSite","@id":"https:\/\/portaltela.pt\/#website","url":"https:\/\/portaltela.pt\/","name":"Portal Tela Portugal","description":"","potentialAction":[{"@type":"SearchAction","target":{"@type":"EntryPoint","urlTemplate":"https:\/\/portaltela.pt\/?s={search_term_string}"},"query-input":{"@type":"PropertyValueSpecification","valueRequired":true,"valueName":"search_term_string"}}],"inLanguage":"pt-PT"},{"@type":"Person","@id":"https:\/\/portaltela.pt\/#\/schema\/person\/c4278d4a6028830caff9ee44b42d32ed","name":"Telinha","image":{"@type":"ImageObject","inLanguage":"pt-PT","@id":"https:\/\/portaltela.pt\/s.01k8rhncp4jt1\/2025\/11\/talking-bot-125x125.png","url":"https:\/\/portaltela.pt\/s.01k8rhncp4jt1\/2025\/11\/talking-bot-125x125.png","contentUrl":"https:\/\/portaltela.pt\/s.01k8rhncp4jt1\/2025\/11\/talking-bot-125x125.png","caption":"Telinha"},"sameAs":["https:\/\/portaltela.pt\/"],"url":"https:\/\/portaltela.pt\/por\/367410592786\/"}]}},"_links":{"self":[{"href":"https:\/\/portaltela.pt\/api\/wp\/v2\/posts\/404641","targetHints":{"allow":["GET"]}}],"collection":[{"href":"https:\/\/portaltela.pt\/api\/wp\/v2\/posts"}],"about":[{"href":"https:\/\/portaltela.pt\/api\/wp\/v2\/types\/post"}],"author":[{"embeddable":true,"href":"https:\/\/portaltela.pt\/api\/wp\/v2\/users\/2"}],"replies":[{"embeddable":true,"href":"https:\/\/portaltela.pt\/api\/wp\/v2\/comments?post=404641"}],"version-history":[{"count":0,"href":"https:\/\/portaltela.pt\/api\/wp\/v2\/posts\/404641\/revisions"}],"wp:featuredmedia":[{"embeddable":true,"href":"https:\/\/portaltela.pt\/api\/wp\/v2\/media\/404643"}],"wp:attachment":[{"href":"https:\/\/portaltela.pt\/api\/wp\/v2\/media?parent=404641"}],"wp:term":[{"taxonomy":"category","embeddable":true,"href":"https:\/\/portaltela.pt\/api\/wp\/v2\/categories?post=404641"},{"taxonomy":"post_tag","embeddable":true,"href":"https:\/\/portaltela.pt\/api\/wp\/v2\/tags?post=404641"}],"curies":[{"name":"wp","href":"https:\/\/api.w.org\/{rel}","templated":true}]}}