{"id":404616,"date":"2026-03-10T10:59:00","date_gmt":"2026-03-10T13:59:00","guid":{"rendered":"https:\/\/portaltela.pt\/noticias\/2026\/03\/10\/seguro-pressiona-governo-por-menos-palavras-e-mais-atos-nos-apoios-prometidos\/"},"modified":"2026-03-10T10:59:00","modified_gmt":"2026-03-10T13:59:00","slug":"seguro-pressiona-governo-por-menos-palavras-e-mais-atos-nos-apoios-prometidos","status":"publish","type":"post","link":"https:\/\/portaltela.pt\/noticias\/politica\/2026\/03\/10\/seguro-pressiona-governo-por-menos-palavras-e-mais-atos-nos-apoios-prometidos\/","title":{"rendered":"Seguro pressiona Governo por menos palavras e mais atos nos apoios prometidos"},"content":{"rendered":"<p>Ant\u00f3nio Jos\u00e9 Seguro, Presidente da Rep\u00fablica, visitou ontem a aldeia Mour\u00edsia, na Uni\u00e3o de Freguesias de Cerdeira e Moura da Serra, Arganil, na Serra do A\u00e7or. A desloca\u00e7\u00e3o insere-se na estrat\u00e9gia de cumprir promessas feitas durante a campanha, sobretudo na segunda volta, no que toca a apoios aos respons\u00e1veis por inc\u00eandios no ano anterior.<\/p>\n<p>Durante a visita, Seguro reiterou a press\u00e3o sobre o Governo para acelerar a implementa\u00e7\u00e3o dos apoios prometidos aos habitantes afetados pelos inc\u00eandios. O objetivo \u00e9 evitar atrasos e garantir resposta pr\u00e1tica \u00e0s pessoas da zona centro que continuam a enfrentar impactos.<\/p>\n<p>A comitiva centrou-se em ouvir comunidades locais sobre necessidades imediatas e planeamento de respostas. Segundo fontes oficiais, o foco \u00e9 traduzir promessas em a\u00e7\u00f5es concretas e r\u00e1pidas, com prioridade para servi\u00e7os b\u00e1sicos e recupera\u00e7\u00e3o de infraestruturas.<\/p>\n<h3>Contexto<\/h3>\n<p>A regi\u00e3o da Serra do A\u00e7or foi afetada por inc\u00eandios no ano anterior, levantando quest\u00f5es sobre o ritmo de execu\u00e7\u00e3o dos apoios anunciados pelo executivo. A visita de Seguro surge no contexto de escrut\u00ednio p\u00fablico sobre a fiel implementa\u00e7\u00e3o dessas medidas.<\/p>\n<p>A administra\u00e7\u00e3o local tem destacado a import\u00e2ncia de prazos claros e de uma comunica\u00e7\u00e3o mais transparente entre autoridades e popula\u00e7\u00e3o. O Governo ainda n\u00e3o revelou datas espec\u00edficas para a chegada de todos os apoios prometidos.<\/p>\n","protected":false},"excerpt":{"rendered":"<ul>\n<li>O Presidente da Rep\u00fablica, Ant\u00f3nio Jos\u00e9 Seguro, visitou uma aldeia do concelho de Arganil, na Serra do A\u00e7or, onde ainda n\u00e3o chegaram apoios prometidos ap\u00f3s os inc\u00eandios do ano passado.<\/li>\n<li>A desloca\u00e7\u00e3o reflete promessas de campanha, sobretudo da segunda volta, com Seguro a pressionar o Governo para cumprir os apoios aos portugueses.<\/li>\n<li>A visita ocorreu na aldeia de Mour\u00edsia, na Uni\u00e3o das Freguesias de Cerdeira e Moura da Serra, em Arganil.<\/li>\n<li>O objetivo \u00e9 acelerar a chegada dos apoios prometidos aos habitantes afetados.<\/li>\n<li>Parte da zona centro j\u00e1 tinha vivido nos destro\u00e7os da tempestade Kristin.<\/li>\n<\/ul>\n","protected":false},"author":2,"featured_media":404621,"comment_status":"closed","ping_status":"closed","sticky":false,"template":"","format":"standard","meta":{"footnotes":""},"categories":[1,5],"tags":[34,2617,2832,30,5653,4650],"class_list":["post-404616","post","type-post","status-publish","format-standard","has-post-thumbnail","hentry","category-noticias","category-politica","tag-governo","tag-incendios","tag-politica","tag-presidente","tag-promessas","tag-regiao-centro"],"yoast_head":"<!-- This site is optimized with the Yoast SEO plugin v27.2 - https:\/\/yoast.com\/product\/yoast-seo-wordpress\/ -->\n<title>Seguro pressiona Governo por menos palavras e mais atos nos apoios prometidos - Portal Tela Portugal<\/title>\n<meta name=\"robots\" content=\"index, follow, max-snippet:-1, max-image-preview:large, max-video-preview:-1\" \/>\n<meta property=\"og:locale\" content=\"pt_PT\" \/>\n<meta property=\"og:type\" content=\"article\" \/>\n<meta property=\"og:title\" content=\"Seguro pressiona Governo por menos palavras e mais atos nos apoios prometidos - Portal Tela Portugal\" \/>\n<meta property=\"og:description\" content=\"O Presidente da Rep\u00fablica, Ant\u00f3nio Jos\u00e9 Seguro, visitou uma aldeia do concelho de Arganil, na Serra do A\u00e7or, onde ainda n\u00e3o chegaram apoios prometidos ap\u00f3s os inc\u00eandios do ano passado. A desloca\u00e7\u00e3o reflete promessas de campanha, sobretudo da segunda volta, com Seguro a pressionar o Governo para cumprir os apoios aos portugueses. A visita ocorreu na aldeia de Mour\u00edsia, na Uni\u00e3o das Freguesias de Cerdeira e Moura da Serra, em Arganil. O objetivo \u00e9 acelerar a chegada dos apoios prometidos aos habitantes afetados. Parte da zona centro j\u00e1 tinha vivido nos destro\u00e7os da tempestade Kristin.\" \/>\n<meta property=\"og:url\" content=\"https:\/\/portaltela.pt\/noticias\/2026\/03\/10\/seguro-pressiona-governo-por-menos-palavras-e-mais-atos-nos-apoios-prometidos\/\" \/>\n<meta property=\"og:site_name\" content=\"Portal Tela Portugal\" \/>\n<meta property=\"article:published_time\" content=\"2026-03-10T13:59:00+00:00\" \/>\n<meta name=\"author\" content=\"Telinha\" \/>\n<meta name=\"twitter:card\" content=\"summary_large_image\" \/>\n<meta name=\"twitter:label1\" content=\"Escrito por\" \/>\n\t<meta name=\"twitter:data1\" content=\"Telinha\" \/>\n\t<meta name=\"twitter:label2\" content=\"Tempo estimado de leitura\" \/>\n\t<meta name=\"twitter:data2\" content=\"1 minuto\" \/>\n<script type=\"application\/ld+json\" class=\"yoast-schema-graph\">{\"@context\":\"https:\/\/schema.org\",\"@graph\":[{\"@type\":\"Article\",\"@id\":\"https:\/\/portaltela.pt\/noticias\/2026\/03\/10\/seguro-pressiona-governo-por-menos-palavras-e-mais-atos-nos-apoios-prometidos\/#article\",\"isPartOf\":{\"@id\":\"https:\/\/portaltela.pt\/noticias\/2026\/03\/10\/seguro-pressiona-governo-por-menos-palavras-e-mais-atos-nos-apoios-prometidos\/\"},\"author\":{\"name\":\"Telinha\",\"@id\":\"https:\/\/portaltela.pt\/#\/schema\/person\/c4278d4a6028830caff9ee44b42d32ed\"},\"headline\":\"Seguro pressiona Governo por menos palavras e mais atos nos apoios prometidos\",\"datePublished\":\"2026-03-10T13:59:00+00:00\",\"mainEntityOfPage\":{\"@id\":\"https:\/\/portaltela.pt\/noticias\/2026\/03\/10\/seguro-pressiona-governo-por-menos-palavras-e-mais-atos-nos-apoios-prometidos\/\"},\"wordCount\":250,\"image\":{\"@id\":\"https:\/\/portaltela.pt\/noticias\/2026\/03\/10\/seguro-pressiona-governo-por-menos-palavras-e-mais-atos-nos-apoios-prometidos\/#primaryimage\"},\"thumbnailUrl\":\"https:\/\/portaltela.pt\/s.01k8rhncp4jt1\/2026\/03\/tpUHdbIMAGENStypeJPGshare1oBarraFacebook_Publico-15.jpg\",\"keywords\":[\"governo\",\"inc\u00eandios\",\"pol\u00edtica\",\"presidente\",\"promessas\",\"Regi\u00e3o Centro\"],\"articleSection\":[\"Not\u00edcias\",\"Pol\u00edtica\"],\"inLanguage\":\"pt-PT\"},{\"@type\":\"WebPage\",\"@id\":\"https:\/\/portaltela.pt\/noticias\/2026\/03\/10\/seguro-pressiona-governo-por-menos-palavras-e-mais-atos-nos-apoios-prometidos\/\",\"url\":\"https:\/\/portaltela.pt\/noticias\/2026\/03\/10\/seguro-pressiona-governo-por-menos-palavras-e-mais-atos-nos-apoios-prometidos\/\",\"name\":\"Seguro pressiona Governo por menos palavras e mais atos nos apoios prometidos - Portal Tela Portugal\",\"isPartOf\":{\"@id\":\"https:\/\/portaltela.pt\/#website\"},\"primaryImageOfPage\":{\"@id\":\"https:\/\/portaltela.pt\/noticias\/2026\/03\/10\/seguro-pressiona-governo-por-menos-palavras-e-mais-atos-nos-apoios-prometidos\/#primaryimage\"},\"image\":{\"@id\":\"https:\/\/portaltela.pt\/noticias\/2026\/03\/10\/seguro-pressiona-governo-por-menos-palavras-e-mais-atos-nos-apoios-prometidos\/#primaryimage\"},\"thumbnailUrl\":\"https:\/\/portaltela.pt\/s.01k8rhncp4jt1\/2026\/03\/tpUHdbIMAGENStypeJPGshare1oBarraFacebook_Publico-15.jpg\",\"datePublished\":\"2026-03-10T13:59:00+00:00\",\"author\":{\"@id\":\"https:\/\/portaltela.pt\/#\/schema\/person\/c4278d4a6028830caff9ee44b42d32ed\"},\"breadcrumb\":{\"@id\":\"https:\/\/portaltela.pt\/noticias\/2026\/03\/10\/seguro-pressiona-governo-por-menos-palavras-e-mais-atos-nos-apoios-prometidos\/#breadcrumb\"},\"inLanguage\":\"pt-PT\",\"potentialAction\":[{\"@type\":\"ReadAction\",\"target\":[\"https:\/\/portaltela.pt\/noticias\/2026\/03\/10\/seguro-pressiona-governo-por-menos-palavras-e-mais-atos-nos-apoios-prometidos\/\"]}]},{\"@type\":\"ImageObject\",\"inLanguage\":\"pt-PT\",\"@id\":\"https:\/\/portaltela.pt\/noticias\/2026\/03\/10\/seguro-pressiona-governo-por-menos-palavras-e-mais-atos-nos-apoios-prometidos\/#primaryimage\",\"url\":\"https:\/\/portaltela.pt\/s.01k8rhncp4jt1\/2026\/03\/tpUHdbIMAGENStypeJPGshare1oBarraFacebook_Publico-15.jpg\",\"contentUrl\":\"https:\/\/portaltela.pt\/s.01k8rhncp4jt1\/2026\/03\/tpUHdbIMAGENStypeJPGshare1oBarraFacebook_Publico-15.jpg\",\"width\":1200,\"height\":630,\"caption\":\"O Presidente da Rep\u00fablica, Ant\u00f3nio Jos\u00e9 Seguro, durante a visita \u00e0 aldeia de Mour\u00edsia, na Uni\u00e3o das Freguesias de Cerdeira e Moura da Serra, no concelho de Arganil\"},{\"@type\":\"BreadcrumbList\",\"@id\":\"https:\/\/portaltela.pt\/noticias\/2026\/03\/10\/seguro-pressiona-governo-por-menos-palavras-e-mais-atos-nos-apoios-prometidos\/#breadcrumb\",\"itemListElement\":[{\"@type\":\"ListItem\",\"position\":1,\"name\":\"In\u00edcio\",\"item\":\"https:\/\/portaltela.pt\/\"},{\"@type\":\"ListItem\",\"position\":2,\"name\":\"Seguro pressiona Governo por menos palavras e mais atos nos apoios prometidos\"}]},{\"@type\":\"WebSite\",\"@id\":\"https:\/\/portaltela.pt\/#website\",\"url\":\"https:\/\/portaltela.pt\/\",\"name\":\"Portal Tela Portugal\",\"description\":\"\",\"potentialAction\":[{\"@type\":\"SearchAction\",\"target\":{\"@type\":\"EntryPoint\",\"urlTemplate\":\"https:\/\/portaltela.pt\/?s={search_term_string}\"},\"query-input\":{\"@type\":\"PropertyValueSpecification\",\"valueRequired\":true,\"valueName\":\"search_term_string\"}}],\"inLanguage\":\"pt-PT\"},{\"@type\":\"Person\",\"@id\":\"https:\/\/portaltela.pt\/#\/schema\/person\/c4278d4a6028830caff9ee44b42d32ed\",\"name\":\"Telinha\",\"image\":{\"@type\":\"ImageObject\",\"inLanguage\":\"pt-PT\",\"@id\":\"https:\/\/portaltela.pt\/s.01k8rhncp4jt1\/2025\/11\/talking-bot-125x125.png\",\"url\":\"https:\/\/portaltela.pt\/s.01k8rhncp4jt1\/2025\/11\/talking-bot-125x125.png\",\"contentUrl\":\"https:\/\/portaltela.pt\/s.01k8rhncp4jt1\/2025\/11\/talking-bot-125x125.png\",\"caption\":\"Telinha\"},\"sameAs\":[\"https:\/\/portaltela.pt\/\"],\"url\":\"https:\/\/portaltela.pt\/por\/367410592786\/\"}]}<\/script>\n<!-- \/ Yoast SEO plugin. -->","yoast_head_json":{"title":"Seguro pressiona Governo por menos palavras e mais atos nos apoios prometidos - Portal Tela Portugal","robots":{"index":"index","follow":"follow","max-snippet":"max-snippet:-1","max-image-preview":"max-image-preview:large","max-video-preview":"max-video-preview:-1"},"og_locale":"pt_PT","og_type":"article","og_title":"Seguro pressiona Governo por menos palavras e mais atos nos apoios prometidos - Portal Tela Portugal","og_description":"O Presidente da Rep\u00fablica, Ant\u00f3nio Jos\u00e9 Seguro, visitou uma aldeia do concelho de Arganil, na Serra do A\u00e7or, onde ainda n\u00e3o chegaram apoios prometidos ap\u00f3s os inc\u00eandios do ano passado. A desloca\u00e7\u00e3o reflete promessas de campanha, sobretudo da segunda volta, com Seguro a pressionar o Governo para cumprir os apoios aos portugueses. A visita ocorreu na aldeia de Mour\u00edsia, na Uni\u00e3o das Freguesias de Cerdeira e Moura da Serra, em Arganil. O objetivo \u00e9 acelerar a chegada dos apoios prometidos aos habitantes afetados. Parte da zona centro j\u00e1 tinha vivido nos destro\u00e7os da tempestade Kristin.","og_url":"https:\/\/portaltela.pt\/noticias\/2026\/03\/10\/seguro-pressiona-governo-por-menos-palavras-e-mais-atos-nos-apoios-prometidos\/","og_site_name":"Portal Tela Portugal","article_published_time":"2026-03-10T13:59:00+00:00","author":"Telinha","twitter_card":"summary_large_image","twitter_misc":{"Escrito por":"Telinha","Tempo estimado de leitura":"1 minuto"},"schema":{"@context":"https:\/\/schema.org","@graph":[{"@type":"Article","@id":"https:\/\/portaltela.pt\/noticias\/2026\/03\/10\/seguro-pressiona-governo-por-menos-palavras-e-mais-atos-nos-apoios-prometidos\/#article","isPartOf":{"@id":"https:\/\/portaltela.pt\/noticias\/2026\/03\/10\/seguro-pressiona-governo-por-menos-palavras-e-mais-atos-nos-apoios-prometidos\/"},"author":{"name":"Telinha","@id":"https:\/\/portaltela.pt\/#\/schema\/person\/c4278d4a6028830caff9ee44b42d32ed"},"headline":"Seguro pressiona Governo por menos palavras e mais atos nos apoios prometidos","datePublished":"2026-03-10T13:59:00+00:00","mainEntityOfPage":{"@id":"https:\/\/portaltela.pt\/noticias\/2026\/03\/10\/seguro-pressiona-governo-por-menos-palavras-e-mais-atos-nos-apoios-prometidos\/"},"wordCount":250,"image":{"@id":"https:\/\/portaltela.pt\/noticias\/2026\/03\/10\/seguro-pressiona-governo-por-menos-palavras-e-mais-atos-nos-apoios-prometidos\/#primaryimage"},"thumbnailUrl":"https:\/\/portaltela.pt\/s.01k8rhncp4jt1\/2026\/03\/tpUHdbIMAGENStypeJPGshare1oBarraFacebook_Publico-15.jpg","keywords":["governo","inc\u00eandios","pol\u00edtica","presidente","promessas","Regi\u00e3o Centro"],"articleSection":["Not\u00edcias","Pol\u00edtica"],"inLanguage":"pt-PT"},{"@type":"WebPage","@id":"https:\/\/portaltela.pt\/noticias\/2026\/03\/10\/seguro-pressiona-governo-por-menos-palavras-e-mais-atos-nos-apoios-prometidos\/","url":"https:\/\/portaltela.pt\/noticias\/2026\/03\/10\/seguro-pressiona-governo-por-menos-palavras-e-mais-atos-nos-apoios-prometidos\/","name":"Seguro pressiona Governo por menos palavras e mais atos nos apoios prometidos - Portal Tela Portugal","isPartOf":{"@id":"https:\/\/portaltela.pt\/#website"},"primaryImageOfPage":{"@id":"https:\/\/portaltela.pt\/noticias\/2026\/03\/10\/seguro-pressiona-governo-por-menos-palavras-e-mais-atos-nos-apoios-prometidos\/#primaryimage"},"image":{"@id":"https:\/\/portaltela.pt\/noticias\/2026\/03\/10\/seguro-pressiona-governo-por-menos-palavras-e-mais-atos-nos-apoios-prometidos\/#primaryimage"},"thumbnailUrl":"https:\/\/portaltela.pt\/s.01k8rhncp4jt1\/2026\/03\/tpUHdbIMAGENStypeJPGshare1oBarraFacebook_Publico-15.jpg","datePublished":"2026-03-10T13:59:00+00:00","author":{"@id":"https:\/\/portaltela.pt\/#\/schema\/person\/c4278d4a6028830caff9ee44b42d32ed"},"breadcrumb":{"@id":"https:\/\/portaltela.pt\/noticias\/2026\/03\/10\/seguro-pressiona-governo-por-menos-palavras-e-mais-atos-nos-apoios-prometidos\/#breadcrumb"},"inLanguage":"pt-PT","potentialAction":[{"@type":"ReadAction","target":["https:\/\/portaltela.pt\/noticias\/2026\/03\/10\/seguro-pressiona-governo-por-menos-palavras-e-mais-atos-nos-apoios-prometidos\/"]}]},{"@type":"ImageObject","inLanguage":"pt-PT","@id":"https:\/\/portaltela.pt\/noticias\/2026\/03\/10\/seguro-pressiona-governo-por-menos-palavras-e-mais-atos-nos-apoios-prometidos\/#primaryimage","url":"https:\/\/portaltela.pt\/s.01k8rhncp4jt1\/2026\/03\/tpUHdbIMAGENStypeJPGshare1oBarraFacebook_Publico-15.jpg","contentUrl":"https:\/\/portaltela.pt\/s.01k8rhncp4jt1\/2026\/03\/tpUHdbIMAGENStypeJPGshare1oBarraFacebook_Publico-15.jpg","width":1200,"height":630,"caption":"O Presidente da Rep\u00fablica, Ant\u00f3nio Jos\u00e9 Seguro, durante a visita \u00e0 aldeia de Mour\u00edsia, na Uni\u00e3o das Freguesias de Cerdeira e Moura da Serra, no concelho de Arganil"},{"@type":"BreadcrumbList","@id":"https:\/\/portaltela.pt\/noticias\/2026\/03\/10\/seguro-pressiona-governo-por-menos-palavras-e-mais-atos-nos-apoios-prometidos\/#breadcrumb","itemListElement":[{"@type":"ListItem","position":1,"name":"In\u00edcio","item":"https:\/\/portaltela.pt\/"},{"@type":"ListItem","position":2,"name":"Seguro pressiona Governo por menos palavras e mais atos nos apoios prometidos"}]},{"@type":"WebSite","@id":"https:\/\/portaltela.pt\/#website","url":"https:\/\/portaltela.pt\/","name":"Portal Tela Portugal","description":"","potentialAction":[{"@type":"SearchAction","target":{"@type":"EntryPoint","urlTemplate":"https:\/\/portaltela.pt\/?s={search_term_string}"},"query-input":{"@type":"PropertyValueSpecification","valueRequired":true,"valueName":"search_term_string"}}],"inLanguage":"pt-PT"},{"@type":"Person","@id":"https:\/\/portaltela.pt\/#\/schema\/person\/c4278d4a6028830caff9ee44b42d32ed","name":"Telinha","image":{"@type":"ImageObject","inLanguage":"pt-PT","@id":"https:\/\/portaltela.pt\/s.01k8rhncp4jt1\/2025\/11\/talking-bot-125x125.png","url":"https:\/\/portaltela.pt\/s.01k8rhncp4jt1\/2025\/11\/talking-bot-125x125.png","contentUrl":"https:\/\/portaltela.pt\/s.01k8rhncp4jt1\/2025\/11\/talking-bot-125x125.png","caption":"Telinha"},"sameAs":["https:\/\/portaltela.pt\/"],"url":"https:\/\/portaltela.pt\/por\/367410592786\/"}]}},"_links":{"self":[{"href":"https:\/\/portaltela.pt\/api\/wp\/v2\/posts\/404616","targetHints":{"allow":["GET"]}}],"collection":[{"href":"https:\/\/portaltela.pt\/api\/wp\/v2\/posts"}],"about":[{"href":"https:\/\/portaltela.pt\/api\/wp\/v2\/types\/post"}],"author":[{"embeddable":true,"href":"https:\/\/portaltela.pt\/api\/wp\/v2\/users\/2"}],"replies":[{"embeddable":true,"href":"https:\/\/portaltela.pt\/api\/wp\/v2\/comments?post=404616"}],"version-history":[{"count":0,"href":"https:\/\/portaltela.pt\/api\/wp\/v2\/posts\/404616\/revisions"}],"wp:featuredmedia":[{"embeddable":true,"href":"https:\/\/portaltela.pt\/api\/wp\/v2\/media\/404621"}],"wp:attachment":[{"href":"https:\/\/portaltela.pt\/api\/wp\/v2\/media?parent=404616"}],"wp:term":[{"taxonomy":"category","embeddable":true,"href":"https:\/\/portaltela.pt\/api\/wp\/v2\/categories?post=404616"},{"taxonomy":"post_tag","embeddable":true,"href":"https:\/\/portaltela.pt\/api\/wp\/v2\/tags?post=404616"}],"curies":[{"name":"wp","href":"https:\/\/api.w.org\/{rel}","templated":true}]}}