{"id":404611,"date":"2026-03-10T10:46:00","date_gmt":"2026-03-10T13:46:00","guid":{"rendered":"https:\/\/portaltela.pt\/noticias\/2026\/03\/10\/seguro-anuncia-primeira-presidencia-aberta-na-regiao-centro\/"},"modified":"2026-03-10T10:46:00","modified_gmt":"2026-03-10T13:46:00","slug":"seguro-anuncia-primeira-presidencia-aberta-na-regiao-centro","status":"publish","type":"post","link":"https:\/\/portaltela.pt\/noticias\/politica\/2026\/03\/10\/seguro-anuncia-primeira-presidencia-aberta-na-regiao-centro\/","title":{"rendered":"Seguro anuncia Primeira Presid\u00eancia Aberta na Regi\u00e3o Centro"},"content":{"rendered":"<p>A organiza\u00e7\u00e3o Seguro anunciou que a primeira Presid\u00eancia Aberta ocorrer\u00e1 na Regi\u00e3o Centro. A informa\u00e7\u00e3o foi tornada p\u00fablica pela entidade, sem apresentar ainda detalhes adicionais sobre datas ou locais exatos dentro da regi\u00e3o.<\/p>\n<p>O conte\u00fado completo da divulga\u00e7\u00e3o est\u00e1 dispon\u00edvel apenas para subscritores. A entrada est\u00e1 ligada a um processo de login para acesso integral ao an\u00fancio e \u00e0s suas implica\u00e7\u00f5es.<\/p>\n<p>At\u00e9 ao momento, n\u00e3o foram fornecidos dados adicionais sobre os motivos, a estrutura da Presid\u00eancia Aberta ou a lista de envolvidos, mantendo-se a informa\u00e7\u00e3o acess\u00edvel apenas na vers\u00e3o completa.<\/p>\n","protected":false},"excerpt":{"rendered":"<ul>\n<li>O Seguro anunciou que a primeira Presid\u00eancia Aberta ir\u00e1 realizar-se na Regi\u00e3o Centro.<\/li>\n<li>O conte\u00fado completo da not\u00edcia est\u00e1 dispon\u00edvel apenas para subscritores.<\/li>\n<li>O acesso ao texto completo \u00e9 poss\u00edvel atrav\u00e9s da op\u00e7\u00e3o &#8220;Entrar&#8221; mencionada no sinalizador.<\/li>\n<li>O an\u00fancio centra-se numa iniciativa de car\u00e1ter regional associada \u00e0 Presid\u00eancia Aberta.<\/li>\n<\/ul>\n","protected":false},"author":2,"featured_media":404614,"comment_status":"closed","ping_status":"closed","sticky":false,"template":"","format":"standard","meta":{"footnotes":""},"categories":[1,5],"tags":[5894,34,5563,2832,30,4650],"class_list":["post-404611","post","type-post","status-publish","format-standard","has-post-thumbnail","hentry","category-noticias","category-politica","tag-anuncios","tag-governo","tag-informacao-publica","tag-politica","tag-presidente","tag-regiao-centro"],"yoast_head":"<!-- This site is optimized with the Yoast SEO plugin v27.2 - https:\/\/yoast.com\/product\/yoast-seo-wordpress\/ -->\n<title>Seguro anuncia Primeira Presid\u00eancia Aberta na Regi\u00e3o Centro - Portal Tela Portugal<\/title>\n<meta name=\"robots\" content=\"index, follow, max-snippet:-1, max-image-preview:large, max-video-preview:-1\" \/>\n<meta property=\"og:locale\" content=\"pt_PT\" \/>\n<meta property=\"og:type\" content=\"article\" \/>\n<meta property=\"og:title\" content=\"Seguro anuncia Primeira Presid\u00eancia Aberta na Regi\u00e3o Centro - Portal Tela Portugal\" \/>\n<meta property=\"og:description\" content=\"O Seguro anunciou que a primeira Presid\u00eancia Aberta ir\u00e1 realizar-se na Regi\u00e3o Centro. O conte\u00fado completo da not\u00edcia est\u00e1 dispon\u00edvel apenas para subscritores. O acesso ao texto completo \u00e9 poss\u00edvel atrav\u00e9s da op\u00e7\u00e3o &quot;Entrar&quot; mencionada no sinalizador. O an\u00fancio centra-se numa iniciativa de car\u00e1ter regional associada \u00e0 Presid\u00eancia Aberta.\" \/>\n<meta property=\"og:url\" content=\"https:\/\/portaltela.pt\/noticias\/2026\/03\/10\/seguro-anuncia-primeira-presidencia-aberta-na-regiao-centro\/\" \/>\n<meta property=\"og:site_name\" content=\"Portal Tela Portugal\" \/>\n<meta property=\"article:published_time\" content=\"2026-03-10T13:46:00+00:00\" \/>\n<meta name=\"author\" content=\"Telinha\" \/>\n<meta name=\"twitter:card\" content=\"summary_large_image\" \/>\n<meta name=\"twitter:label1\" content=\"Escrito por\" \/>\n\t<meta name=\"twitter:data1\" content=\"Telinha\" \/>\n\t<meta name=\"twitter:label2\" content=\"Tempo estimado de leitura\" \/>\n\t<meta name=\"twitter:data2\" content=\"1 minuto\" \/>\n<script type=\"application\/ld+json\" class=\"yoast-schema-graph\">{\"@context\":\"https:\/\/schema.org\",\"@graph\":[{\"@type\":\"Article\",\"@id\":\"https:\/\/portaltela.pt\/noticias\/2026\/03\/10\/seguro-anuncia-primeira-presidencia-aberta-na-regiao-centro\/#article\",\"isPartOf\":{\"@id\":\"https:\/\/portaltela.pt\/noticias\/2026\/03\/10\/seguro-anuncia-primeira-presidencia-aberta-na-regiao-centro\/\"},\"author\":{\"name\":\"Telinha\",\"@id\":\"https:\/\/portaltela.pt\/#\/schema\/person\/c4278d4a6028830caff9ee44b42d32ed\"},\"headline\":\"Seguro anuncia Primeira Presid\u00eancia Aberta na Regi\u00e3o Centro\",\"datePublished\":\"2026-03-10T13:46:00+00:00\",\"mainEntityOfPage\":{\"@id\":\"https:\/\/portaltela.pt\/noticias\/2026\/03\/10\/seguro-anuncia-primeira-presidencia-aberta-na-regiao-centro\/\"},\"wordCount\":116,\"image\":{\"@id\":\"https:\/\/portaltela.pt\/noticias\/2026\/03\/10\/seguro-anuncia-primeira-presidencia-aberta-na-regiao-centro\/#primaryimage\"},\"thumbnailUrl\":\"https:\/\/portaltela.pt\/s.01k8rhncp4jt1\/2026\/03\/CACHE_780X1200_ANALOG_WATERMARKED_46723533_4681496_10032026010436.jpg\",\"keywords\":[\"an\u00fancios\",\"governo\",\"informa\u00e7\u00e3o p\u00fablica\",\"pol\u00edtica\",\"presidente\",\"Regi\u00e3o Centro\"],\"articleSection\":[\"Not\u00edcias\",\"Pol\u00edtica\"],\"inLanguage\":\"pt-PT\"},{\"@type\":\"WebPage\",\"@id\":\"https:\/\/portaltela.pt\/noticias\/2026\/03\/10\/seguro-anuncia-primeira-presidencia-aberta-na-regiao-centro\/\",\"url\":\"https:\/\/portaltela.pt\/noticias\/2026\/03\/10\/seguro-anuncia-primeira-presidencia-aberta-na-regiao-centro\/\",\"name\":\"Seguro anuncia Primeira Presid\u00eancia Aberta na Regi\u00e3o Centro - Portal Tela Portugal\",\"isPartOf\":{\"@id\":\"https:\/\/portaltela.pt\/#website\"},\"primaryImageOfPage\":{\"@id\":\"https:\/\/portaltela.pt\/noticias\/2026\/03\/10\/seguro-anuncia-primeira-presidencia-aberta-na-regiao-centro\/#primaryimage\"},\"image\":{\"@id\":\"https:\/\/portaltela.pt\/noticias\/2026\/03\/10\/seguro-anuncia-primeira-presidencia-aberta-na-regiao-centro\/#primaryimage\"},\"thumbnailUrl\":\"https:\/\/portaltela.pt\/s.01k8rhncp4jt1\/2026\/03\/CACHE_780X1200_ANALOG_WATERMARKED_46723533_4681496_10032026010436.jpg\",\"datePublished\":\"2026-03-10T13:46:00+00:00\",\"author\":{\"@id\":\"https:\/\/portaltela.pt\/#\/schema\/person\/c4278d4a6028830caff9ee44b42d32ed\"},\"breadcrumb\":{\"@id\":\"https:\/\/portaltela.pt\/noticias\/2026\/03\/10\/seguro-anuncia-primeira-presidencia-aberta-na-regiao-centro\/#breadcrumb\"},\"inLanguage\":\"pt-PT\",\"potentialAction\":[{\"@type\":\"ReadAction\",\"target\":[\"https:\/\/portaltela.pt\/noticias\/2026\/03\/10\/seguro-anuncia-primeira-presidencia-aberta-na-regiao-centro\/\"]}]},{\"@type\":\"ImageObject\",\"inLanguage\":\"pt-PT\",\"@id\":\"https:\/\/portaltela.pt\/noticias\/2026\/03\/10\/seguro-anuncia-primeira-presidencia-aberta-na-regiao-centro\/#primaryimage\",\"url\":\"https:\/\/portaltela.pt\/s.01k8rhncp4jt1\/2026\/03\/CACHE_780X1200_ANALOG_WATERMARKED_46723533_4681496_10032026010436.jpg\",\"contentUrl\":\"https:\/\/portaltela.pt\/s.01k8rhncp4jt1\/2026\/03\/CACHE_780X1200_ANALOG_WATERMARKED_46723533_4681496_10032026010436.jpg\",\"width\":796,\"height\":448,\"caption\":\"Seguro anuncia que primeira Presid\u00eancia Aberta ser\u00e1 na Regi\u00e3o Centro\"},{\"@type\":\"BreadcrumbList\",\"@id\":\"https:\/\/portaltela.pt\/noticias\/2026\/03\/10\/seguro-anuncia-primeira-presidencia-aberta-na-regiao-centro\/#breadcrumb\",\"itemListElement\":[{\"@type\":\"ListItem\",\"position\":1,\"name\":\"In\u00edcio\",\"item\":\"https:\/\/portaltela.pt\/\"},{\"@type\":\"ListItem\",\"position\":2,\"name\":\"Seguro anuncia Primeira Presid\u00eancia Aberta na Regi\u00e3o Centro\"}]},{\"@type\":\"WebSite\",\"@id\":\"https:\/\/portaltela.pt\/#website\",\"url\":\"https:\/\/portaltela.pt\/\",\"name\":\"Portal Tela Portugal\",\"description\":\"\",\"potentialAction\":[{\"@type\":\"SearchAction\",\"target\":{\"@type\":\"EntryPoint\",\"urlTemplate\":\"https:\/\/portaltela.pt\/?s={search_term_string}\"},\"query-input\":{\"@type\":\"PropertyValueSpecification\",\"valueRequired\":true,\"valueName\":\"search_term_string\"}}],\"inLanguage\":\"pt-PT\"},{\"@type\":\"Person\",\"@id\":\"https:\/\/portaltela.pt\/#\/schema\/person\/c4278d4a6028830caff9ee44b42d32ed\",\"name\":\"Telinha\",\"image\":{\"@type\":\"ImageObject\",\"inLanguage\":\"pt-PT\",\"@id\":\"https:\/\/portaltela.pt\/s.01k8rhncp4jt1\/2025\/11\/talking-bot-125x125.png\",\"url\":\"https:\/\/portaltela.pt\/s.01k8rhncp4jt1\/2025\/11\/talking-bot-125x125.png\",\"contentUrl\":\"https:\/\/portaltela.pt\/s.01k8rhncp4jt1\/2025\/11\/talking-bot-125x125.png\",\"caption\":\"Telinha\"},\"sameAs\":[\"https:\/\/portaltela.pt\/\"],\"url\":\"https:\/\/portaltela.pt\/por\/367410592786\/\"}]}<\/script>\n<!-- \/ Yoast SEO plugin. -->","yoast_head_json":{"title":"Seguro anuncia Primeira Presid\u00eancia Aberta na Regi\u00e3o Centro - Portal Tela Portugal","robots":{"index":"index","follow":"follow","max-snippet":"max-snippet:-1","max-image-preview":"max-image-preview:large","max-video-preview":"max-video-preview:-1"},"og_locale":"pt_PT","og_type":"article","og_title":"Seguro anuncia Primeira Presid\u00eancia Aberta na Regi\u00e3o Centro - Portal Tela Portugal","og_description":"O Seguro anunciou que a primeira Presid\u00eancia Aberta ir\u00e1 realizar-se na Regi\u00e3o Centro. O conte\u00fado completo da not\u00edcia est\u00e1 dispon\u00edvel apenas para subscritores. O acesso ao texto completo \u00e9 poss\u00edvel atrav\u00e9s da op\u00e7\u00e3o \"Entrar\" mencionada no sinalizador. O an\u00fancio centra-se numa iniciativa de car\u00e1ter regional associada \u00e0 Presid\u00eancia Aberta.","og_url":"https:\/\/portaltela.pt\/noticias\/2026\/03\/10\/seguro-anuncia-primeira-presidencia-aberta-na-regiao-centro\/","og_site_name":"Portal Tela Portugal","article_published_time":"2026-03-10T13:46:00+00:00","author":"Telinha","twitter_card":"summary_large_image","twitter_misc":{"Escrito por":"Telinha","Tempo estimado de leitura":"1 minuto"},"schema":{"@context":"https:\/\/schema.org","@graph":[{"@type":"Article","@id":"https:\/\/portaltela.pt\/noticias\/2026\/03\/10\/seguro-anuncia-primeira-presidencia-aberta-na-regiao-centro\/#article","isPartOf":{"@id":"https:\/\/portaltela.pt\/noticias\/2026\/03\/10\/seguro-anuncia-primeira-presidencia-aberta-na-regiao-centro\/"},"author":{"name":"Telinha","@id":"https:\/\/portaltela.pt\/#\/schema\/person\/c4278d4a6028830caff9ee44b42d32ed"},"headline":"Seguro anuncia Primeira Presid\u00eancia Aberta na Regi\u00e3o Centro","datePublished":"2026-03-10T13:46:00+00:00","mainEntityOfPage":{"@id":"https:\/\/portaltela.pt\/noticias\/2026\/03\/10\/seguro-anuncia-primeira-presidencia-aberta-na-regiao-centro\/"},"wordCount":116,"image":{"@id":"https:\/\/portaltela.pt\/noticias\/2026\/03\/10\/seguro-anuncia-primeira-presidencia-aberta-na-regiao-centro\/#primaryimage"},"thumbnailUrl":"https:\/\/portaltela.pt\/s.01k8rhncp4jt1\/2026\/03\/CACHE_780X1200_ANALOG_WATERMARKED_46723533_4681496_10032026010436.jpg","keywords":["an\u00fancios","governo","informa\u00e7\u00e3o p\u00fablica","pol\u00edtica","presidente","Regi\u00e3o Centro"],"articleSection":["Not\u00edcias","Pol\u00edtica"],"inLanguage":"pt-PT"},{"@type":"WebPage","@id":"https:\/\/portaltela.pt\/noticias\/2026\/03\/10\/seguro-anuncia-primeira-presidencia-aberta-na-regiao-centro\/","url":"https:\/\/portaltela.pt\/noticias\/2026\/03\/10\/seguro-anuncia-primeira-presidencia-aberta-na-regiao-centro\/","name":"Seguro anuncia Primeira Presid\u00eancia Aberta na Regi\u00e3o Centro - Portal Tela Portugal","isPartOf":{"@id":"https:\/\/portaltela.pt\/#website"},"primaryImageOfPage":{"@id":"https:\/\/portaltela.pt\/noticias\/2026\/03\/10\/seguro-anuncia-primeira-presidencia-aberta-na-regiao-centro\/#primaryimage"},"image":{"@id":"https:\/\/portaltela.pt\/noticias\/2026\/03\/10\/seguro-anuncia-primeira-presidencia-aberta-na-regiao-centro\/#primaryimage"},"thumbnailUrl":"https:\/\/portaltela.pt\/s.01k8rhncp4jt1\/2026\/03\/CACHE_780X1200_ANALOG_WATERMARKED_46723533_4681496_10032026010436.jpg","datePublished":"2026-03-10T13:46:00+00:00","author":{"@id":"https:\/\/portaltela.pt\/#\/schema\/person\/c4278d4a6028830caff9ee44b42d32ed"},"breadcrumb":{"@id":"https:\/\/portaltela.pt\/noticias\/2026\/03\/10\/seguro-anuncia-primeira-presidencia-aberta-na-regiao-centro\/#breadcrumb"},"inLanguage":"pt-PT","potentialAction":[{"@type":"ReadAction","target":["https:\/\/portaltela.pt\/noticias\/2026\/03\/10\/seguro-anuncia-primeira-presidencia-aberta-na-regiao-centro\/"]}]},{"@type":"ImageObject","inLanguage":"pt-PT","@id":"https:\/\/portaltela.pt\/noticias\/2026\/03\/10\/seguro-anuncia-primeira-presidencia-aberta-na-regiao-centro\/#primaryimage","url":"https:\/\/portaltela.pt\/s.01k8rhncp4jt1\/2026\/03\/CACHE_780X1200_ANALOG_WATERMARKED_46723533_4681496_10032026010436.jpg","contentUrl":"https:\/\/portaltela.pt\/s.01k8rhncp4jt1\/2026\/03\/CACHE_780X1200_ANALOG_WATERMARKED_46723533_4681496_10032026010436.jpg","width":796,"height":448,"caption":"Seguro anuncia que primeira Presid\u00eancia Aberta ser\u00e1 na Regi\u00e3o Centro"},{"@type":"BreadcrumbList","@id":"https:\/\/portaltela.pt\/noticias\/2026\/03\/10\/seguro-anuncia-primeira-presidencia-aberta-na-regiao-centro\/#breadcrumb","itemListElement":[{"@type":"ListItem","position":1,"name":"In\u00edcio","item":"https:\/\/portaltela.pt\/"},{"@type":"ListItem","position":2,"name":"Seguro anuncia Primeira Presid\u00eancia Aberta na Regi\u00e3o Centro"}]},{"@type":"WebSite","@id":"https:\/\/portaltela.pt\/#website","url":"https:\/\/portaltela.pt\/","name":"Portal Tela Portugal","description":"","potentialAction":[{"@type":"SearchAction","target":{"@type":"EntryPoint","urlTemplate":"https:\/\/portaltela.pt\/?s={search_term_string}"},"query-input":{"@type":"PropertyValueSpecification","valueRequired":true,"valueName":"search_term_string"}}],"inLanguage":"pt-PT"},{"@type":"Person","@id":"https:\/\/portaltela.pt\/#\/schema\/person\/c4278d4a6028830caff9ee44b42d32ed","name":"Telinha","image":{"@type":"ImageObject","inLanguage":"pt-PT","@id":"https:\/\/portaltela.pt\/s.01k8rhncp4jt1\/2025\/11\/talking-bot-125x125.png","url":"https:\/\/portaltela.pt\/s.01k8rhncp4jt1\/2025\/11\/talking-bot-125x125.png","contentUrl":"https:\/\/portaltela.pt\/s.01k8rhncp4jt1\/2025\/11\/talking-bot-125x125.png","caption":"Telinha"},"sameAs":["https:\/\/portaltela.pt\/"],"url":"https:\/\/portaltela.pt\/por\/367410592786\/"}]}},"_links":{"self":[{"href":"https:\/\/portaltela.pt\/api\/wp\/v2\/posts\/404611","targetHints":{"allow":["GET"]}}],"collection":[{"href":"https:\/\/portaltela.pt\/api\/wp\/v2\/posts"}],"about":[{"href":"https:\/\/portaltela.pt\/api\/wp\/v2\/types\/post"}],"author":[{"embeddable":true,"href":"https:\/\/portaltela.pt\/api\/wp\/v2\/users\/2"}],"replies":[{"embeddable":true,"href":"https:\/\/portaltela.pt\/api\/wp\/v2\/comments?post=404611"}],"version-history":[{"count":0,"href":"https:\/\/portaltela.pt\/api\/wp\/v2\/posts\/404611\/revisions"}],"wp:featuredmedia":[{"embeddable":true,"href":"https:\/\/portaltela.pt\/api\/wp\/v2\/media\/404614"}],"wp:attachment":[{"href":"https:\/\/portaltela.pt\/api\/wp\/v2\/media?parent=404611"}],"wp:term":[{"taxonomy":"category","embeddable":true,"href":"https:\/\/portaltela.pt\/api\/wp\/v2\/categories?post=404611"},{"taxonomy":"post_tag","embeddable":true,"href":"https:\/\/portaltela.pt\/api\/wp\/v2\/tags?post=404611"}],"curies":[{"name":"wp","href":"https:\/\/api.w.org\/{rel}","templated":true}]}}