{"id":404610,"date":"2026-03-10T11:00:00","date_gmt":"2026-03-10T14:00:00","guid":{"rendered":"https:\/\/portaltela.pt\/noticias\/2026\/03\/10\/linha-do-douro-ja-reabriu-beira-baixa-em-seis-meses-oeste-abre-parcialmente\/"},"modified":"2026-03-10T11:00:00","modified_gmt":"2026-03-10T14:00:00","slug":"linha-do-douro-ja-reabriu-beira-baixa-em-seis-meses-oeste-abre-parcialmente","status":"publish","type":"post","link":"https:\/\/portaltela.pt\/noticias\/2026\/03\/10\/linha-do-douro-ja-reabriu-beira-baixa-em-seis-meses-oeste-abre-parcialmente\/","title":{"rendered":"Linha do Douro j\u00e1 reabriu; Beira Baixa em seis meses; Oeste abre parcialmente"},"content":{"rendered":"<p>A tempestade Kristin deixou atrasos e encerramentos na rede ferrovi\u00e1ria portuguesa. Ao fim de um m\u00eas e meio, a CP ainda n\u00e3o disponibilizou servi\u00e7os de substitui\u00e7\u00e3o rodovi\u00e1ria para as linhas afetadas pelo mau tempo.<\/p>\n<p>Nesta segunda-feira, 9 de Mar\u00e7o, a circula\u00e7\u00e3o foi retomada na Linha do Douro, entre a R\u00e9gua e Pocinho, ap\u00f3s remo\u00e7\u00e3o de rochas e terras que tinham ca\u00eddo sobre a via. O restabelecimento ocorre com base em trabalhos de remo\u00e7\u00e3o de obst\u00e1culos para garantir a seguran\u00e7a da circula\u00e7\u00e3o.<\/p>\n<p>Amanh\u00e3, o servi\u00e7o de substitui\u00e7\u00e3o continua indispon\u00edvel para as linhas encerradas, mantendo a prioridade na recupera\u00e7\u00e3o da infraestrutura. A CP n\u00e3o informou prazos finais para a conclus\u00e3o total das interven\u00e7\u00f5es.<\/p>\n<h3>Situa\u00e7\u00e3o das linhas afetadas<\/h3>\n<ul>\n<li>Beira Baixa: previs\u00e3o de reabertura apenas dentro de seis meses.<\/li>\n<li>Oeste: reabertura parcial j\u00e1 neste m\u00eas, com melhorias graduais na circula\u00e7\u00e3o.<\/li>\n<li>Linha do Douro: reaberta entre R\u00e9gua e Pocinho, ap\u00f3s remo\u00e7\u00e3o de obst\u00e1culos.<\/li>\n<\/ul>\n","protected":false},"excerpt":{"rendered":"<ul>\n<li>A Linha do Douro, entre R\u00e9gua e Pocinho, j\u00e1 reabriu ap\u00f3s remo\u00e7\u00e3o de rochas e terra que caiu sobre a via devido ao mau tempo Kristin.<\/li>\n<li>A circula\u00e7\u00e3o ferrovi\u00e1ria em v\u00e1rias linhas encerradas pelo mau tempo mant\u00e9m-se indispon\u00edvel, com a CP sem servi\u00e7o rodovi\u00e1rio de substitui\u00e7\u00e3o um m\u00eas e meio depois da tempestade.<\/li>\n<li>A not\u00edcia menciona tamb\u00e9m que a linha Beira Baixa dever\u00e1 reabrir apenas dentro de seis meses.<\/li>\n<li>O Oeste prev\u00ea reabertura parcial ainda neste m\u00eas.<\/li>\n<\/ul>\n","protected":false},"author":2,"featured_media":404615,"comment_status":"closed","ping_status":"closed","sticky":false,"template":"","format":"standard","meta":{"footnotes":""},"categories":[1],"tags":[3670,5215,1615,5795,1237,192],"class_list":["post-404610","post","type-post","status-publish","format-standard","has-post-thumbnail","hentry","category-noticias","tag-beira-baixa","tag-catastrofes-naturais","tag-infraestrutura","tag-linha","tag-oeste","tag-transporte"],"yoast_head":"<!-- This site is optimized with the Yoast SEO plugin v27.2 - https:\/\/yoast.com\/product\/yoast-seo-wordpress\/ -->\n<title>Linha do Douro j\u00e1 reabriu; Beira Baixa em seis meses; Oeste abre parcialmente - Portal Tela Portugal<\/title>\n<meta name=\"robots\" content=\"index, follow, max-snippet:-1, max-image-preview:large, max-video-preview:-1\" \/>\n<meta property=\"og:locale\" content=\"pt_PT\" \/>\n<meta property=\"og:type\" content=\"article\" \/>\n<meta property=\"og:title\" content=\"Linha do Douro j\u00e1 reabriu; Beira Baixa em seis meses; Oeste abre parcialmente - Portal Tela Portugal\" \/>\n<meta property=\"og:description\" content=\"A Linha do Douro, entre R\u00e9gua e Pocinho, j\u00e1 reabriu ap\u00f3s remo\u00e7\u00e3o de rochas e terra que caiu sobre a via devido ao mau tempo Kristin. A circula\u00e7\u00e3o ferrovi\u00e1ria em v\u00e1rias linhas encerradas pelo mau tempo mant\u00e9m-se indispon\u00edvel, com a CP sem servi\u00e7o rodovi\u00e1rio de substitui\u00e7\u00e3o um m\u00eas e meio depois da tempestade. A not\u00edcia menciona tamb\u00e9m que a linha Beira Baixa dever\u00e1 reabrir apenas dentro de seis meses. O Oeste prev\u00ea reabertura parcial ainda neste m\u00eas.\" \/>\n<meta property=\"og:url\" content=\"https:\/\/portaltela.pt\/noticias\/2026\/03\/10\/linha-do-douro-ja-reabriu-beira-baixa-em-seis-meses-oeste-abre-parcialmente\/\" \/>\n<meta property=\"og:site_name\" content=\"Portal Tela Portugal\" \/>\n<meta property=\"article:published_time\" content=\"2026-03-10T14:00:00+00:00\" \/>\n<meta name=\"author\" content=\"Telinha\" \/>\n<meta name=\"twitter:card\" content=\"summary_large_image\" \/>\n<meta name=\"twitter:label1\" content=\"Escrito por\" \/>\n\t<meta name=\"twitter:data1\" content=\"Telinha\" \/>\n\t<meta name=\"twitter:label2\" content=\"Tempo estimado de leitura\" \/>\n\t<meta name=\"twitter:data2\" content=\"1 minuto\" \/>\n<script type=\"application\/ld+json\" class=\"yoast-schema-graph\">{\"@context\":\"https:\/\/schema.org\",\"@graph\":[{\"@type\":\"Article\",\"@id\":\"https:\/\/portaltela.pt\/noticias\/2026\/03\/10\/linha-do-douro-ja-reabriu-beira-baixa-em-seis-meses-oeste-abre-parcialmente\/#article\",\"isPartOf\":{\"@id\":\"https:\/\/portaltela.pt\/noticias\/2026\/03\/10\/linha-do-douro-ja-reabriu-beira-baixa-em-seis-meses-oeste-abre-parcialmente\/\"},\"author\":{\"name\":\"Telinha\",\"@id\":\"https:\/\/portaltela.pt\/#\/schema\/person\/c4278d4a6028830caff9ee44b42d32ed\"},\"headline\":\"Linha do Douro j\u00e1 reabriu; Beira Baixa em seis meses; Oeste abre parcialmente\",\"datePublished\":\"2026-03-10T14:00:00+00:00\",\"mainEntityOfPage\":{\"@id\":\"https:\/\/portaltela.pt\/noticias\/2026\/03\/10\/linha-do-douro-ja-reabriu-beira-baixa-em-seis-meses-oeste-abre-parcialmente\/\"},\"wordCount\":191,\"image\":{\"@id\":\"https:\/\/portaltela.pt\/noticias\/2026\/03\/10\/linha-do-douro-ja-reabriu-beira-baixa-em-seis-meses-oeste-abre-parcialmente\/#primaryimage\"},\"thumbnailUrl\":\"https:\/\/portaltela.pt\/s.01k8rhncp4jt1\/2026\/03\/2072999.jpg\",\"keywords\":[\"Beira Baixa\",\"cat\u00e1strofes naturais\",\"infraestrutura\",\"Linha\",\"Oeste\",\"transporte\"],\"articleSection\":[\"Not\u00edcias\"],\"inLanguage\":\"pt-PT\"},{\"@type\":\"WebPage\",\"@id\":\"https:\/\/portaltela.pt\/noticias\/2026\/03\/10\/linha-do-douro-ja-reabriu-beira-baixa-em-seis-meses-oeste-abre-parcialmente\/\",\"url\":\"https:\/\/portaltela.pt\/noticias\/2026\/03\/10\/linha-do-douro-ja-reabriu-beira-baixa-em-seis-meses-oeste-abre-parcialmente\/\",\"name\":\"Linha do Douro j\u00e1 reabriu; Beira Baixa em seis meses; Oeste abre parcialmente - Portal Tela Portugal\",\"isPartOf\":{\"@id\":\"https:\/\/portaltela.pt\/#website\"},\"primaryImageOfPage\":{\"@id\":\"https:\/\/portaltela.pt\/noticias\/2026\/03\/10\/linha-do-douro-ja-reabriu-beira-baixa-em-seis-meses-oeste-abre-parcialmente\/#primaryimage\"},\"image\":{\"@id\":\"https:\/\/portaltela.pt\/noticias\/2026\/03\/10\/linha-do-douro-ja-reabriu-beira-baixa-em-seis-meses-oeste-abre-parcialmente\/#primaryimage\"},\"thumbnailUrl\":\"https:\/\/portaltela.pt\/s.01k8rhncp4jt1\/2026\/03\/2072999.jpg\",\"datePublished\":\"2026-03-10T14:00:00+00:00\",\"author\":{\"@id\":\"https:\/\/portaltela.pt\/#\/schema\/person\/c4278d4a6028830caff9ee44b42d32ed\"},\"breadcrumb\":{\"@id\":\"https:\/\/portaltela.pt\/noticias\/2026\/03\/10\/linha-do-douro-ja-reabriu-beira-baixa-em-seis-meses-oeste-abre-parcialmente\/#breadcrumb\"},\"inLanguage\":\"pt-PT\",\"potentialAction\":[{\"@type\":\"ReadAction\",\"target\":[\"https:\/\/portaltela.pt\/noticias\/2026\/03\/10\/linha-do-douro-ja-reabriu-beira-baixa-em-seis-meses-oeste-abre-parcialmente\/\"]}]},{\"@type\":\"ImageObject\",\"inLanguage\":\"pt-PT\",\"@id\":\"https:\/\/portaltela.pt\/noticias\/2026\/03\/10\/linha-do-douro-ja-reabriu-beira-baixa-em-seis-meses-oeste-abre-parcialmente\/#primaryimage\",\"url\":\"https:\/\/portaltela.pt\/s.01k8rhncp4jt1\/2026\/03\/2072999.jpg\",\"contentUrl\":\"https:\/\/portaltela.pt\/s.01k8rhncp4jt1\/2026\/03\/2072999.jpg\",\"width\":796,\"height\":448,\"caption\":\"As linhas ferrovi\u00e1rias foram muito afectadas pelo mau tempo\"},{\"@type\":\"BreadcrumbList\",\"@id\":\"https:\/\/portaltela.pt\/noticias\/2026\/03\/10\/linha-do-douro-ja-reabriu-beira-baixa-em-seis-meses-oeste-abre-parcialmente\/#breadcrumb\",\"itemListElement\":[{\"@type\":\"ListItem\",\"position\":1,\"name\":\"In\u00edcio\",\"item\":\"https:\/\/portaltela.pt\/\"},{\"@type\":\"ListItem\",\"position\":2,\"name\":\"Linha do Douro j\u00e1 reabriu; Beira Baixa em seis meses; Oeste abre parcialmente\"}]},{\"@type\":\"WebSite\",\"@id\":\"https:\/\/portaltela.pt\/#website\",\"url\":\"https:\/\/portaltela.pt\/\",\"name\":\"Portal Tela Portugal\",\"description\":\"\",\"potentialAction\":[{\"@type\":\"SearchAction\",\"target\":{\"@type\":\"EntryPoint\",\"urlTemplate\":\"https:\/\/portaltela.pt\/?s={search_term_string}\"},\"query-input\":{\"@type\":\"PropertyValueSpecification\",\"valueRequired\":true,\"valueName\":\"search_term_string\"}}],\"inLanguage\":\"pt-PT\"},{\"@type\":\"Person\",\"@id\":\"https:\/\/portaltela.pt\/#\/schema\/person\/c4278d4a6028830caff9ee44b42d32ed\",\"name\":\"Telinha\",\"image\":{\"@type\":\"ImageObject\",\"inLanguage\":\"pt-PT\",\"@id\":\"https:\/\/portaltela.pt\/s.01k8rhncp4jt1\/2025\/11\/talking-bot-125x125.png\",\"url\":\"https:\/\/portaltela.pt\/s.01k8rhncp4jt1\/2025\/11\/talking-bot-125x125.png\",\"contentUrl\":\"https:\/\/portaltela.pt\/s.01k8rhncp4jt1\/2025\/11\/talking-bot-125x125.png\",\"caption\":\"Telinha\"},\"sameAs\":[\"https:\/\/portaltela.pt\/\"],\"url\":\"https:\/\/portaltela.pt\/por\/367410592786\/\"}]}<\/script>\n<!-- \/ Yoast SEO plugin. -->","yoast_head_json":{"title":"Linha do Douro j\u00e1 reabriu; Beira Baixa em seis meses; Oeste abre parcialmente - Portal Tela Portugal","robots":{"index":"index","follow":"follow","max-snippet":"max-snippet:-1","max-image-preview":"max-image-preview:large","max-video-preview":"max-video-preview:-1"},"og_locale":"pt_PT","og_type":"article","og_title":"Linha do Douro j\u00e1 reabriu; Beira Baixa em seis meses; Oeste abre parcialmente - Portal Tela Portugal","og_description":"A Linha do Douro, entre R\u00e9gua e Pocinho, j\u00e1 reabriu ap\u00f3s remo\u00e7\u00e3o de rochas e terra que caiu sobre a via devido ao mau tempo Kristin. A circula\u00e7\u00e3o ferrovi\u00e1ria em v\u00e1rias linhas encerradas pelo mau tempo mant\u00e9m-se indispon\u00edvel, com a CP sem servi\u00e7o rodovi\u00e1rio de substitui\u00e7\u00e3o um m\u00eas e meio depois da tempestade. A not\u00edcia menciona tamb\u00e9m que a linha Beira Baixa dever\u00e1 reabrir apenas dentro de seis meses. O Oeste prev\u00ea reabertura parcial ainda neste m\u00eas.","og_url":"https:\/\/portaltela.pt\/noticias\/2026\/03\/10\/linha-do-douro-ja-reabriu-beira-baixa-em-seis-meses-oeste-abre-parcialmente\/","og_site_name":"Portal Tela Portugal","article_published_time":"2026-03-10T14:00:00+00:00","author":"Telinha","twitter_card":"summary_large_image","twitter_misc":{"Escrito por":"Telinha","Tempo estimado de leitura":"1 minuto"},"schema":{"@context":"https:\/\/schema.org","@graph":[{"@type":"Article","@id":"https:\/\/portaltela.pt\/noticias\/2026\/03\/10\/linha-do-douro-ja-reabriu-beira-baixa-em-seis-meses-oeste-abre-parcialmente\/#article","isPartOf":{"@id":"https:\/\/portaltela.pt\/noticias\/2026\/03\/10\/linha-do-douro-ja-reabriu-beira-baixa-em-seis-meses-oeste-abre-parcialmente\/"},"author":{"name":"Telinha","@id":"https:\/\/portaltela.pt\/#\/schema\/person\/c4278d4a6028830caff9ee44b42d32ed"},"headline":"Linha do Douro j\u00e1 reabriu; Beira Baixa em seis meses; Oeste abre parcialmente","datePublished":"2026-03-10T14:00:00+00:00","mainEntityOfPage":{"@id":"https:\/\/portaltela.pt\/noticias\/2026\/03\/10\/linha-do-douro-ja-reabriu-beira-baixa-em-seis-meses-oeste-abre-parcialmente\/"},"wordCount":191,"image":{"@id":"https:\/\/portaltela.pt\/noticias\/2026\/03\/10\/linha-do-douro-ja-reabriu-beira-baixa-em-seis-meses-oeste-abre-parcialmente\/#primaryimage"},"thumbnailUrl":"https:\/\/portaltela.pt\/s.01k8rhncp4jt1\/2026\/03\/2072999.jpg","keywords":["Beira Baixa","cat\u00e1strofes naturais","infraestrutura","Linha","Oeste","transporte"],"articleSection":["Not\u00edcias"],"inLanguage":"pt-PT"},{"@type":"WebPage","@id":"https:\/\/portaltela.pt\/noticias\/2026\/03\/10\/linha-do-douro-ja-reabriu-beira-baixa-em-seis-meses-oeste-abre-parcialmente\/","url":"https:\/\/portaltela.pt\/noticias\/2026\/03\/10\/linha-do-douro-ja-reabriu-beira-baixa-em-seis-meses-oeste-abre-parcialmente\/","name":"Linha do Douro j\u00e1 reabriu; Beira Baixa em seis meses; Oeste abre parcialmente - Portal Tela Portugal","isPartOf":{"@id":"https:\/\/portaltela.pt\/#website"},"primaryImageOfPage":{"@id":"https:\/\/portaltela.pt\/noticias\/2026\/03\/10\/linha-do-douro-ja-reabriu-beira-baixa-em-seis-meses-oeste-abre-parcialmente\/#primaryimage"},"image":{"@id":"https:\/\/portaltela.pt\/noticias\/2026\/03\/10\/linha-do-douro-ja-reabriu-beira-baixa-em-seis-meses-oeste-abre-parcialmente\/#primaryimage"},"thumbnailUrl":"https:\/\/portaltela.pt\/s.01k8rhncp4jt1\/2026\/03\/2072999.jpg","datePublished":"2026-03-10T14:00:00+00:00","author":{"@id":"https:\/\/portaltela.pt\/#\/schema\/person\/c4278d4a6028830caff9ee44b42d32ed"},"breadcrumb":{"@id":"https:\/\/portaltela.pt\/noticias\/2026\/03\/10\/linha-do-douro-ja-reabriu-beira-baixa-em-seis-meses-oeste-abre-parcialmente\/#breadcrumb"},"inLanguage":"pt-PT","potentialAction":[{"@type":"ReadAction","target":["https:\/\/portaltela.pt\/noticias\/2026\/03\/10\/linha-do-douro-ja-reabriu-beira-baixa-em-seis-meses-oeste-abre-parcialmente\/"]}]},{"@type":"ImageObject","inLanguage":"pt-PT","@id":"https:\/\/portaltela.pt\/noticias\/2026\/03\/10\/linha-do-douro-ja-reabriu-beira-baixa-em-seis-meses-oeste-abre-parcialmente\/#primaryimage","url":"https:\/\/portaltela.pt\/s.01k8rhncp4jt1\/2026\/03\/2072999.jpg","contentUrl":"https:\/\/portaltela.pt\/s.01k8rhncp4jt1\/2026\/03\/2072999.jpg","width":796,"height":448,"caption":"As linhas ferrovi\u00e1rias foram muito afectadas pelo mau tempo"},{"@type":"BreadcrumbList","@id":"https:\/\/portaltela.pt\/noticias\/2026\/03\/10\/linha-do-douro-ja-reabriu-beira-baixa-em-seis-meses-oeste-abre-parcialmente\/#breadcrumb","itemListElement":[{"@type":"ListItem","position":1,"name":"In\u00edcio","item":"https:\/\/portaltela.pt\/"},{"@type":"ListItem","position":2,"name":"Linha do Douro j\u00e1 reabriu; Beira Baixa em seis meses; Oeste abre parcialmente"}]},{"@type":"WebSite","@id":"https:\/\/portaltela.pt\/#website","url":"https:\/\/portaltela.pt\/","name":"Portal Tela Portugal","description":"","potentialAction":[{"@type":"SearchAction","target":{"@type":"EntryPoint","urlTemplate":"https:\/\/portaltela.pt\/?s={search_term_string}"},"query-input":{"@type":"PropertyValueSpecification","valueRequired":true,"valueName":"search_term_string"}}],"inLanguage":"pt-PT"},{"@type":"Person","@id":"https:\/\/portaltela.pt\/#\/schema\/person\/c4278d4a6028830caff9ee44b42d32ed","name":"Telinha","image":{"@type":"ImageObject","inLanguage":"pt-PT","@id":"https:\/\/portaltela.pt\/s.01k8rhncp4jt1\/2025\/11\/talking-bot-125x125.png","url":"https:\/\/portaltela.pt\/s.01k8rhncp4jt1\/2025\/11\/talking-bot-125x125.png","contentUrl":"https:\/\/portaltela.pt\/s.01k8rhncp4jt1\/2025\/11\/talking-bot-125x125.png","caption":"Telinha"},"sameAs":["https:\/\/portaltela.pt\/"],"url":"https:\/\/portaltela.pt\/por\/367410592786\/"}]}},"_links":{"self":[{"href":"https:\/\/portaltela.pt\/api\/wp\/v2\/posts\/404610","targetHints":{"allow":["GET"]}}],"collection":[{"href":"https:\/\/portaltela.pt\/api\/wp\/v2\/posts"}],"about":[{"href":"https:\/\/portaltela.pt\/api\/wp\/v2\/types\/post"}],"author":[{"embeddable":true,"href":"https:\/\/portaltela.pt\/api\/wp\/v2\/users\/2"}],"replies":[{"embeddable":true,"href":"https:\/\/portaltela.pt\/api\/wp\/v2\/comments?post=404610"}],"version-history":[{"count":0,"href":"https:\/\/portaltela.pt\/api\/wp\/v2\/posts\/404610\/revisions"}],"wp:featuredmedia":[{"embeddable":true,"href":"https:\/\/portaltela.pt\/api\/wp\/v2\/media\/404615"}],"wp:attachment":[{"href":"https:\/\/portaltela.pt\/api\/wp\/v2\/media?parent=404610"}],"wp:term":[{"taxonomy":"category","embeddable":true,"href":"https:\/\/portaltela.pt\/api\/wp\/v2\/categories?post=404610"},{"taxonomy":"post_tag","embeddable":true,"href":"https:\/\/portaltela.pt\/api\/wp\/v2\/tags?post=404610"}],"curies":[{"name":"wp","href":"https:\/\/api.w.org\/{rel}","templated":true}]}}