{"id":404601,"date":"2026-03-10T10:40:00","date_gmt":"2026-03-10T13:40:00","guid":{"rendered":"https:\/\/portaltela.pt\/noticias\/2026\/03\/10\/arguidos-negam-ligacao-a-rede-internacional-de-trafico-de-meixao\/"},"modified":"2026-03-10T10:40:00","modified_gmt":"2026-03-10T13:40:00","slug":"arguidos-negam-ligacao-a-rede-internacional-de-trafico-de-meixao","status":"publish","type":"post","link":"https:\/\/portaltela.pt\/justica\/2026\/03\/10\/arguidos-negam-ligacao-a-rede-internacional-de-trafico-de-meixao\/","title":{"rendered":"Arguidos negam liga\u00e7\u00e3o a rede internacional de tr\u00e1fico de meix\u00e3o"},"content":{"rendered":"<p>Tr\u00eas dos 19 arguidos acusados de integrarem uma rede de tr\u00e1fico de meix\u00e3o descreveram, nesta ter\u00e7a-feira, no Tribunal de S\u00e3o Jo\u00e3o Novo, no Porto, que apenas pescavam e vendiam o peixe a intermedi\u00e1rios, sem conhecer o destino final. A sess\u00e3o contou com cinco arguidos presentes: tr\u00eas portugueses e dois chineses. Os \u00faltimos optaram por ficar em sil\u00eancio; um deles continua em pris\u00e3o preventiva. Os restantes n\u00e3o compareceram.<\/p>\n<p>Telmo Zarrais, pescador de Esmoriz, admitiu ter pescado meix\u00e3o sem licen\u00e7a e saber que a atividade era proibida, mas afirmou que o papel dele limitava-se \u00e0 captura e venda. Mantinha o peixe vivo em tanques caseiros at\u00e9 ser recolhido pelos compradores, em caixas de esferovite. Disse vender entre tr\u00eas e cinco quilos por entrega, a cerca de 300 euros por quilo, em v\u00e1rias compras pagas em dinheiro.<\/p>\n<p>Micael Oliveira, trabalhador da constru\u00e7\u00e3o civil e tamb\u00e9m de Esmoriz, revelou que a atividade era feita em conjunto com o pai, Telmo Zarrais, vendendo o meix\u00e3o a dois arguidos. Desconhecia o que ocorria depois ao peixe. Jos\u00e9 Rola, pintor de Gaia, explicou ter recorrido \u00e0 pesca por dificuldades financeiras e ter vendido cerca de 3 a 4 quilos por cerca de 250 euros por quilo, armazenando o peixe em baldes sem condi\u00e7\u00f5es. Afirmou ainda acreditar que o produto seria destinado a restaurantes nacionais.<\/p>\n<h3>Factos-chave do processo<\/h3>\n<p>Um inspetor da Autoridade Tribut\u00e1ria e Aduaneira, em videoconfer\u00eancia, relatou ter interceptado dois passageiros chineses com quatro malas prontas para embarque num voo da TAP com destino a Dakar, no Senegal. As malas continham peixe vivo, o que levou \u00e0 chamada do ICNF para identifica\u00e7\u00e3o da esp\u00e9cie. O meix\u00e3o apreendido foi devolvido ao rio Tejo.<\/p>\n<p>Segundo a acusa\u00e7\u00e3o do Minist\u00e9rio P\u00fablico, redigida em julho de 2025, o grupo envolve 19 arguidos de nacionalidades portuguesa, chinesa e outras, ligados a uma organiza\u00e7\u00e3o criminosa que, entre mar\u00e7o de 2022 e fevereiro de 2023, capturou, armazenou, transportou e exportou ilegalmente meix\u00e3o. O peixe seria enviado por via a\u00e9rea, em malas de por\u00e3o, principalmente para a China, onde o pre\u00e7o m\u00e9dio poderia chegar a cerca de 6500 euros por quilo.<\/p>\n<p>A acusa\u00e7\u00e3o aponta um l\u00edder em Portugal, respons\u00e1vel por coordenar toda a opera\u00e7\u00e3o, com outros membros dedicados \u00e0 captura, armazenamento e transporte para o exterior. No total, as autoridades foram capazes de identificar mais de 505 quilos de meix\u00e3o, al\u00e9m de 26.823 euros em numer\u00e1rio e v\u00e1rios instrumentos de captura, armazenamento e transporte.<\/p>\n<p>Os arguidos enfrentam crimes de dano contra a natureza, contrabando qualificado, associa\u00e7\u00e3o criminosa e branqueamento. O Minist\u00e9rio P\u00fablico requereu, ainda, penas acess\u00f3rias, como a proibi\u00e7\u00e3o de exercer pesca e atividades ligadas ao com\u00e9rcio e transporte de mercadorias.<\/p>\n","protected":false},"excerpt":{"rendered":"<ul>\n<li>Tr\u00eas dos 19 arguidos negaram liga\u00e7\u00e3o \u00e0 rede internacional de tr\u00e1fico de meix\u00e3o e afirmaram apenas pescar e vender o peixe a intermedi\u00e1rios, desconhecendo o destino final.<\/li>\n<li>Telmo Zarrais, pescador de Esmoriz, admitiu ter pescado meix\u00e3o sem licen\u00e7a, afirmando que o peixe era mantido vivo em casa e entregue em caixas de esferovite, a troco de cerca de 300 euros por quilo.<\/li>\n<li>Micael Oliveira afirmou que vendia o meix\u00e3o apenas com o pai, sem saber o que acontecia depois, enquanto Jos\u00e9 Rola explicou ter pescado por necessidade financeira e vendido cerca de 250 euros por quilo.<\/li>\n<li>Durante a sess\u00e3o, um inspetor da Autoridade Tribut\u00e1ria e Aduaneira revelou ter detetado dois passageiros chineses com quatro bagagens, contendo peixe vivo, cuja tempor\u00e1ria apreens\u00e3o levou \u00e0 interven\u00e7\u00e3o do ICNF; o peixe foi devolvido ao rio Tejo.<\/li>\n<li>A acusa\u00e7\u00e3o sustenta que a organiza\u00e7\u00e3o vinha, entre mar\u00e7o de 2022 e fevereiro de 2023, a capturar, armazenar, transportar e exportar meix\u00e3o, principalmente para a China, com mais de 505 quilos apreendidos e cerca de 26.823 euros em numer\u00e1rio; os arguidos enfrentam m\u00faltiplos crimes, incluindo dano \u00e0 natureza e branqueamento.<\/li>\n<\/ul>\n","protected":false},"author":2,"featured_media":404606,"comment_status":"closed","ping_status":"closed","sticky":false,"template":"","format":"standard","meta":{"footnotes":""},"categories":[6907,6815],"tags":[6305,5115,352,4320,5093,1014],"class_list":["post-404601","post","type-post","status-publish","format-standard","has-post-thumbnail","hentry","category-crime","category-justica","tag-aduaneiros","tag-contrabando","tag-organizacao-criminosa","tag-peixes","tag-pesca","tag-portugal"],"yoast_head":"<!-- This site is optimized with the Yoast SEO plugin v27.2 - https:\/\/yoast.com\/product\/yoast-seo-wordpress\/ -->\n<title>Arguidos negam liga\u00e7\u00e3o a rede internacional de tr\u00e1fico de meix\u00e3o - Portal Tela Portugal<\/title>\n<meta name=\"robots\" content=\"index, follow, max-snippet:-1, max-image-preview:large, max-video-preview:-1\" \/>\n<meta property=\"og:locale\" content=\"pt_PT\" \/>\n<meta property=\"og:type\" content=\"article\" \/>\n<meta property=\"og:title\" content=\"Arguidos negam liga\u00e7\u00e3o a rede internacional de tr\u00e1fico de meix\u00e3o - Portal Tela Portugal\" \/>\n<meta property=\"og:description\" content=\"Tr\u00eas dos 19 arguidos negaram liga\u00e7\u00e3o \u00e0 rede internacional de tr\u00e1fico de meix\u00e3o e afirmaram apenas pescar e vender o peixe a intermedi\u00e1rios, desconhecendo o destino final. Telmo Zarrais, pescador de Esmoriz, admitiu ter pescado meix\u00e3o sem licen\u00e7a, afirmando que o peixe era mantido vivo em casa e entregue em caixas de esferovite, a troco de cerca de 300 euros por quilo. Micael Oliveira afirmou que vendia o meix\u00e3o apenas com o pai, sem saber o que acontecia depois, enquanto Jos\u00e9 Rola explicou ter pescado por necessidade financeira e vendido cerca de 250 euros por quilo. Durante a sess\u00e3o, um inspetor da Autoridade Tribut\u00e1ria e Aduaneira revelou ter detetado dois passageiros chineses com quatro bagagens, contendo peixe vivo, cuja tempor\u00e1ria apreens\u00e3o levou \u00e0 interven\u00e7\u00e3o do ICNF; o peixe foi devolvido ao rio Tejo. A acusa\u00e7\u00e3o sustenta que a organiza\u00e7\u00e3o vinha, entre mar\u00e7o de 2022 e fevereiro de 2023, a capturar, armazenar, transportar e exportar meix\u00e3o, principalmente para a China, com mais de 505 quilos apreendidos e cerca de 26.823 euros em numer\u00e1rio; os arguidos enfrentam m\u00faltiplos crimes, incluindo dano \u00e0 natureza e branqueamento.\" \/>\n<meta property=\"og:url\" content=\"https:\/\/portaltela.pt\/noticias\/2026\/03\/10\/arguidos-negam-ligacao-a-rede-internacional-de-trafico-de-meixao\/\" \/>\n<meta property=\"og:site_name\" content=\"Portal Tela Portugal\" \/>\n<meta property=\"article:published_time\" content=\"2026-03-10T13:40:00+00:00\" \/>\n<meta name=\"author\" content=\"Telinha\" \/>\n<meta name=\"twitter:card\" content=\"summary_large_image\" \/>\n<meta name=\"twitter:label1\" content=\"Escrito por\" \/>\n\t<meta name=\"twitter:data1\" content=\"Telinha\" \/>\n\t<meta name=\"twitter:label2\" content=\"Tempo estimado de leitura\" \/>\n\t<meta name=\"twitter:data2\" content=\"2 minutos\" \/>\n<script type=\"application\/ld+json\" class=\"yoast-schema-graph\">{\"@context\":\"https:\/\/schema.org\",\"@graph\":[{\"@type\":\"Article\",\"@id\":\"https:\/\/portaltela.pt\/noticias\/2026\/03\/10\/arguidos-negam-ligacao-a-rede-internacional-de-trafico-de-meixao\/#article\",\"isPartOf\":{\"@id\":\"https:\/\/portaltela.pt\/noticias\/2026\/03\/10\/arguidos-negam-ligacao-a-rede-internacional-de-trafico-de-meixao\/\"},\"author\":{\"name\":\"Telinha\",\"@id\":\"https:\/\/portaltela.pt\/#\/schema\/person\/c4278d4a6028830caff9ee44b42d32ed\"},\"headline\":\"Arguidos negam liga\u00e7\u00e3o a rede internacional de tr\u00e1fico de meix\u00e3o\",\"datePublished\":\"2026-03-10T13:40:00+00:00\",\"mainEntityOfPage\":{\"@id\":\"https:\/\/portaltela.pt\/noticias\/2026\/03\/10\/arguidos-negam-ligacao-a-rede-internacional-de-trafico-de-meixao\/\"},\"wordCount\":482,\"image\":{\"@id\":\"https:\/\/portaltela.pt\/noticias\/2026\/03\/10\/arguidos-negam-ligacao-a-rede-internacional-de-trafico-de-meixao\/#primaryimage\"},\"thumbnailUrl\":\"https:\/\/portaltela.pt\/s.01k8rhncp4jt1\/2026\/03\/6cc6f6f6-9839-4656-9c63-1e67ee976b12_1200x675.jpg\",\"keywords\":[\"aduaneiros\",\"contrabando\",\"organiza\u00e7\u00e3o criminosa\",\"Peixes\",\"pesca\",\"Portugal\"],\"articleSection\":[\"Crime\",\"Justi\u00e7a\"],\"inLanguage\":\"pt-PT\"},{\"@type\":\"WebPage\",\"@id\":\"https:\/\/portaltela.pt\/noticias\/2026\/03\/10\/arguidos-negam-ligacao-a-rede-internacional-de-trafico-de-meixao\/\",\"url\":\"https:\/\/portaltela.pt\/noticias\/2026\/03\/10\/arguidos-negam-ligacao-a-rede-internacional-de-trafico-de-meixao\/\",\"name\":\"Arguidos negam liga\u00e7\u00e3o a rede internacional de tr\u00e1fico de meix\u00e3o - Portal Tela Portugal\",\"isPartOf\":{\"@id\":\"https:\/\/portaltela.pt\/#website\"},\"primaryImageOfPage\":{\"@id\":\"https:\/\/portaltela.pt\/noticias\/2026\/03\/10\/arguidos-negam-ligacao-a-rede-internacional-de-trafico-de-meixao\/#primaryimage\"},\"image\":{\"@id\":\"https:\/\/portaltela.pt\/noticias\/2026\/03\/10\/arguidos-negam-ligacao-a-rede-internacional-de-trafico-de-meixao\/#primaryimage\"},\"thumbnailUrl\":\"https:\/\/portaltela.pt\/s.01k8rhncp4jt1\/2026\/03\/6cc6f6f6-9839-4656-9c63-1e67ee976b12_1200x675.jpg\",\"datePublished\":\"2026-03-10T13:40:00+00:00\",\"author\":{\"@id\":\"https:\/\/portaltela.pt\/#\/schema\/person\/c4278d4a6028830caff9ee44b42d32ed\"},\"breadcrumb\":{\"@id\":\"https:\/\/portaltela.pt\/noticias\/2026\/03\/10\/arguidos-negam-ligacao-a-rede-internacional-de-trafico-de-meixao\/#breadcrumb\"},\"inLanguage\":\"pt-PT\",\"potentialAction\":[{\"@type\":\"ReadAction\",\"target\":[\"https:\/\/portaltela.pt\/noticias\/2026\/03\/10\/arguidos-negam-ligacao-a-rede-internacional-de-trafico-de-meixao\/\"]}]},{\"@type\":\"ImageObject\",\"inLanguage\":\"pt-PT\",\"@id\":\"https:\/\/portaltela.pt\/noticias\/2026\/03\/10\/arguidos-negam-ligacao-a-rede-internacional-de-trafico-de-meixao\/#primaryimage\",\"url\":\"https:\/\/portaltela.pt\/s.01k8rhncp4jt1\/2026\/03\/6cc6f6f6-9839-4656-9c63-1e67ee976b12_1200x675.jpg\",\"contentUrl\":\"https:\/\/portaltela.pt\/s.01k8rhncp4jt1\/2026\/03\/6cc6f6f6-9839-4656-9c63-1e67ee976b12_1200x675.jpg\",\"width\":796,\"height\":448,\"caption\":\"Um dos arguidos que se manteve em sil\u00eancio, \u00e0 sa\u00edda do tribunal\"},{\"@type\":\"BreadcrumbList\",\"@id\":\"https:\/\/portaltela.pt\/noticias\/2026\/03\/10\/arguidos-negam-ligacao-a-rede-internacional-de-trafico-de-meixao\/#breadcrumb\",\"itemListElement\":[{\"@type\":\"ListItem\",\"position\":1,\"name\":\"In\u00edcio\",\"item\":\"https:\/\/portaltela.pt\/\"},{\"@type\":\"ListItem\",\"position\":2,\"name\":\"Arguidos negam liga\u00e7\u00e3o a rede internacional de tr\u00e1fico de meix\u00e3o\"}]},{\"@type\":\"WebSite\",\"@id\":\"https:\/\/portaltela.pt\/#website\",\"url\":\"https:\/\/portaltela.pt\/\",\"name\":\"Portal Tela Portugal\",\"description\":\"\",\"potentialAction\":[{\"@type\":\"SearchAction\",\"target\":{\"@type\":\"EntryPoint\",\"urlTemplate\":\"https:\/\/portaltela.pt\/?s={search_term_string}\"},\"query-input\":{\"@type\":\"PropertyValueSpecification\",\"valueRequired\":true,\"valueName\":\"search_term_string\"}}],\"inLanguage\":\"pt-PT\"},{\"@type\":\"Person\",\"@id\":\"https:\/\/portaltela.pt\/#\/schema\/person\/c4278d4a6028830caff9ee44b42d32ed\",\"name\":\"Telinha\",\"image\":{\"@type\":\"ImageObject\",\"inLanguage\":\"pt-PT\",\"@id\":\"https:\/\/portaltela.pt\/s.01k8rhncp4jt1\/2025\/11\/talking-bot-125x125.png\",\"url\":\"https:\/\/portaltela.pt\/s.01k8rhncp4jt1\/2025\/11\/talking-bot-125x125.png\",\"contentUrl\":\"https:\/\/portaltela.pt\/s.01k8rhncp4jt1\/2025\/11\/talking-bot-125x125.png\",\"caption\":\"Telinha\"},\"sameAs\":[\"https:\/\/portaltela.pt\/\"],\"url\":\"https:\/\/portaltela.pt\/por\/367410592786\/\"}]}<\/script>\n<!-- \/ Yoast SEO plugin. -->","yoast_head_json":{"title":"Arguidos negam liga\u00e7\u00e3o a rede internacional de tr\u00e1fico de meix\u00e3o - Portal Tela Portugal","robots":{"index":"index","follow":"follow","max-snippet":"max-snippet:-1","max-image-preview":"max-image-preview:large","max-video-preview":"max-video-preview:-1"},"og_locale":"pt_PT","og_type":"article","og_title":"Arguidos negam liga\u00e7\u00e3o a rede internacional de tr\u00e1fico de meix\u00e3o - Portal Tela Portugal","og_description":"Tr\u00eas dos 19 arguidos negaram liga\u00e7\u00e3o \u00e0 rede internacional de tr\u00e1fico de meix\u00e3o e afirmaram apenas pescar e vender o peixe a intermedi\u00e1rios, desconhecendo o destino final. Telmo Zarrais, pescador de Esmoriz, admitiu ter pescado meix\u00e3o sem licen\u00e7a, afirmando que o peixe era mantido vivo em casa e entregue em caixas de esferovite, a troco de cerca de 300 euros por quilo. Micael Oliveira afirmou que vendia o meix\u00e3o apenas com o pai, sem saber o que acontecia depois, enquanto Jos\u00e9 Rola explicou ter pescado por necessidade financeira e vendido cerca de 250 euros por quilo. Durante a sess\u00e3o, um inspetor da Autoridade Tribut\u00e1ria e Aduaneira revelou ter detetado dois passageiros chineses com quatro bagagens, contendo peixe vivo, cuja tempor\u00e1ria apreens\u00e3o levou \u00e0 interven\u00e7\u00e3o do ICNF; o peixe foi devolvido ao rio Tejo. A acusa\u00e7\u00e3o sustenta que a organiza\u00e7\u00e3o vinha, entre mar\u00e7o de 2022 e fevereiro de 2023, a capturar, armazenar, transportar e exportar meix\u00e3o, principalmente para a China, com mais de 505 quilos apreendidos e cerca de 26.823 euros em numer\u00e1rio; os arguidos enfrentam m\u00faltiplos crimes, incluindo dano \u00e0 natureza e branqueamento.","og_url":"https:\/\/portaltela.pt\/noticias\/2026\/03\/10\/arguidos-negam-ligacao-a-rede-internacional-de-trafico-de-meixao\/","og_site_name":"Portal Tela Portugal","article_published_time":"2026-03-10T13:40:00+00:00","author":"Telinha","twitter_card":"summary_large_image","twitter_misc":{"Escrito por":"Telinha","Tempo estimado de leitura":"2 minutos"},"schema":{"@context":"https:\/\/schema.org","@graph":[{"@type":"Article","@id":"https:\/\/portaltela.pt\/noticias\/2026\/03\/10\/arguidos-negam-ligacao-a-rede-internacional-de-trafico-de-meixao\/#article","isPartOf":{"@id":"https:\/\/portaltela.pt\/noticias\/2026\/03\/10\/arguidos-negam-ligacao-a-rede-internacional-de-trafico-de-meixao\/"},"author":{"name":"Telinha","@id":"https:\/\/portaltela.pt\/#\/schema\/person\/c4278d4a6028830caff9ee44b42d32ed"},"headline":"Arguidos negam liga\u00e7\u00e3o a rede internacional de tr\u00e1fico de meix\u00e3o","datePublished":"2026-03-10T13:40:00+00:00","mainEntityOfPage":{"@id":"https:\/\/portaltela.pt\/noticias\/2026\/03\/10\/arguidos-negam-ligacao-a-rede-internacional-de-trafico-de-meixao\/"},"wordCount":482,"image":{"@id":"https:\/\/portaltela.pt\/noticias\/2026\/03\/10\/arguidos-negam-ligacao-a-rede-internacional-de-trafico-de-meixao\/#primaryimage"},"thumbnailUrl":"https:\/\/portaltela.pt\/s.01k8rhncp4jt1\/2026\/03\/6cc6f6f6-9839-4656-9c63-1e67ee976b12_1200x675.jpg","keywords":["aduaneiros","contrabando","organiza\u00e7\u00e3o criminosa","Peixes","pesca","Portugal"],"articleSection":["Crime","Justi\u00e7a"],"inLanguage":"pt-PT"},{"@type":"WebPage","@id":"https:\/\/portaltela.pt\/noticias\/2026\/03\/10\/arguidos-negam-ligacao-a-rede-internacional-de-trafico-de-meixao\/","url":"https:\/\/portaltela.pt\/noticias\/2026\/03\/10\/arguidos-negam-ligacao-a-rede-internacional-de-trafico-de-meixao\/","name":"Arguidos negam liga\u00e7\u00e3o a rede internacional de tr\u00e1fico de meix\u00e3o - Portal Tela Portugal","isPartOf":{"@id":"https:\/\/portaltela.pt\/#website"},"primaryImageOfPage":{"@id":"https:\/\/portaltela.pt\/noticias\/2026\/03\/10\/arguidos-negam-ligacao-a-rede-internacional-de-trafico-de-meixao\/#primaryimage"},"image":{"@id":"https:\/\/portaltela.pt\/noticias\/2026\/03\/10\/arguidos-negam-ligacao-a-rede-internacional-de-trafico-de-meixao\/#primaryimage"},"thumbnailUrl":"https:\/\/portaltela.pt\/s.01k8rhncp4jt1\/2026\/03\/6cc6f6f6-9839-4656-9c63-1e67ee976b12_1200x675.jpg","datePublished":"2026-03-10T13:40:00+00:00","author":{"@id":"https:\/\/portaltela.pt\/#\/schema\/person\/c4278d4a6028830caff9ee44b42d32ed"},"breadcrumb":{"@id":"https:\/\/portaltela.pt\/noticias\/2026\/03\/10\/arguidos-negam-ligacao-a-rede-internacional-de-trafico-de-meixao\/#breadcrumb"},"inLanguage":"pt-PT","potentialAction":[{"@type":"ReadAction","target":["https:\/\/portaltela.pt\/noticias\/2026\/03\/10\/arguidos-negam-ligacao-a-rede-internacional-de-trafico-de-meixao\/"]}]},{"@type":"ImageObject","inLanguage":"pt-PT","@id":"https:\/\/portaltela.pt\/noticias\/2026\/03\/10\/arguidos-negam-ligacao-a-rede-internacional-de-trafico-de-meixao\/#primaryimage","url":"https:\/\/portaltela.pt\/s.01k8rhncp4jt1\/2026\/03\/6cc6f6f6-9839-4656-9c63-1e67ee976b12_1200x675.jpg","contentUrl":"https:\/\/portaltela.pt\/s.01k8rhncp4jt1\/2026\/03\/6cc6f6f6-9839-4656-9c63-1e67ee976b12_1200x675.jpg","width":796,"height":448,"caption":"Um dos arguidos que se manteve em sil\u00eancio, \u00e0 sa\u00edda do tribunal"},{"@type":"BreadcrumbList","@id":"https:\/\/portaltela.pt\/noticias\/2026\/03\/10\/arguidos-negam-ligacao-a-rede-internacional-de-trafico-de-meixao\/#breadcrumb","itemListElement":[{"@type":"ListItem","position":1,"name":"In\u00edcio","item":"https:\/\/portaltela.pt\/"},{"@type":"ListItem","position":2,"name":"Arguidos negam liga\u00e7\u00e3o a rede internacional de tr\u00e1fico de meix\u00e3o"}]},{"@type":"WebSite","@id":"https:\/\/portaltela.pt\/#website","url":"https:\/\/portaltela.pt\/","name":"Portal Tela Portugal","description":"","potentialAction":[{"@type":"SearchAction","target":{"@type":"EntryPoint","urlTemplate":"https:\/\/portaltela.pt\/?s={search_term_string}"},"query-input":{"@type":"PropertyValueSpecification","valueRequired":true,"valueName":"search_term_string"}}],"inLanguage":"pt-PT"},{"@type":"Person","@id":"https:\/\/portaltela.pt\/#\/schema\/person\/c4278d4a6028830caff9ee44b42d32ed","name":"Telinha","image":{"@type":"ImageObject","inLanguage":"pt-PT","@id":"https:\/\/portaltela.pt\/s.01k8rhncp4jt1\/2025\/11\/talking-bot-125x125.png","url":"https:\/\/portaltela.pt\/s.01k8rhncp4jt1\/2025\/11\/talking-bot-125x125.png","contentUrl":"https:\/\/portaltela.pt\/s.01k8rhncp4jt1\/2025\/11\/talking-bot-125x125.png","caption":"Telinha"},"sameAs":["https:\/\/portaltela.pt\/"],"url":"https:\/\/portaltela.pt\/por\/367410592786\/"}]}},"_links":{"self":[{"href":"https:\/\/portaltela.pt\/api\/wp\/v2\/posts\/404601","targetHints":{"allow":["GET"]}}],"collection":[{"href":"https:\/\/portaltela.pt\/api\/wp\/v2\/posts"}],"about":[{"href":"https:\/\/portaltela.pt\/api\/wp\/v2\/types\/post"}],"author":[{"embeddable":true,"href":"https:\/\/portaltela.pt\/api\/wp\/v2\/users\/2"}],"replies":[{"embeddable":true,"href":"https:\/\/portaltela.pt\/api\/wp\/v2\/comments?post=404601"}],"version-history":[{"count":0,"href":"https:\/\/portaltela.pt\/api\/wp\/v2\/posts\/404601\/revisions"}],"wp:featuredmedia":[{"embeddable":true,"href":"https:\/\/portaltela.pt\/api\/wp\/v2\/media\/404606"}],"wp:attachment":[{"href":"https:\/\/portaltela.pt\/api\/wp\/v2\/media?parent=404601"}],"wp:term":[{"taxonomy":"category","embeddable":true,"href":"https:\/\/portaltela.pt\/api\/wp\/v2\/categories?post=404601"},{"taxonomy":"post_tag","embeddable":true,"href":"https:\/\/portaltela.pt\/api\/wp\/v2\/tags?post=404601"}],"curies":[{"name":"wp","href":"https:\/\/api.w.org\/{rel}","templated":true}]}}